{"id":440006,"date":"2026-04-10T18:17:08","date_gmt":"2026-04-10T21:17:08","guid":{"rendered":"https:\/\/portaltela.pt\/noticias\/2026\/04\/10\/apos-semana-de-estragos-seguro-promete-manter-governo-sob-vigilancia\/"},"modified":"2026-04-10T18:17:08","modified_gmt":"2026-04-10T21:17:08","slug":"apos-semana-de-estragos-seguro-promete-manter-governo-sob-vigilancia","status":"publish","type":"post","link":"https:\/\/portaltela.pt\/clima\/2026\/04\/10\/apos-semana-de-estragos-seguro-promete-manter-governo-sob-vigilancia\/","title":{"rendered":"Ap\u00f3s semana de estragos, Seguro promete manter Governo sob vigil\u00e2ncia"},"content":{"rendered":"<p>A semana de mau tempo deixou estragos para o Governo. O Presidente prometeu manter a governa\u00e7\u00e3o sob vigil\u00e2ncia e pediu um relat\u00f3rio global sobre a resposta \u00e0 tempestade. Foi anunciada ainda uma reuni\u00e3o com especialistas para preparar o per\u00edodo de inc\u00eandios.<\/p>\n<p>O Presidente da Rep\u00fablica indicou que a equipa governamental vai acompanhar de perto a situa\u00e7\u00e3o e ajustar estrat\u00e9gias conforme a evolu\u00e7\u00e3o. A comunica\u00e7\u00e3o em torno do tema pretende assegurar uma resposta mais coordenada.<\/p>\n<p>A Defesa Civil e outros servi\u00e7os est\u00e3o a decorrer com avalia\u00e7\u00f5es de danos, sob orienta\u00e7\u00e3o de autoridades competentes. O objetivo \u00e9 clarificar quais \u00e1reas precisam de apoio e quais medidas preventivas s\u00e3o priorit\u00e1rias.<\/p>\n<p>Nas zonas afetadas, a esteira de danos inclui estruturas p\u00fablicas e privadas, bem como \u00e1reas de floresta. As autoridades estudam planos de mitiga\u00e7\u00e3o para reduzir riscos durante a pr\u00f3xima \u00e9poca de fogo.<\/p>\n<p>No local da Estrada do Tremelgo, ra\u00edzes de eucalipto, do tamanho de um edif\u00edcio de seis andares, sobem sobre o solo. O pinhal mostra troncos cortados e copas derrubadas ao longo de v\u00e1rios quil\u00f3metros, com \u00e1rvores inclinadas no mesmo sentido.<\/p>\n<p>Segundo o presidente do ICNF, Nuno Banza, as \u00e1rvores v\u00e3o ter de ser removidas, mas o processo exige tempo. As autoridades destacam que a recupera\u00e7\u00e3o florestal requer planeamento cuidadoso e recursos especializados.<\/p>\n","protected":false},"excerpt":{"rendered":"<ul>\n<li>O presidente promete manter o Governo sob \u201cvigil\u00e2ncia\u201d ap\u00f3s a semana de estragos do mau tempo e solicita um relat\u00f3rio global sobre a resposta \u00e0 tempestade.<\/li>\n<li>Anuncia reuni\u00e3o com especialistas para preparar o per\u00edodo de inc\u00eandios e refor\u00e7ar a resposta a desastres.<\/li>\n<li>A t\u00f3nica est\u00e1 em acelerar apoios e melhorar o planeamento para situa\u00e7\u00f5es extremas.<\/li>\n<li>Em Estrada do Tremelgo, ra\u00edzes de um eucalipto de grande porte ergem-se acima de uma pessoa, com troncos visivelmente deslocados ao longo da via.<\/li>\n<li>\u00c1rvores tombadas ou inclinadas, ao longo de v\u00e1rios quil\u00f3metros, v\u00e3o necessitar de remo\u00e7\u00e3o, processo que poder\u00e1 levar tempo, diz o presidente do Instituto de Conserva\u00e7\u00e3o da Natureza e das Florestas (ICNF).<\/li>\n<\/ul>\n","protected":false},"author":2,"featured_media":440008,"comment_status":"closed","ping_status":"closed","sticky":false,"template":"","format":"standard","meta":{"footnotes":""},"categories":[7380],"tags":[7767,6201,5215,2048,34,1438],"class_list":["post-440006","post","type-post","status-publish","format-standard","has-post-thumbnail","hentry","category-clima","tag-_meio-ambiente","tag-a-floresta","tag-catastrofes-naturais","tag-defesa-civil","tag-governo","tag-incendio"],"yoast_head":"<!-- This site is optimized with the Yoast SEO plugin v27.2 - https:\/\/yoast.com\/product\/yoast-seo-wordpress\/ -->\n<title>Ap\u00f3s semana de estragos, Seguro promete manter Governo sob vigil\u00e2ncia - Portal Tela Portugal<\/title>\n<meta name=\"robots\" content=\"index, follow, max-snippet:-1, max-image-preview:large, max-video-preview:-1\" \/>\n<meta property=\"og:locale\" content=\"pt_PT\" \/>\n<meta property=\"og:type\" content=\"article\" \/>\n<meta property=\"og:title\" content=\"Ap\u00f3s semana de estragos, Seguro promete manter Governo sob vigil\u00e2ncia - Portal Tela Portugal\" \/>\n<meta property=\"og:description\" content=\"O presidente promete manter o Governo sob \u201cvigil\u00e2ncia\u201d ap\u00f3s a semana de estragos do mau tempo e solicita um relat\u00f3rio global sobre a resposta \u00e0 tempestade. Anuncia reuni\u00e3o com especialistas para preparar o per\u00edodo de inc\u00eandios e refor\u00e7ar a resposta a desastres. A t\u00f3nica est\u00e1 em acelerar apoios e melhorar o planeamento para situa\u00e7\u00f5es extremas. Em Estrada do Tremelgo, ra\u00edzes de um eucalipto de grande porte ergem-se acima de uma pessoa, com troncos visivelmente deslocados ao longo da via. \u00c1rvores tombadas ou inclinadas, ao longo de v\u00e1rios quil\u00f3metros, v\u00e3o necessitar de remo\u00e7\u00e3o, processo que poder\u00e1 levar tempo, diz o presidente do Instituto de Conserva\u00e7\u00e3o da Natureza e das Florestas (ICNF).\" \/>\n<meta property=\"og:url\" content=\"https:\/\/portaltela.pt\/noticias\/2026\/04\/10\/apos-semana-de-estragos-seguro-promete-manter-governo-sob-vigilancia\/\" \/>\n<meta property=\"og:site_name\" content=\"Portal Tela Portugal\" \/>\n<meta property=\"article:published_time\" content=\"2026-04-10T21:17:08+00:00\" \/>\n<meta name=\"author\" content=\"Telinha\" \/>\n<meta name=\"twitter:card\" content=\"summary_large_image\" \/>\n<meta name=\"twitter:label1\" content=\"Escrito por\" \/>\n\t<meta name=\"twitter:data1\" content=\"Telinha\" \/>\n\t<meta name=\"twitter:label2\" content=\"Tempo estimado de leitura\" \/>\n\t<meta name=\"twitter:data2\" content=\"1 minuto\" \/>\n<script type=\"application\/ld+json\" class=\"yoast-schema-graph\">{\"@context\":\"https:\/\/schema.org\",\"@graph\":[{\"@type\":\"Article\",\"@id\":\"https:\/\/portaltela.pt\/noticias\/2026\/04\/10\/apos-semana-de-estragos-seguro-promete-manter-governo-sob-vigilancia\/#article\",\"isPartOf\":{\"@id\":\"https:\/\/portaltela.pt\/noticias\/2026\/04\/10\/apos-semana-de-estragos-seguro-promete-manter-governo-sob-vigilancia\/\"},\"author\":{\"name\":\"Telinha\",\"@id\":\"https:\/\/portaltela.pt\/#\/schema\/person\/c4278d4a6028830caff9ee44b42d32ed\"},\"headline\":\"Ap\u00f3s semana de estragos, Seguro promete manter Governo sob vigil\u00e2ncia\",\"datePublished\":\"2026-04-10T21:17:08+00:00\",\"mainEntityOfPage\":{\"@id\":\"https:\/\/portaltela.pt\/noticias\/2026\/04\/10\/apos-semana-de-estragos-seguro-promete-manter-governo-sob-vigilancia\/\"},\"wordCount\":247,\"image\":{\"@id\":\"https:\/\/portaltela.pt\/noticias\/2026\/04\/10\/apos-semana-de-estragos-seguro-promete-manter-governo-sob-vigilancia\/#primaryimage\"},\"thumbnailUrl\":\"https:\/\/portaltela.pt\/s.01k8rhncp4jt1\/2026\/04\/2080594.jpg\",\"keywords\":[\"_meio-ambiente\",\"a floresta\",\"cat\u00e1strofes naturais\",\"Defesa Civil\",\"governo\",\"inc\u00eandio\"],\"articleSection\":[\"Clima\"],\"inLanguage\":\"pt-PT\"},{\"@type\":\"WebPage\",\"@id\":\"https:\/\/portaltela.pt\/noticias\/2026\/04\/10\/apos-semana-de-estragos-seguro-promete-manter-governo-sob-vigilancia\/\",\"url\":\"https:\/\/portaltela.pt\/noticias\/2026\/04\/10\/apos-semana-de-estragos-seguro-promete-manter-governo-sob-vigilancia\/\",\"name\":\"Ap\u00f3s semana de estragos, Seguro promete manter Governo sob vigil\u00e2ncia - Portal Tela Portugal\",\"isPartOf\":{\"@id\":\"https:\/\/portaltela.pt\/#website\"},\"primaryImageOfPage\":{\"@id\":\"https:\/\/portaltela.pt\/noticias\/2026\/04\/10\/apos-semana-de-estragos-seguro-promete-manter-governo-sob-vigilancia\/#primaryimage\"},\"image\":{\"@id\":\"https:\/\/portaltela.pt\/noticias\/2026\/04\/10\/apos-semana-de-estragos-seguro-promete-manter-governo-sob-vigilancia\/#primaryimage\"},\"thumbnailUrl\":\"https:\/\/portaltela.pt\/s.01k8rhncp4jt1\/2026\/04\/2080594.jpg\",\"datePublished\":\"2026-04-10T21:17:08+00:00\",\"author\":{\"@id\":\"https:\/\/portaltela.pt\/#\/schema\/person\/c4278d4a6028830caff9ee44b42d32ed\"},\"breadcrumb\":{\"@id\":\"https:\/\/portaltela.pt\/noticias\/2026\/04\/10\/apos-semana-de-estragos-seguro-promete-manter-governo-sob-vigilancia\/#breadcrumb\"},\"inLanguage\":\"pt-PT\",\"potentialAction\":[{\"@type\":\"ReadAction\",\"target\":[\"https:\/\/portaltela.pt\/noticias\/2026\/04\/10\/apos-semana-de-estragos-seguro-promete-manter-governo-sob-vigilancia\/\"]}]},{\"@type\":\"ImageObject\",\"inLanguage\":\"pt-PT\",\"@id\":\"https:\/\/portaltela.pt\/noticias\/2026\/04\/10\/apos-semana-de-estragos-seguro-promete-manter-governo-sob-vigilancia\/#primaryimage\",\"url\":\"https:\/\/portaltela.pt\/s.01k8rhncp4jt1\/2026\/04\/2080594.jpg\",\"contentUrl\":\"https:\/\/portaltela.pt\/s.01k8rhncp4jt1\/2026\/04\/2080594.jpg\",\"width\":796,\"height\":448,\"caption\":\"O Eucalipto de Tremelgo, de interesse p\u00fablico, caiu com a tempestade Kristin\"},{\"@type\":\"BreadcrumbList\",\"@id\":\"https:\/\/portaltela.pt\/noticias\/2026\/04\/10\/apos-semana-de-estragos-seguro-promete-manter-governo-sob-vigilancia\/#breadcrumb\",\"itemListElement\":[{\"@type\":\"ListItem\",\"position\":1,\"name\":\"In\u00edcio\",\"item\":\"https:\/\/portaltela.pt\/\"},{\"@type\":\"ListItem\",\"position\":2,\"name\":\"Ap\u00f3s semana de estragos, Seguro promete manter Governo sob vigil\u00e2ncia\"}]},{\"@type\":\"WebSite\",\"@id\":\"https:\/\/portaltela.pt\/#website\",\"url\":\"https:\/\/portaltela.pt\/\",\"name\":\"Portal Tela Portugal\",\"description\":\"\",\"potentialAction\":[{\"@type\":\"SearchAction\",\"target\":{\"@type\":\"EntryPoint\",\"urlTemplate\":\"https:\/\/portaltela.pt\/?s={search_term_string}\"},\"query-input\":{\"@type\":\"PropertyValueSpecification\",\"valueRequired\":true,\"valueName\":\"search_term_string\"}}],\"inLanguage\":\"pt-PT\"},{\"@type\":\"Person\",\"@id\":\"https:\/\/portaltela.pt\/#\/schema\/person\/c4278d4a6028830caff9ee44b42d32ed\",\"name\":\"Telinha\",\"image\":{\"@type\":\"ImageObject\",\"inLanguage\":\"pt-PT\",\"@id\":\"https:\/\/portaltela.pt\/s.01k8rhncp4jt1\/2025\/11\/talking-bot-125x125.png\",\"url\":\"https:\/\/portaltela.pt\/s.01k8rhncp4jt1\/2025\/11\/talking-bot-125x125.png\",\"contentUrl\":\"https:\/\/portaltela.pt\/s.01k8rhncp4jt1\/2025\/11\/talking-bot-125x125.png\",\"caption\":\"Telinha\"},\"sameAs\":[\"https:\/\/portaltela.pt\/\"],\"url\":\"https:\/\/portaltela.pt\/por\/367410592786\/\"}]}<\/script>\n<!-- \/ Yoast SEO plugin. -->","yoast_head_json":{"title":"Ap\u00f3s semana de estragos, Seguro promete manter Governo sob vigil\u00e2ncia - Portal Tela Portugal","robots":{"index":"index","follow":"follow","max-snippet":"max-snippet:-1","max-image-preview":"max-image-preview:large","max-video-preview":"max-video-preview:-1"},"og_locale":"pt_PT","og_type":"article","og_title":"Ap\u00f3s semana de estragos, Seguro promete manter Governo sob vigil\u00e2ncia - Portal Tela Portugal","og_description":"O presidente promete manter o Governo sob \u201cvigil\u00e2ncia\u201d ap\u00f3s a semana de estragos do mau tempo e solicita um relat\u00f3rio global sobre a resposta \u00e0 tempestade. Anuncia reuni\u00e3o com especialistas para preparar o per\u00edodo de inc\u00eandios e refor\u00e7ar a resposta a desastres. A t\u00f3nica est\u00e1 em acelerar apoios e melhorar o planeamento para situa\u00e7\u00f5es extremas. Em Estrada do Tremelgo, ra\u00edzes de um eucalipto de grande porte ergem-se acima de uma pessoa, com troncos visivelmente deslocados ao longo da via. \u00c1rvores tombadas ou inclinadas, ao longo de v\u00e1rios quil\u00f3metros, v\u00e3o necessitar de remo\u00e7\u00e3o, processo que poder\u00e1 levar tempo, diz o presidente do Instituto de Conserva\u00e7\u00e3o da Natureza e das Florestas (ICNF).","og_url":"https:\/\/portaltela.pt\/noticias\/2026\/04\/10\/apos-semana-de-estragos-seguro-promete-manter-governo-sob-vigilancia\/","og_site_name":"Portal Tela Portugal","article_published_time":"2026-04-10T21:17:08+00:00","author":"Telinha","twitter_card":"summary_large_image","twitter_misc":{"Escrito por":"Telinha","Tempo estimado de leitura":"1 minuto"},"schema":{"@context":"https:\/\/schema.org","@graph":[{"@type":"Article","@id":"https:\/\/portaltela.pt\/noticias\/2026\/04\/10\/apos-semana-de-estragos-seguro-promete-manter-governo-sob-vigilancia\/#article","isPartOf":{"@id":"https:\/\/portaltela.pt\/noticias\/2026\/04\/10\/apos-semana-de-estragos-seguro-promete-manter-governo-sob-vigilancia\/"},"author":{"name":"Telinha","@id":"https:\/\/portaltela.pt\/#\/schema\/person\/c4278d4a6028830caff9ee44b42d32ed"},"headline":"Ap\u00f3s semana de estragos, Seguro promete manter Governo sob vigil\u00e2ncia","datePublished":"2026-04-10T21:17:08+00:00","mainEntityOfPage":{"@id":"https:\/\/portaltela.pt\/noticias\/2026\/04\/10\/apos-semana-de-estragos-seguro-promete-manter-governo-sob-vigilancia\/"},"wordCount":247,"image":{"@id":"https:\/\/portaltela.pt\/noticias\/2026\/04\/10\/apos-semana-de-estragos-seguro-promete-manter-governo-sob-vigilancia\/#primaryimage"},"thumbnailUrl":"https:\/\/portaltela.pt\/s.01k8rhncp4jt1\/2026\/04\/2080594.jpg","keywords":["_meio-ambiente","a floresta","cat\u00e1strofes naturais","Defesa Civil","governo","inc\u00eandio"],"articleSection":["Clima"],"inLanguage":"pt-PT"},{"@type":"WebPage","@id":"https:\/\/portaltela.pt\/noticias\/2026\/04\/10\/apos-semana-de-estragos-seguro-promete-manter-governo-sob-vigilancia\/","url":"https:\/\/portaltela.pt\/noticias\/2026\/04\/10\/apos-semana-de-estragos-seguro-promete-manter-governo-sob-vigilancia\/","name":"Ap\u00f3s semana de estragos, Seguro promete manter Governo sob vigil\u00e2ncia - Portal Tela Portugal","isPartOf":{"@id":"https:\/\/portaltela.pt\/#website"},"primaryImageOfPage":{"@id":"https:\/\/portaltela.pt\/noticias\/2026\/04\/10\/apos-semana-de-estragos-seguro-promete-manter-governo-sob-vigilancia\/#primaryimage"},"image":{"@id":"https:\/\/portaltela.pt\/noticias\/2026\/04\/10\/apos-semana-de-estragos-seguro-promete-manter-governo-sob-vigilancia\/#primaryimage"},"thumbnailUrl":"https:\/\/portaltela.pt\/s.01k8rhncp4jt1\/2026\/04\/2080594.jpg","datePublished":"2026-04-10T21:17:08+00:00","author":{"@id":"https:\/\/portaltela.pt\/#\/schema\/person\/c4278d4a6028830caff9ee44b42d32ed"},"breadcrumb":{"@id":"https:\/\/portaltela.pt\/noticias\/2026\/04\/10\/apos-semana-de-estragos-seguro-promete-manter-governo-sob-vigilancia\/#breadcrumb"},"inLanguage":"pt-PT","potentialAction":[{"@type":"ReadAction","target":["https:\/\/portaltela.pt\/noticias\/2026\/04\/10\/apos-semana-de-estragos-seguro-promete-manter-governo-sob-vigilancia\/"]}]},{"@type":"ImageObject","inLanguage":"pt-PT","@id":"https:\/\/portaltela.pt\/noticias\/2026\/04\/10\/apos-semana-de-estragos-seguro-promete-manter-governo-sob-vigilancia\/#primaryimage","url":"https:\/\/portaltela.pt\/s.01k8rhncp4jt1\/2026\/04\/2080594.jpg","contentUrl":"https:\/\/portaltela.pt\/s.01k8rhncp4jt1\/2026\/04\/2080594.jpg","width":796,"height":448,"caption":"O Eucalipto de Tremelgo, de interesse p\u00fablico, caiu com a tempestade Kristin"},{"@type":"BreadcrumbList","@id":"https:\/\/portaltela.pt\/noticias\/2026\/04\/10\/apos-semana-de-estragos-seguro-promete-manter-governo-sob-vigilancia\/#breadcrumb","itemListElement":[{"@type":"ListItem","position":1,"name":"In\u00edcio","item":"https:\/\/portaltela.pt\/"},{"@type":"ListItem","position":2,"name":"Ap\u00f3s semana de estragos, Seguro promete manter Governo sob vigil\u00e2ncia"}]},{"@type":"WebSite","@id":"https:\/\/portaltela.pt\/#website","url":"https:\/\/portaltela.pt\/","name":"Portal Tela Portugal","description":"","potentialAction":[{"@type":"SearchAction","target":{"@type":"EntryPoint","urlTemplate":"https:\/\/portaltela.pt\/?s={search_term_string}"},"query-input":{"@type":"PropertyValueSpecification","valueRequired":true,"valueName":"search_term_string"}}],"inLanguage":"pt-PT"},{"@type":"Person","@id":"https:\/\/portaltela.pt\/#\/schema\/person\/c4278d4a6028830caff9ee44b42d32ed","name":"Telinha","image":{"@type":"ImageObject","inLanguage":"pt-PT","@id":"https:\/\/portaltela.pt\/s.01k8rhncp4jt1\/2025\/11\/talking-bot-125x125.png","url":"https:\/\/portaltela.pt\/s.01k8rhncp4jt1\/2025\/11\/talking-bot-125x125.png","contentUrl":"https:\/\/portaltela.pt\/s.01k8rhncp4jt1\/2025\/11\/talking-bot-125x125.png","caption":"Telinha"},"sameAs":["https:\/\/portaltela.pt\/"],"url":"https:\/\/portaltela.pt\/por\/367410592786\/"}]}},"_links":{"self":[{"href":"https:\/\/portaltela.pt\/api\/wp\/v2\/posts\/440006","targetHints":{"allow":["GET"]}}],"collection":[{"href":"https:\/\/portaltela.pt\/api\/wp\/v2\/posts"}],"about":[{"href":"https:\/\/portaltela.pt\/api\/wp\/v2\/types\/post"}],"author":[{"embeddable":true,"href":"https:\/\/portaltela.pt\/api\/wp\/v2\/users\/2"}],"replies":[{"embeddable":true,"href":"https:\/\/portaltela.pt\/api\/wp\/v2\/comments?post=440006"}],"version-history":[{"count":0,"href":"https:\/\/portaltela.pt\/api\/wp\/v2\/posts\/440006\/revisions"}],"wp:featuredmedia":[{"embeddable":true,"href":"https:\/\/portaltela.pt\/api\/wp\/v2\/media\/440008"}],"wp:attachment":[{"href":"https:\/\/portaltela.pt\/api\/wp\/v2\/media?parent=440006"}],"wp:term":[{"taxonomy":"category","embeddable":true,"href":"https:\/\/portaltela.pt\/api\/wp\/v2\/categories?post=440006"},{"taxonomy":"post_tag","embeddable":true,"href":"https:\/\/portaltela.pt\/api\/wp\/v2\/tags?post=440006"}],"curies":[{"name":"wp","href":"https:\/\/api.w.org\/{rel}","templated":true}]}}