{"id":439990,"date":"2026-04-10T17:47:16","date_gmt":"2026-04-10T20:47:16","guid":{"rendered":"https:\/\/portaltela.pt\/noticias\/2026\/04\/10\/sami-pajari-lidera-rali-da-croacia-apos-o-primeiro-dia\/"},"modified":"2026-04-10T17:47:16","modified_gmt":"2026-04-10T20:47:16","slug":"sami-pajari-lidera-rali-da-croacia-apos-o-primeiro-dia","status":"publish","type":"post","link":"https:\/\/portaltela.pt\/desporto\/futebol\/2026\/04\/10\/sami-pajari-lidera-rali-da-croacia-apos-o-primeiro-dia\/","title":{"rendered":"Sami Pajari lidera Rali da Cro\u00e1cia ap\u00f3s o primeiro dia"},"content":{"rendered":"<p>Sami Pajari (Toyota Yaris) assumiu a lideran\u00e7a do Rali da Cro\u00e1cia, quarta ronda do WRC, ap\u00f3s o primeiro dia. O piloto finland\u00eas terminou com 13,7 segundos de vantagem sobre Thierry Neuville (Hyundai i20) e 14,6 sobre Takamoto Katsuta (Toyota Yaris), que ocupa o 3.\u00ba lugar.<\/p>\n<p>O dia ficou marcado pela desist\u00eancia de Oliver Solberg (Toyota Yaris) na primeira especial, ap\u00f3s embater num morro da berma. Solberg, vencedor da prova de abertura em Monte Carlo, tinha sido o mais r\u00e1pido no shakedown.<\/p>\n<p>Elfyn Evans (Toyota Yaris), l\u00edder do campeonato \u00e0 partida, saiu da competi\u00e7\u00e3o na terceira das oito especiais, quando comandava com mais de 15 segundos de avan\u00e7o, falhando a travagem numa curva e ficando fora de prova.<\/p>\n<p>Pajari afirmou ter assumido o comando discretamente e mostrou-se satisfeito por manter a lideran\u00e7a. O finland\u00eas informou estar a trabalhar para melhorar o andamento ao longo do rali.<\/p>\n<p>Neuville, campe\u00e3o em 2024, admitiu que n\u00e3o est\u00e1 onde gostaria, mas destacou ter encontrado uma via para aumentar a velocidade do Hyundai i20 ao longo do dia.<\/p>\n<p>Katsuta manteve-se firme na luta pelo p\u00f3dio, apesar de ter perdido concentra\u00e7\u00e3o ao passar pelo despiste de Solberg. O japon\u00eas chega ao segundo dia com ambi\u00e7\u00f5es de manter o posto entre os tr\u00eas.<\/p>\n<h3>Perspetivas para s\u00e1bado<\/h3>\n<p>Amanh\u00e3 disputa-se o segundo dia, com 116 quil\u00f3metros cronometrados distribu\u00eddos por oito especiais, mantendo-se a prova como primeira edi\u00e7\u00e3o exclusivamente em asfalto nesta temporada.<\/p>\n","protected":false},"excerpt":{"rendered":"<ul>\n<li>Sami Pajari (Toyota Yaris) lidera o Rali da Cro\u00e1cia ap\u00f3s o primeiro dia, quarta ronda do WRC, disputado em asfalto.<\/li>\n<li>Pajari termina com 13,7 segundos de vantagem sobre o belga Thierry Neuville (Hyundai i20) e 14,6 sobre o japon\u00eas Takamoto Katsuta (Toyota Yaris).<\/li>\n<li>Ventos dif\u00edceis no in\u00edcio: Oliver Solberg desistiu logo na primeira especial ap\u00f3s embater num morro.<\/li>\n<li>Elfyn Evans (Toyota Yaris), l\u00edder no in\u00edcio, ficou fora na terceira das oito especiais do dia ao perder a travagem e sair de estrada.<\/li>\n<li>No s\u00e1bado segue-se o segundo dia, com 116 quil\u00f3metros cronometrados distribu\u00eddos por oito especiais.<\/li>\n<\/ul>\n","protected":false},"author":2,"featured_media":439997,"comment_status":"closed","ping_status":"closed","sticky":false,"template":"","format":"standard","meta":{"footnotes":""},"categories":[21,24],"tags":[7397,152,5060,186,81,7589],"class_list":["post-439990","post","type-post","status-publish","format-standard","has-post-thumbnail","hentry","category-desporto","category-futebol","tag-desistencias","tag-desporto","tag-desporto-motorizados","tag-desportos","tag-internacionais","tag-podios"],"yoast_head":"<!-- This site is optimized with the Yoast SEO plugin v27.2 - https:\/\/yoast.com\/product\/yoast-seo-wordpress\/ -->\n<title>Sami Pajari lidera Rali da Cro\u00e1cia ap\u00f3s o primeiro dia - Portal Tela Portugal<\/title>\n<meta name=\"robots\" content=\"index, follow, max-snippet:-1, max-image-preview:large, max-video-preview:-1\" \/>\n<meta property=\"og:locale\" content=\"pt_PT\" \/>\n<meta property=\"og:type\" content=\"article\" \/>\n<meta property=\"og:title\" content=\"Sami Pajari lidera Rali da Cro\u00e1cia ap\u00f3s o primeiro dia - Portal Tela Portugal\" \/>\n<meta property=\"og:description\" content=\"Sami Pajari (Toyota Yaris) lidera o Rali da Cro\u00e1cia ap\u00f3s o primeiro dia, quarta ronda do WRC, disputado em asfalto. Pajari termina com 13,7 segundos de vantagem sobre o belga Thierry Neuville (Hyundai i20) e 14,6 sobre o japon\u00eas Takamoto Katsuta (Toyota Yaris). Ventos dif\u00edceis no in\u00edcio: Oliver Solberg desistiu logo na primeira especial ap\u00f3s embater num morro. Elfyn Evans (Toyota Yaris), l\u00edder no in\u00edcio, ficou fora na terceira das oito especiais do dia ao perder a travagem e sair de estrada. No s\u00e1bado segue-se o segundo dia, com 116 quil\u00f3metros cronometrados distribu\u00eddos por oito especiais.\" \/>\n<meta property=\"og:url\" content=\"https:\/\/portaltela.pt\/noticias\/2026\/04\/10\/sami-pajari-lidera-rali-da-croacia-apos-o-primeiro-dia\/\" \/>\n<meta property=\"og:site_name\" content=\"Portal Tela Portugal\" \/>\n<meta property=\"article:published_time\" content=\"2026-04-10T20:47:16+00:00\" \/>\n<meta name=\"author\" content=\"Telinha\" \/>\n<meta name=\"twitter:card\" content=\"summary_large_image\" \/>\n<meta name=\"twitter:label1\" content=\"Escrito por\" \/>\n\t<meta name=\"twitter:data1\" content=\"Telinha\" \/>\n\t<meta name=\"twitter:label2\" content=\"Tempo estimado de leitura\" \/>\n\t<meta name=\"twitter:data2\" content=\"1 minuto\" \/>\n<script type=\"application\/ld+json\" class=\"yoast-schema-graph\">{\"@context\":\"https:\/\/schema.org\",\"@graph\":[{\"@type\":\"Article\",\"@id\":\"https:\/\/portaltela.pt\/noticias\/2026\/04\/10\/sami-pajari-lidera-rali-da-croacia-apos-o-primeiro-dia\/#article\",\"isPartOf\":{\"@id\":\"https:\/\/portaltela.pt\/noticias\/2026\/04\/10\/sami-pajari-lidera-rali-da-croacia-apos-o-primeiro-dia\/\"},\"author\":{\"name\":\"Telinha\",\"@id\":\"https:\/\/portaltela.pt\/#\/schema\/person\/c4278d4a6028830caff9ee44b42d32ed\"},\"headline\":\"Sami Pajari lidera Rali da Cro\u00e1cia ap\u00f3s o primeiro dia\",\"datePublished\":\"2026-04-10T20:47:16+00:00\",\"mainEntityOfPage\":{\"@id\":\"https:\/\/portaltela.pt\/noticias\/2026\/04\/10\/sami-pajari-lidera-rali-da-croacia-apos-o-primeiro-dia\/\"},\"wordCount\":260,\"image\":{\"@id\":\"https:\/\/portaltela.pt\/noticias\/2026\/04\/10\/sami-pajari-lidera-rali-da-croacia-apos-o-primeiro-dia\/#primaryimage\"},\"thumbnailUrl\":\"https:\/\/portaltela.pt\/s.01k8rhncp4jt1\/2026\/04\/img_920x518uu2026-04-10-21-38-02-2432286.jpg\",\"keywords\":[\"desist\u00eancias\",\"desporto\",\"Desporto Motorizados\",\"desportos\",\"internacionais\",\"p\u00f3dios\"],\"articleSection\":[\"Desporto\",\"Futebol\"],\"inLanguage\":\"pt-PT\"},{\"@type\":\"WebPage\",\"@id\":\"https:\/\/portaltela.pt\/noticias\/2026\/04\/10\/sami-pajari-lidera-rali-da-croacia-apos-o-primeiro-dia\/\",\"url\":\"https:\/\/portaltela.pt\/noticias\/2026\/04\/10\/sami-pajari-lidera-rali-da-croacia-apos-o-primeiro-dia\/\",\"name\":\"Sami Pajari lidera Rali da Cro\u00e1cia ap\u00f3s o primeiro dia - Portal Tela Portugal\",\"isPartOf\":{\"@id\":\"https:\/\/portaltela.pt\/#website\"},\"primaryImageOfPage\":{\"@id\":\"https:\/\/portaltela.pt\/noticias\/2026\/04\/10\/sami-pajari-lidera-rali-da-croacia-apos-o-primeiro-dia\/#primaryimage\"},\"image\":{\"@id\":\"https:\/\/portaltela.pt\/noticias\/2026\/04\/10\/sami-pajari-lidera-rali-da-croacia-apos-o-primeiro-dia\/#primaryimage\"},\"thumbnailUrl\":\"https:\/\/portaltela.pt\/s.01k8rhncp4jt1\/2026\/04\/img_920x518uu2026-04-10-21-38-02-2432286.jpg\",\"datePublished\":\"2026-04-10T20:47:16+00:00\",\"author\":{\"@id\":\"https:\/\/portaltela.pt\/#\/schema\/person\/c4278d4a6028830caff9ee44b42d32ed\"},\"breadcrumb\":{\"@id\":\"https:\/\/portaltela.pt\/noticias\/2026\/04\/10\/sami-pajari-lidera-rali-da-croacia-apos-o-primeiro-dia\/#breadcrumb\"},\"inLanguage\":\"pt-PT\",\"potentialAction\":[{\"@type\":\"ReadAction\",\"target\":[\"https:\/\/portaltela.pt\/noticias\/2026\/04\/10\/sami-pajari-lidera-rali-da-croacia-apos-o-primeiro-dia\/\"]}]},{\"@type\":\"ImageObject\",\"inLanguage\":\"pt-PT\",\"@id\":\"https:\/\/portaltela.pt\/noticias\/2026\/04\/10\/sami-pajari-lidera-rali-da-croacia-apos-o-primeiro-dia\/#primaryimage\",\"url\":\"https:\/\/portaltela.pt\/s.01k8rhncp4jt1\/2026\/04\/img_920x518uu2026-04-10-21-38-02-2432286.jpg\",\"contentUrl\":\"https:\/\/portaltela.pt\/s.01k8rhncp4jt1\/2026\/04\/img_920x518uu2026-04-10-21-38-02-2432286.jpg\",\"width\":796,\"height\":448,\"caption\":\"Sami Pajari lidera o Rali da Cro\u00e1cia com vantagem sobre Thierry Neuville\"},{\"@type\":\"BreadcrumbList\",\"@id\":\"https:\/\/portaltela.pt\/noticias\/2026\/04\/10\/sami-pajari-lidera-rali-da-croacia-apos-o-primeiro-dia\/#breadcrumb\",\"itemListElement\":[{\"@type\":\"ListItem\",\"position\":1,\"name\":\"In\u00edcio\",\"item\":\"https:\/\/portaltela.pt\/\"},{\"@type\":\"ListItem\",\"position\":2,\"name\":\"Sami Pajari lidera Rali da Cro\u00e1cia ap\u00f3s o primeiro dia\"}]},{\"@type\":\"WebSite\",\"@id\":\"https:\/\/portaltela.pt\/#website\",\"url\":\"https:\/\/portaltela.pt\/\",\"name\":\"Portal Tela Portugal\",\"description\":\"\",\"potentialAction\":[{\"@type\":\"SearchAction\",\"target\":{\"@type\":\"EntryPoint\",\"urlTemplate\":\"https:\/\/portaltela.pt\/?s={search_term_string}\"},\"query-input\":{\"@type\":\"PropertyValueSpecification\",\"valueRequired\":true,\"valueName\":\"search_term_string\"}}],\"inLanguage\":\"pt-PT\"},{\"@type\":\"Person\",\"@id\":\"https:\/\/portaltela.pt\/#\/schema\/person\/c4278d4a6028830caff9ee44b42d32ed\",\"name\":\"Telinha\",\"image\":{\"@type\":\"ImageObject\",\"inLanguage\":\"pt-PT\",\"@id\":\"https:\/\/portaltela.pt\/s.01k8rhncp4jt1\/2025\/11\/talking-bot-125x125.png\",\"url\":\"https:\/\/portaltela.pt\/s.01k8rhncp4jt1\/2025\/11\/talking-bot-125x125.png\",\"contentUrl\":\"https:\/\/portaltela.pt\/s.01k8rhncp4jt1\/2025\/11\/talking-bot-125x125.png\",\"caption\":\"Telinha\"},\"sameAs\":[\"https:\/\/portaltela.pt\/\"],\"url\":\"https:\/\/portaltela.pt\/por\/367410592786\/\"}]}<\/script>\n<!-- \/ Yoast SEO plugin. -->","yoast_head_json":{"title":"Sami Pajari lidera Rali da Cro\u00e1cia ap\u00f3s o primeiro dia - Portal Tela Portugal","robots":{"index":"index","follow":"follow","max-snippet":"max-snippet:-1","max-image-preview":"max-image-preview:large","max-video-preview":"max-video-preview:-1"},"og_locale":"pt_PT","og_type":"article","og_title":"Sami Pajari lidera Rali da Cro\u00e1cia ap\u00f3s o primeiro dia - Portal Tela Portugal","og_description":"Sami Pajari (Toyota Yaris) lidera o Rali da Cro\u00e1cia ap\u00f3s o primeiro dia, quarta ronda do WRC, disputado em asfalto. Pajari termina com 13,7 segundos de vantagem sobre o belga Thierry Neuville (Hyundai i20) e 14,6 sobre o japon\u00eas Takamoto Katsuta (Toyota Yaris). Ventos dif\u00edceis no in\u00edcio: Oliver Solberg desistiu logo na primeira especial ap\u00f3s embater num morro. Elfyn Evans (Toyota Yaris), l\u00edder no in\u00edcio, ficou fora na terceira das oito especiais do dia ao perder a travagem e sair de estrada. No s\u00e1bado segue-se o segundo dia, com 116 quil\u00f3metros cronometrados distribu\u00eddos por oito especiais.","og_url":"https:\/\/portaltela.pt\/noticias\/2026\/04\/10\/sami-pajari-lidera-rali-da-croacia-apos-o-primeiro-dia\/","og_site_name":"Portal Tela Portugal","article_published_time":"2026-04-10T20:47:16+00:00","author":"Telinha","twitter_card":"summary_large_image","twitter_misc":{"Escrito por":"Telinha","Tempo estimado de leitura":"1 minuto"},"schema":{"@context":"https:\/\/schema.org","@graph":[{"@type":"Article","@id":"https:\/\/portaltela.pt\/noticias\/2026\/04\/10\/sami-pajari-lidera-rali-da-croacia-apos-o-primeiro-dia\/#article","isPartOf":{"@id":"https:\/\/portaltela.pt\/noticias\/2026\/04\/10\/sami-pajari-lidera-rali-da-croacia-apos-o-primeiro-dia\/"},"author":{"name":"Telinha","@id":"https:\/\/portaltela.pt\/#\/schema\/person\/c4278d4a6028830caff9ee44b42d32ed"},"headline":"Sami Pajari lidera Rali da Cro\u00e1cia ap\u00f3s o primeiro dia","datePublished":"2026-04-10T20:47:16+00:00","mainEntityOfPage":{"@id":"https:\/\/portaltela.pt\/noticias\/2026\/04\/10\/sami-pajari-lidera-rali-da-croacia-apos-o-primeiro-dia\/"},"wordCount":260,"image":{"@id":"https:\/\/portaltela.pt\/noticias\/2026\/04\/10\/sami-pajari-lidera-rali-da-croacia-apos-o-primeiro-dia\/#primaryimage"},"thumbnailUrl":"https:\/\/portaltela.pt\/s.01k8rhncp4jt1\/2026\/04\/img_920x518uu2026-04-10-21-38-02-2432286.jpg","keywords":["desist\u00eancias","desporto","Desporto Motorizados","desportos","internacionais","p\u00f3dios"],"articleSection":["Desporto","Futebol"],"inLanguage":"pt-PT"},{"@type":"WebPage","@id":"https:\/\/portaltela.pt\/noticias\/2026\/04\/10\/sami-pajari-lidera-rali-da-croacia-apos-o-primeiro-dia\/","url":"https:\/\/portaltela.pt\/noticias\/2026\/04\/10\/sami-pajari-lidera-rali-da-croacia-apos-o-primeiro-dia\/","name":"Sami Pajari lidera Rali da Cro\u00e1cia ap\u00f3s o primeiro dia - Portal Tela Portugal","isPartOf":{"@id":"https:\/\/portaltela.pt\/#website"},"primaryImageOfPage":{"@id":"https:\/\/portaltela.pt\/noticias\/2026\/04\/10\/sami-pajari-lidera-rali-da-croacia-apos-o-primeiro-dia\/#primaryimage"},"image":{"@id":"https:\/\/portaltela.pt\/noticias\/2026\/04\/10\/sami-pajari-lidera-rali-da-croacia-apos-o-primeiro-dia\/#primaryimage"},"thumbnailUrl":"https:\/\/portaltela.pt\/s.01k8rhncp4jt1\/2026\/04\/img_920x518uu2026-04-10-21-38-02-2432286.jpg","datePublished":"2026-04-10T20:47:16+00:00","author":{"@id":"https:\/\/portaltela.pt\/#\/schema\/person\/c4278d4a6028830caff9ee44b42d32ed"},"breadcrumb":{"@id":"https:\/\/portaltela.pt\/noticias\/2026\/04\/10\/sami-pajari-lidera-rali-da-croacia-apos-o-primeiro-dia\/#breadcrumb"},"inLanguage":"pt-PT","potentialAction":[{"@type":"ReadAction","target":["https:\/\/portaltela.pt\/noticias\/2026\/04\/10\/sami-pajari-lidera-rali-da-croacia-apos-o-primeiro-dia\/"]}]},{"@type":"ImageObject","inLanguage":"pt-PT","@id":"https:\/\/portaltela.pt\/noticias\/2026\/04\/10\/sami-pajari-lidera-rali-da-croacia-apos-o-primeiro-dia\/#primaryimage","url":"https:\/\/portaltela.pt\/s.01k8rhncp4jt1\/2026\/04\/img_920x518uu2026-04-10-21-38-02-2432286.jpg","contentUrl":"https:\/\/portaltela.pt\/s.01k8rhncp4jt1\/2026\/04\/img_920x518uu2026-04-10-21-38-02-2432286.jpg","width":796,"height":448,"caption":"Sami Pajari lidera o Rali da Cro\u00e1cia com vantagem sobre Thierry Neuville"},{"@type":"BreadcrumbList","@id":"https:\/\/portaltela.pt\/noticias\/2026\/04\/10\/sami-pajari-lidera-rali-da-croacia-apos-o-primeiro-dia\/#breadcrumb","itemListElement":[{"@type":"ListItem","position":1,"name":"In\u00edcio","item":"https:\/\/portaltela.pt\/"},{"@type":"ListItem","position":2,"name":"Sami Pajari lidera Rali da Cro\u00e1cia ap\u00f3s o primeiro dia"}]},{"@type":"WebSite","@id":"https:\/\/portaltela.pt\/#website","url":"https:\/\/portaltela.pt\/","name":"Portal Tela Portugal","description":"","potentialAction":[{"@type":"SearchAction","target":{"@type":"EntryPoint","urlTemplate":"https:\/\/portaltela.pt\/?s={search_term_string}"},"query-input":{"@type":"PropertyValueSpecification","valueRequired":true,"valueName":"search_term_string"}}],"inLanguage":"pt-PT"},{"@type":"Person","@id":"https:\/\/portaltela.pt\/#\/schema\/person\/c4278d4a6028830caff9ee44b42d32ed","name":"Telinha","image":{"@type":"ImageObject","inLanguage":"pt-PT","@id":"https:\/\/portaltela.pt\/s.01k8rhncp4jt1\/2025\/11\/talking-bot-125x125.png","url":"https:\/\/portaltela.pt\/s.01k8rhncp4jt1\/2025\/11\/talking-bot-125x125.png","contentUrl":"https:\/\/portaltela.pt\/s.01k8rhncp4jt1\/2025\/11\/talking-bot-125x125.png","caption":"Telinha"},"sameAs":["https:\/\/portaltela.pt\/"],"url":"https:\/\/portaltela.pt\/por\/367410592786\/"}]}},"_links":{"self":[{"href":"https:\/\/portaltela.pt\/api\/wp\/v2\/posts\/439990","targetHints":{"allow":["GET"]}}],"collection":[{"href":"https:\/\/portaltela.pt\/api\/wp\/v2\/posts"}],"about":[{"href":"https:\/\/portaltela.pt\/api\/wp\/v2\/types\/post"}],"author":[{"embeddable":true,"href":"https:\/\/portaltela.pt\/api\/wp\/v2\/users\/2"}],"replies":[{"embeddable":true,"href":"https:\/\/portaltela.pt\/api\/wp\/v2\/comments?post=439990"}],"version-history":[{"count":0,"href":"https:\/\/portaltela.pt\/api\/wp\/v2\/posts\/439990\/revisions"}],"wp:featuredmedia":[{"embeddable":true,"href":"https:\/\/portaltela.pt\/api\/wp\/v2\/media\/439997"}],"wp:attachment":[{"href":"https:\/\/portaltela.pt\/api\/wp\/v2\/media?parent=439990"}],"wp:term":[{"taxonomy":"category","embeddable":true,"href":"https:\/\/portaltela.pt\/api\/wp\/v2\/categories?post=439990"},{"taxonomy":"post_tag","embeddable":true,"href":"https:\/\/portaltela.pt\/api\/wp\/v2\/tags?post=439990"}],"curies":[{"name":"wp","href":"https:\/\/api.w.org\/{rel}","templated":true}]}}