{"id":439972,"date":"2026-04-10T17:32:30","date_gmt":"2026-04-10T20:32:30","guid":{"rendered":"https:\/\/portaltela.pt\/noticias\/2026\/04\/10\/advogado-paulo-topa-pode-estar-a-preparar-se-para-fugir-do-pais\/"},"modified":"2026-04-10T17:32:30","modified_gmt":"2026-04-10T20:32:30","slug":"advogado-paulo-topa-pode-estar-a-preparar-se-para-fugir-do-pais","status":"publish","type":"post","link":"https:\/\/portaltela.pt\/crime\/2026\/04\/10\/advogado-paulo-topa-pode-estar-a-preparar-se-para-fugir-do-pais\/","title":{"rendered":"Advogado Paulo Topa pode estar a preparar-se para fugir do pa\u00eds"},"content":{"rendered":"<p>O cap\u00edtulo sete do programa Doa a Quem Doer, da CMTV, foi divulgado no dia 10 de abril de 2025. Entre os temas em destaque estiveram casos de justi\u00e7a, sa\u00fade p\u00fablica e alegadas atividades il\u00edcitas. O epis\u00f3dio foca-se em informa\u00e7\u00f5es apresentadas pelo programa, sem conclus\u00e3o apresentada aos espectadores.<\/p>\n<p>Entre as reportagens, destaca-se o caso do Hospital das Caldas da Rainha, que recusou emitir a certid\u00e3o de nascimento de um beb\u00e9 de sete meses, ap\u00f3s o parto ocorrido numa ambul\u00e2ncia. A decis\u00e3o levantou d\u00favidas sobre prazos e procedimentos administrativos. O hospital n\u00e3o comentou oficialmente o caso para este artigo.<\/p>\n<p>H\u00e9lder Claro, antigo juiz, \u00e9 apresentado como envolvido numa rede criminosa, segundo o Minist\u00e9rio P\u00fablico. A acusa\u00e7\u00e3o liga-o a neg\u00f3cios imobili\u00e1rios que alegadamente teriam car\u00e1ter il\u00edcito. Mant\u00eam-se perguntas sobre a extens\u00e3o do envolvimento e as poss\u00edveis implica\u00e7\u00f5es legais.<\/p>\n<p>Outra faixa do programa retrata uma m\u00e3e que afirma n\u00e3o conseguir obter a certid\u00e3o de nascimento da filha. A mulher descreve o desespero pela aus\u00eancia do documento essencial para a identifica\u00e7\u00e3o e regulariza\u00e7\u00e3o da filha. O processo est\u00e1 a ser acompanhado pelas autoridades competentes.<\/p>\n<p>Por fim, o programa aborda a suspeita de pertencerem a uma rede criminosa de insolv\u00eancias fraudulentas. Os suspeitos enfrentam potenciais penas elevadas, com informa\u00e7\u00f5es j\u00e1 apresentadas a inst\u00e2ncias judiciais. O tema insere-se numa investiga\u00e7\u00e3o em curso sobre fraudes e responsabilidades civis e criminais.<\/p>\n","protected":false},"excerpt":{"rendered":"<ul>\n<li>Advogado Paulo Topa estaria a preparar-se para fugir do pa\u00eds, segundo a S\u00e9tima parte do Doa a Quem Doer, emitida pela CMTV a 10 de abril de 2025.<\/li>\n<li>Hospital das Caldas da Rainha recusou emitir certid\u00e3o de nascimento a beb\u00e9 de sete meses ap\u00f3s parto ocorrido numa ambul\u00e2ncia.<\/li>\n<li>H\u00e9lder Claro, ainda juiz, envolveu-se numa rede criminosa; o MP envolve-o em neg\u00f3cios imobili\u00e1rios il\u00edcitos.<\/li>\n<li>M\u00e3e de beb\u00e9 de sete meses, sem certid\u00e3o de nascimento, afirma que a filha \u00e9 sua, em tom desesperado.<\/li>\n<li>Suspeitos de pertencerem \u00e0 rede criminosa de insolv\u00eancias fraudulentas arriscam penas elevadas.<\/li>\n<\/ul>\n","protected":false},"author":2,"featured_media":439982,"comment_status":"closed","ping_status":"closed","sticky":false,"template":"","format":"standard","meta":{"footnotes":""},"categories":[6907],"tags":[147,6337,6484,6318,3775,1878],"class_list":["post-439972","post","type-post","status-publish","format-standard","has-post-thumbnail","hentry","category-crime","tag-crime","tag-direito","tag-direito-penal","tag-fraude","tag-fraudes","tag-inquerito-criminal"],"yoast_head":"<!-- This site is optimized with the Yoast SEO plugin v27.2 - https:\/\/yoast.com\/product\/yoast-seo-wordpress\/ -->\n<title>Advogado Paulo Topa pode estar a preparar-se para fugir do pa\u00eds - Portal Tela Portugal<\/title>\n<meta name=\"robots\" content=\"index, follow, max-snippet:-1, max-image-preview:large, max-video-preview:-1\" \/>\n<meta property=\"og:locale\" content=\"pt_PT\" \/>\n<meta property=\"og:type\" content=\"article\" \/>\n<meta property=\"og:title\" content=\"Advogado Paulo Topa pode estar a preparar-se para fugir do pa\u00eds - Portal Tela Portugal\" \/>\n<meta property=\"og:description\" content=\"Advogado Paulo Topa estaria a preparar-se para fugir do pa\u00eds, segundo a S\u00e9tima parte do Doa a Quem Doer, emitida pela CMTV a 10 de abril de 2025. Hospital das Caldas da Rainha recusou emitir certid\u00e3o de nascimento a beb\u00e9 de sete meses ap\u00f3s parto ocorrido numa ambul\u00e2ncia. H\u00e9lder Claro, ainda juiz, envolveu-se numa rede criminosa; o MP envolve-o em neg\u00f3cios imobili\u00e1rios il\u00edcitos. M\u00e3e de beb\u00e9 de sete meses, sem certid\u00e3o de nascimento, afirma que a filha \u00e9 sua, em tom desesperado. Suspeitos de pertencerem \u00e0 rede criminosa de insolv\u00eancias fraudulentas arriscam penas elevadas.\" \/>\n<meta property=\"og:url\" content=\"https:\/\/portaltela.pt\/noticias\/2026\/04\/10\/advogado-paulo-topa-pode-estar-a-preparar-se-para-fugir-do-pais\/\" \/>\n<meta property=\"og:site_name\" content=\"Portal Tela Portugal\" \/>\n<meta property=\"article:published_time\" content=\"2026-04-10T20:32:30+00:00\" \/>\n<meta name=\"author\" content=\"Telinha\" \/>\n<meta name=\"twitter:card\" content=\"summary_large_image\" \/>\n<meta name=\"twitter:label1\" content=\"Escrito por\" \/>\n\t<meta name=\"twitter:data1\" content=\"Telinha\" \/>\n\t<meta name=\"twitter:label2\" content=\"Tempo estimado de leitura\" \/>\n\t<meta name=\"twitter:data2\" content=\"1 minuto\" \/>\n<script type=\"application\/ld+json\" class=\"yoast-schema-graph\">{\"@context\":\"https:\/\/schema.org\",\"@graph\":[{\"@type\":\"Article\",\"@id\":\"https:\/\/portaltela.pt\/noticias\/2026\/04\/10\/advogado-paulo-topa-pode-estar-a-preparar-se-para-fugir-do-pais\/#article\",\"isPartOf\":{\"@id\":\"https:\/\/portaltela.pt\/noticias\/2026\/04\/10\/advogado-paulo-topa-pode-estar-a-preparar-se-para-fugir-do-pais\/\"},\"author\":{\"name\":\"Telinha\",\"@id\":\"https:\/\/portaltela.pt\/#\/schema\/person\/c4278d4a6028830caff9ee44b42d32ed\"},\"headline\":\"Advogado Paulo Topa pode estar a preparar-se para fugir do pa\u00eds\",\"datePublished\":\"2026-04-10T20:32:30+00:00\",\"mainEntityOfPage\":{\"@id\":\"https:\/\/portaltela.pt\/noticias\/2026\/04\/10\/advogado-paulo-topa-pode-estar-a-preparar-se-para-fugir-do-pais\/\"},\"wordCount\":268,\"image\":{\"@id\":\"https:\/\/portaltela.pt\/noticias\/2026\/04\/10\/advogado-paulo-topa-pode-estar-a-preparar-se-para-fugir-do-pais\/#primaryimage\"},\"thumbnailUrl\":\"https:\/\/portaltela.pt\/s.01k8rhncp4jt1\/2026\/04\/img_1280x722uu2026-04-10-19-36-17-2277784.jpg\",\"keywords\":[\"crime\",\"direito\",\"Direito Penal\",\"fraude\",\"fraudes\",\"inqu\u00e9rito criminal\"],\"articleSection\":[\"Crime\"],\"inLanguage\":\"pt-PT\"},{\"@type\":\"WebPage\",\"@id\":\"https:\/\/portaltela.pt\/noticias\/2026\/04\/10\/advogado-paulo-topa-pode-estar-a-preparar-se-para-fugir-do-pais\/\",\"url\":\"https:\/\/portaltela.pt\/noticias\/2026\/04\/10\/advogado-paulo-topa-pode-estar-a-preparar-se-para-fugir-do-pais\/\",\"name\":\"Advogado Paulo Topa pode estar a preparar-se para fugir do pa\u00eds - Portal Tela Portugal\",\"isPartOf\":{\"@id\":\"https:\/\/portaltela.pt\/#website\"},\"primaryImageOfPage\":{\"@id\":\"https:\/\/portaltela.pt\/noticias\/2026\/04\/10\/advogado-paulo-topa-pode-estar-a-preparar-se-para-fugir-do-pais\/#primaryimage\"},\"image\":{\"@id\":\"https:\/\/portaltela.pt\/noticias\/2026\/04\/10\/advogado-paulo-topa-pode-estar-a-preparar-se-para-fugir-do-pais\/#primaryimage\"},\"thumbnailUrl\":\"https:\/\/portaltela.pt\/s.01k8rhncp4jt1\/2026\/04\/img_1280x722uu2026-04-10-19-36-17-2277784.jpg\",\"datePublished\":\"2026-04-10T20:32:30+00:00\",\"author\":{\"@id\":\"https:\/\/portaltela.pt\/#\/schema\/person\/c4278d4a6028830caff9ee44b42d32ed\"},\"breadcrumb\":{\"@id\":\"https:\/\/portaltela.pt\/noticias\/2026\/04\/10\/advogado-paulo-topa-pode-estar-a-preparar-se-para-fugir-do-pais\/#breadcrumb\"},\"inLanguage\":\"pt-PT\",\"potentialAction\":[{\"@type\":\"ReadAction\",\"target\":[\"https:\/\/portaltela.pt\/noticias\/2026\/04\/10\/advogado-paulo-topa-pode-estar-a-preparar-se-para-fugir-do-pais\/\"]}]},{\"@type\":\"ImageObject\",\"inLanguage\":\"pt-PT\",\"@id\":\"https:\/\/portaltela.pt\/noticias\/2026\/04\/10\/advogado-paulo-topa-pode-estar-a-preparar-se-para-fugir-do-pais\/#primaryimage\",\"url\":\"https:\/\/portaltela.pt\/s.01k8rhncp4jt1\/2026\/04\/img_1280x722uu2026-04-10-19-36-17-2277784.jpg\",\"contentUrl\":\"https:\/\/portaltela.pt\/s.01k8rhncp4jt1\/2026\/04\/img_1280x722uu2026-04-10-19-36-17-2277784.jpg\",\"width\":796,\"height\":448,\"caption\":\"Photo\"},{\"@type\":\"BreadcrumbList\",\"@id\":\"https:\/\/portaltela.pt\/noticias\/2026\/04\/10\/advogado-paulo-topa-pode-estar-a-preparar-se-para-fugir-do-pais\/#breadcrumb\",\"itemListElement\":[{\"@type\":\"ListItem\",\"position\":1,\"name\":\"In\u00edcio\",\"item\":\"https:\/\/portaltela.pt\/\"},{\"@type\":\"ListItem\",\"position\":2,\"name\":\"Advogado Paulo Topa pode estar a preparar-se para fugir do pa\u00eds\"}]},{\"@type\":\"WebSite\",\"@id\":\"https:\/\/portaltela.pt\/#website\",\"url\":\"https:\/\/portaltela.pt\/\",\"name\":\"Portal Tela Portugal\",\"description\":\"\",\"potentialAction\":[{\"@type\":\"SearchAction\",\"target\":{\"@type\":\"EntryPoint\",\"urlTemplate\":\"https:\/\/portaltela.pt\/?s={search_term_string}\"},\"query-input\":{\"@type\":\"PropertyValueSpecification\",\"valueRequired\":true,\"valueName\":\"search_term_string\"}}],\"inLanguage\":\"pt-PT\"},{\"@type\":\"Person\",\"@id\":\"https:\/\/portaltela.pt\/#\/schema\/person\/c4278d4a6028830caff9ee44b42d32ed\",\"name\":\"Telinha\",\"image\":{\"@type\":\"ImageObject\",\"inLanguage\":\"pt-PT\",\"@id\":\"https:\/\/portaltela.pt\/s.01k8rhncp4jt1\/2025\/11\/talking-bot-125x125.png\",\"url\":\"https:\/\/portaltela.pt\/s.01k8rhncp4jt1\/2025\/11\/talking-bot-125x125.png\",\"contentUrl\":\"https:\/\/portaltela.pt\/s.01k8rhncp4jt1\/2025\/11\/talking-bot-125x125.png\",\"caption\":\"Telinha\"},\"sameAs\":[\"https:\/\/portaltela.pt\/\"],\"url\":\"https:\/\/portaltela.pt\/por\/367410592786\/\"}]}<\/script>\n<!-- \/ Yoast SEO plugin. -->","yoast_head_json":{"title":"Advogado Paulo Topa pode estar a preparar-se para fugir do pa\u00eds - Portal Tela Portugal","robots":{"index":"index","follow":"follow","max-snippet":"max-snippet:-1","max-image-preview":"max-image-preview:large","max-video-preview":"max-video-preview:-1"},"og_locale":"pt_PT","og_type":"article","og_title":"Advogado Paulo Topa pode estar a preparar-se para fugir do pa\u00eds - Portal Tela Portugal","og_description":"Advogado Paulo Topa estaria a preparar-se para fugir do pa\u00eds, segundo a S\u00e9tima parte do Doa a Quem Doer, emitida pela CMTV a 10 de abril de 2025. Hospital das Caldas da Rainha recusou emitir certid\u00e3o de nascimento a beb\u00e9 de sete meses ap\u00f3s parto ocorrido numa ambul\u00e2ncia. H\u00e9lder Claro, ainda juiz, envolveu-se numa rede criminosa; o MP envolve-o em neg\u00f3cios imobili\u00e1rios il\u00edcitos. M\u00e3e de beb\u00e9 de sete meses, sem certid\u00e3o de nascimento, afirma que a filha \u00e9 sua, em tom desesperado. Suspeitos de pertencerem \u00e0 rede criminosa de insolv\u00eancias fraudulentas arriscam penas elevadas.","og_url":"https:\/\/portaltela.pt\/noticias\/2026\/04\/10\/advogado-paulo-topa-pode-estar-a-preparar-se-para-fugir-do-pais\/","og_site_name":"Portal Tela Portugal","article_published_time":"2026-04-10T20:32:30+00:00","author":"Telinha","twitter_card":"summary_large_image","twitter_misc":{"Escrito por":"Telinha","Tempo estimado de leitura":"1 minuto"},"schema":{"@context":"https:\/\/schema.org","@graph":[{"@type":"Article","@id":"https:\/\/portaltela.pt\/noticias\/2026\/04\/10\/advogado-paulo-topa-pode-estar-a-preparar-se-para-fugir-do-pais\/#article","isPartOf":{"@id":"https:\/\/portaltela.pt\/noticias\/2026\/04\/10\/advogado-paulo-topa-pode-estar-a-preparar-se-para-fugir-do-pais\/"},"author":{"name":"Telinha","@id":"https:\/\/portaltela.pt\/#\/schema\/person\/c4278d4a6028830caff9ee44b42d32ed"},"headline":"Advogado Paulo Topa pode estar a preparar-se para fugir do pa\u00eds","datePublished":"2026-04-10T20:32:30+00:00","mainEntityOfPage":{"@id":"https:\/\/portaltela.pt\/noticias\/2026\/04\/10\/advogado-paulo-topa-pode-estar-a-preparar-se-para-fugir-do-pais\/"},"wordCount":268,"image":{"@id":"https:\/\/portaltela.pt\/noticias\/2026\/04\/10\/advogado-paulo-topa-pode-estar-a-preparar-se-para-fugir-do-pais\/#primaryimage"},"thumbnailUrl":"https:\/\/portaltela.pt\/s.01k8rhncp4jt1\/2026\/04\/img_1280x722uu2026-04-10-19-36-17-2277784.jpg","keywords":["crime","direito","Direito Penal","fraude","fraudes","inqu\u00e9rito criminal"],"articleSection":["Crime"],"inLanguage":"pt-PT"},{"@type":"WebPage","@id":"https:\/\/portaltela.pt\/noticias\/2026\/04\/10\/advogado-paulo-topa-pode-estar-a-preparar-se-para-fugir-do-pais\/","url":"https:\/\/portaltela.pt\/noticias\/2026\/04\/10\/advogado-paulo-topa-pode-estar-a-preparar-se-para-fugir-do-pais\/","name":"Advogado Paulo Topa pode estar a preparar-se para fugir do pa\u00eds - Portal Tela Portugal","isPartOf":{"@id":"https:\/\/portaltela.pt\/#website"},"primaryImageOfPage":{"@id":"https:\/\/portaltela.pt\/noticias\/2026\/04\/10\/advogado-paulo-topa-pode-estar-a-preparar-se-para-fugir-do-pais\/#primaryimage"},"image":{"@id":"https:\/\/portaltela.pt\/noticias\/2026\/04\/10\/advogado-paulo-topa-pode-estar-a-preparar-se-para-fugir-do-pais\/#primaryimage"},"thumbnailUrl":"https:\/\/portaltela.pt\/s.01k8rhncp4jt1\/2026\/04\/img_1280x722uu2026-04-10-19-36-17-2277784.jpg","datePublished":"2026-04-10T20:32:30+00:00","author":{"@id":"https:\/\/portaltela.pt\/#\/schema\/person\/c4278d4a6028830caff9ee44b42d32ed"},"breadcrumb":{"@id":"https:\/\/portaltela.pt\/noticias\/2026\/04\/10\/advogado-paulo-topa-pode-estar-a-preparar-se-para-fugir-do-pais\/#breadcrumb"},"inLanguage":"pt-PT","potentialAction":[{"@type":"ReadAction","target":["https:\/\/portaltela.pt\/noticias\/2026\/04\/10\/advogado-paulo-topa-pode-estar-a-preparar-se-para-fugir-do-pais\/"]}]},{"@type":"ImageObject","inLanguage":"pt-PT","@id":"https:\/\/portaltela.pt\/noticias\/2026\/04\/10\/advogado-paulo-topa-pode-estar-a-preparar-se-para-fugir-do-pais\/#primaryimage","url":"https:\/\/portaltela.pt\/s.01k8rhncp4jt1\/2026\/04\/img_1280x722uu2026-04-10-19-36-17-2277784.jpg","contentUrl":"https:\/\/portaltela.pt\/s.01k8rhncp4jt1\/2026\/04\/img_1280x722uu2026-04-10-19-36-17-2277784.jpg","width":796,"height":448,"caption":"Photo"},{"@type":"BreadcrumbList","@id":"https:\/\/portaltela.pt\/noticias\/2026\/04\/10\/advogado-paulo-topa-pode-estar-a-preparar-se-para-fugir-do-pais\/#breadcrumb","itemListElement":[{"@type":"ListItem","position":1,"name":"In\u00edcio","item":"https:\/\/portaltela.pt\/"},{"@type":"ListItem","position":2,"name":"Advogado Paulo Topa pode estar a preparar-se para fugir do pa\u00eds"}]},{"@type":"WebSite","@id":"https:\/\/portaltela.pt\/#website","url":"https:\/\/portaltela.pt\/","name":"Portal Tela Portugal","description":"","potentialAction":[{"@type":"SearchAction","target":{"@type":"EntryPoint","urlTemplate":"https:\/\/portaltela.pt\/?s={search_term_string}"},"query-input":{"@type":"PropertyValueSpecification","valueRequired":true,"valueName":"search_term_string"}}],"inLanguage":"pt-PT"},{"@type":"Person","@id":"https:\/\/portaltela.pt\/#\/schema\/person\/c4278d4a6028830caff9ee44b42d32ed","name":"Telinha","image":{"@type":"ImageObject","inLanguage":"pt-PT","@id":"https:\/\/portaltela.pt\/s.01k8rhncp4jt1\/2025\/11\/talking-bot-125x125.png","url":"https:\/\/portaltela.pt\/s.01k8rhncp4jt1\/2025\/11\/talking-bot-125x125.png","contentUrl":"https:\/\/portaltela.pt\/s.01k8rhncp4jt1\/2025\/11\/talking-bot-125x125.png","caption":"Telinha"},"sameAs":["https:\/\/portaltela.pt\/"],"url":"https:\/\/portaltela.pt\/por\/367410592786\/"}]}},"_links":{"self":[{"href":"https:\/\/portaltela.pt\/api\/wp\/v2\/posts\/439972","targetHints":{"allow":["GET"]}}],"collection":[{"href":"https:\/\/portaltela.pt\/api\/wp\/v2\/posts"}],"about":[{"href":"https:\/\/portaltela.pt\/api\/wp\/v2\/types\/post"}],"author":[{"embeddable":true,"href":"https:\/\/portaltela.pt\/api\/wp\/v2\/users\/2"}],"replies":[{"embeddable":true,"href":"https:\/\/portaltela.pt\/api\/wp\/v2\/comments?post=439972"}],"version-history":[{"count":0,"href":"https:\/\/portaltela.pt\/api\/wp\/v2\/posts\/439972\/revisions"}],"wp:featuredmedia":[{"embeddable":true,"href":"https:\/\/portaltela.pt\/api\/wp\/v2\/media\/439982"}],"wp:attachment":[{"href":"https:\/\/portaltela.pt\/api\/wp\/v2\/media?parent=439972"}],"wp:term":[{"taxonomy":"category","embeddable":true,"href":"https:\/\/portaltela.pt\/api\/wp\/v2\/categories?post=439972"},{"taxonomy":"post_tag","embeddable":true,"href":"https:\/\/portaltela.pt\/api\/wp\/v2\/tags?post=439972"}],"curies":[{"name":"wp","href":"https:\/\/api.w.org\/{rel}","templated":true}]}}