{"id":439964,"date":"2026-04-10T17:32:20","date_gmt":"2026-04-10T20:32:20","guid":{"rendered":"https:\/\/portaltela.pt\/noticias\/2026\/04\/10\/helder-claro-juiz-acusado-de-ligacao-a-rede-criminosa-e-imoveis-ilicitos\/"},"modified":"2026-04-10T17:32:20","modified_gmt":"2026-04-10T20:32:20","slug":"helder-claro-juiz-acusado-de-ligacao-a-rede-criminosa-e-imoveis-ilicitos","status":"publish","type":"post","link":"https:\/\/portaltela.pt\/justica\/2026\/04\/10\/helder-claro-juiz-acusado-de-ligacao-a-rede-criminosa-e-imoveis-ilicitos\/","title":{"rendered":"H\u00e9lder Claro, juiz, acusado de liga\u00e7\u00e3o a rede criminosa e im\u00f3veis il\u00edcitos"},"content":{"rendered":"<p>Ex-juiz H\u00e9lder Claro \u00e9 acusado pelo Minist\u00e9rio P\u00fablico de integrar uma rede criminosa envolvida em neg\u00f3cios imobili\u00e1rios il\u00edcitos. A acusa\u00e7\u00e3o sustenta que Claro ter\u00e1 desempenhado um papel num esquema que visa angariar mulheres para um bar de alterne situado no Porto. A investiga\u00e7\u00e3o est\u00e1 em curso e envolve v\u00e1rias dilig\u00eancias operacionais.<\/p>\n<p>Segundo os elementos do MP, o objetivo da rede era facilitar atividades il\u00edcitas ligadas a insolv\u00eancias fraudulentas, bem como a explora\u00e7\u00e3o de pessoas. As autoridades n\u00e3o divulgam detalhes adicionais sobre o funcionamento interno do esquema, nem sobre a participa\u00e7\u00e3o de outros alegados membros.<\/p>\n<p>A acusa\u00e7\u00e3o deixa claro que a investiga\u00e7\u00e3o est\u00e1 em fase de instru\u00e7\u00e3o, com dados a serem analisados para confirmar ou rejeitar as liga\u00e7\u00f5es entre o ex-juiz e os alegados atos criminosos. N\u00e3o foram anunciadas decis\u00f5es judiciais at\u00e9 ao momento.<\/p>\n<h3>Processo em curso ligado a insolv\u00eancias fraudulentas<\/h3>\n<p>O Minist\u00e9rio P\u00fablico tamb\u00e9m investiga suspeitos de pertencerem a uma rede de insolv\u00eancias fraudulentas, com riscos de penas elevadas para as pessoas envolvidas. A natureza do esquema e os nomes dos alegados participantes n\u00e3o foram divulgados em detalhe.<\/p>\n<h3>Outros casos em aprecia\u00e7\u00e3o<\/h3>\n<p>Numa sequ\u00eancia de reportagens associadas, destacam-se relatos de uma m\u00e3e que luta pela certid\u00e3o de nascimento de um beb\u00e9 de sete meses ap\u00f3s parto em ambul\u00e2ncia. Em paralelo, o Hospital das Caldas da Rainha recusou emitir a certid\u00e3o solicitada. A investiga\u00e7\u00e3o tamb\u00e9m aponta para poss\u00edveis preparos de fuga de um advogado implicado no caso.<\/p>\n","protected":false},"excerpt":{"rendered":"<ul>\n<li>Segunda parte do Doa a Quem Doer, transmitida a 10 de abril de 2025 na CMTV.<\/li>\n<li>O ex-juiz H\u00e9lder Claro \u00e9 acusado pelo Minist\u00e9rio P\u00fablico de estar envolvido em um esquema ligado a angaria\u00e7\u00e3o de mulheres para um bar de alterne no Porto, com alega\u00e7\u00f5es de neg\u00f3cios imobili\u00e1rios il\u00edcitos.<\/li>\n<li>O Minist\u00e9rio P\u00fablico aponta liga\u00e7\u00f5es de H\u00e9lder Claro a uma rede de insolv\u00eancias fraudulentas, com potencial para pena elevada.<\/li>\n<li>O Hospital das Caldas da Rainha recusou emitir a certid\u00e3o de nascimento a uma beb\u00e9 de sete meses, ap\u00f3s parto em ambul\u00e2ncia.<\/li>\n<li>O advogado Paulo Topa estaria a preparar-se para fugir do pa\u00eds.<\/li>\n<\/ul>\n","protected":false},"author":2,"featured_media":439966,"comment_status":"closed","ping_status":"closed","sticky":false,"template":"","format":"standard","meta":{"footnotes":""},"categories":[6907,6815],"tags":[7791,7320,228,1878,6587,215],"class_list":["post-439964","post","type-post","status-publish","format-standard","has-post-thumbnail","hentry","category-crime","category-justica","tag-_habitacao","tag-crime-economico-financeiro","tag-imobiliario","tag-inquerito-criminal","tag-insolvencia-dolosa","tag-investigacao"],"yoast_head":"<!-- This site is optimized with the Yoast SEO plugin v27.2 - https:\/\/yoast.com\/product\/yoast-seo-wordpress\/ -->\n<title>H\u00e9lder Claro, juiz, acusado de liga\u00e7\u00e3o a rede criminosa e im\u00f3veis il\u00edcitos - Portal Tela Portugal<\/title>\n<meta name=\"robots\" content=\"index, follow, max-snippet:-1, max-image-preview:large, max-video-preview:-1\" \/>\n<meta property=\"og:locale\" content=\"pt_PT\" \/>\n<meta property=\"og:type\" content=\"article\" \/>\n<meta property=\"og:title\" content=\"H\u00e9lder Claro, juiz, acusado de liga\u00e7\u00e3o a rede criminosa e im\u00f3veis il\u00edcitos - Portal Tela Portugal\" \/>\n<meta property=\"og:description\" content=\"Segunda parte do Doa a Quem Doer, transmitida a 10 de abril de 2025 na CMTV. O ex-juiz H\u00e9lder Claro \u00e9 acusado pelo Minist\u00e9rio P\u00fablico de estar envolvido em um esquema ligado a angaria\u00e7\u00e3o de mulheres para um bar de alterne no Porto, com alega\u00e7\u00f5es de neg\u00f3cios imobili\u00e1rios il\u00edcitos. O Minist\u00e9rio P\u00fablico aponta liga\u00e7\u00f5es de H\u00e9lder Claro a uma rede de insolv\u00eancias fraudulentas, com potencial para pena elevada. O Hospital das Caldas da Rainha recusou emitir a certid\u00e3o de nascimento a uma beb\u00e9 de sete meses, ap\u00f3s parto em ambul\u00e2ncia. O advogado Paulo Topa estaria a preparar-se para fugir do pa\u00eds.\" \/>\n<meta property=\"og:url\" content=\"https:\/\/portaltela.pt\/noticias\/2026\/04\/10\/helder-claro-juiz-acusado-de-ligacao-a-rede-criminosa-e-imoveis-ilicitos\/\" \/>\n<meta property=\"og:site_name\" content=\"Portal Tela Portugal\" \/>\n<meta property=\"article:published_time\" content=\"2026-04-10T20:32:20+00:00\" \/>\n<meta name=\"author\" content=\"Telinha\" \/>\n<meta name=\"twitter:card\" content=\"summary_large_image\" \/>\n<meta name=\"twitter:label1\" content=\"Escrito por\" \/>\n\t<meta name=\"twitter:data1\" content=\"Telinha\" \/>\n\t<meta name=\"twitter:label2\" content=\"Tempo estimado de leitura\" \/>\n\t<meta name=\"twitter:data2\" content=\"1 minuto\" \/>\n<script type=\"application\/ld+json\" class=\"yoast-schema-graph\">{\"@context\":\"https:\/\/schema.org\",\"@graph\":[{\"@type\":\"Article\",\"@id\":\"https:\/\/portaltela.pt\/noticias\/2026\/04\/10\/helder-claro-juiz-acusado-de-ligacao-a-rede-criminosa-e-imoveis-ilicitos\/#article\",\"isPartOf\":{\"@id\":\"https:\/\/portaltela.pt\/noticias\/2026\/04\/10\/helder-claro-juiz-acusado-de-ligacao-a-rede-criminosa-e-imoveis-ilicitos\/\"},\"author\":{\"name\":\"Telinha\",\"@id\":\"https:\/\/portaltela.pt\/#\/schema\/person\/c4278d4a6028830caff9ee44b42d32ed\"},\"headline\":\"H\u00e9lder Claro, juiz, acusado de liga\u00e7\u00e3o a rede criminosa e im\u00f3veis il\u00edcitos\",\"datePublished\":\"2026-04-10T20:32:20+00:00\",\"mainEntityOfPage\":{\"@id\":\"https:\/\/portaltela.pt\/noticias\/2026\/04\/10\/helder-claro-juiz-acusado-de-ligacao-a-rede-criminosa-e-imoveis-ilicitos\/\"},\"wordCount\":288,\"image\":{\"@id\":\"https:\/\/portaltela.pt\/noticias\/2026\/04\/10\/helder-claro-juiz-acusado-de-ligacao-a-rede-criminosa-e-imoveis-ilicitos\/#primaryimage\"},\"thumbnailUrl\":\"https:\/\/portaltela.pt\/s.01k8rhncp4jt1\/2026\/04\/img_1280x722uu2026-04-10-19-34-01-2277780.jpg\",\"keywords\":[\"_habita\u00e7\u00e3o\",\"crime econ\u00f3mico-financeiro\",\"imobili\u00e1rio\",\"inqu\u00e9rito criminal\",\"insolv\u00eancia dolosa\",\"investiga\u00e7\u00e3o\"],\"articleSection\":[\"Crime\",\"Justi\u00e7a\"],\"inLanguage\":\"pt-PT\"},{\"@type\":\"WebPage\",\"@id\":\"https:\/\/portaltela.pt\/noticias\/2026\/04\/10\/helder-claro-juiz-acusado-de-ligacao-a-rede-criminosa-e-imoveis-ilicitos\/\",\"url\":\"https:\/\/portaltela.pt\/noticias\/2026\/04\/10\/helder-claro-juiz-acusado-de-ligacao-a-rede-criminosa-e-imoveis-ilicitos\/\",\"name\":\"H\u00e9lder Claro, juiz, acusado de liga\u00e7\u00e3o a rede criminosa e im\u00f3veis il\u00edcitos - Portal Tela Portugal\",\"isPartOf\":{\"@id\":\"https:\/\/portaltela.pt\/#website\"},\"primaryImageOfPage\":{\"@id\":\"https:\/\/portaltela.pt\/noticias\/2026\/04\/10\/helder-claro-juiz-acusado-de-ligacao-a-rede-criminosa-e-imoveis-ilicitos\/#primaryimage\"},\"image\":{\"@id\":\"https:\/\/portaltela.pt\/noticias\/2026\/04\/10\/helder-claro-juiz-acusado-de-ligacao-a-rede-criminosa-e-imoveis-ilicitos\/#primaryimage\"},\"thumbnailUrl\":\"https:\/\/portaltela.pt\/s.01k8rhncp4jt1\/2026\/04\/img_1280x722uu2026-04-10-19-34-01-2277780.jpg\",\"datePublished\":\"2026-04-10T20:32:20+00:00\",\"author\":{\"@id\":\"https:\/\/portaltela.pt\/#\/schema\/person\/c4278d4a6028830caff9ee44b42d32ed\"},\"breadcrumb\":{\"@id\":\"https:\/\/portaltela.pt\/noticias\/2026\/04\/10\/helder-claro-juiz-acusado-de-ligacao-a-rede-criminosa-e-imoveis-ilicitos\/#breadcrumb\"},\"inLanguage\":\"pt-PT\",\"potentialAction\":[{\"@type\":\"ReadAction\",\"target\":[\"https:\/\/portaltela.pt\/noticias\/2026\/04\/10\/helder-claro-juiz-acusado-de-ligacao-a-rede-criminosa-e-imoveis-ilicitos\/\"]}]},{\"@type\":\"ImageObject\",\"inLanguage\":\"pt-PT\",\"@id\":\"https:\/\/portaltela.pt\/noticias\/2026\/04\/10\/helder-claro-juiz-acusado-de-ligacao-a-rede-criminosa-e-imoveis-ilicitos\/#primaryimage\",\"url\":\"https:\/\/portaltela.pt\/s.01k8rhncp4jt1\/2026\/04\/img_1280x722uu2026-04-10-19-34-01-2277780.jpg\",\"contentUrl\":\"https:\/\/portaltela.pt\/s.01k8rhncp4jt1\/2026\/04\/img_1280x722uu2026-04-10-19-34-01-2277780.jpg\",\"width\":796,\"height\":448,\"caption\":\"Photo\"},{\"@type\":\"BreadcrumbList\",\"@id\":\"https:\/\/portaltela.pt\/noticias\/2026\/04\/10\/helder-claro-juiz-acusado-de-ligacao-a-rede-criminosa-e-imoveis-ilicitos\/#breadcrumb\",\"itemListElement\":[{\"@type\":\"ListItem\",\"position\":1,\"name\":\"In\u00edcio\",\"item\":\"https:\/\/portaltela.pt\/\"},{\"@type\":\"ListItem\",\"position\":2,\"name\":\"H\u00e9lder Claro, juiz, acusado de liga\u00e7\u00e3o a rede criminosa e im\u00f3veis il\u00edcitos\"}]},{\"@type\":\"WebSite\",\"@id\":\"https:\/\/portaltela.pt\/#website\",\"url\":\"https:\/\/portaltela.pt\/\",\"name\":\"Portal Tela Portugal\",\"description\":\"\",\"potentialAction\":[{\"@type\":\"SearchAction\",\"target\":{\"@type\":\"EntryPoint\",\"urlTemplate\":\"https:\/\/portaltela.pt\/?s={search_term_string}\"},\"query-input\":{\"@type\":\"PropertyValueSpecification\",\"valueRequired\":true,\"valueName\":\"search_term_string\"}}],\"inLanguage\":\"pt-PT\"},{\"@type\":\"Person\",\"@id\":\"https:\/\/portaltela.pt\/#\/schema\/person\/c4278d4a6028830caff9ee44b42d32ed\",\"name\":\"Telinha\",\"image\":{\"@type\":\"ImageObject\",\"inLanguage\":\"pt-PT\",\"@id\":\"https:\/\/portaltela.pt\/s.01k8rhncp4jt1\/2025\/11\/talking-bot-125x125.png\",\"url\":\"https:\/\/portaltela.pt\/s.01k8rhncp4jt1\/2025\/11\/talking-bot-125x125.png\",\"contentUrl\":\"https:\/\/portaltela.pt\/s.01k8rhncp4jt1\/2025\/11\/talking-bot-125x125.png\",\"caption\":\"Telinha\"},\"sameAs\":[\"https:\/\/portaltela.pt\/\"],\"url\":\"https:\/\/portaltela.pt\/por\/367410592786\/\"}]}<\/script>\n<!-- \/ Yoast SEO plugin. -->","yoast_head_json":{"title":"H\u00e9lder Claro, juiz, acusado de liga\u00e7\u00e3o a rede criminosa e im\u00f3veis il\u00edcitos - Portal Tela Portugal","robots":{"index":"index","follow":"follow","max-snippet":"max-snippet:-1","max-image-preview":"max-image-preview:large","max-video-preview":"max-video-preview:-1"},"og_locale":"pt_PT","og_type":"article","og_title":"H\u00e9lder Claro, juiz, acusado de liga\u00e7\u00e3o a rede criminosa e im\u00f3veis il\u00edcitos - Portal Tela Portugal","og_description":"Segunda parte do Doa a Quem Doer, transmitida a 10 de abril de 2025 na CMTV. O ex-juiz H\u00e9lder Claro \u00e9 acusado pelo Minist\u00e9rio P\u00fablico de estar envolvido em um esquema ligado a angaria\u00e7\u00e3o de mulheres para um bar de alterne no Porto, com alega\u00e7\u00f5es de neg\u00f3cios imobili\u00e1rios il\u00edcitos. O Minist\u00e9rio P\u00fablico aponta liga\u00e7\u00f5es de H\u00e9lder Claro a uma rede de insolv\u00eancias fraudulentas, com potencial para pena elevada. O Hospital das Caldas da Rainha recusou emitir a certid\u00e3o de nascimento a uma beb\u00e9 de sete meses, ap\u00f3s parto em ambul\u00e2ncia. O advogado Paulo Topa estaria a preparar-se para fugir do pa\u00eds.","og_url":"https:\/\/portaltela.pt\/noticias\/2026\/04\/10\/helder-claro-juiz-acusado-de-ligacao-a-rede-criminosa-e-imoveis-ilicitos\/","og_site_name":"Portal Tela Portugal","article_published_time":"2026-04-10T20:32:20+00:00","author":"Telinha","twitter_card":"summary_large_image","twitter_misc":{"Escrito por":"Telinha","Tempo estimado de leitura":"1 minuto"},"schema":{"@context":"https:\/\/schema.org","@graph":[{"@type":"Article","@id":"https:\/\/portaltela.pt\/noticias\/2026\/04\/10\/helder-claro-juiz-acusado-de-ligacao-a-rede-criminosa-e-imoveis-ilicitos\/#article","isPartOf":{"@id":"https:\/\/portaltela.pt\/noticias\/2026\/04\/10\/helder-claro-juiz-acusado-de-ligacao-a-rede-criminosa-e-imoveis-ilicitos\/"},"author":{"name":"Telinha","@id":"https:\/\/portaltela.pt\/#\/schema\/person\/c4278d4a6028830caff9ee44b42d32ed"},"headline":"H\u00e9lder Claro, juiz, acusado de liga\u00e7\u00e3o a rede criminosa e im\u00f3veis il\u00edcitos","datePublished":"2026-04-10T20:32:20+00:00","mainEntityOfPage":{"@id":"https:\/\/portaltela.pt\/noticias\/2026\/04\/10\/helder-claro-juiz-acusado-de-ligacao-a-rede-criminosa-e-imoveis-ilicitos\/"},"wordCount":288,"image":{"@id":"https:\/\/portaltela.pt\/noticias\/2026\/04\/10\/helder-claro-juiz-acusado-de-ligacao-a-rede-criminosa-e-imoveis-ilicitos\/#primaryimage"},"thumbnailUrl":"https:\/\/portaltela.pt\/s.01k8rhncp4jt1\/2026\/04\/img_1280x722uu2026-04-10-19-34-01-2277780.jpg","keywords":["_habita\u00e7\u00e3o","crime econ\u00f3mico-financeiro","imobili\u00e1rio","inqu\u00e9rito criminal","insolv\u00eancia dolosa","investiga\u00e7\u00e3o"],"articleSection":["Crime","Justi\u00e7a"],"inLanguage":"pt-PT"},{"@type":"WebPage","@id":"https:\/\/portaltela.pt\/noticias\/2026\/04\/10\/helder-claro-juiz-acusado-de-ligacao-a-rede-criminosa-e-imoveis-ilicitos\/","url":"https:\/\/portaltela.pt\/noticias\/2026\/04\/10\/helder-claro-juiz-acusado-de-ligacao-a-rede-criminosa-e-imoveis-ilicitos\/","name":"H\u00e9lder Claro, juiz, acusado de liga\u00e7\u00e3o a rede criminosa e im\u00f3veis il\u00edcitos - Portal Tela Portugal","isPartOf":{"@id":"https:\/\/portaltela.pt\/#website"},"primaryImageOfPage":{"@id":"https:\/\/portaltela.pt\/noticias\/2026\/04\/10\/helder-claro-juiz-acusado-de-ligacao-a-rede-criminosa-e-imoveis-ilicitos\/#primaryimage"},"image":{"@id":"https:\/\/portaltela.pt\/noticias\/2026\/04\/10\/helder-claro-juiz-acusado-de-ligacao-a-rede-criminosa-e-imoveis-ilicitos\/#primaryimage"},"thumbnailUrl":"https:\/\/portaltela.pt\/s.01k8rhncp4jt1\/2026\/04\/img_1280x722uu2026-04-10-19-34-01-2277780.jpg","datePublished":"2026-04-10T20:32:20+00:00","author":{"@id":"https:\/\/portaltela.pt\/#\/schema\/person\/c4278d4a6028830caff9ee44b42d32ed"},"breadcrumb":{"@id":"https:\/\/portaltela.pt\/noticias\/2026\/04\/10\/helder-claro-juiz-acusado-de-ligacao-a-rede-criminosa-e-imoveis-ilicitos\/#breadcrumb"},"inLanguage":"pt-PT","potentialAction":[{"@type":"ReadAction","target":["https:\/\/portaltela.pt\/noticias\/2026\/04\/10\/helder-claro-juiz-acusado-de-ligacao-a-rede-criminosa-e-imoveis-ilicitos\/"]}]},{"@type":"ImageObject","inLanguage":"pt-PT","@id":"https:\/\/portaltela.pt\/noticias\/2026\/04\/10\/helder-claro-juiz-acusado-de-ligacao-a-rede-criminosa-e-imoveis-ilicitos\/#primaryimage","url":"https:\/\/portaltela.pt\/s.01k8rhncp4jt1\/2026\/04\/img_1280x722uu2026-04-10-19-34-01-2277780.jpg","contentUrl":"https:\/\/portaltela.pt\/s.01k8rhncp4jt1\/2026\/04\/img_1280x722uu2026-04-10-19-34-01-2277780.jpg","width":796,"height":448,"caption":"Photo"},{"@type":"BreadcrumbList","@id":"https:\/\/portaltela.pt\/noticias\/2026\/04\/10\/helder-claro-juiz-acusado-de-ligacao-a-rede-criminosa-e-imoveis-ilicitos\/#breadcrumb","itemListElement":[{"@type":"ListItem","position":1,"name":"In\u00edcio","item":"https:\/\/portaltela.pt\/"},{"@type":"ListItem","position":2,"name":"H\u00e9lder Claro, juiz, acusado de liga\u00e7\u00e3o a rede criminosa e im\u00f3veis il\u00edcitos"}]},{"@type":"WebSite","@id":"https:\/\/portaltela.pt\/#website","url":"https:\/\/portaltela.pt\/","name":"Portal Tela Portugal","description":"","potentialAction":[{"@type":"SearchAction","target":{"@type":"EntryPoint","urlTemplate":"https:\/\/portaltela.pt\/?s={search_term_string}"},"query-input":{"@type":"PropertyValueSpecification","valueRequired":true,"valueName":"search_term_string"}}],"inLanguage":"pt-PT"},{"@type":"Person","@id":"https:\/\/portaltela.pt\/#\/schema\/person\/c4278d4a6028830caff9ee44b42d32ed","name":"Telinha","image":{"@type":"ImageObject","inLanguage":"pt-PT","@id":"https:\/\/portaltela.pt\/s.01k8rhncp4jt1\/2025\/11\/talking-bot-125x125.png","url":"https:\/\/portaltela.pt\/s.01k8rhncp4jt1\/2025\/11\/talking-bot-125x125.png","contentUrl":"https:\/\/portaltela.pt\/s.01k8rhncp4jt1\/2025\/11\/talking-bot-125x125.png","caption":"Telinha"},"sameAs":["https:\/\/portaltela.pt\/"],"url":"https:\/\/portaltela.pt\/por\/367410592786\/"}]}},"_links":{"self":[{"href":"https:\/\/portaltela.pt\/api\/wp\/v2\/posts\/439964","targetHints":{"allow":["GET"]}}],"collection":[{"href":"https:\/\/portaltela.pt\/api\/wp\/v2\/posts"}],"about":[{"href":"https:\/\/portaltela.pt\/api\/wp\/v2\/types\/post"}],"author":[{"embeddable":true,"href":"https:\/\/portaltela.pt\/api\/wp\/v2\/users\/2"}],"replies":[{"embeddable":true,"href":"https:\/\/portaltela.pt\/api\/wp\/v2\/comments?post=439964"}],"version-history":[{"count":0,"href":"https:\/\/portaltela.pt\/api\/wp\/v2\/posts\/439964\/revisions"}],"wp:featuredmedia":[{"embeddable":true,"href":"https:\/\/portaltela.pt\/api\/wp\/v2\/media\/439966"}],"wp:attachment":[{"href":"https:\/\/portaltela.pt\/api\/wp\/v2\/media?parent=439964"}],"wp:term":[{"taxonomy":"category","embeddable":true,"href":"https:\/\/portaltela.pt\/api\/wp\/v2\/categories?post=439964"},{"taxonomy":"post_tag","embeddable":true,"href":"https:\/\/portaltela.pt\/api\/wp\/v2\/tags?post=439964"}],"curies":[{"name":"wp","href":"https:\/\/api.w.org\/{rel}","templated":true}]}}