{"id":439946,"date":"2026-04-10T17:02:50","date_gmt":"2026-04-10T20:02:50","guid":{"rendered":"https:\/\/portaltela.pt\/noticias\/2026\/04\/10\/rita-pedrosa-e-matilde-meireles-garantem-final-de-trampolim-sincronizado-junior\/"},"modified":"2026-04-10T17:02:50","modified_gmt":"2026-04-10T20:02:50","slug":"rita-pedrosa-e-matilde-meireles-garantem-final-de-trampolim-sincronizado-junior","status":"publish","type":"post","link":"https:\/\/portaltela.pt\/desporto\/futebol\/2026\/04\/10\/rita-pedrosa-e-matilde-meireles-garantem-final-de-trampolim-sincronizado-junior\/","title":{"rendered":"Rita Pedrosa e Matilde Meireles garantem final de trampolim sincronizado j\u00fanior"},"content":{"rendered":"<p>Rita Pedrosa e Matilde Meireles garantiram o apuramento para a final do trampolim sincronizado j\u00fanior feminino, em Portim\u00e3o. A dupla portuguesa conseguiu passar \u00e0 decis\u00e3o de domingo ao terminar em s\u00e9timo lugar global, com 41.140 pontos.<\/p>\n<p>Na primeira qualifica\u00e7\u00e3o, Pedrosa e Meireles ficaram em quarto, com 81.710 pontos, assegurando o bilhete para a final. O desempenho colocou-as entre as melhores duplas presentes na prova.<\/p>\n<p>Francisca Ila\u00e7o e Leonor Baptista terminaram a primeira qualifica\u00e7\u00e3o em \u00faltimo, com 35.480 pontos, ficando de fora da segunda fase e afastadas da competi\u00e7\u00e3o.<\/p>\n<h3>Resultados por disciplina<\/h3>\n<p>No trampolim sincronizado j\u00fanior masculino, as duplas Martim Lopes\/Santiago Ramos terminaram em 17.\u00ba lugar (59.320 pontos) e Artur Martins\/Sim\u00e3o Dias em 27.\u00ba (14.150), sem acesso \u00e0 segunda qualifica\u00e7\u00e3o.<\/p>\n<p>No trampolim sincronizado misto sub-21, pela primeira vez numa EY, Gon\u00e7alo Costa\/Leonor Grulha somaram 37.770 pontos na primeira s\u00e9rie, enquanto Margarida Pinheiro\/Jo\u00e3o Caeiro registaram 37.030.<\/p>\n<p>Na segunda s\u00e9rie, Costa\/Grulha falharam o exerc\u00edcio e ficaram afastados da competi\u00e7\u00e3o.<\/p>\n","protected":false},"excerpt":{"rendered":"<ul>\n<li>Rita Pedrosa e Matilde Meireles apuram-se para a final de trampolim sincronizado j\u00fanior feminino em Portim\u00e3o, com o s\u00e9timo lugar e 41.140 pontos.<\/li>\n<li>Na qualifica\u00e7\u00e3o, o par luso ficou em quarto na primeira s\u00e9rie, com 81.710 pontos.<\/li>\n<li>Francisca Ila\u00e7o e Leonor Baptista terminaram a primeira qualifica\u00e7\u00e3o em \u00faltimo lugar (35.480) e falharam o apuramento.<\/li>\n<li>No trampolim sincronizado j\u00fanior masculino, Martim Lopes e Santiago Ramos ficaram em 17.\u00ba com 59.320 pontos, e Artur Martins e Sim\u00e3o Dias em 27.\u00ba com 14.150, sem acesso \u00e0 segunda qualifica\u00e7\u00e3o.<\/li>\n<li>No trampolim sincronizado misto sub-21, pela primeira vez no Europeu, Gon\u00e7alo Costa\/Leonor Grulha somaram 37.770 pontos na primeira s\u00e9rie e Margarida Pinheiro\/Jo\u00e3o Caeiro 37.030; na segunda s\u00e9rie, Costa\/Grulha falharam o exerc\u00edcio.<\/li>\n<\/ul>\n","protected":false},"author":2,"featured_media":439947,"comment_status":"closed","ping_status":"closed","sticky":false,"template":"","format":"standard","meta":{"footnotes":""},"categories":[21,24],"tags":[152,6220,1242,138,1014],"class_list":["post-439946","post","type-post","status-publish","format-standard","has-post-thumbnail","hentry","category-desporto","category-futebol","tag-desporto","tag-desporto-federado","tag-feminino","tag-ginastica","tag-portugal"],"yoast_head":"<!-- This site is optimized with the Yoast SEO plugin v27.2 - https:\/\/yoast.com\/product\/yoast-seo-wordpress\/ -->\n<title>Rita Pedrosa e Matilde Meireles garantem final de trampolim sincronizado j\u00fanior - Portal Tela Portugal<\/title>\n<meta name=\"robots\" content=\"index, follow, max-snippet:-1, max-image-preview:large, max-video-preview:-1\" \/>\n<meta property=\"og:locale\" content=\"pt_PT\" \/>\n<meta property=\"og:type\" content=\"article\" \/>\n<meta property=\"og:title\" content=\"Rita Pedrosa e Matilde Meireles garantem final de trampolim sincronizado j\u00fanior - Portal Tela Portugal\" \/>\n<meta property=\"og:description\" content=\"Rita Pedrosa e Matilde Meireles apuram-se para a final de trampolim sincronizado j\u00fanior feminino em Portim\u00e3o, com o s\u00e9timo lugar e 41.140 pontos. Na qualifica\u00e7\u00e3o, o par luso ficou em quarto na primeira s\u00e9rie, com 81.710 pontos. Francisca Ila\u00e7o e Leonor Baptista terminaram a primeira qualifica\u00e7\u00e3o em \u00faltimo lugar (35.480) e falharam o apuramento. No trampolim sincronizado j\u00fanior masculino, Martim Lopes e Santiago Ramos ficaram em 17.\u00ba com 59.320 pontos, e Artur Martins e Sim\u00e3o Dias em 27.\u00ba com 14.150, sem acesso \u00e0 segunda qualifica\u00e7\u00e3o. No trampolim sincronizado misto sub-21, pela primeira vez no Europeu, Gon\u00e7alo Costa\/Leonor Grulha somaram 37.770 pontos na primeira s\u00e9rie e Margarida Pinheiro\/Jo\u00e3o Caeiro 37.030; na segunda s\u00e9rie, Costa\/Grulha falharam o exerc\u00edcio.\" \/>\n<meta property=\"og:url\" content=\"https:\/\/portaltela.pt\/noticias\/2026\/04\/10\/rita-pedrosa-e-matilde-meireles-garantem-final-de-trampolim-sincronizado-junior\/\" \/>\n<meta property=\"og:site_name\" content=\"Portal Tela Portugal\" \/>\n<meta property=\"article:published_time\" content=\"2026-04-10T20:02:50+00:00\" \/>\n<meta name=\"author\" content=\"Telinha\" \/>\n<meta name=\"twitter:card\" content=\"summary_large_image\" \/>\n<meta name=\"twitter:label1\" content=\"Escrito por\" \/>\n\t<meta name=\"twitter:data1\" content=\"Telinha\" \/>\n\t<meta name=\"twitter:label2\" content=\"Tempo estimado de leitura\" \/>\n\t<meta name=\"twitter:data2\" content=\"1 minuto\" \/>\n<script type=\"application\/ld+json\" class=\"yoast-schema-graph\">{\"@context\":\"https:\/\/schema.org\",\"@graph\":[{\"@type\":\"Article\",\"@id\":\"https:\/\/portaltela.pt\/noticias\/2026\/04\/10\/rita-pedrosa-e-matilde-meireles-garantem-final-de-trampolim-sincronizado-junior\/#article\",\"isPartOf\":{\"@id\":\"https:\/\/portaltela.pt\/noticias\/2026\/04\/10\/rita-pedrosa-e-matilde-meireles-garantem-final-de-trampolim-sincronizado-junior\/\"},\"author\":{\"name\":\"Telinha\",\"@id\":\"https:\/\/portaltela.pt\/#\/schema\/person\/c4278d4a6028830caff9ee44b42d32ed\"},\"headline\":\"Rita Pedrosa e Matilde Meireles garantem final de trampolim sincronizado j\u00fanior\",\"datePublished\":\"2026-04-10T20:02:50+00:00\",\"mainEntityOfPage\":{\"@id\":\"https:\/\/portaltela.pt\/noticias\/2026\/04\/10\/rita-pedrosa-e-matilde-meireles-garantem-final-de-trampolim-sincronizado-junior\/\"},\"wordCount\":179,\"image\":{\"@id\":\"https:\/\/portaltela.pt\/noticias\/2026\/04\/10\/rita-pedrosa-e-matilde-meireles-garantem-final-de-trampolim-sincronizado-junior\/#primaryimage\"},\"thumbnailUrl\":\"https:\/\/portaltela.pt\/s.01k8rhncp4jt1\/2026\/04\/img_920x518uu2026-04-10-20-44-59-2432276-im-639114507877095430.jpg\",\"keywords\":[\"desporto\",\"Desporto Federado\",\"feminino\",\"gin\u00e1stica\",\"Portugal\"],\"articleSection\":[\"Desporto\",\"Futebol\"],\"inLanguage\":\"pt-PT\"},{\"@type\":\"WebPage\",\"@id\":\"https:\/\/portaltela.pt\/noticias\/2026\/04\/10\/rita-pedrosa-e-matilde-meireles-garantem-final-de-trampolim-sincronizado-junior\/\",\"url\":\"https:\/\/portaltela.pt\/noticias\/2026\/04\/10\/rita-pedrosa-e-matilde-meireles-garantem-final-de-trampolim-sincronizado-junior\/\",\"name\":\"Rita Pedrosa e Matilde Meireles garantem final de trampolim sincronizado j\u00fanior - Portal Tela Portugal\",\"isPartOf\":{\"@id\":\"https:\/\/portaltela.pt\/#website\"},\"primaryImageOfPage\":{\"@id\":\"https:\/\/portaltela.pt\/noticias\/2026\/04\/10\/rita-pedrosa-e-matilde-meireles-garantem-final-de-trampolim-sincronizado-junior\/#primaryimage\"},\"image\":{\"@id\":\"https:\/\/portaltela.pt\/noticias\/2026\/04\/10\/rita-pedrosa-e-matilde-meireles-garantem-final-de-trampolim-sincronizado-junior\/#primaryimage\"},\"thumbnailUrl\":\"https:\/\/portaltela.pt\/s.01k8rhncp4jt1\/2026\/04\/img_920x518uu2026-04-10-20-44-59-2432276-im-639114507877095430.jpg\",\"datePublished\":\"2026-04-10T20:02:50+00:00\",\"author\":{\"@id\":\"https:\/\/portaltela.pt\/#\/schema\/person\/c4278d4a6028830caff9ee44b42d32ed\"},\"breadcrumb\":{\"@id\":\"https:\/\/portaltela.pt\/noticias\/2026\/04\/10\/rita-pedrosa-e-matilde-meireles-garantem-final-de-trampolim-sincronizado-junior\/#breadcrumb\"},\"inLanguage\":\"pt-PT\",\"potentialAction\":[{\"@type\":\"ReadAction\",\"target\":[\"https:\/\/portaltela.pt\/noticias\/2026\/04\/10\/rita-pedrosa-e-matilde-meireles-garantem-final-de-trampolim-sincronizado-junior\/\"]}]},{\"@type\":\"ImageObject\",\"inLanguage\":\"pt-PT\",\"@id\":\"https:\/\/portaltela.pt\/noticias\/2026\/04\/10\/rita-pedrosa-e-matilde-meireles-garantem-final-de-trampolim-sincronizado-junior\/#primaryimage\",\"url\":\"https:\/\/portaltela.pt\/s.01k8rhncp4jt1\/2026\/04\/img_920x518uu2026-04-10-20-44-59-2432276-im-639114507877095430.jpg\",\"contentUrl\":\"https:\/\/portaltela.pt\/s.01k8rhncp4jt1\/2026\/04\/img_920x518uu2026-04-10-20-44-59-2432276-im-639114507877095430.jpg\",\"width\":796,\"height\":448,\"caption\":\"Portugal na final de trampolim sincronizado j\u00fanior feminino\"},{\"@type\":\"BreadcrumbList\",\"@id\":\"https:\/\/portaltela.pt\/noticias\/2026\/04\/10\/rita-pedrosa-e-matilde-meireles-garantem-final-de-trampolim-sincronizado-junior\/#breadcrumb\",\"itemListElement\":[{\"@type\":\"ListItem\",\"position\":1,\"name\":\"In\u00edcio\",\"item\":\"https:\/\/portaltela.pt\/\"},{\"@type\":\"ListItem\",\"position\":2,\"name\":\"Rita Pedrosa e Matilde Meireles garantem final de trampolim sincronizado j\u00fanior\"}]},{\"@type\":\"WebSite\",\"@id\":\"https:\/\/portaltela.pt\/#website\",\"url\":\"https:\/\/portaltela.pt\/\",\"name\":\"Portal Tela Portugal\",\"description\":\"\",\"potentialAction\":[{\"@type\":\"SearchAction\",\"target\":{\"@type\":\"EntryPoint\",\"urlTemplate\":\"https:\/\/portaltela.pt\/?s={search_term_string}\"},\"query-input\":{\"@type\":\"PropertyValueSpecification\",\"valueRequired\":true,\"valueName\":\"search_term_string\"}}],\"inLanguage\":\"pt-PT\"},{\"@type\":\"Person\",\"@id\":\"https:\/\/portaltela.pt\/#\/schema\/person\/c4278d4a6028830caff9ee44b42d32ed\",\"name\":\"Telinha\",\"image\":{\"@type\":\"ImageObject\",\"inLanguage\":\"pt-PT\",\"@id\":\"https:\/\/portaltela.pt\/s.01k8rhncp4jt1\/2025\/11\/talking-bot-125x125.png\",\"url\":\"https:\/\/portaltela.pt\/s.01k8rhncp4jt1\/2025\/11\/talking-bot-125x125.png\",\"contentUrl\":\"https:\/\/portaltela.pt\/s.01k8rhncp4jt1\/2025\/11\/talking-bot-125x125.png\",\"caption\":\"Telinha\"},\"sameAs\":[\"https:\/\/portaltela.pt\/\"],\"url\":\"https:\/\/portaltela.pt\/por\/367410592786\/\"}]}<\/script>\n<!-- \/ Yoast SEO plugin. -->","yoast_head_json":{"title":"Rita Pedrosa e Matilde Meireles garantem final de trampolim sincronizado j\u00fanior - Portal Tela Portugal","robots":{"index":"index","follow":"follow","max-snippet":"max-snippet:-1","max-image-preview":"max-image-preview:large","max-video-preview":"max-video-preview:-1"},"og_locale":"pt_PT","og_type":"article","og_title":"Rita Pedrosa e Matilde Meireles garantem final de trampolim sincronizado j\u00fanior - Portal Tela Portugal","og_description":"Rita Pedrosa e Matilde Meireles apuram-se para a final de trampolim sincronizado j\u00fanior feminino em Portim\u00e3o, com o s\u00e9timo lugar e 41.140 pontos. Na qualifica\u00e7\u00e3o, o par luso ficou em quarto na primeira s\u00e9rie, com 81.710 pontos. Francisca Ila\u00e7o e Leonor Baptista terminaram a primeira qualifica\u00e7\u00e3o em \u00faltimo lugar (35.480) e falharam o apuramento. No trampolim sincronizado j\u00fanior masculino, Martim Lopes e Santiago Ramos ficaram em 17.\u00ba com 59.320 pontos, e Artur Martins e Sim\u00e3o Dias em 27.\u00ba com 14.150, sem acesso \u00e0 segunda qualifica\u00e7\u00e3o. No trampolim sincronizado misto sub-21, pela primeira vez no Europeu, Gon\u00e7alo Costa\/Leonor Grulha somaram 37.770 pontos na primeira s\u00e9rie e Margarida Pinheiro\/Jo\u00e3o Caeiro 37.030; na segunda s\u00e9rie, Costa\/Grulha falharam o exerc\u00edcio.","og_url":"https:\/\/portaltela.pt\/noticias\/2026\/04\/10\/rita-pedrosa-e-matilde-meireles-garantem-final-de-trampolim-sincronizado-junior\/","og_site_name":"Portal Tela Portugal","article_published_time":"2026-04-10T20:02:50+00:00","author":"Telinha","twitter_card":"summary_large_image","twitter_misc":{"Escrito por":"Telinha","Tempo estimado de leitura":"1 minuto"},"schema":{"@context":"https:\/\/schema.org","@graph":[{"@type":"Article","@id":"https:\/\/portaltela.pt\/noticias\/2026\/04\/10\/rita-pedrosa-e-matilde-meireles-garantem-final-de-trampolim-sincronizado-junior\/#article","isPartOf":{"@id":"https:\/\/portaltela.pt\/noticias\/2026\/04\/10\/rita-pedrosa-e-matilde-meireles-garantem-final-de-trampolim-sincronizado-junior\/"},"author":{"name":"Telinha","@id":"https:\/\/portaltela.pt\/#\/schema\/person\/c4278d4a6028830caff9ee44b42d32ed"},"headline":"Rita Pedrosa e Matilde Meireles garantem final de trampolim sincronizado j\u00fanior","datePublished":"2026-04-10T20:02:50+00:00","mainEntityOfPage":{"@id":"https:\/\/portaltela.pt\/noticias\/2026\/04\/10\/rita-pedrosa-e-matilde-meireles-garantem-final-de-trampolim-sincronizado-junior\/"},"wordCount":179,"image":{"@id":"https:\/\/portaltela.pt\/noticias\/2026\/04\/10\/rita-pedrosa-e-matilde-meireles-garantem-final-de-trampolim-sincronizado-junior\/#primaryimage"},"thumbnailUrl":"https:\/\/portaltela.pt\/s.01k8rhncp4jt1\/2026\/04\/img_920x518uu2026-04-10-20-44-59-2432276-im-639114507877095430.jpg","keywords":["desporto","Desporto Federado","feminino","gin\u00e1stica","Portugal"],"articleSection":["Desporto","Futebol"],"inLanguage":"pt-PT"},{"@type":"WebPage","@id":"https:\/\/portaltela.pt\/noticias\/2026\/04\/10\/rita-pedrosa-e-matilde-meireles-garantem-final-de-trampolim-sincronizado-junior\/","url":"https:\/\/portaltela.pt\/noticias\/2026\/04\/10\/rita-pedrosa-e-matilde-meireles-garantem-final-de-trampolim-sincronizado-junior\/","name":"Rita Pedrosa e Matilde Meireles garantem final de trampolim sincronizado j\u00fanior - Portal Tela Portugal","isPartOf":{"@id":"https:\/\/portaltela.pt\/#website"},"primaryImageOfPage":{"@id":"https:\/\/portaltela.pt\/noticias\/2026\/04\/10\/rita-pedrosa-e-matilde-meireles-garantem-final-de-trampolim-sincronizado-junior\/#primaryimage"},"image":{"@id":"https:\/\/portaltela.pt\/noticias\/2026\/04\/10\/rita-pedrosa-e-matilde-meireles-garantem-final-de-trampolim-sincronizado-junior\/#primaryimage"},"thumbnailUrl":"https:\/\/portaltela.pt\/s.01k8rhncp4jt1\/2026\/04\/img_920x518uu2026-04-10-20-44-59-2432276-im-639114507877095430.jpg","datePublished":"2026-04-10T20:02:50+00:00","author":{"@id":"https:\/\/portaltela.pt\/#\/schema\/person\/c4278d4a6028830caff9ee44b42d32ed"},"breadcrumb":{"@id":"https:\/\/portaltela.pt\/noticias\/2026\/04\/10\/rita-pedrosa-e-matilde-meireles-garantem-final-de-trampolim-sincronizado-junior\/#breadcrumb"},"inLanguage":"pt-PT","potentialAction":[{"@type":"ReadAction","target":["https:\/\/portaltela.pt\/noticias\/2026\/04\/10\/rita-pedrosa-e-matilde-meireles-garantem-final-de-trampolim-sincronizado-junior\/"]}]},{"@type":"ImageObject","inLanguage":"pt-PT","@id":"https:\/\/portaltela.pt\/noticias\/2026\/04\/10\/rita-pedrosa-e-matilde-meireles-garantem-final-de-trampolim-sincronizado-junior\/#primaryimage","url":"https:\/\/portaltela.pt\/s.01k8rhncp4jt1\/2026\/04\/img_920x518uu2026-04-10-20-44-59-2432276-im-639114507877095430.jpg","contentUrl":"https:\/\/portaltela.pt\/s.01k8rhncp4jt1\/2026\/04\/img_920x518uu2026-04-10-20-44-59-2432276-im-639114507877095430.jpg","width":796,"height":448,"caption":"Portugal na final de trampolim sincronizado j\u00fanior feminino"},{"@type":"BreadcrumbList","@id":"https:\/\/portaltela.pt\/noticias\/2026\/04\/10\/rita-pedrosa-e-matilde-meireles-garantem-final-de-trampolim-sincronizado-junior\/#breadcrumb","itemListElement":[{"@type":"ListItem","position":1,"name":"In\u00edcio","item":"https:\/\/portaltela.pt\/"},{"@type":"ListItem","position":2,"name":"Rita Pedrosa e Matilde Meireles garantem final de trampolim sincronizado j\u00fanior"}]},{"@type":"WebSite","@id":"https:\/\/portaltela.pt\/#website","url":"https:\/\/portaltela.pt\/","name":"Portal Tela Portugal","description":"","potentialAction":[{"@type":"SearchAction","target":{"@type":"EntryPoint","urlTemplate":"https:\/\/portaltela.pt\/?s={search_term_string}"},"query-input":{"@type":"PropertyValueSpecification","valueRequired":true,"valueName":"search_term_string"}}],"inLanguage":"pt-PT"},{"@type":"Person","@id":"https:\/\/portaltela.pt\/#\/schema\/person\/c4278d4a6028830caff9ee44b42d32ed","name":"Telinha","image":{"@type":"ImageObject","inLanguage":"pt-PT","@id":"https:\/\/portaltela.pt\/s.01k8rhncp4jt1\/2025\/11\/talking-bot-125x125.png","url":"https:\/\/portaltela.pt\/s.01k8rhncp4jt1\/2025\/11\/talking-bot-125x125.png","contentUrl":"https:\/\/portaltela.pt\/s.01k8rhncp4jt1\/2025\/11\/talking-bot-125x125.png","caption":"Telinha"},"sameAs":["https:\/\/portaltela.pt\/"],"url":"https:\/\/portaltela.pt\/por\/367410592786\/"}]}},"_links":{"self":[{"href":"https:\/\/portaltela.pt\/api\/wp\/v2\/posts\/439946","targetHints":{"allow":["GET"]}}],"collection":[{"href":"https:\/\/portaltela.pt\/api\/wp\/v2\/posts"}],"about":[{"href":"https:\/\/portaltela.pt\/api\/wp\/v2\/types\/post"}],"author":[{"embeddable":true,"href":"https:\/\/portaltela.pt\/api\/wp\/v2\/users\/2"}],"replies":[{"embeddable":true,"href":"https:\/\/portaltela.pt\/api\/wp\/v2\/comments?post=439946"}],"version-history":[{"count":0,"href":"https:\/\/portaltela.pt\/api\/wp\/v2\/posts\/439946\/revisions"}],"wp:featuredmedia":[{"embeddable":true,"href":"https:\/\/portaltela.pt\/api\/wp\/v2\/media\/439947"}],"wp:attachment":[{"href":"https:\/\/portaltela.pt\/api\/wp\/v2\/media?parent=439946"}],"wp:term":[{"taxonomy":"category","embeddable":true,"href":"https:\/\/portaltela.pt\/api\/wp\/v2\/categories?post=439946"},{"taxonomy":"post_tag","embeddable":true,"href":"https:\/\/portaltela.pt\/api\/wp\/v2\/tags?post=439946"}],"curies":[{"name":"wp","href":"https:\/\/api.w.org\/{rel}","templated":true}]}}