{"id":439935,"date":"2026-04-10T17:02:31","date_gmt":"2026-04-10T20:02:31","guid":{"rendered":"https:\/\/portaltela.pt\/noticias\/2026\/04\/10\/bernardo-ribeiro-quem-planeou-a-epoca-do-benfica-espalhou-se-mais-que-mourinho\/"},"modified":"2026-04-10T17:02:31","modified_gmt":"2026-04-10T20:02:31","slug":"bernardo-ribeiro-quem-planeou-a-epoca-do-benfica-espalhou-se-mais-que-mourinho","status":"publish","type":"post","link":"https:\/\/portaltela.pt\/desporto\/futebol\/2026\/04\/10\/bernardo-ribeiro-quem-planeou-a-epoca-do-benfica-espalhou-se-mais-que-mourinho\/","title":{"rendered":"Bernardo Ribeiro: quem planeou a \u00e9poca do Benfica espalhou-se mais que Mourinho"},"content":{"rendered":"<p>Com a incerteza sobre a continuidade de Mourinho no Benfica, Bernardo Ribeiro, diretor do Record, defende que o clube deve encarar a segunda \u00e9poca de cada treinador com mais convic\u00e7\u00e3o. O t\u00e9cnico n\u00e3o est\u00e1 confirmado para a pr\u00f3xima temporada.<\/p>\n<p>Ribeiro aponta que decis\u00f5es anteriores, como os despedimentos de Roger Schmidt e Bruno Lage, ilustram a necessidade de manter um rumo claro e apoiar a lideran\u00e7a t\u00e9cnica recebida pelo plantel.<\/p>\n<p>O objetivo \u00e9 evitar altera\u00e7\u00f5es bruscas e manter a consist\u00eancia na gest\u00e3o desportiva, independentemente da escolha sobre o treinador atual. O debate em torno do futuro de Mourinho mant\u00e9m-se relevante para o clube.<\/p>\n","protected":false},"excerpt":{"rendered":"<ul>\n<li>Bernardo Ribeiro, diretor do Record, comenta a continuidade de Jos\u00e9 Mourinho no Benfica estar em causa.<\/li>\n<li>O jornalista diz que os encarnados devem entrar na segunda \u00e9poca de cada treinador com mais f\u00e9.<\/li>\n<li>Roger Schmidt e Bruno Lage s\u00e3o citados como exemplos de decis\u00f5es de despedimento precoces.<\/li>\n<li>A sugest\u00e3o \u00e9 que o clube n\u00e3o deve arrefecer o apoio ao treinador na segunda temporada.<\/li>\n<li>O coment\u00e1rio foca a necessidade de paci\u00eancia e estabilidade na gest\u00e3o t\u00e9cnica do Benfica.<\/li>\n<\/ul>\n","protected":false},"author":2,"featured_media":439940,"comment_status":"closed","ping_status":"closed","sticky":false,"template":"","format":"standard","meta":{"footnotes":""},"categories":[21,24],"tags":[1946,4497,32,2138,6802,3379],"class_list":["post-439935","post","type-post","status-publish","format-standard","has-post-thumbnail","hentry","category-desporto","category-futebol","tag-benfica","tag-bruno-lage","tag-futebol","tag-jose-mourinho","tag-lideranca","tag-roger-schmidt"],"yoast_head":"<!-- This site is optimized with the Yoast SEO plugin v27.2 - https:\/\/yoast.com\/product\/yoast-seo-wordpress\/ -->\n<title>Bernardo Ribeiro: quem planeou a \u00e9poca do Benfica espalhou-se mais que Mourinho - Portal Tela Portugal<\/title>\n<meta name=\"robots\" content=\"index, follow, max-snippet:-1, max-image-preview:large, max-video-preview:-1\" \/>\n<meta property=\"og:locale\" content=\"pt_PT\" \/>\n<meta property=\"og:type\" content=\"article\" \/>\n<meta property=\"og:title\" content=\"Bernardo Ribeiro: quem planeou a \u00e9poca do Benfica espalhou-se mais que Mourinho - Portal Tela Portugal\" \/>\n<meta property=\"og:description\" content=\"Bernardo Ribeiro, diretor do Record, comenta a continuidade de Jos\u00e9 Mourinho no Benfica estar em causa. O jornalista diz que os encarnados devem entrar na segunda \u00e9poca de cada treinador com mais f\u00e9. Roger Schmidt e Bruno Lage s\u00e3o citados como exemplos de decis\u00f5es de despedimento precoces. A sugest\u00e3o \u00e9 que o clube n\u00e3o deve arrefecer o apoio ao treinador na segunda temporada. O coment\u00e1rio foca a necessidade de paci\u00eancia e estabilidade na gest\u00e3o t\u00e9cnica do Benfica.\" \/>\n<meta property=\"og:url\" content=\"https:\/\/portaltela.pt\/noticias\/2026\/04\/10\/bernardo-ribeiro-quem-planeou-a-epoca-do-benfica-espalhou-se-mais-que-mourinho\/\" \/>\n<meta property=\"og:site_name\" content=\"Portal Tela Portugal\" \/>\n<meta property=\"article:published_time\" content=\"2026-04-10T20:02:31+00:00\" \/>\n<meta name=\"author\" content=\"Telinha\" \/>\n<meta name=\"twitter:card\" content=\"summary_large_image\" \/>\n<meta name=\"twitter:label1\" content=\"Escrito por\" \/>\n\t<meta name=\"twitter:data1\" content=\"Telinha\" \/>\n\t<meta name=\"twitter:label2\" content=\"Tempo estimado de leitura\" \/>\n\t<meta name=\"twitter:data2\" content=\"1 minuto\" \/>\n<script type=\"application\/ld+json\" class=\"yoast-schema-graph\">{\"@context\":\"https:\/\/schema.org\",\"@graph\":[{\"@type\":\"Article\",\"@id\":\"https:\/\/portaltela.pt\/noticias\/2026\/04\/10\/bernardo-ribeiro-quem-planeou-a-epoca-do-benfica-espalhou-se-mais-que-mourinho\/#article\",\"isPartOf\":{\"@id\":\"https:\/\/portaltela.pt\/noticias\/2026\/04\/10\/bernardo-ribeiro-quem-planeou-a-epoca-do-benfica-espalhou-se-mais-que-mourinho\/\"},\"author\":{\"name\":\"Telinha\",\"@id\":\"https:\/\/portaltela.pt\/#\/schema\/person\/c4278d4a6028830caff9ee44b42d32ed\"},\"headline\":\"Bernardo Ribeiro: quem planeou a \u00e9poca do Benfica espalhou-se mais que Mourinho\",\"datePublished\":\"2026-04-10T20:02:31+00:00\",\"mainEntityOfPage\":{\"@id\":\"https:\/\/portaltela.pt\/noticias\/2026\/04\/10\/bernardo-ribeiro-quem-planeou-a-epoca-do-benfica-espalhou-se-mais-que-mourinho\/\"},\"wordCount\":124,\"image\":{\"@id\":\"https:\/\/portaltela.pt\/noticias\/2026\/04\/10\/bernardo-ribeiro-quem-planeou-a-epoca-do-benfica-espalhou-se-mais-que-mourinho\/#primaryimage\"},\"thumbnailUrl\":\"https:\/\/portaltela.pt\/s.01k8rhncp4jt1\/2026\/04\/img_1200x721uu2026-04-10-20-34-51-2432273.jpg\",\"keywords\":[\"Benfica\",\"Bruno Lage\",\"futebol\",\"Jos\u00e9 Mourinho\",\"lideran\u00e7a\",\"Roger Schmidt\"],\"articleSection\":[\"Desporto\",\"Futebol\"],\"inLanguage\":\"pt-PT\"},{\"@type\":\"WebPage\",\"@id\":\"https:\/\/portaltela.pt\/noticias\/2026\/04\/10\/bernardo-ribeiro-quem-planeou-a-epoca-do-benfica-espalhou-se-mais-que-mourinho\/\",\"url\":\"https:\/\/portaltela.pt\/noticias\/2026\/04\/10\/bernardo-ribeiro-quem-planeou-a-epoca-do-benfica-espalhou-se-mais-que-mourinho\/\",\"name\":\"Bernardo Ribeiro: quem planeou a \u00e9poca do Benfica espalhou-se mais que Mourinho - Portal Tela Portugal\",\"isPartOf\":{\"@id\":\"https:\/\/portaltela.pt\/#website\"},\"primaryImageOfPage\":{\"@id\":\"https:\/\/portaltela.pt\/noticias\/2026\/04\/10\/bernardo-ribeiro-quem-planeou-a-epoca-do-benfica-espalhou-se-mais-que-mourinho\/#primaryimage\"},\"image\":{\"@id\":\"https:\/\/portaltela.pt\/noticias\/2026\/04\/10\/bernardo-ribeiro-quem-planeou-a-epoca-do-benfica-espalhou-se-mais-que-mourinho\/#primaryimage\"},\"thumbnailUrl\":\"https:\/\/portaltela.pt\/s.01k8rhncp4jt1\/2026\/04\/img_1200x721uu2026-04-10-20-34-51-2432273.jpg\",\"datePublished\":\"2026-04-10T20:02:31+00:00\",\"author\":{\"@id\":\"https:\/\/portaltela.pt\/#\/schema\/person\/c4278d4a6028830caff9ee44b42d32ed\"},\"breadcrumb\":{\"@id\":\"https:\/\/portaltela.pt\/noticias\/2026\/04\/10\/bernardo-ribeiro-quem-planeou-a-epoca-do-benfica-espalhou-se-mais-que-mourinho\/#breadcrumb\"},\"inLanguage\":\"pt-PT\",\"potentialAction\":[{\"@type\":\"ReadAction\",\"target\":[\"https:\/\/portaltela.pt\/noticias\/2026\/04\/10\/bernardo-ribeiro-quem-planeou-a-epoca-do-benfica-espalhou-se-mais-que-mourinho\/\"]}]},{\"@type\":\"ImageObject\",\"inLanguage\":\"pt-PT\",\"@id\":\"https:\/\/portaltela.pt\/noticias\/2026\/04\/10\/bernardo-ribeiro-quem-planeou-a-epoca-do-benfica-espalhou-se-mais-que-mourinho\/#primaryimage\",\"url\":\"https:\/\/portaltela.pt\/s.01k8rhncp4jt1\/2026\/04\/img_1200x721uu2026-04-10-20-34-51-2432273.jpg\",\"contentUrl\":\"https:\/\/portaltela.pt\/s.01k8rhncp4jt1\/2026\/04\/img_1200x721uu2026-04-10-20-34-51-2432273.jpg\",\"width\":796,\"height\":448,\"caption\":\"Bernardo Ribeiro: \u00abQuem preparou a \u00e9poca do Benfica espalhou-se mais ao comprido do que Mourinho\u00bb\"},{\"@type\":\"BreadcrumbList\",\"@id\":\"https:\/\/portaltela.pt\/noticias\/2026\/04\/10\/bernardo-ribeiro-quem-planeou-a-epoca-do-benfica-espalhou-se-mais-que-mourinho\/#breadcrumb\",\"itemListElement\":[{\"@type\":\"ListItem\",\"position\":1,\"name\":\"In\u00edcio\",\"item\":\"https:\/\/portaltela.pt\/\"},{\"@type\":\"ListItem\",\"position\":2,\"name\":\"Bernardo Ribeiro: quem planeou a \u00e9poca do Benfica espalhou-se mais que Mourinho\"}]},{\"@type\":\"WebSite\",\"@id\":\"https:\/\/portaltela.pt\/#website\",\"url\":\"https:\/\/portaltela.pt\/\",\"name\":\"Portal Tela Portugal\",\"description\":\"\",\"potentialAction\":[{\"@type\":\"SearchAction\",\"target\":{\"@type\":\"EntryPoint\",\"urlTemplate\":\"https:\/\/portaltela.pt\/?s={search_term_string}\"},\"query-input\":{\"@type\":\"PropertyValueSpecification\",\"valueRequired\":true,\"valueName\":\"search_term_string\"}}],\"inLanguage\":\"pt-PT\"},{\"@type\":\"Person\",\"@id\":\"https:\/\/portaltela.pt\/#\/schema\/person\/c4278d4a6028830caff9ee44b42d32ed\",\"name\":\"Telinha\",\"image\":{\"@type\":\"ImageObject\",\"inLanguage\":\"pt-PT\",\"@id\":\"https:\/\/portaltela.pt\/s.01k8rhncp4jt1\/2025\/11\/talking-bot-125x125.png\",\"url\":\"https:\/\/portaltela.pt\/s.01k8rhncp4jt1\/2025\/11\/talking-bot-125x125.png\",\"contentUrl\":\"https:\/\/portaltela.pt\/s.01k8rhncp4jt1\/2025\/11\/talking-bot-125x125.png\",\"caption\":\"Telinha\"},\"sameAs\":[\"https:\/\/portaltela.pt\/\"],\"url\":\"https:\/\/portaltela.pt\/por\/367410592786\/\"}]}<\/script>\n<!-- \/ Yoast SEO plugin. -->","yoast_head_json":{"title":"Bernardo Ribeiro: quem planeou a \u00e9poca do Benfica espalhou-se mais que Mourinho - Portal Tela Portugal","robots":{"index":"index","follow":"follow","max-snippet":"max-snippet:-1","max-image-preview":"max-image-preview:large","max-video-preview":"max-video-preview:-1"},"og_locale":"pt_PT","og_type":"article","og_title":"Bernardo Ribeiro: quem planeou a \u00e9poca do Benfica espalhou-se mais que Mourinho - Portal Tela Portugal","og_description":"Bernardo Ribeiro, diretor do Record, comenta a continuidade de Jos\u00e9 Mourinho no Benfica estar em causa. O jornalista diz que os encarnados devem entrar na segunda \u00e9poca de cada treinador com mais f\u00e9. Roger Schmidt e Bruno Lage s\u00e3o citados como exemplos de decis\u00f5es de despedimento precoces. A sugest\u00e3o \u00e9 que o clube n\u00e3o deve arrefecer o apoio ao treinador na segunda temporada. O coment\u00e1rio foca a necessidade de paci\u00eancia e estabilidade na gest\u00e3o t\u00e9cnica do Benfica.","og_url":"https:\/\/portaltela.pt\/noticias\/2026\/04\/10\/bernardo-ribeiro-quem-planeou-a-epoca-do-benfica-espalhou-se-mais-que-mourinho\/","og_site_name":"Portal Tela Portugal","article_published_time":"2026-04-10T20:02:31+00:00","author":"Telinha","twitter_card":"summary_large_image","twitter_misc":{"Escrito por":"Telinha","Tempo estimado de leitura":"1 minuto"},"schema":{"@context":"https:\/\/schema.org","@graph":[{"@type":"Article","@id":"https:\/\/portaltela.pt\/noticias\/2026\/04\/10\/bernardo-ribeiro-quem-planeou-a-epoca-do-benfica-espalhou-se-mais-que-mourinho\/#article","isPartOf":{"@id":"https:\/\/portaltela.pt\/noticias\/2026\/04\/10\/bernardo-ribeiro-quem-planeou-a-epoca-do-benfica-espalhou-se-mais-que-mourinho\/"},"author":{"name":"Telinha","@id":"https:\/\/portaltela.pt\/#\/schema\/person\/c4278d4a6028830caff9ee44b42d32ed"},"headline":"Bernardo Ribeiro: quem planeou a \u00e9poca do Benfica espalhou-se mais que Mourinho","datePublished":"2026-04-10T20:02:31+00:00","mainEntityOfPage":{"@id":"https:\/\/portaltela.pt\/noticias\/2026\/04\/10\/bernardo-ribeiro-quem-planeou-a-epoca-do-benfica-espalhou-se-mais-que-mourinho\/"},"wordCount":124,"image":{"@id":"https:\/\/portaltela.pt\/noticias\/2026\/04\/10\/bernardo-ribeiro-quem-planeou-a-epoca-do-benfica-espalhou-se-mais-que-mourinho\/#primaryimage"},"thumbnailUrl":"https:\/\/portaltela.pt\/s.01k8rhncp4jt1\/2026\/04\/img_1200x721uu2026-04-10-20-34-51-2432273.jpg","keywords":["Benfica","Bruno Lage","futebol","Jos\u00e9 Mourinho","lideran\u00e7a","Roger Schmidt"],"articleSection":["Desporto","Futebol"],"inLanguage":"pt-PT"},{"@type":"WebPage","@id":"https:\/\/portaltela.pt\/noticias\/2026\/04\/10\/bernardo-ribeiro-quem-planeou-a-epoca-do-benfica-espalhou-se-mais-que-mourinho\/","url":"https:\/\/portaltela.pt\/noticias\/2026\/04\/10\/bernardo-ribeiro-quem-planeou-a-epoca-do-benfica-espalhou-se-mais-que-mourinho\/","name":"Bernardo Ribeiro: quem planeou a \u00e9poca do Benfica espalhou-se mais que Mourinho - Portal Tela Portugal","isPartOf":{"@id":"https:\/\/portaltela.pt\/#website"},"primaryImageOfPage":{"@id":"https:\/\/portaltela.pt\/noticias\/2026\/04\/10\/bernardo-ribeiro-quem-planeou-a-epoca-do-benfica-espalhou-se-mais-que-mourinho\/#primaryimage"},"image":{"@id":"https:\/\/portaltela.pt\/noticias\/2026\/04\/10\/bernardo-ribeiro-quem-planeou-a-epoca-do-benfica-espalhou-se-mais-que-mourinho\/#primaryimage"},"thumbnailUrl":"https:\/\/portaltela.pt\/s.01k8rhncp4jt1\/2026\/04\/img_1200x721uu2026-04-10-20-34-51-2432273.jpg","datePublished":"2026-04-10T20:02:31+00:00","author":{"@id":"https:\/\/portaltela.pt\/#\/schema\/person\/c4278d4a6028830caff9ee44b42d32ed"},"breadcrumb":{"@id":"https:\/\/portaltela.pt\/noticias\/2026\/04\/10\/bernardo-ribeiro-quem-planeou-a-epoca-do-benfica-espalhou-se-mais-que-mourinho\/#breadcrumb"},"inLanguage":"pt-PT","potentialAction":[{"@type":"ReadAction","target":["https:\/\/portaltela.pt\/noticias\/2026\/04\/10\/bernardo-ribeiro-quem-planeou-a-epoca-do-benfica-espalhou-se-mais-que-mourinho\/"]}]},{"@type":"ImageObject","inLanguage":"pt-PT","@id":"https:\/\/portaltela.pt\/noticias\/2026\/04\/10\/bernardo-ribeiro-quem-planeou-a-epoca-do-benfica-espalhou-se-mais-que-mourinho\/#primaryimage","url":"https:\/\/portaltela.pt\/s.01k8rhncp4jt1\/2026\/04\/img_1200x721uu2026-04-10-20-34-51-2432273.jpg","contentUrl":"https:\/\/portaltela.pt\/s.01k8rhncp4jt1\/2026\/04\/img_1200x721uu2026-04-10-20-34-51-2432273.jpg","width":796,"height":448,"caption":"Bernardo Ribeiro: \u00abQuem preparou a \u00e9poca do Benfica espalhou-se mais ao comprido do que Mourinho\u00bb"},{"@type":"BreadcrumbList","@id":"https:\/\/portaltela.pt\/noticias\/2026\/04\/10\/bernardo-ribeiro-quem-planeou-a-epoca-do-benfica-espalhou-se-mais-que-mourinho\/#breadcrumb","itemListElement":[{"@type":"ListItem","position":1,"name":"In\u00edcio","item":"https:\/\/portaltela.pt\/"},{"@type":"ListItem","position":2,"name":"Bernardo Ribeiro: quem planeou a \u00e9poca do Benfica espalhou-se mais que Mourinho"}]},{"@type":"WebSite","@id":"https:\/\/portaltela.pt\/#website","url":"https:\/\/portaltela.pt\/","name":"Portal Tela Portugal","description":"","potentialAction":[{"@type":"SearchAction","target":{"@type":"EntryPoint","urlTemplate":"https:\/\/portaltela.pt\/?s={search_term_string}"},"query-input":{"@type":"PropertyValueSpecification","valueRequired":true,"valueName":"search_term_string"}}],"inLanguage":"pt-PT"},{"@type":"Person","@id":"https:\/\/portaltela.pt\/#\/schema\/person\/c4278d4a6028830caff9ee44b42d32ed","name":"Telinha","image":{"@type":"ImageObject","inLanguage":"pt-PT","@id":"https:\/\/portaltela.pt\/s.01k8rhncp4jt1\/2025\/11\/talking-bot-125x125.png","url":"https:\/\/portaltela.pt\/s.01k8rhncp4jt1\/2025\/11\/talking-bot-125x125.png","contentUrl":"https:\/\/portaltela.pt\/s.01k8rhncp4jt1\/2025\/11\/talking-bot-125x125.png","caption":"Telinha"},"sameAs":["https:\/\/portaltela.pt\/"],"url":"https:\/\/portaltela.pt\/por\/367410592786\/"}]}},"_links":{"self":[{"href":"https:\/\/portaltela.pt\/api\/wp\/v2\/posts\/439935","targetHints":{"allow":["GET"]}}],"collection":[{"href":"https:\/\/portaltela.pt\/api\/wp\/v2\/posts"}],"about":[{"href":"https:\/\/portaltela.pt\/api\/wp\/v2\/types\/post"}],"author":[{"embeddable":true,"href":"https:\/\/portaltela.pt\/api\/wp\/v2\/users\/2"}],"replies":[{"embeddable":true,"href":"https:\/\/portaltela.pt\/api\/wp\/v2\/comments?post=439935"}],"version-history":[{"count":0,"href":"https:\/\/portaltela.pt\/api\/wp\/v2\/posts\/439935\/revisions"}],"wp:featuredmedia":[{"embeddable":true,"href":"https:\/\/portaltela.pt\/api\/wp\/v2\/media\/439940"}],"wp:attachment":[{"href":"https:\/\/portaltela.pt\/api\/wp\/v2\/media?parent=439935"}],"wp:term":[{"taxonomy":"category","embeddable":true,"href":"https:\/\/portaltela.pt\/api\/wp\/v2\/categories?post=439935"},{"taxonomy":"post_tag","embeddable":true,"href":"https:\/\/portaltela.pt\/api\/wp\/v2\/tags?post=439935"}],"curies":[{"name":"wp","href":"https:\/\/api.w.org\/{rel}","templated":true}]}}