{"id":439904,"date":"2026-04-10T16:32:36","date_gmt":"2026-04-10T19:32:36","guid":{"rendered":"https:\/\/portaltela.pt\/noticias\/2026\/04\/10\/verissimo-afirma-ter-dado-um-passo-importante-na-maturacao-e-equilibrio-emocional\/"},"modified":"2026-04-10T16:32:36","modified_gmt":"2026-04-10T19:32:36","slug":"verissimo-afirma-ter-dado-um-passo-importante-na-maturacao-e-equilibrio-emocional","status":"publish","type":"post","link":"https:\/\/portaltela.pt\/desporto\/futebol\/2026\/04\/10\/verissimo-afirma-ter-dado-um-passo-importante-na-maturacao-e-equilibrio-emocional\/","title":{"rendered":"Ver\u00edssimo afirma ter dado um passo importante na matura\u00e7\u00e3o e equil\u00edbrio emocional"},"content":{"rendered":"<p>N\u00e9lson Ver\u00edssimo, treinador do Benfica B, avaliou o momento da equipa \u00e0 v\u00e9spera do jogo contra a Uni\u00e3o de Leiria, da 2.\u00aa Liga. A equipa tem vindo a evoluir ap\u00f3s as vit\u00f3rias frente ao Farense (1-0) em casa e ao Vizela (2-1) fora, nas duas \u00faltimas rondas.<\/p>\n<p>O t\u00e9cnico mostrou satisfa\u00e7\u00e3o com o crescimento emocional e a maturidade mostrados nos duelos contra advers\u00e1rios com caracter\u00edsticas distintas. Refor\u00e7ou a necessidade de manter a consist\u00eancia para os seis jogos que faltam na \u00e9poca, antes do encontro marcado para amanh\u00e3, \u00e0s 18h00, com a Leiria.<\/p>\n<p>Ver\u00edssimo destacou a boa forma do advers\u00e1rio, que venceu cinco dos \u00faltimos sete jogos e ocupa o 4.\u00ba lugar. A Uni\u00e3o de Leiria est\u00e1 na luta pela promo\u00e7\u00e3o e dever\u00e1 procurar vencer para manter o objetivo claro desde o in\u00edcio da \u00e9poca, esperando um confronto competitivo.<\/p>\n<p>O Benfica B ocupa o 8.\u00ba lugar da tabela, a cinco pontos da Uni\u00e3o de Leiria. O treinador recordou ainda o contexto da primeira volta, quando a equipa enfrentava dificuldades e lutava pelo crescimento dos jogadores e do plantel.<\/p>\n<p>A equipa do Benfica volta a atuar em casa e est\u00e1 determinada a manter o tra\u00e7ado positivo, apostando na continuidade do progression j\u00e1 demonstrado nas \u00faltimas partidas.<\/p>\n","protected":false},"excerpt":{"rendered":"<ul>\n<li>N\u00e9lson Ver\u00edssimo elogiou o crescimento do Benfica B, destacando as vit\u00f3rias frente ao Farense (1-0) e ao Vizela (2-1).<\/li>\n<li>O treinador disse que houve matura\u00e7\u00e3o da equipa e equil\u00edbrio emocional diante de advers\u00e1rios com caracter\u00edsticas distintas.<\/li>\n<li>Refor\u00e7ou a necessidade de manter consist\u00eancia nos seis jogos que faltam, antes do embate com a Uni\u00e3o de Leiria, amanh\u00e3 \u00e0s 18h00.<\/li>\n<li>O Leiria est\u00e1 em quarto lugar, venceu cinco dos \u00faltimos sete jogos e procura a promo\u00e7\u00e3o; o t\u00e9cnico espera um duelo competitivo.<\/li>\n<li>O Benfica B est\u00e1 no oitavo lugar, a cinco pontos da Uni\u00e3o de Leiria; h\u00e1 mem\u00f3ria do contexto da primeira volta, quando estavam em \u00faltimo, com foco no crescimento da equipa.<\/li>\n<\/ul>\n","protected":false},"author":2,"featured_media":439910,"comment_status":"closed","ping_status":"closed","sticky":false,"template":"","format":"standard","meta":{"footnotes":""},"categories":[21,24],"tags":[7755,4175,1946,3275,3121],"class_list":["post-439904","post","type-post","status-publish","format-standard","has-post-thumbnail","hentry","category-desporto","category-futebol","tag-_futebol","tag-2-a-liga","tag-benfica","tag-benfica-b","tag-uniao-de-leiria"],"yoast_head":"<!-- This site is optimized with the Yoast SEO plugin v27.2 - https:\/\/yoast.com\/product\/yoast-seo-wordpress\/ -->\n<title>Ver\u00edssimo afirma ter dado um passo importante na matura\u00e7\u00e3o e equil\u00edbrio emocional - Portal Tela Portugal<\/title>\n<meta name=\"robots\" content=\"index, follow, max-snippet:-1, max-image-preview:large, max-video-preview:-1\" \/>\n<meta property=\"og:locale\" content=\"pt_PT\" \/>\n<meta property=\"og:type\" content=\"article\" \/>\n<meta property=\"og:title\" content=\"Ver\u00edssimo afirma ter dado um passo importante na matura\u00e7\u00e3o e equil\u00edbrio emocional - Portal Tela Portugal\" \/>\n<meta property=\"og:description\" content=\"N\u00e9lson Ver\u00edssimo elogiou o crescimento do Benfica B, destacando as vit\u00f3rias frente ao Farense (1-0) e ao Vizela (2-1). O treinador disse que houve matura\u00e7\u00e3o da equipa e equil\u00edbrio emocional diante de advers\u00e1rios com caracter\u00edsticas distintas. Refor\u00e7ou a necessidade de manter consist\u00eancia nos seis jogos que faltam, antes do embate com a Uni\u00e3o de Leiria, amanh\u00e3 \u00e0s 18h00. O Leiria est\u00e1 em quarto lugar, venceu cinco dos \u00faltimos sete jogos e procura a promo\u00e7\u00e3o; o t\u00e9cnico espera um duelo competitivo. O Benfica B est\u00e1 no oitavo lugar, a cinco pontos da Uni\u00e3o de Leiria; h\u00e1 mem\u00f3ria do contexto da primeira volta, quando estavam em \u00faltimo, com foco no crescimento da equipa.\" \/>\n<meta property=\"og:url\" content=\"https:\/\/portaltela.pt\/noticias\/2026\/04\/10\/verissimo-afirma-ter-dado-um-passo-importante-na-maturacao-e-equilibrio-emocional\/\" \/>\n<meta property=\"og:site_name\" content=\"Portal Tela Portugal\" \/>\n<meta property=\"article:published_time\" content=\"2026-04-10T19:32:36+00:00\" \/>\n<meta name=\"author\" content=\"Telinha\" \/>\n<meta name=\"twitter:card\" content=\"summary_large_image\" \/>\n<meta name=\"twitter:label1\" content=\"Escrito por\" \/>\n\t<meta name=\"twitter:data1\" content=\"Telinha\" \/>\n\t<meta name=\"twitter:label2\" content=\"Tempo estimado de leitura\" \/>\n\t<meta name=\"twitter:data2\" content=\"1 minuto\" \/>\n<script type=\"application\/ld+json\" class=\"yoast-schema-graph\">{\"@context\":\"https:\/\/schema.org\",\"@graph\":[{\"@type\":\"Article\",\"@id\":\"https:\/\/portaltela.pt\/noticias\/2026\/04\/10\/verissimo-afirma-ter-dado-um-passo-importante-na-maturacao-e-equilibrio-emocional\/#article\",\"isPartOf\":{\"@id\":\"https:\/\/portaltela.pt\/noticias\/2026\/04\/10\/verissimo-afirma-ter-dado-um-passo-importante-na-maturacao-e-equilibrio-emocional\/\"},\"author\":{\"name\":\"Telinha\",\"@id\":\"https:\/\/portaltela.pt\/#\/schema\/person\/c4278d4a6028830caff9ee44b42d32ed\"},\"headline\":\"Ver\u00edssimo afirma ter dado um passo importante na matura\u00e7\u00e3o e equil\u00edbrio emocional\",\"datePublished\":\"2026-04-10T19:32:36+00:00\",\"mainEntityOfPage\":{\"@id\":\"https:\/\/portaltela.pt\/noticias\/2026\/04\/10\/verissimo-afirma-ter-dado-um-passo-importante-na-maturacao-e-equilibrio-emocional\/\"},\"wordCount\":234,\"image\":{\"@id\":\"https:\/\/portaltela.pt\/noticias\/2026\/04\/10\/verissimo-afirma-ter-dado-um-passo-importante-na-maturacao-e-equilibrio-emocional\/#primaryimage\"},\"thumbnailUrl\":\"https:\/\/portaltela.pt\/s.01k8rhncp4jt1\/2026\/04\/img_920x518uu2025-04-22-17-30-39-2357885.jpg\",\"keywords\":[\"_futebol\",\"2.\u00aa Liga\",\"Benfica\",\"Benfica B\",\"Uni\u00e3o de Leiria\"],\"articleSection\":[\"Desporto\",\"Futebol\"],\"inLanguage\":\"pt-PT\"},{\"@type\":\"WebPage\",\"@id\":\"https:\/\/portaltela.pt\/noticias\/2026\/04\/10\/verissimo-afirma-ter-dado-um-passo-importante-na-maturacao-e-equilibrio-emocional\/\",\"url\":\"https:\/\/portaltela.pt\/noticias\/2026\/04\/10\/verissimo-afirma-ter-dado-um-passo-importante-na-maturacao-e-equilibrio-emocional\/\",\"name\":\"Ver\u00edssimo afirma ter dado um passo importante na matura\u00e7\u00e3o e equil\u00edbrio emocional - Portal Tela Portugal\",\"isPartOf\":{\"@id\":\"https:\/\/portaltela.pt\/#website\"},\"primaryImageOfPage\":{\"@id\":\"https:\/\/portaltela.pt\/noticias\/2026\/04\/10\/verissimo-afirma-ter-dado-um-passo-importante-na-maturacao-e-equilibrio-emocional\/#primaryimage\"},\"image\":{\"@id\":\"https:\/\/portaltela.pt\/noticias\/2026\/04\/10\/verissimo-afirma-ter-dado-um-passo-importante-na-maturacao-e-equilibrio-emocional\/#primaryimage\"},\"thumbnailUrl\":\"https:\/\/portaltela.pt\/s.01k8rhncp4jt1\/2026\/04\/img_920x518uu2025-04-22-17-30-39-2357885.jpg\",\"datePublished\":\"2026-04-10T19:32:36+00:00\",\"author\":{\"@id\":\"https:\/\/portaltela.pt\/#\/schema\/person\/c4278d4a6028830caff9ee44b42d32ed\"},\"breadcrumb\":{\"@id\":\"https:\/\/portaltela.pt\/noticias\/2026\/04\/10\/verissimo-afirma-ter-dado-um-passo-importante-na-maturacao-e-equilibrio-emocional\/#breadcrumb\"},\"inLanguage\":\"pt-PT\",\"potentialAction\":[{\"@type\":\"ReadAction\",\"target\":[\"https:\/\/portaltela.pt\/noticias\/2026\/04\/10\/verissimo-afirma-ter-dado-um-passo-importante-na-maturacao-e-equilibrio-emocional\/\"]}]},{\"@type\":\"ImageObject\",\"inLanguage\":\"pt-PT\",\"@id\":\"https:\/\/portaltela.pt\/noticias\/2026\/04\/10\/verissimo-afirma-ter-dado-um-passo-importante-na-maturacao-e-equilibrio-emocional\/#primaryimage\",\"url\":\"https:\/\/portaltela.pt\/s.01k8rhncp4jt1\/2026\/04\/img_920x518uu2025-04-22-17-30-39-2357885.jpg\",\"contentUrl\":\"https:\/\/portaltela.pt\/s.01k8rhncp4jt1\/2026\/04\/img_920x518uu2025-04-22-17-30-39-2357885.jpg\",\"width\":796,\"height\":448,\"caption\":\"N\u00e9lson Ver\u00edssimo\"},{\"@type\":\"BreadcrumbList\",\"@id\":\"https:\/\/portaltela.pt\/noticias\/2026\/04\/10\/verissimo-afirma-ter-dado-um-passo-importante-na-maturacao-e-equilibrio-emocional\/#breadcrumb\",\"itemListElement\":[{\"@type\":\"ListItem\",\"position\":1,\"name\":\"In\u00edcio\",\"item\":\"https:\/\/portaltela.pt\/\"},{\"@type\":\"ListItem\",\"position\":2,\"name\":\"Ver\u00edssimo afirma ter dado um passo importante na matura\u00e7\u00e3o e equil\u00edbrio emocional\"}]},{\"@type\":\"WebSite\",\"@id\":\"https:\/\/portaltela.pt\/#website\",\"url\":\"https:\/\/portaltela.pt\/\",\"name\":\"Portal Tela Portugal\",\"description\":\"\",\"potentialAction\":[{\"@type\":\"SearchAction\",\"target\":{\"@type\":\"EntryPoint\",\"urlTemplate\":\"https:\/\/portaltela.pt\/?s={search_term_string}\"},\"query-input\":{\"@type\":\"PropertyValueSpecification\",\"valueRequired\":true,\"valueName\":\"search_term_string\"}}],\"inLanguage\":\"pt-PT\"},{\"@type\":\"Person\",\"@id\":\"https:\/\/portaltela.pt\/#\/schema\/person\/c4278d4a6028830caff9ee44b42d32ed\",\"name\":\"Telinha\",\"image\":{\"@type\":\"ImageObject\",\"inLanguage\":\"pt-PT\",\"@id\":\"https:\/\/portaltela.pt\/s.01k8rhncp4jt1\/2025\/11\/talking-bot-125x125.png\",\"url\":\"https:\/\/portaltela.pt\/s.01k8rhncp4jt1\/2025\/11\/talking-bot-125x125.png\",\"contentUrl\":\"https:\/\/portaltela.pt\/s.01k8rhncp4jt1\/2025\/11\/talking-bot-125x125.png\",\"caption\":\"Telinha\"},\"sameAs\":[\"https:\/\/portaltela.pt\/\"],\"url\":\"https:\/\/portaltela.pt\/por\/367410592786\/\"}]}<\/script>\n<!-- \/ Yoast SEO plugin. -->","yoast_head_json":{"title":"Ver\u00edssimo afirma ter dado um passo importante na matura\u00e7\u00e3o e equil\u00edbrio emocional - Portal Tela Portugal","robots":{"index":"index","follow":"follow","max-snippet":"max-snippet:-1","max-image-preview":"max-image-preview:large","max-video-preview":"max-video-preview:-1"},"og_locale":"pt_PT","og_type":"article","og_title":"Ver\u00edssimo afirma ter dado um passo importante na matura\u00e7\u00e3o e equil\u00edbrio emocional - Portal Tela Portugal","og_description":"N\u00e9lson Ver\u00edssimo elogiou o crescimento do Benfica B, destacando as vit\u00f3rias frente ao Farense (1-0) e ao Vizela (2-1). O treinador disse que houve matura\u00e7\u00e3o da equipa e equil\u00edbrio emocional diante de advers\u00e1rios com caracter\u00edsticas distintas. Refor\u00e7ou a necessidade de manter consist\u00eancia nos seis jogos que faltam, antes do embate com a Uni\u00e3o de Leiria, amanh\u00e3 \u00e0s 18h00. O Leiria est\u00e1 em quarto lugar, venceu cinco dos \u00faltimos sete jogos e procura a promo\u00e7\u00e3o; o t\u00e9cnico espera um duelo competitivo. O Benfica B est\u00e1 no oitavo lugar, a cinco pontos da Uni\u00e3o de Leiria; h\u00e1 mem\u00f3ria do contexto da primeira volta, quando estavam em \u00faltimo, com foco no crescimento da equipa.","og_url":"https:\/\/portaltela.pt\/noticias\/2026\/04\/10\/verissimo-afirma-ter-dado-um-passo-importante-na-maturacao-e-equilibrio-emocional\/","og_site_name":"Portal Tela Portugal","article_published_time":"2026-04-10T19:32:36+00:00","author":"Telinha","twitter_card":"summary_large_image","twitter_misc":{"Escrito por":"Telinha","Tempo estimado de leitura":"1 minuto"},"schema":{"@context":"https:\/\/schema.org","@graph":[{"@type":"Article","@id":"https:\/\/portaltela.pt\/noticias\/2026\/04\/10\/verissimo-afirma-ter-dado-um-passo-importante-na-maturacao-e-equilibrio-emocional\/#article","isPartOf":{"@id":"https:\/\/portaltela.pt\/noticias\/2026\/04\/10\/verissimo-afirma-ter-dado-um-passo-importante-na-maturacao-e-equilibrio-emocional\/"},"author":{"name":"Telinha","@id":"https:\/\/portaltela.pt\/#\/schema\/person\/c4278d4a6028830caff9ee44b42d32ed"},"headline":"Ver\u00edssimo afirma ter dado um passo importante na matura\u00e7\u00e3o e equil\u00edbrio emocional","datePublished":"2026-04-10T19:32:36+00:00","mainEntityOfPage":{"@id":"https:\/\/portaltela.pt\/noticias\/2026\/04\/10\/verissimo-afirma-ter-dado-um-passo-importante-na-maturacao-e-equilibrio-emocional\/"},"wordCount":234,"image":{"@id":"https:\/\/portaltela.pt\/noticias\/2026\/04\/10\/verissimo-afirma-ter-dado-um-passo-importante-na-maturacao-e-equilibrio-emocional\/#primaryimage"},"thumbnailUrl":"https:\/\/portaltela.pt\/s.01k8rhncp4jt1\/2026\/04\/img_920x518uu2025-04-22-17-30-39-2357885.jpg","keywords":["_futebol","2.\u00aa Liga","Benfica","Benfica B","Uni\u00e3o de Leiria"],"articleSection":["Desporto","Futebol"],"inLanguage":"pt-PT"},{"@type":"WebPage","@id":"https:\/\/portaltela.pt\/noticias\/2026\/04\/10\/verissimo-afirma-ter-dado-um-passo-importante-na-maturacao-e-equilibrio-emocional\/","url":"https:\/\/portaltela.pt\/noticias\/2026\/04\/10\/verissimo-afirma-ter-dado-um-passo-importante-na-maturacao-e-equilibrio-emocional\/","name":"Ver\u00edssimo afirma ter dado um passo importante na matura\u00e7\u00e3o e equil\u00edbrio emocional - Portal Tela Portugal","isPartOf":{"@id":"https:\/\/portaltela.pt\/#website"},"primaryImageOfPage":{"@id":"https:\/\/portaltela.pt\/noticias\/2026\/04\/10\/verissimo-afirma-ter-dado-um-passo-importante-na-maturacao-e-equilibrio-emocional\/#primaryimage"},"image":{"@id":"https:\/\/portaltela.pt\/noticias\/2026\/04\/10\/verissimo-afirma-ter-dado-um-passo-importante-na-maturacao-e-equilibrio-emocional\/#primaryimage"},"thumbnailUrl":"https:\/\/portaltela.pt\/s.01k8rhncp4jt1\/2026\/04\/img_920x518uu2025-04-22-17-30-39-2357885.jpg","datePublished":"2026-04-10T19:32:36+00:00","author":{"@id":"https:\/\/portaltela.pt\/#\/schema\/person\/c4278d4a6028830caff9ee44b42d32ed"},"breadcrumb":{"@id":"https:\/\/portaltela.pt\/noticias\/2026\/04\/10\/verissimo-afirma-ter-dado-um-passo-importante-na-maturacao-e-equilibrio-emocional\/#breadcrumb"},"inLanguage":"pt-PT","potentialAction":[{"@type":"ReadAction","target":["https:\/\/portaltela.pt\/noticias\/2026\/04\/10\/verissimo-afirma-ter-dado-um-passo-importante-na-maturacao-e-equilibrio-emocional\/"]}]},{"@type":"ImageObject","inLanguage":"pt-PT","@id":"https:\/\/portaltela.pt\/noticias\/2026\/04\/10\/verissimo-afirma-ter-dado-um-passo-importante-na-maturacao-e-equilibrio-emocional\/#primaryimage","url":"https:\/\/portaltela.pt\/s.01k8rhncp4jt1\/2026\/04\/img_920x518uu2025-04-22-17-30-39-2357885.jpg","contentUrl":"https:\/\/portaltela.pt\/s.01k8rhncp4jt1\/2026\/04\/img_920x518uu2025-04-22-17-30-39-2357885.jpg","width":796,"height":448,"caption":"N\u00e9lson Ver\u00edssimo"},{"@type":"BreadcrumbList","@id":"https:\/\/portaltela.pt\/noticias\/2026\/04\/10\/verissimo-afirma-ter-dado-um-passo-importante-na-maturacao-e-equilibrio-emocional\/#breadcrumb","itemListElement":[{"@type":"ListItem","position":1,"name":"In\u00edcio","item":"https:\/\/portaltela.pt\/"},{"@type":"ListItem","position":2,"name":"Ver\u00edssimo afirma ter dado um passo importante na matura\u00e7\u00e3o e equil\u00edbrio emocional"}]},{"@type":"WebSite","@id":"https:\/\/portaltela.pt\/#website","url":"https:\/\/portaltela.pt\/","name":"Portal Tela Portugal","description":"","potentialAction":[{"@type":"SearchAction","target":{"@type":"EntryPoint","urlTemplate":"https:\/\/portaltela.pt\/?s={search_term_string}"},"query-input":{"@type":"PropertyValueSpecification","valueRequired":true,"valueName":"search_term_string"}}],"inLanguage":"pt-PT"},{"@type":"Person","@id":"https:\/\/portaltela.pt\/#\/schema\/person\/c4278d4a6028830caff9ee44b42d32ed","name":"Telinha","image":{"@type":"ImageObject","inLanguage":"pt-PT","@id":"https:\/\/portaltela.pt\/s.01k8rhncp4jt1\/2025\/11\/talking-bot-125x125.png","url":"https:\/\/portaltela.pt\/s.01k8rhncp4jt1\/2025\/11\/talking-bot-125x125.png","contentUrl":"https:\/\/portaltela.pt\/s.01k8rhncp4jt1\/2025\/11\/talking-bot-125x125.png","caption":"Telinha"},"sameAs":["https:\/\/portaltela.pt\/"],"url":"https:\/\/portaltela.pt\/por\/367410592786\/"}]}},"_links":{"self":[{"href":"https:\/\/portaltela.pt\/api\/wp\/v2\/posts\/439904","targetHints":{"allow":["GET"]}}],"collection":[{"href":"https:\/\/portaltela.pt\/api\/wp\/v2\/posts"}],"about":[{"href":"https:\/\/portaltela.pt\/api\/wp\/v2\/types\/post"}],"author":[{"embeddable":true,"href":"https:\/\/portaltela.pt\/api\/wp\/v2\/users\/2"}],"replies":[{"embeddable":true,"href":"https:\/\/portaltela.pt\/api\/wp\/v2\/comments?post=439904"}],"version-history":[{"count":0,"href":"https:\/\/portaltela.pt\/api\/wp\/v2\/posts\/439904\/revisions"}],"wp:featuredmedia":[{"embeddable":true,"href":"https:\/\/portaltela.pt\/api\/wp\/v2\/media\/439910"}],"wp:attachment":[{"href":"https:\/\/portaltela.pt\/api\/wp\/v2\/media?parent=439904"}],"wp:term":[{"taxonomy":"category","embeddable":true,"href":"https:\/\/portaltela.pt\/api\/wp\/v2\/categories?post=439904"},{"taxonomy":"post_tag","embeddable":true,"href":"https:\/\/portaltela.pt\/api\/wp\/v2\/tags?post=439904"}],"curies":[{"name":"wp","href":"https:\/\/api.w.org\/{rel}","templated":true}]}}