{"id":439898,"date":"2026-04-10T16:17:32","date_gmt":"2026-04-10T19:17:32","guid":{"rendered":"https:\/\/portaltela.pt\/noticias\/2026\/04\/10\/barbara-norton-de-matos-e-ex-marido-falam-do-inicio-da-relacao\/"},"modified":"2026-04-10T16:17:32","modified_gmt":"2026-04-10T19:17:32","slug":"barbara-norton-de-matos-e-ex-marido-falam-do-inicio-da-relacao","status":"publish","type":"post","link":"https:\/\/portaltela.pt\/celebridades\/2026\/04\/10\/barbara-norton-de-matos-e-ex-marido-falam-do-inicio-da-relacao\/","title":{"rendered":"B\u00e1rbara Norton de Matos e ex-marido falam do in\u00edcio da rela\u00e7\u00e3o"},"content":{"rendered":"<p>B\u00e1rbara Norton de Matos e o ex-marido Ricardo Areias participaram num v\u00eddeo, publicado na quinta-feira, 9, para recordar o in\u00edcio da rela\u00e7\u00e3o que teve come\u00e7o em meados de 2014. O registo mostra quem deu o primeiro passo.<\/p>\n<p>A atriz revelou que, na altura, o encontro ocorreu quando o personal trainer apareceu no gin\u00e1sio onde ela treinava, oferecendo ajuda. A hist\u00f3ria \u00e9 contada na primeira pessoa pelos dois, sem adiantar detalhes adicionais.<\/p>\n<p>Ricardo Areias confirmou a vers\u00e3o apresentada, acrescentando que a rela\u00e7\u00e3o evoluiu depois para um romance. O casal manteve-se junto durante quatro anos, sendo o \u00faltimo ano de casamento, e tiveram uma filha em comum, Flor, que hoje tem 10 anos.<\/p>\n<h3>Rela\u00e7\u00e3o e vida em comum<\/h3>\n<p>Desde o div\u00f3rcio, B\u00e1rbara Norton de Matos e Areias mantiveram uma proximidade, com o ex-marido a atuar como personal trainer da atriz e a surgir frequentemente nos seus v\u00eddeos de treino. O per\u00edodo de conviv\u00eancia ficou marcado pela parceria profissional e familiar.<\/p>\n<p>Al\u00e9m de Flor, B\u00e1rbara \u00e9 m\u00e3e de Luz, que completou 20 anos esta semana, fruto do relacionamento com Gon\u00e7alo Pina e Melo. A atriz n\u00e3o comenta publicamente sobre a reconcilia\u00e7\u00e3o com a filha mais velha.<\/p>\n<h3>Quest\u00f5es legais e familiares<\/h3>\n<p>Em outubro, a artista revelou que a disputa envolve v\u00e1rios processos de pens\u00e3o de alimentos movidos pela filha, que aos 16 anos decidiu viver com o pai. O tribunal concluiu que os pagamentos solicitados n\u00e3o eram devidos.<\/p>\n<p>A artista descreveu publicamente a situa\u00e7\u00e3o como uma realidade familiar dif\u00edcil, sem emitir julgamentos. Garantiu que o amor de m\u00e3e continua incondicional, apesar dos conflitos.<\/p>\n<h3>Chamada de aten\u00e7\u00e3o p\u00fablica da filha<\/h3>\n<p>Ainda no \u00e2mbito da rela\u00e7\u00e3o familiar, a filha mais nova acusa a m\u00e3e de mau feitio. A pr\u00e1tica de lit\u00edgios e a recente decis\u00e3o judicial foram descritas pela atriz como uma confirma\u00e7\u00e3o de uma situa\u00e7\u00e3o complexa, sem desejar comentar mais pormenores.<\/p>\n","protected":false},"excerpt":{"rendered":"<ul>\n<li>B\u00e1rbara Norton de Matos e o ex-marido Ricardo Areias publicaram um v\u00eddeo a recordar o in\u00edcio da rela\u00e7\u00e3o, em meados de 2014, quando ele, enquanto PT, lhe perguntou se precisava de ajuda no gin\u00e1sio.<\/li>\n<li>A atriz revelou que o primeiro passo foi recusado, a rela\u00e7\u00e3o durou quatro anos e o \u00faltimo foi em regime de casamento, com a filha Flor, de 10 anos.<\/li>\n<li>Ap\u00f3s o div\u00f3rcio, mantiveram uma rela\u00e7\u00e3o pr\u00f3xima e Ricardo Areias voltou a ser o personal trainer da atriz, surgindo em v\u00e1rios v\u00eddeos de rotinas de treino.<\/li>\n<li>B\u00e1rbara \u00e9 m\u00e3e de Luz, de 20 anos, fruto do relacionamento com Gon\u00e7alo Pina e Melo, e houve uma zanga entre as duas h\u00e1 cerca de quatro anos.<\/li>\n<li>Sobre a disputa de pens\u00e3o de alimentos, a atriz disse que houve processos judiciais e que o tribunal concluiu que o dinheiro n\u00e3o era devido; pediu respeito e n\u00e3o ir\u00e1 comentar mais o tema, mantendo a porta aberta para Luz.<\/li>\n<\/ul>\n","protected":false},"author":2,"featured_media":439901,"comment_status":"closed","ping_status":"closed","sticky":false,"template":"","format":"standard","meta":{"footnotes":""},"categories":[6675],"tags":[3259,64,132,7781,6180,3667],"class_list":["post-439898","post","type-post","status-publish","format-standard","has-post-thumbnail","hentry","category-celebridades","tag-celebidades","tag-familia","tag-filhos","tag-litigios","tag-pensoes","tag-processos"],"yoast_head":"<!-- This site is optimized with the Yoast SEO plugin v27.2 - https:\/\/yoast.com\/product\/yoast-seo-wordpress\/ -->\n<title>B\u00e1rbara Norton de Matos e ex-marido falam do in\u00edcio da rela\u00e7\u00e3o - Portal Tela Portugal<\/title>\n<meta name=\"robots\" content=\"index, follow, max-snippet:-1, max-image-preview:large, max-video-preview:-1\" \/>\n<meta property=\"og:locale\" content=\"pt_PT\" \/>\n<meta property=\"og:type\" content=\"article\" \/>\n<meta property=\"og:title\" content=\"B\u00e1rbara Norton de Matos e ex-marido falam do in\u00edcio da rela\u00e7\u00e3o - Portal Tela Portugal\" \/>\n<meta property=\"og:description\" content=\"B\u00e1rbara Norton de Matos e o ex-marido Ricardo Areias publicaram um v\u00eddeo a recordar o in\u00edcio da rela\u00e7\u00e3o, em meados de 2014, quando ele, enquanto PT, lhe perguntou se precisava de ajuda no gin\u00e1sio. A atriz revelou que o primeiro passo foi recusado, a rela\u00e7\u00e3o durou quatro anos e o \u00faltimo foi em regime de casamento, com a filha Flor, de 10 anos. Ap\u00f3s o div\u00f3rcio, mantiveram uma rela\u00e7\u00e3o pr\u00f3xima e Ricardo Areias voltou a ser o personal trainer da atriz, surgindo em v\u00e1rios v\u00eddeos de rotinas de treino. B\u00e1rbara \u00e9 m\u00e3e de Luz, de 20 anos, fruto do relacionamento com Gon\u00e7alo Pina e Melo, e houve uma zanga entre as duas h\u00e1 cerca de quatro anos. Sobre a disputa de pens\u00e3o de alimentos, a atriz disse que houve processos judiciais e que o tribunal concluiu que o dinheiro n\u00e3o era devido; pediu respeito e n\u00e3o ir\u00e1 comentar mais o tema, mantendo a porta aberta para Luz.\" \/>\n<meta property=\"og:url\" content=\"https:\/\/portaltela.pt\/noticias\/2026\/04\/10\/barbara-norton-de-matos-e-ex-marido-falam-do-inicio-da-relacao\/\" \/>\n<meta property=\"og:site_name\" content=\"Portal Tela Portugal\" \/>\n<meta property=\"article:published_time\" content=\"2026-04-10T19:17:32+00:00\" \/>\n<meta name=\"author\" content=\"Telinha\" \/>\n<meta name=\"twitter:card\" content=\"summary_large_image\" \/>\n<meta name=\"twitter:label1\" content=\"Escrito por\" \/>\n\t<meta name=\"twitter:data1\" content=\"Telinha\" \/>\n\t<meta name=\"twitter:label2\" content=\"Tempo estimado de leitura\" \/>\n\t<meta name=\"twitter:data2\" content=\"2 minutos\" \/>\n<script type=\"application\/ld+json\" class=\"yoast-schema-graph\">{\"@context\":\"https:\/\/schema.org\",\"@graph\":[{\"@type\":\"Article\",\"@id\":\"https:\/\/portaltela.pt\/noticias\/2026\/04\/10\/barbara-norton-de-matos-e-ex-marido-falam-do-inicio-da-relacao\/#article\",\"isPartOf\":{\"@id\":\"https:\/\/portaltela.pt\/noticias\/2026\/04\/10\/barbara-norton-de-matos-e-ex-marido-falam-do-inicio-da-relacao\/\"},\"author\":{\"name\":\"Telinha\",\"@id\":\"https:\/\/portaltela.pt\/#\/schema\/person\/c4278d4a6028830caff9ee44b42d32ed\"},\"headline\":\"B\u00e1rbara Norton de Matos e ex-marido falam do in\u00edcio da rela\u00e7\u00e3o\",\"datePublished\":\"2026-04-10T19:17:32+00:00\",\"mainEntityOfPage\":{\"@id\":\"https:\/\/portaltela.pt\/noticias\/2026\/04\/10\/barbara-norton-de-matos-e-ex-marido-falam-do-inicio-da-relacao\/\"},\"wordCount\":350,\"image\":{\"@id\":\"https:\/\/portaltela.pt\/noticias\/2026\/04\/10\/barbara-norton-de-matos-e-ex-marido-falam-do-inicio-da-relacao\/#primaryimage\"},\"thumbnailUrl\":\"https:\/\/portaltela.pt\/s.01k8rhncp4jt1\/2026\/04\/img_1500x1000uu2026-03-06-14-39-39-2270776-im-639084048052117374.jpg\",\"keywords\":[\"celebidades\",\"fam\u00edlia\",\"filhos\",\"lit\u00edgios\",\"pens\u00f5es\",\"processos\"],\"articleSection\":[\"Celebridades\"],\"inLanguage\":\"pt-PT\"},{\"@type\":\"WebPage\",\"@id\":\"https:\/\/portaltela.pt\/noticias\/2026\/04\/10\/barbara-norton-de-matos-e-ex-marido-falam-do-inicio-da-relacao\/\",\"url\":\"https:\/\/portaltela.pt\/noticias\/2026\/04\/10\/barbara-norton-de-matos-e-ex-marido-falam-do-inicio-da-relacao\/\",\"name\":\"B\u00e1rbara Norton de Matos e ex-marido falam do in\u00edcio da rela\u00e7\u00e3o - Portal Tela Portugal\",\"isPartOf\":{\"@id\":\"https:\/\/portaltela.pt\/#website\"},\"primaryImageOfPage\":{\"@id\":\"https:\/\/portaltela.pt\/noticias\/2026\/04\/10\/barbara-norton-de-matos-e-ex-marido-falam-do-inicio-da-relacao\/#primaryimage\"},\"image\":{\"@id\":\"https:\/\/portaltela.pt\/noticias\/2026\/04\/10\/barbara-norton-de-matos-e-ex-marido-falam-do-inicio-da-relacao\/#primaryimage\"},\"thumbnailUrl\":\"https:\/\/portaltela.pt\/s.01k8rhncp4jt1\/2026\/04\/img_1500x1000uu2026-03-06-14-39-39-2270776-im-639084048052117374.jpg\",\"datePublished\":\"2026-04-10T19:17:32+00:00\",\"author\":{\"@id\":\"https:\/\/portaltela.pt\/#\/schema\/person\/c4278d4a6028830caff9ee44b42d32ed\"},\"breadcrumb\":{\"@id\":\"https:\/\/portaltela.pt\/noticias\/2026\/04\/10\/barbara-norton-de-matos-e-ex-marido-falam-do-inicio-da-relacao\/#breadcrumb\"},\"inLanguage\":\"pt-PT\",\"potentialAction\":[{\"@type\":\"ReadAction\",\"target\":[\"https:\/\/portaltela.pt\/noticias\/2026\/04\/10\/barbara-norton-de-matos-e-ex-marido-falam-do-inicio-da-relacao\/\"]}]},{\"@type\":\"ImageObject\",\"inLanguage\":\"pt-PT\",\"@id\":\"https:\/\/portaltela.pt\/noticias\/2026\/04\/10\/barbara-norton-de-matos-e-ex-marido-falam-do-inicio-da-relacao\/#primaryimage\",\"url\":\"https:\/\/portaltela.pt\/s.01k8rhncp4jt1\/2026\/04\/img_1500x1000uu2026-03-06-14-39-39-2270776-im-639084048052117374.jpg\",\"contentUrl\":\"https:\/\/portaltela.pt\/s.01k8rhncp4jt1\/2026\/04\/img_1500x1000uu2026-03-06-14-39-39-2270776-im-639084048052117374.jpg\",\"width\":796,\"height\":448,\"caption\":\"B\u00e1rbara Norton de Matos\"},{\"@type\":\"BreadcrumbList\",\"@id\":\"https:\/\/portaltela.pt\/noticias\/2026\/04\/10\/barbara-norton-de-matos-e-ex-marido-falam-do-inicio-da-relacao\/#breadcrumb\",\"itemListElement\":[{\"@type\":\"ListItem\",\"position\":1,\"name\":\"In\u00edcio\",\"item\":\"https:\/\/portaltela.pt\/\"},{\"@type\":\"ListItem\",\"position\":2,\"name\":\"B\u00e1rbara Norton de Matos e ex-marido falam do in\u00edcio da rela\u00e7\u00e3o\"}]},{\"@type\":\"WebSite\",\"@id\":\"https:\/\/portaltela.pt\/#website\",\"url\":\"https:\/\/portaltela.pt\/\",\"name\":\"Portal Tela Portugal\",\"description\":\"\",\"potentialAction\":[{\"@type\":\"SearchAction\",\"target\":{\"@type\":\"EntryPoint\",\"urlTemplate\":\"https:\/\/portaltela.pt\/?s={search_term_string}\"},\"query-input\":{\"@type\":\"PropertyValueSpecification\",\"valueRequired\":true,\"valueName\":\"search_term_string\"}}],\"inLanguage\":\"pt-PT\"},{\"@type\":\"Person\",\"@id\":\"https:\/\/portaltela.pt\/#\/schema\/person\/c4278d4a6028830caff9ee44b42d32ed\",\"name\":\"Telinha\",\"image\":{\"@type\":\"ImageObject\",\"inLanguage\":\"pt-PT\",\"@id\":\"https:\/\/portaltela.pt\/s.01k8rhncp4jt1\/2025\/11\/talking-bot-125x125.png\",\"url\":\"https:\/\/portaltela.pt\/s.01k8rhncp4jt1\/2025\/11\/talking-bot-125x125.png\",\"contentUrl\":\"https:\/\/portaltela.pt\/s.01k8rhncp4jt1\/2025\/11\/talking-bot-125x125.png\",\"caption\":\"Telinha\"},\"sameAs\":[\"https:\/\/portaltela.pt\/\"],\"url\":\"https:\/\/portaltela.pt\/por\/367410592786\/\"}]}<\/script>\n<!-- \/ Yoast SEO plugin. -->","yoast_head_json":{"title":"B\u00e1rbara Norton de Matos e ex-marido falam do in\u00edcio da rela\u00e7\u00e3o - Portal Tela Portugal","robots":{"index":"index","follow":"follow","max-snippet":"max-snippet:-1","max-image-preview":"max-image-preview:large","max-video-preview":"max-video-preview:-1"},"og_locale":"pt_PT","og_type":"article","og_title":"B\u00e1rbara Norton de Matos e ex-marido falam do in\u00edcio da rela\u00e7\u00e3o - Portal Tela Portugal","og_description":"B\u00e1rbara Norton de Matos e o ex-marido Ricardo Areias publicaram um v\u00eddeo a recordar o in\u00edcio da rela\u00e7\u00e3o, em meados de 2014, quando ele, enquanto PT, lhe perguntou se precisava de ajuda no gin\u00e1sio. A atriz revelou que o primeiro passo foi recusado, a rela\u00e7\u00e3o durou quatro anos e o \u00faltimo foi em regime de casamento, com a filha Flor, de 10 anos. Ap\u00f3s o div\u00f3rcio, mantiveram uma rela\u00e7\u00e3o pr\u00f3xima e Ricardo Areias voltou a ser o personal trainer da atriz, surgindo em v\u00e1rios v\u00eddeos de rotinas de treino. B\u00e1rbara \u00e9 m\u00e3e de Luz, de 20 anos, fruto do relacionamento com Gon\u00e7alo Pina e Melo, e houve uma zanga entre as duas h\u00e1 cerca de quatro anos. Sobre a disputa de pens\u00e3o de alimentos, a atriz disse que houve processos judiciais e que o tribunal concluiu que o dinheiro n\u00e3o era devido; pediu respeito e n\u00e3o ir\u00e1 comentar mais o tema, mantendo a porta aberta para Luz.","og_url":"https:\/\/portaltela.pt\/noticias\/2026\/04\/10\/barbara-norton-de-matos-e-ex-marido-falam-do-inicio-da-relacao\/","og_site_name":"Portal Tela Portugal","article_published_time":"2026-04-10T19:17:32+00:00","author":"Telinha","twitter_card":"summary_large_image","twitter_misc":{"Escrito por":"Telinha","Tempo estimado de leitura":"2 minutos"},"schema":{"@context":"https:\/\/schema.org","@graph":[{"@type":"Article","@id":"https:\/\/portaltela.pt\/noticias\/2026\/04\/10\/barbara-norton-de-matos-e-ex-marido-falam-do-inicio-da-relacao\/#article","isPartOf":{"@id":"https:\/\/portaltela.pt\/noticias\/2026\/04\/10\/barbara-norton-de-matos-e-ex-marido-falam-do-inicio-da-relacao\/"},"author":{"name":"Telinha","@id":"https:\/\/portaltela.pt\/#\/schema\/person\/c4278d4a6028830caff9ee44b42d32ed"},"headline":"B\u00e1rbara Norton de Matos e ex-marido falam do in\u00edcio da rela\u00e7\u00e3o","datePublished":"2026-04-10T19:17:32+00:00","mainEntityOfPage":{"@id":"https:\/\/portaltela.pt\/noticias\/2026\/04\/10\/barbara-norton-de-matos-e-ex-marido-falam-do-inicio-da-relacao\/"},"wordCount":350,"image":{"@id":"https:\/\/portaltela.pt\/noticias\/2026\/04\/10\/barbara-norton-de-matos-e-ex-marido-falam-do-inicio-da-relacao\/#primaryimage"},"thumbnailUrl":"https:\/\/portaltela.pt\/s.01k8rhncp4jt1\/2026\/04\/img_1500x1000uu2026-03-06-14-39-39-2270776-im-639084048052117374.jpg","keywords":["celebidades","fam\u00edlia","filhos","lit\u00edgios","pens\u00f5es","processos"],"articleSection":["Celebridades"],"inLanguage":"pt-PT"},{"@type":"WebPage","@id":"https:\/\/portaltela.pt\/noticias\/2026\/04\/10\/barbara-norton-de-matos-e-ex-marido-falam-do-inicio-da-relacao\/","url":"https:\/\/portaltela.pt\/noticias\/2026\/04\/10\/barbara-norton-de-matos-e-ex-marido-falam-do-inicio-da-relacao\/","name":"B\u00e1rbara Norton de Matos e ex-marido falam do in\u00edcio da rela\u00e7\u00e3o - Portal Tela Portugal","isPartOf":{"@id":"https:\/\/portaltela.pt\/#website"},"primaryImageOfPage":{"@id":"https:\/\/portaltela.pt\/noticias\/2026\/04\/10\/barbara-norton-de-matos-e-ex-marido-falam-do-inicio-da-relacao\/#primaryimage"},"image":{"@id":"https:\/\/portaltela.pt\/noticias\/2026\/04\/10\/barbara-norton-de-matos-e-ex-marido-falam-do-inicio-da-relacao\/#primaryimage"},"thumbnailUrl":"https:\/\/portaltela.pt\/s.01k8rhncp4jt1\/2026\/04\/img_1500x1000uu2026-03-06-14-39-39-2270776-im-639084048052117374.jpg","datePublished":"2026-04-10T19:17:32+00:00","author":{"@id":"https:\/\/portaltela.pt\/#\/schema\/person\/c4278d4a6028830caff9ee44b42d32ed"},"breadcrumb":{"@id":"https:\/\/portaltela.pt\/noticias\/2026\/04\/10\/barbara-norton-de-matos-e-ex-marido-falam-do-inicio-da-relacao\/#breadcrumb"},"inLanguage":"pt-PT","potentialAction":[{"@type":"ReadAction","target":["https:\/\/portaltela.pt\/noticias\/2026\/04\/10\/barbara-norton-de-matos-e-ex-marido-falam-do-inicio-da-relacao\/"]}]},{"@type":"ImageObject","inLanguage":"pt-PT","@id":"https:\/\/portaltela.pt\/noticias\/2026\/04\/10\/barbara-norton-de-matos-e-ex-marido-falam-do-inicio-da-relacao\/#primaryimage","url":"https:\/\/portaltela.pt\/s.01k8rhncp4jt1\/2026\/04\/img_1500x1000uu2026-03-06-14-39-39-2270776-im-639084048052117374.jpg","contentUrl":"https:\/\/portaltela.pt\/s.01k8rhncp4jt1\/2026\/04\/img_1500x1000uu2026-03-06-14-39-39-2270776-im-639084048052117374.jpg","width":796,"height":448,"caption":"B\u00e1rbara Norton de Matos"},{"@type":"BreadcrumbList","@id":"https:\/\/portaltela.pt\/noticias\/2026\/04\/10\/barbara-norton-de-matos-e-ex-marido-falam-do-inicio-da-relacao\/#breadcrumb","itemListElement":[{"@type":"ListItem","position":1,"name":"In\u00edcio","item":"https:\/\/portaltela.pt\/"},{"@type":"ListItem","position":2,"name":"B\u00e1rbara Norton de Matos e ex-marido falam do in\u00edcio da rela\u00e7\u00e3o"}]},{"@type":"WebSite","@id":"https:\/\/portaltela.pt\/#website","url":"https:\/\/portaltela.pt\/","name":"Portal Tela Portugal","description":"","potentialAction":[{"@type":"SearchAction","target":{"@type":"EntryPoint","urlTemplate":"https:\/\/portaltela.pt\/?s={search_term_string}"},"query-input":{"@type":"PropertyValueSpecification","valueRequired":true,"valueName":"search_term_string"}}],"inLanguage":"pt-PT"},{"@type":"Person","@id":"https:\/\/portaltela.pt\/#\/schema\/person\/c4278d4a6028830caff9ee44b42d32ed","name":"Telinha","image":{"@type":"ImageObject","inLanguage":"pt-PT","@id":"https:\/\/portaltela.pt\/s.01k8rhncp4jt1\/2025\/11\/talking-bot-125x125.png","url":"https:\/\/portaltela.pt\/s.01k8rhncp4jt1\/2025\/11\/talking-bot-125x125.png","contentUrl":"https:\/\/portaltela.pt\/s.01k8rhncp4jt1\/2025\/11\/talking-bot-125x125.png","caption":"Telinha"},"sameAs":["https:\/\/portaltela.pt\/"],"url":"https:\/\/portaltela.pt\/por\/367410592786\/"}]}},"_links":{"self":[{"href":"https:\/\/portaltela.pt\/api\/wp\/v2\/posts\/439898","targetHints":{"allow":["GET"]}}],"collection":[{"href":"https:\/\/portaltela.pt\/api\/wp\/v2\/posts"}],"about":[{"href":"https:\/\/portaltela.pt\/api\/wp\/v2\/types\/post"}],"author":[{"embeddable":true,"href":"https:\/\/portaltela.pt\/api\/wp\/v2\/users\/2"}],"replies":[{"embeddable":true,"href":"https:\/\/portaltela.pt\/api\/wp\/v2\/comments?post=439898"}],"version-history":[{"count":0,"href":"https:\/\/portaltela.pt\/api\/wp\/v2\/posts\/439898\/revisions"}],"wp:featuredmedia":[{"embeddable":true,"href":"https:\/\/portaltela.pt\/api\/wp\/v2\/media\/439901"}],"wp:attachment":[{"href":"https:\/\/portaltela.pt\/api\/wp\/v2\/media?parent=439898"}],"wp:term":[{"taxonomy":"category","embeddable":true,"href":"https:\/\/portaltela.pt\/api\/wp\/v2\/categories?post=439898"},{"taxonomy":"post_tag","embeddable":true,"href":"https:\/\/portaltela.pt\/api\/wp\/v2\/tags?post=439898"}],"curies":[{"name":"wp","href":"https:\/\/api.w.org\/{rel}","templated":true}]}}