{"id":439896,"date":"2026-04-10T16:17:31","date_gmt":"2026-04-10T19:17:31","guid":{"rendered":"https:\/\/portaltela.pt\/noticias\/2026\/04\/10\/luciana-abreu-e-alberto-rocha-sao-novas-vozes-da-estacao-do-correio-da-manha\/"},"modified":"2026-04-10T16:17:31","modified_gmt":"2026-04-10T19:17:31","slug":"luciana-abreu-e-alberto-rocha-sao-novas-vozes-da-estacao-do-correio-da-manha","status":"publish","type":"post","link":"https:\/\/portaltela.pt\/entretenimento\/2026\/04\/10\/luciana-abreu-e-alberto-rocha-sao-novas-vozes-da-estacao-do-correio-da-manha\/","title":{"rendered":"Luciana Abreu e Alberto Rocha s\u00e3o novas vozes da esta\u00e7\u00e3o do Correio da Manh\u00e3"},"content":{"rendered":"<p>Luciana Abreu e Alberto Rocha v\u00e3o apresentar o programa Regresso a Casa na Correio da Manh\u00e3 R\u00e1dio, a partir da pr\u00f3xima segunda-feira. A emiss\u00e3o ter\u00e1 Lisboa como base para Abreu e Porto para Rocha, numa estrat\u00e9gia de consolida\u00e7\u00e3o da emissora do grupo Medialivre.<\/p>\n<p>Segundo Pedro Sousa, diretor executivo, a medida refor\u00e7a a aposta nos dois maiores mercados da esta\u00e7\u00e3o, Lisboa e Porto, cobrindo mais de 30 concelhos e mais de quatro milh\u00f5es de ouvintes. O objetivo \u00e9 melhorar o servi\u00e7o ao p\u00fablico nessas regi\u00f5es.<\/p>\n<p>O programa, que decorre de segunda a sexta, entre as 16h00 e as 19h45, acompanha o regresso a casa ap\u00f3s o trabalho, com conversa, m\u00fasica, atualidade e humor. Abreu expressou satisfa\u00e7\u00e3o com o desafio e com a oportunidade de trabalhar com Rocha, com quem j\u00e1 partilha h\u00e1 26 anos de amizade.<\/p>\n<h3>Nova dupla de apresentadores<\/h3>\n<p>Abreu refere ter confian\u00e7a na equipa e destacou a participa\u00e7\u00e3o de Fatinha, a personagem popular que acompanharia o p\u00fablico no programa. Rocha, por sua vez, celebrou a oportunidade de voltar a colaborar com a apresentadora, descrevendo o regresso como positivo para a emissora.<\/p>\n<p>A parceria entre os dois visa atingir um amplo conjunto de ouvintes do Norte ao Sul do pa\u00eds, fortalecendo a presen\u00e7a regional da Correio da Manh\u00e3 R\u00e1dio e oferecendo conte\u00fado diversificado no trajeto di\u00e1rio dos ouvintes.<\/p>\n","protected":false},"excerpt":{"rendered":"<ul>\n<li>Luciana Abreu vai apresentar o programa \u201cRegresso a Casa\u201d na Correio da Manh\u00e3 R\u00e1dio, a partir da pr\u00f3xima segunda-feira, em Lisboa, acompanhada pelo veterano Alberto Rocha, que faz a emiss\u00e3o a partir do Porto.<\/li>\n<li>O diretor executivo da esta\u00e7\u00e3o, Pedro Sousa, v\u00ea a mudan\u00e7a como mais um passo na consolida\u00e7\u00e3o da Correio da Manh\u00e3 R\u00e1dio, destacando a aposta nos mercados de Lisboa e do Porto.<\/li>\n<li>O espa\u00e7o vai ao ar de segunda a sexta-feira, entre as 16h00 e as 19h45, com voz, m\u00fasica, atualidade e humor para acompanhar o regresso a casa.<\/li>\n<li>Luciana Abreu trar\u00e1 a Fatinha, a conhecida \u201cBarbie Nortenha\u201d, ao est\u00fadio, que passa a acompanhar os ouvintes no trajeto de regresso ao lar.<\/li>\n<li>Alberto Rocha afirma que \u00e9 \u201cfant\u00e1stico\u201d voltar a trabalhar com Luciana Abreu, marcando o reencontro profissional de ambos.<\/li>\n<\/ul>\n","protected":false},"author":2,"featured_media":439900,"comment_status":"closed","ping_status":"closed","sticky":false,"template":"","format":"standard","meta":{"footnotes":""},"categories":[6675,12],"tags":[3259,5326,981,122,982,1923],"class_list":["post-439896","post","type-post","status-publish","format-standard","has-post-thumbnail","hentry","category-celebridades","category-entretenimento","tag-celebidades","tag-comunicacao-social","tag-lisboa","tag-musica","tag-porto","tag-programacao"],"yoast_head":"<!-- This site is optimized with the Yoast SEO plugin v27.2 - https:\/\/yoast.com\/product\/yoast-seo-wordpress\/ -->\n<title>Luciana Abreu e Alberto Rocha s\u00e3o novas vozes da esta\u00e7\u00e3o do Correio da Manh\u00e3 - Portal Tela Portugal<\/title>\n<meta name=\"robots\" content=\"index, follow, max-snippet:-1, max-image-preview:large, max-video-preview:-1\" \/>\n<meta property=\"og:locale\" content=\"pt_PT\" \/>\n<meta property=\"og:type\" content=\"article\" \/>\n<meta property=\"og:title\" content=\"Luciana Abreu e Alberto Rocha s\u00e3o novas vozes da esta\u00e7\u00e3o do Correio da Manh\u00e3 - Portal Tela Portugal\" \/>\n<meta property=\"og:description\" content=\"Luciana Abreu vai apresentar o programa \u201cRegresso a Casa\u201d na Correio da Manh\u00e3 R\u00e1dio, a partir da pr\u00f3xima segunda-feira, em Lisboa, acompanhada pelo veterano Alberto Rocha, que faz a emiss\u00e3o a partir do Porto. O diretor executivo da esta\u00e7\u00e3o, Pedro Sousa, v\u00ea a mudan\u00e7a como mais um passo na consolida\u00e7\u00e3o da Correio da Manh\u00e3 R\u00e1dio, destacando a aposta nos mercados de Lisboa e do Porto. O espa\u00e7o vai ao ar de segunda a sexta-feira, entre as 16h00 e as 19h45, com voz, m\u00fasica, atualidade e humor para acompanhar o regresso a casa. Luciana Abreu trar\u00e1 a Fatinha, a conhecida \u201cBarbie Nortenha\u201d, ao est\u00fadio, que passa a acompanhar os ouvintes no trajeto de regresso ao lar. Alberto Rocha afirma que \u00e9 \u201cfant\u00e1stico\u201d voltar a trabalhar com Luciana Abreu, marcando o reencontro profissional de ambos.\" \/>\n<meta property=\"og:url\" content=\"https:\/\/portaltela.pt\/noticias\/2026\/04\/10\/luciana-abreu-e-alberto-rocha-sao-novas-vozes-da-estacao-do-correio-da-manha\/\" \/>\n<meta property=\"og:site_name\" content=\"Portal Tela Portugal\" \/>\n<meta property=\"article:published_time\" content=\"2026-04-10T19:17:31+00:00\" \/>\n<meta name=\"author\" content=\"Telinha\" \/>\n<meta name=\"twitter:card\" content=\"summary_large_image\" \/>\n<meta name=\"twitter:label1\" content=\"Escrito por\" \/>\n\t<meta name=\"twitter:data1\" content=\"Telinha\" \/>\n\t<meta name=\"twitter:label2\" content=\"Tempo estimado de leitura\" \/>\n\t<meta name=\"twitter:data2\" content=\"1 minuto\" \/>\n<script type=\"application\/ld+json\" class=\"yoast-schema-graph\">{\"@context\":\"https:\/\/schema.org\",\"@graph\":[{\"@type\":\"Article\",\"@id\":\"https:\/\/portaltela.pt\/noticias\/2026\/04\/10\/luciana-abreu-e-alberto-rocha-sao-novas-vozes-da-estacao-do-correio-da-manha\/#article\",\"isPartOf\":{\"@id\":\"https:\/\/portaltela.pt\/noticias\/2026\/04\/10\/luciana-abreu-e-alberto-rocha-sao-novas-vozes-da-estacao-do-correio-da-manha\/\"},\"author\":{\"name\":\"Telinha\",\"@id\":\"https:\/\/portaltela.pt\/#\/schema\/person\/c4278d4a6028830caff9ee44b42d32ed\"},\"headline\":\"Luciana Abreu e Alberto Rocha s\u00e3o novas vozes da esta\u00e7\u00e3o do Correio da Manh\u00e3\",\"datePublished\":\"2026-04-10T19:17:31+00:00\",\"mainEntityOfPage\":{\"@id\":\"https:\/\/portaltela.pt\/noticias\/2026\/04\/10\/luciana-abreu-e-alberto-rocha-sao-novas-vozes-da-estacao-do-correio-da-manha\/\"},\"wordCount\":254,\"image\":{\"@id\":\"https:\/\/portaltela.pt\/noticias\/2026\/04\/10\/luciana-abreu-e-alberto-rocha-sao-novas-vozes-da-estacao-do-correio-da-manha\/#primaryimage\"},\"thumbnailUrl\":\"https:\/\/portaltela.pt\/s.01k8rhncp4jt1\/2026\/04\/img_1500x1000uu2026-04-06-17-06-00-2276888.jpg\",\"keywords\":[\"celebidades\",\"comunica\u00e7\u00e3o social\",\"Lisboa\",\"m\u00fasica\",\"Porto\",\"programa\u00e7\u00e3o\"],\"articleSection\":[\"Celebridades\",\"Entretenimento\"],\"inLanguage\":\"pt-PT\"},{\"@type\":\"WebPage\",\"@id\":\"https:\/\/portaltela.pt\/noticias\/2026\/04\/10\/luciana-abreu-e-alberto-rocha-sao-novas-vozes-da-estacao-do-correio-da-manha\/\",\"url\":\"https:\/\/portaltela.pt\/noticias\/2026\/04\/10\/luciana-abreu-e-alberto-rocha-sao-novas-vozes-da-estacao-do-correio-da-manha\/\",\"name\":\"Luciana Abreu e Alberto Rocha s\u00e3o novas vozes da esta\u00e7\u00e3o do Correio da Manh\u00e3 - Portal Tela Portugal\",\"isPartOf\":{\"@id\":\"https:\/\/portaltela.pt\/#website\"},\"primaryImageOfPage\":{\"@id\":\"https:\/\/portaltela.pt\/noticias\/2026\/04\/10\/luciana-abreu-e-alberto-rocha-sao-novas-vozes-da-estacao-do-correio-da-manha\/#primaryimage\"},\"image\":{\"@id\":\"https:\/\/portaltela.pt\/noticias\/2026\/04\/10\/luciana-abreu-e-alberto-rocha-sao-novas-vozes-da-estacao-do-correio-da-manha\/#primaryimage\"},\"thumbnailUrl\":\"https:\/\/portaltela.pt\/s.01k8rhncp4jt1\/2026\/04\/img_1500x1000uu2026-04-06-17-06-00-2276888.jpg\",\"datePublished\":\"2026-04-10T19:17:31+00:00\",\"author\":{\"@id\":\"https:\/\/portaltela.pt\/#\/schema\/person\/c4278d4a6028830caff9ee44b42d32ed\"},\"breadcrumb\":{\"@id\":\"https:\/\/portaltela.pt\/noticias\/2026\/04\/10\/luciana-abreu-e-alberto-rocha-sao-novas-vozes-da-estacao-do-correio-da-manha\/#breadcrumb\"},\"inLanguage\":\"pt-PT\",\"potentialAction\":[{\"@type\":\"ReadAction\",\"target\":[\"https:\/\/portaltela.pt\/noticias\/2026\/04\/10\/luciana-abreu-e-alberto-rocha-sao-novas-vozes-da-estacao-do-correio-da-manha\/\"]}]},{\"@type\":\"ImageObject\",\"inLanguage\":\"pt-PT\",\"@id\":\"https:\/\/portaltela.pt\/noticias\/2026\/04\/10\/luciana-abreu-e-alberto-rocha-sao-novas-vozes-da-estacao-do-correio-da-manha\/#primaryimage\",\"url\":\"https:\/\/portaltela.pt\/s.01k8rhncp4jt1\/2026\/04\/img_1500x1000uu2026-04-06-17-06-00-2276888.jpg\",\"contentUrl\":\"https:\/\/portaltela.pt\/s.01k8rhncp4jt1\/2026\/04\/img_1500x1000uu2026-04-06-17-06-00-2276888.jpg\",\"width\":796,\"height\":448,\"caption\":\"Luciana Abreu e Alberto Rocha v\u00e3o apresentar 'Regresso a Casa'\"},{\"@type\":\"BreadcrumbList\",\"@id\":\"https:\/\/portaltela.pt\/noticias\/2026\/04\/10\/luciana-abreu-e-alberto-rocha-sao-novas-vozes-da-estacao-do-correio-da-manha\/#breadcrumb\",\"itemListElement\":[{\"@type\":\"ListItem\",\"position\":1,\"name\":\"In\u00edcio\",\"item\":\"https:\/\/portaltela.pt\/\"},{\"@type\":\"ListItem\",\"position\":2,\"name\":\"Luciana Abreu e Alberto Rocha s\u00e3o novas vozes da esta\u00e7\u00e3o do Correio da Manh\u00e3\"}]},{\"@type\":\"WebSite\",\"@id\":\"https:\/\/portaltela.pt\/#website\",\"url\":\"https:\/\/portaltela.pt\/\",\"name\":\"Portal Tela Portugal\",\"description\":\"\",\"potentialAction\":[{\"@type\":\"SearchAction\",\"target\":{\"@type\":\"EntryPoint\",\"urlTemplate\":\"https:\/\/portaltela.pt\/?s={search_term_string}\"},\"query-input\":{\"@type\":\"PropertyValueSpecification\",\"valueRequired\":true,\"valueName\":\"search_term_string\"}}],\"inLanguage\":\"pt-PT\"},{\"@type\":\"Person\",\"@id\":\"https:\/\/portaltela.pt\/#\/schema\/person\/c4278d4a6028830caff9ee44b42d32ed\",\"name\":\"Telinha\",\"image\":{\"@type\":\"ImageObject\",\"inLanguage\":\"pt-PT\",\"@id\":\"https:\/\/portaltela.pt\/s.01k8rhncp4jt1\/2025\/11\/talking-bot-125x125.png\",\"url\":\"https:\/\/portaltela.pt\/s.01k8rhncp4jt1\/2025\/11\/talking-bot-125x125.png\",\"contentUrl\":\"https:\/\/portaltela.pt\/s.01k8rhncp4jt1\/2025\/11\/talking-bot-125x125.png\",\"caption\":\"Telinha\"},\"sameAs\":[\"https:\/\/portaltela.pt\/\"],\"url\":\"https:\/\/portaltela.pt\/por\/367410592786\/\"}]}<\/script>\n<!-- \/ Yoast SEO plugin. -->","yoast_head_json":{"title":"Luciana Abreu e Alberto Rocha s\u00e3o novas vozes da esta\u00e7\u00e3o do Correio da Manh\u00e3 - Portal Tela Portugal","robots":{"index":"index","follow":"follow","max-snippet":"max-snippet:-1","max-image-preview":"max-image-preview:large","max-video-preview":"max-video-preview:-1"},"og_locale":"pt_PT","og_type":"article","og_title":"Luciana Abreu e Alberto Rocha s\u00e3o novas vozes da esta\u00e7\u00e3o do Correio da Manh\u00e3 - Portal Tela Portugal","og_description":"Luciana Abreu vai apresentar o programa \u201cRegresso a Casa\u201d na Correio da Manh\u00e3 R\u00e1dio, a partir da pr\u00f3xima segunda-feira, em Lisboa, acompanhada pelo veterano Alberto Rocha, que faz a emiss\u00e3o a partir do Porto. O diretor executivo da esta\u00e7\u00e3o, Pedro Sousa, v\u00ea a mudan\u00e7a como mais um passo na consolida\u00e7\u00e3o da Correio da Manh\u00e3 R\u00e1dio, destacando a aposta nos mercados de Lisboa e do Porto. O espa\u00e7o vai ao ar de segunda a sexta-feira, entre as 16h00 e as 19h45, com voz, m\u00fasica, atualidade e humor para acompanhar o regresso a casa. Luciana Abreu trar\u00e1 a Fatinha, a conhecida \u201cBarbie Nortenha\u201d, ao est\u00fadio, que passa a acompanhar os ouvintes no trajeto de regresso ao lar. Alberto Rocha afirma que \u00e9 \u201cfant\u00e1stico\u201d voltar a trabalhar com Luciana Abreu, marcando o reencontro profissional de ambos.","og_url":"https:\/\/portaltela.pt\/noticias\/2026\/04\/10\/luciana-abreu-e-alberto-rocha-sao-novas-vozes-da-estacao-do-correio-da-manha\/","og_site_name":"Portal Tela Portugal","article_published_time":"2026-04-10T19:17:31+00:00","author":"Telinha","twitter_card":"summary_large_image","twitter_misc":{"Escrito por":"Telinha","Tempo estimado de leitura":"1 minuto"},"schema":{"@context":"https:\/\/schema.org","@graph":[{"@type":"Article","@id":"https:\/\/portaltela.pt\/noticias\/2026\/04\/10\/luciana-abreu-e-alberto-rocha-sao-novas-vozes-da-estacao-do-correio-da-manha\/#article","isPartOf":{"@id":"https:\/\/portaltela.pt\/noticias\/2026\/04\/10\/luciana-abreu-e-alberto-rocha-sao-novas-vozes-da-estacao-do-correio-da-manha\/"},"author":{"name":"Telinha","@id":"https:\/\/portaltela.pt\/#\/schema\/person\/c4278d4a6028830caff9ee44b42d32ed"},"headline":"Luciana Abreu e Alberto Rocha s\u00e3o novas vozes da esta\u00e7\u00e3o do Correio da Manh\u00e3","datePublished":"2026-04-10T19:17:31+00:00","mainEntityOfPage":{"@id":"https:\/\/portaltela.pt\/noticias\/2026\/04\/10\/luciana-abreu-e-alberto-rocha-sao-novas-vozes-da-estacao-do-correio-da-manha\/"},"wordCount":254,"image":{"@id":"https:\/\/portaltela.pt\/noticias\/2026\/04\/10\/luciana-abreu-e-alberto-rocha-sao-novas-vozes-da-estacao-do-correio-da-manha\/#primaryimage"},"thumbnailUrl":"https:\/\/portaltela.pt\/s.01k8rhncp4jt1\/2026\/04\/img_1500x1000uu2026-04-06-17-06-00-2276888.jpg","keywords":["celebidades","comunica\u00e7\u00e3o social","Lisboa","m\u00fasica","Porto","programa\u00e7\u00e3o"],"articleSection":["Celebridades","Entretenimento"],"inLanguage":"pt-PT"},{"@type":"WebPage","@id":"https:\/\/portaltela.pt\/noticias\/2026\/04\/10\/luciana-abreu-e-alberto-rocha-sao-novas-vozes-da-estacao-do-correio-da-manha\/","url":"https:\/\/portaltela.pt\/noticias\/2026\/04\/10\/luciana-abreu-e-alberto-rocha-sao-novas-vozes-da-estacao-do-correio-da-manha\/","name":"Luciana Abreu e Alberto Rocha s\u00e3o novas vozes da esta\u00e7\u00e3o do Correio da Manh\u00e3 - Portal Tela Portugal","isPartOf":{"@id":"https:\/\/portaltela.pt\/#website"},"primaryImageOfPage":{"@id":"https:\/\/portaltela.pt\/noticias\/2026\/04\/10\/luciana-abreu-e-alberto-rocha-sao-novas-vozes-da-estacao-do-correio-da-manha\/#primaryimage"},"image":{"@id":"https:\/\/portaltela.pt\/noticias\/2026\/04\/10\/luciana-abreu-e-alberto-rocha-sao-novas-vozes-da-estacao-do-correio-da-manha\/#primaryimage"},"thumbnailUrl":"https:\/\/portaltela.pt\/s.01k8rhncp4jt1\/2026\/04\/img_1500x1000uu2026-04-06-17-06-00-2276888.jpg","datePublished":"2026-04-10T19:17:31+00:00","author":{"@id":"https:\/\/portaltela.pt\/#\/schema\/person\/c4278d4a6028830caff9ee44b42d32ed"},"breadcrumb":{"@id":"https:\/\/portaltela.pt\/noticias\/2026\/04\/10\/luciana-abreu-e-alberto-rocha-sao-novas-vozes-da-estacao-do-correio-da-manha\/#breadcrumb"},"inLanguage":"pt-PT","potentialAction":[{"@type":"ReadAction","target":["https:\/\/portaltela.pt\/noticias\/2026\/04\/10\/luciana-abreu-e-alberto-rocha-sao-novas-vozes-da-estacao-do-correio-da-manha\/"]}]},{"@type":"ImageObject","inLanguage":"pt-PT","@id":"https:\/\/portaltela.pt\/noticias\/2026\/04\/10\/luciana-abreu-e-alberto-rocha-sao-novas-vozes-da-estacao-do-correio-da-manha\/#primaryimage","url":"https:\/\/portaltela.pt\/s.01k8rhncp4jt1\/2026\/04\/img_1500x1000uu2026-04-06-17-06-00-2276888.jpg","contentUrl":"https:\/\/portaltela.pt\/s.01k8rhncp4jt1\/2026\/04\/img_1500x1000uu2026-04-06-17-06-00-2276888.jpg","width":796,"height":448,"caption":"Luciana Abreu e Alberto Rocha v\u00e3o apresentar 'Regresso a Casa'"},{"@type":"BreadcrumbList","@id":"https:\/\/portaltela.pt\/noticias\/2026\/04\/10\/luciana-abreu-e-alberto-rocha-sao-novas-vozes-da-estacao-do-correio-da-manha\/#breadcrumb","itemListElement":[{"@type":"ListItem","position":1,"name":"In\u00edcio","item":"https:\/\/portaltela.pt\/"},{"@type":"ListItem","position":2,"name":"Luciana Abreu e Alberto Rocha s\u00e3o novas vozes da esta\u00e7\u00e3o do Correio da Manh\u00e3"}]},{"@type":"WebSite","@id":"https:\/\/portaltela.pt\/#website","url":"https:\/\/portaltela.pt\/","name":"Portal Tela Portugal","description":"","potentialAction":[{"@type":"SearchAction","target":{"@type":"EntryPoint","urlTemplate":"https:\/\/portaltela.pt\/?s={search_term_string}"},"query-input":{"@type":"PropertyValueSpecification","valueRequired":true,"valueName":"search_term_string"}}],"inLanguage":"pt-PT"},{"@type":"Person","@id":"https:\/\/portaltela.pt\/#\/schema\/person\/c4278d4a6028830caff9ee44b42d32ed","name":"Telinha","image":{"@type":"ImageObject","inLanguage":"pt-PT","@id":"https:\/\/portaltela.pt\/s.01k8rhncp4jt1\/2025\/11\/talking-bot-125x125.png","url":"https:\/\/portaltela.pt\/s.01k8rhncp4jt1\/2025\/11\/talking-bot-125x125.png","contentUrl":"https:\/\/portaltela.pt\/s.01k8rhncp4jt1\/2025\/11\/talking-bot-125x125.png","caption":"Telinha"},"sameAs":["https:\/\/portaltela.pt\/"],"url":"https:\/\/portaltela.pt\/por\/367410592786\/"}]}},"_links":{"self":[{"href":"https:\/\/portaltela.pt\/api\/wp\/v2\/posts\/439896","targetHints":{"allow":["GET"]}}],"collection":[{"href":"https:\/\/portaltela.pt\/api\/wp\/v2\/posts"}],"about":[{"href":"https:\/\/portaltela.pt\/api\/wp\/v2\/types\/post"}],"author":[{"embeddable":true,"href":"https:\/\/portaltela.pt\/api\/wp\/v2\/users\/2"}],"replies":[{"embeddable":true,"href":"https:\/\/portaltela.pt\/api\/wp\/v2\/comments?post=439896"}],"version-history":[{"count":0,"href":"https:\/\/portaltela.pt\/api\/wp\/v2\/posts\/439896\/revisions"}],"wp:featuredmedia":[{"embeddable":true,"href":"https:\/\/portaltela.pt\/api\/wp\/v2\/media\/439900"}],"wp:attachment":[{"href":"https:\/\/portaltela.pt\/api\/wp\/v2\/media?parent=439896"}],"wp:term":[{"taxonomy":"category","embeddable":true,"href":"https:\/\/portaltela.pt\/api\/wp\/v2\/categories?post=439896"},{"taxonomy":"post_tag","embeddable":true,"href":"https:\/\/portaltela.pt\/api\/wp\/v2\/tags?post=439896"}],"curies":[{"name":"wp","href":"https:\/\/api.w.org\/{rel}","templated":true}]}}