{"id":439890,"date":"2026-04-10T16:17:26","date_gmt":"2026-04-10T19:17:26","guid":{"rendered":"https:\/\/portaltela.pt\/noticias\/2026\/04\/10\/jota-silva-marca-na-vitoria-do-besiktas\/"},"modified":"2026-04-10T16:17:26","modified_gmt":"2026-04-10T19:17:26","slug":"jota-silva-marca-na-vitoria-do-besiktas","status":"publish","type":"post","link":"https:\/\/portaltela.pt\/desporto\/futebol\/2026\/04\/10\/jota-silva-marca-na-vitoria-do-besiktas\/","title":{"rendered":"Jota Silva marca na vit\u00f3ria do Besiktas"},"content":{"rendered":"<p>Jota Silva foi decisivo na vit\u00f3ria do Besiktas frente ao Antalyaspor, por 4-2, na 29\u00aa jornada da liga turca. O internacional portugu\u00eas marcou o segundo golo aos 9 minutos, ap\u00f3s Kokcu ter inaugurado o marcador aos 4\u2019.<\/p>\n<p>O sul-coreano Oh Hyeon-Gyu bisou aos 33 e 59 minutos, aumentando a vantagem da equipa de casa. Jota Silva somou o seu quarto golo no campeonato, n\u00e3o marcando desde 30 de novembro.<\/p>\n<p>O central portugu\u00eas Tiago Djal\u00f3 alinhou como titular e cumpriu os 90 minutos, enquanto Jota Silva foi substitu\u00eddo aos 83\u2019. Com o triunfo, o Besiktas mant\u00e9m o 4.\u00ba lugar, com 55 pontos; o Galatasaray lidera com 67 pontos e ainda com menos um jogo.<\/p>\n<h3>Situa\u00e7\u00e3o na liga<\/h3>\n<p>O Besiktas continua a melhorar a posi\u00e7\u00e3o na tabela, enquanto o Antalyaspor somou derrota fora de casa. O pr\u00f3ximo confronto pode influenciar a luta por vagas europeias, dependendo dos resultados dos jogos ainda por realizar.<\/p>\n","protected":false},"excerpt":{"rendered":"<ul>\n<li>O Besiktas venceu o Antalyaspor por 4-2 na 29\u00aa jornada da liga turca.<\/li>\n<li>Jota Silva marcou o segundo golo do Besiktas aos 9 minutos, depois de Kok\u00e7u ter inaugurado o marcador aos 4.<\/li>\n<li>Oh Hyeon-Gyu bisou aos 33&#8242; e 59&#8242;.<\/li>\n<li>Tiago Djal\u00f3 foi titular e jogou os 90 minutos; Jota Silva saiu aos 83&#8242;.<\/li>\n<li>Com a vit\u00f3ria, o Besiktas fica no 4.\u00ba lugar com 55 pontos, enquanto o l\u00edder Galatasaray soma 67 pontos e tem menos um jogo.<\/li>\n<\/ul>\n","protected":false},"author":2,"featured_media":439893,"comment_status":"closed","ping_status":"closed","sticky":false,"template":"","format":"standard","meta":{"footnotes":""},"categories":[21,24],"tags":[3747,32,3338,242,40,2126],"class_list":["post-439890","post","type-post","status-publish","format-standard","has-post-thumbnail","hentry","category-desporto","category-futebol","tag-besiktas","tag-futebol","tag-futebol-internacional","tag-jogadores","tag-pessoas","tag-turquia"],"yoast_head":"<!-- This site is optimized with the Yoast SEO plugin v27.2 - https:\/\/yoast.com\/product\/yoast-seo-wordpress\/ -->\n<title>Jota Silva marca na vit\u00f3ria do Besiktas - Portal Tela Portugal<\/title>\n<meta name=\"robots\" content=\"index, follow, max-snippet:-1, max-image-preview:large, max-video-preview:-1\" \/>\n<meta property=\"og:locale\" content=\"pt_PT\" \/>\n<meta property=\"og:type\" content=\"article\" \/>\n<meta property=\"og:title\" content=\"Jota Silva marca na vit\u00f3ria do Besiktas - Portal Tela Portugal\" \/>\n<meta property=\"og:description\" content=\"O Besiktas venceu o Antalyaspor por 4-2 na 29\u00aa jornada da liga turca. Jota Silva marcou o segundo golo do Besiktas aos 9 minutos, depois de Kok\u00e7u ter inaugurado o marcador aos 4. Oh Hyeon-Gyu bisou aos 33&#039; e 59&#039;. Tiago Djal\u00f3 foi titular e jogou os 90 minutos; Jota Silva saiu aos 83&#039;. Com a vit\u00f3ria, o Besiktas fica no 4.\u00ba lugar com 55 pontos, enquanto o l\u00edder Galatasaray soma 67 pontos e tem menos um jogo.\" \/>\n<meta property=\"og:url\" content=\"https:\/\/portaltela.pt\/noticias\/2026\/04\/10\/jota-silva-marca-na-vitoria-do-besiktas\/\" \/>\n<meta property=\"og:site_name\" content=\"Portal Tela Portugal\" \/>\n<meta property=\"article:published_time\" content=\"2026-04-10T19:17:26+00:00\" \/>\n<meta name=\"author\" content=\"Telinha\" \/>\n<meta name=\"twitter:card\" content=\"summary_large_image\" \/>\n<meta name=\"twitter:label1\" content=\"Escrito por\" \/>\n\t<meta name=\"twitter:data1\" content=\"Telinha\" \/>\n\t<meta name=\"twitter:label2\" content=\"Tempo estimado de leitura\" \/>\n\t<meta name=\"twitter:data2\" content=\"1 minuto\" \/>\n<script type=\"application\/ld+json\" class=\"yoast-schema-graph\">{\"@context\":\"https:\/\/schema.org\",\"@graph\":[{\"@type\":\"Article\",\"@id\":\"https:\/\/portaltela.pt\/noticias\/2026\/04\/10\/jota-silva-marca-na-vitoria-do-besiktas\/#article\",\"isPartOf\":{\"@id\":\"https:\/\/portaltela.pt\/noticias\/2026\/04\/10\/jota-silva-marca-na-vitoria-do-besiktas\/\"},\"author\":{\"name\":\"Telinha\",\"@id\":\"https:\/\/portaltela.pt\/#\/schema\/person\/c4278d4a6028830caff9ee44b42d32ed\"},\"headline\":\"Jota Silva marca na vit\u00f3ria do Besiktas\",\"datePublished\":\"2026-04-10T19:17:26+00:00\",\"mainEntityOfPage\":{\"@id\":\"https:\/\/portaltela.pt\/noticias\/2026\/04\/10\/jota-silva-marca-na-vitoria-do-besiktas\/\"},\"wordCount\":158,\"image\":{\"@id\":\"https:\/\/portaltela.pt\/noticias\/2026\/04\/10\/jota-silva-marca-na-vitoria-do-besiktas\/#primaryimage\"},\"thumbnailUrl\":\"https:\/\/portaltela.pt\/s.01k8rhncp4jt1\/2026\/04\/img_920x518uu2025-12-09-12-13-21-2408049.jpg\",\"keywords\":[\"Besiktas\",\"futebol\",\"futebol internacional\",\"jogadores\",\"pessoas\",\"Turquia\"],\"articleSection\":[\"Desporto\",\"Futebol\"],\"inLanguage\":\"pt-PT\"},{\"@type\":\"WebPage\",\"@id\":\"https:\/\/portaltela.pt\/noticias\/2026\/04\/10\/jota-silva-marca-na-vitoria-do-besiktas\/\",\"url\":\"https:\/\/portaltela.pt\/noticias\/2026\/04\/10\/jota-silva-marca-na-vitoria-do-besiktas\/\",\"name\":\"Jota Silva marca na vit\u00f3ria do Besiktas - Portal Tela Portugal\",\"isPartOf\":{\"@id\":\"https:\/\/portaltela.pt\/#website\"},\"primaryImageOfPage\":{\"@id\":\"https:\/\/portaltela.pt\/noticias\/2026\/04\/10\/jota-silva-marca-na-vitoria-do-besiktas\/#primaryimage\"},\"image\":{\"@id\":\"https:\/\/portaltela.pt\/noticias\/2026\/04\/10\/jota-silva-marca-na-vitoria-do-besiktas\/#primaryimage\"},\"thumbnailUrl\":\"https:\/\/portaltela.pt\/s.01k8rhncp4jt1\/2026\/04\/img_920x518uu2025-12-09-12-13-21-2408049.jpg\",\"datePublished\":\"2026-04-10T19:17:26+00:00\",\"author\":{\"@id\":\"https:\/\/portaltela.pt\/#\/schema\/person\/c4278d4a6028830caff9ee44b42d32ed\"},\"breadcrumb\":{\"@id\":\"https:\/\/portaltela.pt\/noticias\/2026\/04\/10\/jota-silva-marca-na-vitoria-do-besiktas\/#breadcrumb\"},\"inLanguage\":\"pt-PT\",\"potentialAction\":[{\"@type\":\"ReadAction\",\"target\":[\"https:\/\/portaltela.pt\/noticias\/2026\/04\/10\/jota-silva-marca-na-vitoria-do-besiktas\/\"]}]},{\"@type\":\"ImageObject\",\"inLanguage\":\"pt-PT\",\"@id\":\"https:\/\/portaltela.pt\/noticias\/2026\/04\/10\/jota-silva-marca-na-vitoria-do-besiktas\/#primaryimage\",\"url\":\"https:\/\/portaltela.pt\/s.01k8rhncp4jt1\/2026\/04\/img_920x518uu2025-12-09-12-13-21-2408049.jpg\",\"contentUrl\":\"https:\/\/portaltela.pt\/s.01k8rhncp4jt1\/2026\/04\/img_920x518uu2025-12-09-12-13-21-2408049.jpg\",\"width\":796,\"height\":448,\"caption\":\"Jota Silva marcou na 29.\u00aa jornada da liga turca\"},{\"@type\":\"BreadcrumbList\",\"@id\":\"https:\/\/portaltela.pt\/noticias\/2026\/04\/10\/jota-silva-marca-na-vitoria-do-besiktas\/#breadcrumb\",\"itemListElement\":[{\"@type\":\"ListItem\",\"position\":1,\"name\":\"In\u00edcio\",\"item\":\"https:\/\/portaltela.pt\/\"},{\"@type\":\"ListItem\",\"position\":2,\"name\":\"Jota Silva marca na vit\u00f3ria do Besiktas\"}]},{\"@type\":\"WebSite\",\"@id\":\"https:\/\/portaltela.pt\/#website\",\"url\":\"https:\/\/portaltela.pt\/\",\"name\":\"Portal Tela Portugal\",\"description\":\"\",\"potentialAction\":[{\"@type\":\"SearchAction\",\"target\":{\"@type\":\"EntryPoint\",\"urlTemplate\":\"https:\/\/portaltela.pt\/?s={search_term_string}\"},\"query-input\":{\"@type\":\"PropertyValueSpecification\",\"valueRequired\":true,\"valueName\":\"search_term_string\"}}],\"inLanguage\":\"pt-PT\"},{\"@type\":\"Person\",\"@id\":\"https:\/\/portaltela.pt\/#\/schema\/person\/c4278d4a6028830caff9ee44b42d32ed\",\"name\":\"Telinha\",\"image\":{\"@type\":\"ImageObject\",\"inLanguage\":\"pt-PT\",\"@id\":\"https:\/\/portaltela.pt\/s.01k8rhncp4jt1\/2025\/11\/talking-bot-125x125.png\",\"url\":\"https:\/\/portaltela.pt\/s.01k8rhncp4jt1\/2025\/11\/talking-bot-125x125.png\",\"contentUrl\":\"https:\/\/portaltela.pt\/s.01k8rhncp4jt1\/2025\/11\/talking-bot-125x125.png\",\"caption\":\"Telinha\"},\"sameAs\":[\"https:\/\/portaltela.pt\/\"],\"url\":\"https:\/\/portaltela.pt\/por\/367410592786\/\"}]}<\/script>\n<!-- \/ Yoast SEO plugin. -->","yoast_head_json":{"title":"Jota Silva marca na vit\u00f3ria do Besiktas - Portal Tela Portugal","robots":{"index":"index","follow":"follow","max-snippet":"max-snippet:-1","max-image-preview":"max-image-preview:large","max-video-preview":"max-video-preview:-1"},"og_locale":"pt_PT","og_type":"article","og_title":"Jota Silva marca na vit\u00f3ria do Besiktas - Portal Tela Portugal","og_description":"O Besiktas venceu o Antalyaspor por 4-2 na 29\u00aa jornada da liga turca. Jota Silva marcou o segundo golo do Besiktas aos 9 minutos, depois de Kok\u00e7u ter inaugurado o marcador aos 4. Oh Hyeon-Gyu bisou aos 33' e 59'. Tiago Djal\u00f3 foi titular e jogou os 90 minutos; Jota Silva saiu aos 83'. Com a vit\u00f3ria, o Besiktas fica no 4.\u00ba lugar com 55 pontos, enquanto o l\u00edder Galatasaray soma 67 pontos e tem menos um jogo.","og_url":"https:\/\/portaltela.pt\/noticias\/2026\/04\/10\/jota-silva-marca-na-vitoria-do-besiktas\/","og_site_name":"Portal Tela Portugal","article_published_time":"2026-04-10T19:17:26+00:00","author":"Telinha","twitter_card":"summary_large_image","twitter_misc":{"Escrito por":"Telinha","Tempo estimado de leitura":"1 minuto"},"schema":{"@context":"https:\/\/schema.org","@graph":[{"@type":"Article","@id":"https:\/\/portaltela.pt\/noticias\/2026\/04\/10\/jota-silva-marca-na-vitoria-do-besiktas\/#article","isPartOf":{"@id":"https:\/\/portaltela.pt\/noticias\/2026\/04\/10\/jota-silva-marca-na-vitoria-do-besiktas\/"},"author":{"name":"Telinha","@id":"https:\/\/portaltela.pt\/#\/schema\/person\/c4278d4a6028830caff9ee44b42d32ed"},"headline":"Jota Silva marca na vit\u00f3ria do Besiktas","datePublished":"2026-04-10T19:17:26+00:00","mainEntityOfPage":{"@id":"https:\/\/portaltela.pt\/noticias\/2026\/04\/10\/jota-silva-marca-na-vitoria-do-besiktas\/"},"wordCount":158,"image":{"@id":"https:\/\/portaltela.pt\/noticias\/2026\/04\/10\/jota-silva-marca-na-vitoria-do-besiktas\/#primaryimage"},"thumbnailUrl":"https:\/\/portaltela.pt\/s.01k8rhncp4jt1\/2026\/04\/img_920x518uu2025-12-09-12-13-21-2408049.jpg","keywords":["Besiktas","futebol","futebol internacional","jogadores","pessoas","Turquia"],"articleSection":["Desporto","Futebol"],"inLanguage":"pt-PT"},{"@type":"WebPage","@id":"https:\/\/portaltela.pt\/noticias\/2026\/04\/10\/jota-silva-marca-na-vitoria-do-besiktas\/","url":"https:\/\/portaltela.pt\/noticias\/2026\/04\/10\/jota-silva-marca-na-vitoria-do-besiktas\/","name":"Jota Silva marca na vit\u00f3ria do Besiktas - Portal Tela Portugal","isPartOf":{"@id":"https:\/\/portaltela.pt\/#website"},"primaryImageOfPage":{"@id":"https:\/\/portaltela.pt\/noticias\/2026\/04\/10\/jota-silva-marca-na-vitoria-do-besiktas\/#primaryimage"},"image":{"@id":"https:\/\/portaltela.pt\/noticias\/2026\/04\/10\/jota-silva-marca-na-vitoria-do-besiktas\/#primaryimage"},"thumbnailUrl":"https:\/\/portaltela.pt\/s.01k8rhncp4jt1\/2026\/04\/img_920x518uu2025-12-09-12-13-21-2408049.jpg","datePublished":"2026-04-10T19:17:26+00:00","author":{"@id":"https:\/\/portaltela.pt\/#\/schema\/person\/c4278d4a6028830caff9ee44b42d32ed"},"breadcrumb":{"@id":"https:\/\/portaltela.pt\/noticias\/2026\/04\/10\/jota-silva-marca-na-vitoria-do-besiktas\/#breadcrumb"},"inLanguage":"pt-PT","potentialAction":[{"@type":"ReadAction","target":["https:\/\/portaltela.pt\/noticias\/2026\/04\/10\/jota-silva-marca-na-vitoria-do-besiktas\/"]}]},{"@type":"ImageObject","inLanguage":"pt-PT","@id":"https:\/\/portaltela.pt\/noticias\/2026\/04\/10\/jota-silva-marca-na-vitoria-do-besiktas\/#primaryimage","url":"https:\/\/portaltela.pt\/s.01k8rhncp4jt1\/2026\/04\/img_920x518uu2025-12-09-12-13-21-2408049.jpg","contentUrl":"https:\/\/portaltela.pt\/s.01k8rhncp4jt1\/2026\/04\/img_920x518uu2025-12-09-12-13-21-2408049.jpg","width":796,"height":448,"caption":"Jota Silva marcou na 29.\u00aa jornada da liga turca"},{"@type":"BreadcrumbList","@id":"https:\/\/portaltela.pt\/noticias\/2026\/04\/10\/jota-silva-marca-na-vitoria-do-besiktas\/#breadcrumb","itemListElement":[{"@type":"ListItem","position":1,"name":"In\u00edcio","item":"https:\/\/portaltela.pt\/"},{"@type":"ListItem","position":2,"name":"Jota Silva marca na vit\u00f3ria do Besiktas"}]},{"@type":"WebSite","@id":"https:\/\/portaltela.pt\/#website","url":"https:\/\/portaltela.pt\/","name":"Portal Tela Portugal","description":"","potentialAction":[{"@type":"SearchAction","target":{"@type":"EntryPoint","urlTemplate":"https:\/\/portaltela.pt\/?s={search_term_string}"},"query-input":{"@type":"PropertyValueSpecification","valueRequired":true,"valueName":"search_term_string"}}],"inLanguage":"pt-PT"},{"@type":"Person","@id":"https:\/\/portaltela.pt\/#\/schema\/person\/c4278d4a6028830caff9ee44b42d32ed","name":"Telinha","image":{"@type":"ImageObject","inLanguage":"pt-PT","@id":"https:\/\/portaltela.pt\/s.01k8rhncp4jt1\/2025\/11\/talking-bot-125x125.png","url":"https:\/\/portaltela.pt\/s.01k8rhncp4jt1\/2025\/11\/talking-bot-125x125.png","contentUrl":"https:\/\/portaltela.pt\/s.01k8rhncp4jt1\/2025\/11\/talking-bot-125x125.png","caption":"Telinha"},"sameAs":["https:\/\/portaltela.pt\/"],"url":"https:\/\/portaltela.pt\/por\/367410592786\/"}]}},"_links":{"self":[{"href":"https:\/\/portaltela.pt\/api\/wp\/v2\/posts\/439890","targetHints":{"allow":["GET"]}}],"collection":[{"href":"https:\/\/portaltela.pt\/api\/wp\/v2\/posts"}],"about":[{"href":"https:\/\/portaltela.pt\/api\/wp\/v2\/types\/post"}],"author":[{"embeddable":true,"href":"https:\/\/portaltela.pt\/api\/wp\/v2\/users\/2"}],"replies":[{"embeddable":true,"href":"https:\/\/portaltela.pt\/api\/wp\/v2\/comments?post=439890"}],"version-history":[{"count":0,"href":"https:\/\/portaltela.pt\/api\/wp\/v2\/posts\/439890\/revisions"}],"wp:featuredmedia":[{"embeddable":true,"href":"https:\/\/portaltela.pt\/api\/wp\/v2\/media\/439893"}],"wp:attachment":[{"href":"https:\/\/portaltela.pt\/api\/wp\/v2\/media?parent=439890"}],"wp:term":[{"taxonomy":"category","embeddable":true,"href":"https:\/\/portaltela.pt\/api\/wp\/v2\/categories?post=439890"},{"taxonomy":"post_tag","embeddable":true,"href":"https:\/\/portaltela.pt\/api\/wp\/v2\/tags?post=439890"}],"curies":[{"name":"wp","href":"https:\/\/api.w.org\/{rel}","templated":true}]}}