{"id":439883,"date":"2026-04-10T16:17:19","date_gmt":"2026-04-10T19:17:19","guid":{"rendered":"https:\/\/portaltela.pt\/noticias\/2026\/04\/10\/la-liga-promove-jornada-retro-com-camisolas-bola-e-transmissao-televisiva\/"},"modified":"2026-04-10T16:17:19","modified_gmt":"2026-04-10T19:17:19","slug":"la-liga-promove-jornada-retro-com-camisolas-bola-e-transmissao-televisiva","status":"publish","type":"post","link":"https:\/\/portaltela.pt\/desporto\/futebol\/2026\/04\/10\/la-liga-promove-jornada-retro-com-camisolas-bola-e-transmissao-televisiva\/","title":{"rendered":"La Liga promove jornada retro com camisolas, bola e transmiss\u00e3o televisiva"},"content":{"rendered":"<p>A La Liga vai promover uma jornada retro, com camisolas antigas, uma bola desenhada para a ronda e transmiss\u00e3o televisiva que recupera grafismos do passado. O objetivo \u00e9 recordar o passado do campeonato espanhol.<\/p>\n<p>Ao longo do fim de semana, clubes v\u00e3o vestir equipamentos com design de \u00e9pocas anteriores e v\u00e1rias imagens hist\u00f3ricas v\u00e3o ser evocados nas transmiss\u00f5es. A iniciativa inclui tamb\u00e9m uma bola especial para a jornada e desenhos retr\u00f4 em eventos da liga.<\/p>\n<p>A Barcelona aparece entre os emblemas reimaginados, com o s\u00edmbolo do Spotify integrado no equipamento. Outros clubes apostam em publicidade vintage e em refer\u00eancias visuais de anos anteriores.<\/p>\n<h3>Detalhes da Jornada Retro<\/h3>\n<p>Equipas como Osasuna v\u00e3o exibir publicidade antiga, incluindo a campanha Kosner Climatizaci\u00f3n Eficiente em parte dos equipamentos. A liga destaca a nostalgia sem alterar as regras ou o formato dos jogos.<\/p>\n<p>Al\u00e9m disso, a transmiss\u00e3o televisiva vai manter-se fiel ao formato atual, mas com elementos visuais que remetem ao passado. A a\u00e7\u00e3o pretende criar uma experi\u00eancia tem\u00e1tica para f\u00e3s, sem impactar o planeamento dos resultados.<\/p>\n<p>O programa inclui ainda imagens de equipas que vivem a experi\u00eancia com camisolas cl\u00e1ssicas. A liga enfatiza a viagem no tempo sem abandonar o foco no que se passa em campo, mantendo a neutralidade e a objetividade jornal\u00edstica.<\/p>\n","protected":false},"excerpt":{"rendered":"<ul>\n<li>A La Liga vai promover uma jornada retro, de hoje a segunda-feira, para recuperar o visual do passado.<\/li>\n<li>A iniciativa inclui camisolas antigas, uma bola desenhada para esta ronda e transmiss\u00f5es televisivas com grafismos hist\u00f3ricos.<\/li>\n<li>Equipa que se destaca na promo\u00e7\u00e3o inclui o Barcelona, com o s\u00edmbolo do Spotify no equipamento, entre outros exemplos que evocam o passado.<\/li>\n<li>O objetivo \u00e9 recuperar desenhos e grafismos de antigamente e criar nostalgia entre f\u00e3s e p\u00fablicos.<\/li>\n<\/ul>\n","protected":false},"author":2,"featured_media":439886,"comment_status":"closed","ping_status":"closed","sticky":false,"template":"","format":"standard","meta":{"footnotes":""},"categories":[21,24],"tags":[7755,152,32,1789,5799],"class_list":["post-439883","post","type-post","status-publish","format-standard","has-post-thumbnail","hentry","category-desporto","category-futebol","tag-_futebol","tag-desporto","tag-futebol","tag-la-liga","tag-transmissoes"],"yoast_head":"<!-- This site is optimized with the Yoast SEO plugin v27.2 - https:\/\/yoast.com\/product\/yoast-seo-wordpress\/ -->\n<title>La Liga promove jornada retro com camisolas, bola e transmiss\u00e3o televisiva - Portal Tela Portugal<\/title>\n<meta name=\"robots\" content=\"index, follow, max-snippet:-1, max-image-preview:large, max-video-preview:-1\" \/>\n<meta property=\"og:locale\" content=\"pt_PT\" \/>\n<meta property=\"og:type\" content=\"article\" \/>\n<meta property=\"og:title\" content=\"La Liga promove jornada retro com camisolas, bola e transmiss\u00e3o televisiva - Portal Tela Portugal\" \/>\n<meta property=\"og:description\" content=\"A La Liga vai promover uma jornada retro, de hoje a segunda-feira, para recuperar o visual do passado. A iniciativa inclui camisolas antigas, uma bola desenhada para esta ronda e transmiss\u00f5es televisivas com grafismos hist\u00f3ricos. Equipa que se destaca na promo\u00e7\u00e3o inclui o Barcelona, com o s\u00edmbolo do Spotify no equipamento, entre outros exemplos que evocam o passado. O objetivo \u00e9 recuperar desenhos e grafismos de antigamente e criar nostalgia entre f\u00e3s e p\u00fablicos.\" \/>\n<meta property=\"og:url\" content=\"https:\/\/portaltela.pt\/noticias\/2026\/04\/10\/la-liga-promove-jornada-retro-com-camisolas-bola-e-transmissao-televisiva\/\" \/>\n<meta property=\"og:site_name\" content=\"Portal Tela Portugal\" \/>\n<meta property=\"article:published_time\" content=\"2026-04-10T19:17:19+00:00\" \/>\n<meta name=\"author\" content=\"Telinha\" \/>\n<meta name=\"twitter:card\" content=\"summary_large_image\" \/>\n<meta name=\"twitter:label1\" content=\"Escrito por\" \/>\n\t<meta name=\"twitter:data1\" content=\"Telinha\" \/>\n\t<meta name=\"twitter:label2\" content=\"Tempo estimado de leitura\" \/>\n\t<meta name=\"twitter:data2\" content=\"1 minuto\" \/>\n<script type=\"application\/ld+json\" class=\"yoast-schema-graph\">{\"@context\":\"https:\/\/schema.org\",\"@graph\":[{\"@type\":\"Article\",\"@id\":\"https:\/\/portaltela.pt\/noticias\/2026\/04\/10\/la-liga-promove-jornada-retro-com-camisolas-bola-e-transmissao-televisiva\/#article\",\"isPartOf\":{\"@id\":\"https:\/\/portaltela.pt\/noticias\/2026\/04\/10\/la-liga-promove-jornada-retro-com-camisolas-bola-e-transmissao-televisiva\/\"},\"author\":{\"name\":\"Telinha\",\"@id\":\"https:\/\/portaltela.pt\/#\/schema\/person\/c4278d4a6028830caff9ee44b42d32ed\"},\"headline\":\"La Liga promove jornada retro com camisolas, bola e transmiss\u00e3o televisiva\",\"datePublished\":\"2026-04-10T19:17:19+00:00\",\"mainEntityOfPage\":{\"@id\":\"https:\/\/portaltela.pt\/noticias\/2026\/04\/10\/la-liga-promove-jornada-retro-com-camisolas-bola-e-transmissao-televisiva\/\"},\"wordCount\":241,\"image\":{\"@id\":\"https:\/\/portaltela.pt\/noticias\/2026\/04\/10\/la-liga-promove-jornada-retro-com-camisolas-bola-e-transmissao-televisiva\/#primaryimage\"},\"thumbnailUrl\":\"https:\/\/portaltela.pt\/s.01k8rhncp4jt1\/2026\/04\/img_1200x721uu2026-04-10-19-48-10-2432254.jpg\",\"keywords\":[\"_futebol\",\"desporto\",\"futebol\",\"La Liga\",\"transmiss\u00f5es\"],\"articleSection\":[\"Desporto\",\"Futebol\"],\"inLanguage\":\"pt-PT\"},{\"@type\":\"WebPage\",\"@id\":\"https:\/\/portaltela.pt\/noticias\/2026\/04\/10\/la-liga-promove-jornada-retro-com-camisolas-bola-e-transmissao-televisiva\/\",\"url\":\"https:\/\/portaltela.pt\/noticias\/2026\/04\/10\/la-liga-promove-jornada-retro-com-camisolas-bola-e-transmissao-televisiva\/\",\"name\":\"La Liga promove jornada retro com camisolas, bola e transmiss\u00e3o televisiva - Portal Tela Portugal\",\"isPartOf\":{\"@id\":\"https:\/\/portaltela.pt\/#website\"},\"primaryImageOfPage\":{\"@id\":\"https:\/\/portaltela.pt\/noticias\/2026\/04\/10\/la-liga-promove-jornada-retro-com-camisolas-bola-e-transmissao-televisiva\/#primaryimage\"},\"image\":{\"@id\":\"https:\/\/portaltela.pt\/noticias\/2026\/04\/10\/la-liga-promove-jornada-retro-com-camisolas-bola-e-transmissao-televisiva\/#primaryimage\"},\"thumbnailUrl\":\"https:\/\/portaltela.pt\/s.01k8rhncp4jt1\/2026\/04\/img_1200x721uu2026-04-10-19-48-10-2432254.jpg\",\"datePublished\":\"2026-04-10T19:17:19+00:00\",\"author\":{\"@id\":\"https:\/\/portaltela.pt\/#\/schema\/person\/c4278d4a6028830caff9ee44b42d32ed\"},\"breadcrumb\":{\"@id\":\"https:\/\/portaltela.pt\/noticias\/2026\/04\/10\/la-liga-promove-jornada-retro-com-camisolas-bola-e-transmissao-televisiva\/#breadcrumb\"},\"inLanguage\":\"pt-PT\",\"potentialAction\":[{\"@type\":\"ReadAction\",\"target\":[\"https:\/\/portaltela.pt\/noticias\/2026\/04\/10\/la-liga-promove-jornada-retro-com-camisolas-bola-e-transmissao-televisiva\/\"]}]},{\"@type\":\"ImageObject\",\"inLanguage\":\"pt-PT\",\"@id\":\"https:\/\/portaltela.pt\/noticias\/2026\/04\/10\/la-liga-promove-jornada-retro-com-camisolas-bola-e-transmissao-televisiva\/#primaryimage\",\"url\":\"https:\/\/portaltela.pt\/s.01k8rhncp4jt1\/2026\/04\/img_1200x721uu2026-04-10-19-48-10-2432254.jpg\",\"contentUrl\":\"https:\/\/portaltela.pt\/s.01k8rhncp4jt1\/2026\/04\/img_1200x721uu2026-04-10-19-48-10-2432254.jpg\",\"width\":796,\"height\":448,\"caption\":\"Transmiss\u00e3o televisiva remete para o passado\"},{\"@type\":\"BreadcrumbList\",\"@id\":\"https:\/\/portaltela.pt\/noticias\/2026\/04\/10\/la-liga-promove-jornada-retro-com-camisolas-bola-e-transmissao-televisiva\/#breadcrumb\",\"itemListElement\":[{\"@type\":\"ListItem\",\"position\":1,\"name\":\"In\u00edcio\",\"item\":\"https:\/\/portaltela.pt\/\"},{\"@type\":\"ListItem\",\"position\":2,\"name\":\"La Liga promove jornada retro com camisolas, bola e transmiss\u00e3o televisiva\"}]},{\"@type\":\"WebSite\",\"@id\":\"https:\/\/portaltela.pt\/#website\",\"url\":\"https:\/\/portaltela.pt\/\",\"name\":\"Portal Tela Portugal\",\"description\":\"\",\"potentialAction\":[{\"@type\":\"SearchAction\",\"target\":{\"@type\":\"EntryPoint\",\"urlTemplate\":\"https:\/\/portaltela.pt\/?s={search_term_string}\"},\"query-input\":{\"@type\":\"PropertyValueSpecification\",\"valueRequired\":true,\"valueName\":\"search_term_string\"}}],\"inLanguage\":\"pt-PT\"},{\"@type\":\"Person\",\"@id\":\"https:\/\/portaltela.pt\/#\/schema\/person\/c4278d4a6028830caff9ee44b42d32ed\",\"name\":\"Telinha\",\"image\":{\"@type\":\"ImageObject\",\"inLanguage\":\"pt-PT\",\"@id\":\"https:\/\/portaltela.pt\/s.01k8rhncp4jt1\/2025\/11\/talking-bot-125x125.png\",\"url\":\"https:\/\/portaltela.pt\/s.01k8rhncp4jt1\/2025\/11\/talking-bot-125x125.png\",\"contentUrl\":\"https:\/\/portaltela.pt\/s.01k8rhncp4jt1\/2025\/11\/talking-bot-125x125.png\",\"caption\":\"Telinha\"},\"sameAs\":[\"https:\/\/portaltela.pt\/\"],\"url\":\"https:\/\/portaltela.pt\/por\/367410592786\/\"}]}<\/script>\n<!-- \/ Yoast SEO plugin. -->","yoast_head_json":{"title":"La Liga promove jornada retro com camisolas, bola e transmiss\u00e3o televisiva - Portal Tela Portugal","robots":{"index":"index","follow":"follow","max-snippet":"max-snippet:-1","max-image-preview":"max-image-preview:large","max-video-preview":"max-video-preview:-1"},"og_locale":"pt_PT","og_type":"article","og_title":"La Liga promove jornada retro com camisolas, bola e transmiss\u00e3o televisiva - Portal Tela Portugal","og_description":"A La Liga vai promover uma jornada retro, de hoje a segunda-feira, para recuperar o visual do passado. A iniciativa inclui camisolas antigas, uma bola desenhada para esta ronda e transmiss\u00f5es televisivas com grafismos hist\u00f3ricos. Equipa que se destaca na promo\u00e7\u00e3o inclui o Barcelona, com o s\u00edmbolo do Spotify no equipamento, entre outros exemplos que evocam o passado. O objetivo \u00e9 recuperar desenhos e grafismos de antigamente e criar nostalgia entre f\u00e3s e p\u00fablicos.","og_url":"https:\/\/portaltela.pt\/noticias\/2026\/04\/10\/la-liga-promove-jornada-retro-com-camisolas-bola-e-transmissao-televisiva\/","og_site_name":"Portal Tela Portugal","article_published_time":"2026-04-10T19:17:19+00:00","author":"Telinha","twitter_card":"summary_large_image","twitter_misc":{"Escrito por":"Telinha","Tempo estimado de leitura":"1 minuto"},"schema":{"@context":"https:\/\/schema.org","@graph":[{"@type":"Article","@id":"https:\/\/portaltela.pt\/noticias\/2026\/04\/10\/la-liga-promove-jornada-retro-com-camisolas-bola-e-transmissao-televisiva\/#article","isPartOf":{"@id":"https:\/\/portaltela.pt\/noticias\/2026\/04\/10\/la-liga-promove-jornada-retro-com-camisolas-bola-e-transmissao-televisiva\/"},"author":{"name":"Telinha","@id":"https:\/\/portaltela.pt\/#\/schema\/person\/c4278d4a6028830caff9ee44b42d32ed"},"headline":"La Liga promove jornada retro com camisolas, bola e transmiss\u00e3o televisiva","datePublished":"2026-04-10T19:17:19+00:00","mainEntityOfPage":{"@id":"https:\/\/portaltela.pt\/noticias\/2026\/04\/10\/la-liga-promove-jornada-retro-com-camisolas-bola-e-transmissao-televisiva\/"},"wordCount":241,"image":{"@id":"https:\/\/portaltela.pt\/noticias\/2026\/04\/10\/la-liga-promove-jornada-retro-com-camisolas-bola-e-transmissao-televisiva\/#primaryimage"},"thumbnailUrl":"https:\/\/portaltela.pt\/s.01k8rhncp4jt1\/2026\/04\/img_1200x721uu2026-04-10-19-48-10-2432254.jpg","keywords":["_futebol","desporto","futebol","La Liga","transmiss\u00f5es"],"articleSection":["Desporto","Futebol"],"inLanguage":"pt-PT"},{"@type":"WebPage","@id":"https:\/\/portaltela.pt\/noticias\/2026\/04\/10\/la-liga-promove-jornada-retro-com-camisolas-bola-e-transmissao-televisiva\/","url":"https:\/\/portaltela.pt\/noticias\/2026\/04\/10\/la-liga-promove-jornada-retro-com-camisolas-bola-e-transmissao-televisiva\/","name":"La Liga promove jornada retro com camisolas, bola e transmiss\u00e3o televisiva - Portal Tela Portugal","isPartOf":{"@id":"https:\/\/portaltela.pt\/#website"},"primaryImageOfPage":{"@id":"https:\/\/portaltela.pt\/noticias\/2026\/04\/10\/la-liga-promove-jornada-retro-com-camisolas-bola-e-transmissao-televisiva\/#primaryimage"},"image":{"@id":"https:\/\/portaltela.pt\/noticias\/2026\/04\/10\/la-liga-promove-jornada-retro-com-camisolas-bola-e-transmissao-televisiva\/#primaryimage"},"thumbnailUrl":"https:\/\/portaltela.pt\/s.01k8rhncp4jt1\/2026\/04\/img_1200x721uu2026-04-10-19-48-10-2432254.jpg","datePublished":"2026-04-10T19:17:19+00:00","author":{"@id":"https:\/\/portaltela.pt\/#\/schema\/person\/c4278d4a6028830caff9ee44b42d32ed"},"breadcrumb":{"@id":"https:\/\/portaltela.pt\/noticias\/2026\/04\/10\/la-liga-promove-jornada-retro-com-camisolas-bola-e-transmissao-televisiva\/#breadcrumb"},"inLanguage":"pt-PT","potentialAction":[{"@type":"ReadAction","target":["https:\/\/portaltela.pt\/noticias\/2026\/04\/10\/la-liga-promove-jornada-retro-com-camisolas-bola-e-transmissao-televisiva\/"]}]},{"@type":"ImageObject","inLanguage":"pt-PT","@id":"https:\/\/portaltela.pt\/noticias\/2026\/04\/10\/la-liga-promove-jornada-retro-com-camisolas-bola-e-transmissao-televisiva\/#primaryimage","url":"https:\/\/portaltela.pt\/s.01k8rhncp4jt1\/2026\/04\/img_1200x721uu2026-04-10-19-48-10-2432254.jpg","contentUrl":"https:\/\/portaltela.pt\/s.01k8rhncp4jt1\/2026\/04\/img_1200x721uu2026-04-10-19-48-10-2432254.jpg","width":796,"height":448,"caption":"Transmiss\u00e3o televisiva remete para o passado"},{"@type":"BreadcrumbList","@id":"https:\/\/portaltela.pt\/noticias\/2026\/04\/10\/la-liga-promove-jornada-retro-com-camisolas-bola-e-transmissao-televisiva\/#breadcrumb","itemListElement":[{"@type":"ListItem","position":1,"name":"In\u00edcio","item":"https:\/\/portaltela.pt\/"},{"@type":"ListItem","position":2,"name":"La Liga promove jornada retro com camisolas, bola e transmiss\u00e3o televisiva"}]},{"@type":"WebSite","@id":"https:\/\/portaltela.pt\/#website","url":"https:\/\/portaltela.pt\/","name":"Portal Tela Portugal","description":"","potentialAction":[{"@type":"SearchAction","target":{"@type":"EntryPoint","urlTemplate":"https:\/\/portaltela.pt\/?s={search_term_string}"},"query-input":{"@type":"PropertyValueSpecification","valueRequired":true,"valueName":"search_term_string"}}],"inLanguage":"pt-PT"},{"@type":"Person","@id":"https:\/\/portaltela.pt\/#\/schema\/person\/c4278d4a6028830caff9ee44b42d32ed","name":"Telinha","image":{"@type":"ImageObject","inLanguage":"pt-PT","@id":"https:\/\/portaltela.pt\/s.01k8rhncp4jt1\/2025\/11\/talking-bot-125x125.png","url":"https:\/\/portaltela.pt\/s.01k8rhncp4jt1\/2025\/11\/talking-bot-125x125.png","contentUrl":"https:\/\/portaltela.pt\/s.01k8rhncp4jt1\/2025\/11\/talking-bot-125x125.png","caption":"Telinha"},"sameAs":["https:\/\/portaltela.pt\/"],"url":"https:\/\/portaltela.pt\/por\/367410592786\/"}]}},"_links":{"self":[{"href":"https:\/\/portaltela.pt\/api\/wp\/v2\/posts\/439883","targetHints":{"allow":["GET"]}}],"collection":[{"href":"https:\/\/portaltela.pt\/api\/wp\/v2\/posts"}],"about":[{"href":"https:\/\/portaltela.pt\/api\/wp\/v2\/types\/post"}],"author":[{"embeddable":true,"href":"https:\/\/portaltela.pt\/api\/wp\/v2\/users\/2"}],"replies":[{"embeddable":true,"href":"https:\/\/portaltela.pt\/api\/wp\/v2\/comments?post=439883"}],"version-history":[{"count":0,"href":"https:\/\/portaltela.pt\/api\/wp\/v2\/posts\/439883\/revisions"}],"wp:featuredmedia":[{"embeddable":true,"href":"https:\/\/portaltela.pt\/api\/wp\/v2\/media\/439886"}],"wp:attachment":[{"href":"https:\/\/portaltela.pt\/api\/wp\/v2\/media?parent=439883"}],"wp:term":[{"taxonomy":"category","embeddable":true,"href":"https:\/\/portaltela.pt\/api\/wp\/v2\/categories?post=439883"},{"taxonomy":"post_tag","embeddable":true,"href":"https:\/\/portaltela.pt\/api\/wp\/v2\/tags?post=439883"}],"curies":[{"name":"wp","href":"https:\/\/api.w.org\/{rel}","templated":true}]}}