{"id":439862,"date":"2026-04-10T12:05:00","date_gmt":"2026-04-10T15:05:00","guid":{"rendered":"https:\/\/portaltela.pt\/noticias\/2026\/04\/10\/crianca-de-11-anos-morre-esfaqueada-por-jovem-autista-em-espanha\/"},"modified":"2026-04-10T12:05:00","modified_gmt":"2026-04-10T15:05:00","slug":"crianca-de-11-anos-morre-esfaqueada-por-jovem-autista-em-espanha","status":"publish","type":"post","link":"https:\/\/portaltela.pt\/policia\/2026\/04\/10\/crianca-de-11-anos-morre-esfaqueada-por-jovem-autista-em-espanha\/","title":{"rendered":"Crian\u00e7a de 11 anos morre esfaqueada por jovem autista em Espanha"},"content":{"rendered":"<p>Um jovem de 23 anos, com diagn\u00f3stico de autismo, \u00e9 suspeito de esfaquear at\u00e9 \u00e0 morte um rapaz de 11 anos numa lavandaria de um centro cultural, em Villanueva de la Ca\u00f1ada. O incidente ocorreu numa quinta-feira, no interior da casa de banho do espa\u00e7o onde David frequentava aulas de ingl\u00eas. A v\u00edtima ficou sem vida no local.<\/p>\n<p>Segundo relatos, o agressor acompanhou o menor at\u00e9 \u00e0 casa de banho e atacou-o com uma arma branca. A Guarda Civil, em colabora\u00e7\u00e3o com a Pol\u00edcia Local, lan\u00e7ou um dispositivo de busca que levou \u00e0 deten\u00e7\u00e3o do suspeito numa estrada durante a madrugada seguinte. A arma utilizada n\u00e3o foi localizada at\u00e9 ao momento.<\/p>\n<p>A fam\u00edlia de David descreve a v\u00edtima como uma crian\u00e7a com o futuro pela frente. A m\u00e3e j\u00e1 tinha relatado epis\u00f3dios de agress\u00e3o anteriores e tinha expressado preocupa\u00e7\u00f5es quanto ao comportamento do mais velho, que frequentava espa\u00e7os com crian\u00e7as menores.<\/p>\n<p>Testemunhas indicam que o agressor j\u00e1 tinha mostrado uma faca a David em v\u00e1rias ocasi\u00f5es. Relatos referem ainda que Julio procurava contextos com crian\u00e7as mais novas, e que a sua fam\u00edlia relatou epis\u00f3dios de bullying vividos pelo suspeito.<\/p>\n<p>O local do crime tornou-se num espa\u00e7o de homenagem, com flores e objetos em mem\u00f3ria de David. Diversas pessoas da comunidade reuniram-se para prestar um minuto de sil\u00eancio e apoiar a fam\u00edlia enlutada.<\/p>\n<p>A gravidade do caso levanta d\u00favidas sobre a eventual responsabiliza\u00e7\u00e3o e as consequ\u00eancias legais para o autor, que tem uma incapacidade avaliada em 70%. A m\u00e3e de David questiona se a pris\u00e3o seria a solu\u00e7\u00e3o adequada, dependendo da avalia\u00e7\u00e3o judicial.<\/p>\n<p>A C\u00e2mara Municipal de Villanueva de la Ca\u00f1ada expressou apoio \u00e0 fam\u00edlia e apelou \u00e0 calma e \u00e0 responsabilidade c\u00edvica, conforme comunicado citado pela imprensa local. As autoridades continuam a investigar as circunst\u00e2ncias em que ocorreu o crime.<\/p>\n","protected":false},"excerpt":{"rendered":"<ul>\n<li>David, de 11 anos, foi esfaqueado at\u00e9 \u00e0 morte por Julio, um jovem de 23 anos com autismo, na casa de banho de um centro cultural em Villanueva de la Ca\u00f1ada, perto de Madrid, na quinta-feira.<\/li>\n<li>A Guarda Civil e a Pol\u00edcia Local prenderam Julio durante a madrugada numa estrada; a arma utilizada ainda n\u00e3o foi encontrada.<\/li>\n<li>A m\u00e3e de David disse ao El Mundo que o filho j\u00e1 tinha sido agredido anteriormente e que temia que Julio pudesse n\u00e3o ser menor de idade, pelos comportamentos considerados infantis.<\/li>\n<li>Testemunhas relatam que Julio j\u00e1 mostrou uma faca a David em v\u00e1rias ocasi\u00f5es; o agressor frequentava espa\u00e7os com crian\u00e7as mais novas por sentir falta de amigos.<\/li>\n<li>A C\u00e2mara Municipal manifestou apoio \u00e0 fam\u00edlia e pediu calma; a fam\u00edlia de Julio explicou que o filho sofria de bullying. O caso suscita d\u00favidas sobre a pena, dado que Julio tem 70% de incapacidade.<\/li>\n<\/ul>\n","protected":false},"author":2,"featured_media":439863,"comment_status":"closed","ping_status":"closed","sticky":false,"template":"","format":"standard","meta":{"footnotes":""},"categories":[6907,6781],"tags":[147,6210,2031,6056,250,939],"class_list":["post-439862","post","type-post","status-publish","format-standard","has-post-thumbnail","hentry","category-crime","category-policia","tag-crime","tag-crimes-contra-menores","tag-espanha","tag-menores","tag-seguranca-publica","tag-violencia"],"yoast_head":"<!-- This site is optimized with the Yoast SEO plugin v27.2 - https:\/\/yoast.com\/product\/yoast-seo-wordpress\/ -->\n<title>Crian\u00e7a de 11 anos morre esfaqueada por jovem autista em Espanha - Portal Tela Portugal<\/title>\n<meta name=\"robots\" content=\"index, follow, max-snippet:-1, max-image-preview:large, max-video-preview:-1\" \/>\n<meta property=\"og:locale\" content=\"pt_PT\" \/>\n<meta property=\"og:type\" content=\"article\" \/>\n<meta property=\"og:title\" content=\"Crian\u00e7a de 11 anos morre esfaqueada por jovem autista em Espanha - Portal Tela Portugal\" \/>\n<meta property=\"og:description\" content=\"David, de 11 anos, foi esfaqueado at\u00e9 \u00e0 morte por Julio, um jovem de 23 anos com autismo, na casa de banho de um centro cultural em Villanueva de la Ca\u00f1ada, perto de Madrid, na quinta-feira. A Guarda Civil e a Pol\u00edcia Local prenderam Julio durante a madrugada numa estrada; a arma utilizada ainda n\u00e3o foi encontrada. A m\u00e3e de David disse ao El Mundo que o filho j\u00e1 tinha sido agredido anteriormente e que temia que Julio pudesse n\u00e3o ser menor de idade, pelos comportamentos considerados infantis. Testemunhas relatam que Julio j\u00e1 mostrou uma faca a David em v\u00e1rias ocasi\u00f5es; o agressor frequentava espa\u00e7os com crian\u00e7as mais novas por sentir falta de amigos. A C\u00e2mara Municipal manifestou apoio \u00e0 fam\u00edlia e pediu calma; a fam\u00edlia de Julio explicou que o filho sofria de bullying. O caso suscita d\u00favidas sobre a pena, dado que Julio tem 70% de incapacidade.\" \/>\n<meta property=\"og:url\" content=\"https:\/\/portaltela.pt\/noticias\/2026\/04\/10\/crianca-de-11-anos-morre-esfaqueada-por-jovem-autista-em-espanha\/\" \/>\n<meta property=\"og:site_name\" content=\"Portal Tela Portugal\" \/>\n<meta property=\"article:published_time\" content=\"2026-04-10T15:05:00+00:00\" \/>\n<meta name=\"author\" content=\"Telinha\" \/>\n<meta name=\"twitter:card\" content=\"summary_large_image\" \/>\n<meta name=\"twitter:label1\" content=\"Escrito por\" \/>\n\t<meta name=\"twitter:data1\" content=\"Telinha\" \/>\n\t<meta name=\"twitter:label2\" content=\"Tempo estimado de leitura\" \/>\n\t<meta name=\"twitter:data2\" content=\"2 minutos\" \/>\n<script type=\"application\/ld+json\" class=\"yoast-schema-graph\">{\"@context\":\"https:\/\/schema.org\",\"@graph\":[{\"@type\":\"Article\",\"@id\":\"https:\/\/portaltela.pt\/noticias\/2026\/04\/10\/crianca-de-11-anos-morre-esfaqueada-por-jovem-autista-em-espanha\/#article\",\"isPartOf\":{\"@id\":\"https:\/\/portaltela.pt\/noticias\/2026\/04\/10\/crianca-de-11-anos-morre-esfaqueada-por-jovem-autista-em-espanha\/\"},\"author\":{\"name\":\"Telinha\",\"@id\":\"https:\/\/portaltela.pt\/#\/schema\/person\/c4278d4a6028830caff9ee44b42d32ed\"},\"headline\":\"Crian\u00e7a de 11 anos morre esfaqueada por jovem autista em Espanha\",\"datePublished\":\"2026-04-10T15:05:00+00:00\",\"mainEntityOfPage\":{\"@id\":\"https:\/\/portaltela.pt\/noticias\/2026\/04\/10\/crianca-de-11-anos-morre-esfaqueada-por-jovem-autista-em-espanha\/\"},\"wordCount\":341,\"image\":{\"@id\":\"https:\/\/portaltela.pt\/noticias\/2026\/04\/10\/crianca-de-11-anos-morre-esfaqueada-por-jovem-autista-em-espanha\/#primaryimage\"},\"thumbnailUrl\":\"https:\/\/portaltela.pt\/s.01k8rhncp4jt1\/2026\/04\/img_1500x1000uu2026-04-10-14-08-16-2277684.jpg\",\"keywords\":[\"crime\",\"crimes contra menores\",\"Espanha\",\"menores\",\"seguran\u00e7a p\u00fablica\",\"viol\u00eancia\"],\"articleSection\":[\"Crime\",\"Pol\u00edcia\"],\"inLanguage\":\"pt-PT\"},{\"@type\":\"WebPage\",\"@id\":\"https:\/\/portaltela.pt\/noticias\/2026\/04\/10\/crianca-de-11-anos-morre-esfaqueada-por-jovem-autista-em-espanha\/\",\"url\":\"https:\/\/portaltela.pt\/noticias\/2026\/04\/10\/crianca-de-11-anos-morre-esfaqueada-por-jovem-autista-em-espanha\/\",\"name\":\"Crian\u00e7a de 11 anos morre esfaqueada por jovem autista em Espanha - Portal Tela Portugal\",\"isPartOf\":{\"@id\":\"https:\/\/portaltela.pt\/#website\"},\"primaryImageOfPage\":{\"@id\":\"https:\/\/portaltela.pt\/noticias\/2026\/04\/10\/crianca-de-11-anos-morre-esfaqueada-por-jovem-autista-em-espanha\/#primaryimage\"},\"image\":{\"@id\":\"https:\/\/portaltela.pt\/noticias\/2026\/04\/10\/crianca-de-11-anos-morre-esfaqueada-por-jovem-autista-em-espanha\/#primaryimage\"},\"thumbnailUrl\":\"https:\/\/portaltela.pt\/s.01k8rhncp4jt1\/2026\/04\/img_1500x1000uu2026-04-10-14-08-16-2277684.jpg\",\"datePublished\":\"2026-04-10T15:05:00+00:00\",\"author\":{\"@id\":\"https:\/\/portaltela.pt\/#\/schema\/person\/c4278d4a6028830caff9ee44b42d32ed\"},\"breadcrumb\":{\"@id\":\"https:\/\/portaltela.pt\/noticias\/2026\/04\/10\/crianca-de-11-anos-morre-esfaqueada-por-jovem-autista-em-espanha\/#breadcrumb\"},\"inLanguage\":\"pt-PT\",\"potentialAction\":[{\"@type\":\"ReadAction\",\"target\":[\"https:\/\/portaltela.pt\/noticias\/2026\/04\/10\/crianca-de-11-anos-morre-esfaqueada-por-jovem-autista-em-espanha\/\"]}]},{\"@type\":\"ImageObject\",\"inLanguage\":\"pt-PT\",\"@id\":\"https:\/\/portaltela.pt\/noticias\/2026\/04\/10\/crianca-de-11-anos-morre-esfaqueada-por-jovem-autista-em-espanha\/#primaryimage\",\"url\":\"https:\/\/portaltela.pt\/s.01k8rhncp4jt1\/2026\/04\/img_1500x1000uu2026-04-10-14-08-16-2277684.jpg\",\"contentUrl\":\"https:\/\/portaltela.pt\/s.01k8rhncp4jt1\/2026\/04\/img_1500x1000uu2026-04-10-14-08-16-2277684.jpg\",\"width\":796,\"height\":448,\"caption\":\"Crian\u00e7a de 11 anos\"},{\"@type\":\"BreadcrumbList\",\"@id\":\"https:\/\/portaltela.pt\/noticias\/2026\/04\/10\/crianca-de-11-anos-morre-esfaqueada-por-jovem-autista-em-espanha\/#breadcrumb\",\"itemListElement\":[{\"@type\":\"ListItem\",\"position\":1,\"name\":\"In\u00edcio\",\"item\":\"https:\/\/portaltela.pt\/\"},{\"@type\":\"ListItem\",\"position\":2,\"name\":\"Crian\u00e7a de 11 anos morre esfaqueada por jovem autista em Espanha\"}]},{\"@type\":\"WebSite\",\"@id\":\"https:\/\/portaltela.pt\/#website\",\"url\":\"https:\/\/portaltela.pt\/\",\"name\":\"Portal Tela Portugal\",\"description\":\"\",\"potentialAction\":[{\"@type\":\"SearchAction\",\"target\":{\"@type\":\"EntryPoint\",\"urlTemplate\":\"https:\/\/portaltela.pt\/?s={search_term_string}\"},\"query-input\":{\"@type\":\"PropertyValueSpecification\",\"valueRequired\":true,\"valueName\":\"search_term_string\"}}],\"inLanguage\":\"pt-PT\"},{\"@type\":\"Person\",\"@id\":\"https:\/\/portaltela.pt\/#\/schema\/person\/c4278d4a6028830caff9ee44b42d32ed\",\"name\":\"Telinha\",\"image\":{\"@type\":\"ImageObject\",\"inLanguage\":\"pt-PT\",\"@id\":\"https:\/\/portaltela.pt\/s.01k8rhncp4jt1\/2025\/11\/talking-bot-125x125.png\",\"url\":\"https:\/\/portaltela.pt\/s.01k8rhncp4jt1\/2025\/11\/talking-bot-125x125.png\",\"contentUrl\":\"https:\/\/portaltela.pt\/s.01k8rhncp4jt1\/2025\/11\/talking-bot-125x125.png\",\"caption\":\"Telinha\"},\"sameAs\":[\"https:\/\/portaltela.pt\/\"],\"url\":\"https:\/\/portaltela.pt\/por\/367410592786\/\"}]}<\/script>\n<!-- \/ Yoast SEO plugin. -->","yoast_head_json":{"title":"Crian\u00e7a de 11 anos morre esfaqueada por jovem autista em Espanha - Portal Tela Portugal","robots":{"index":"index","follow":"follow","max-snippet":"max-snippet:-1","max-image-preview":"max-image-preview:large","max-video-preview":"max-video-preview:-1"},"og_locale":"pt_PT","og_type":"article","og_title":"Crian\u00e7a de 11 anos morre esfaqueada por jovem autista em Espanha - Portal Tela Portugal","og_description":"David, de 11 anos, foi esfaqueado at\u00e9 \u00e0 morte por Julio, um jovem de 23 anos com autismo, na casa de banho de um centro cultural em Villanueva de la Ca\u00f1ada, perto de Madrid, na quinta-feira. A Guarda Civil e a Pol\u00edcia Local prenderam Julio durante a madrugada numa estrada; a arma utilizada ainda n\u00e3o foi encontrada. A m\u00e3e de David disse ao El Mundo que o filho j\u00e1 tinha sido agredido anteriormente e que temia que Julio pudesse n\u00e3o ser menor de idade, pelos comportamentos considerados infantis. Testemunhas relatam que Julio j\u00e1 mostrou uma faca a David em v\u00e1rias ocasi\u00f5es; o agressor frequentava espa\u00e7os com crian\u00e7as mais novas por sentir falta de amigos. A C\u00e2mara Municipal manifestou apoio \u00e0 fam\u00edlia e pediu calma; a fam\u00edlia de Julio explicou que o filho sofria de bullying. O caso suscita d\u00favidas sobre a pena, dado que Julio tem 70% de incapacidade.","og_url":"https:\/\/portaltela.pt\/noticias\/2026\/04\/10\/crianca-de-11-anos-morre-esfaqueada-por-jovem-autista-em-espanha\/","og_site_name":"Portal Tela Portugal","article_published_time":"2026-04-10T15:05:00+00:00","author":"Telinha","twitter_card":"summary_large_image","twitter_misc":{"Escrito por":"Telinha","Tempo estimado de leitura":"2 minutos"},"schema":{"@context":"https:\/\/schema.org","@graph":[{"@type":"Article","@id":"https:\/\/portaltela.pt\/noticias\/2026\/04\/10\/crianca-de-11-anos-morre-esfaqueada-por-jovem-autista-em-espanha\/#article","isPartOf":{"@id":"https:\/\/portaltela.pt\/noticias\/2026\/04\/10\/crianca-de-11-anos-morre-esfaqueada-por-jovem-autista-em-espanha\/"},"author":{"name":"Telinha","@id":"https:\/\/portaltela.pt\/#\/schema\/person\/c4278d4a6028830caff9ee44b42d32ed"},"headline":"Crian\u00e7a de 11 anos morre esfaqueada por jovem autista em Espanha","datePublished":"2026-04-10T15:05:00+00:00","mainEntityOfPage":{"@id":"https:\/\/portaltela.pt\/noticias\/2026\/04\/10\/crianca-de-11-anos-morre-esfaqueada-por-jovem-autista-em-espanha\/"},"wordCount":341,"image":{"@id":"https:\/\/portaltela.pt\/noticias\/2026\/04\/10\/crianca-de-11-anos-morre-esfaqueada-por-jovem-autista-em-espanha\/#primaryimage"},"thumbnailUrl":"https:\/\/portaltela.pt\/s.01k8rhncp4jt1\/2026\/04\/img_1500x1000uu2026-04-10-14-08-16-2277684.jpg","keywords":["crime","crimes contra menores","Espanha","menores","seguran\u00e7a p\u00fablica","viol\u00eancia"],"articleSection":["Crime","Pol\u00edcia"],"inLanguage":"pt-PT"},{"@type":"WebPage","@id":"https:\/\/portaltela.pt\/noticias\/2026\/04\/10\/crianca-de-11-anos-morre-esfaqueada-por-jovem-autista-em-espanha\/","url":"https:\/\/portaltela.pt\/noticias\/2026\/04\/10\/crianca-de-11-anos-morre-esfaqueada-por-jovem-autista-em-espanha\/","name":"Crian\u00e7a de 11 anos morre esfaqueada por jovem autista em Espanha - Portal Tela Portugal","isPartOf":{"@id":"https:\/\/portaltela.pt\/#website"},"primaryImageOfPage":{"@id":"https:\/\/portaltela.pt\/noticias\/2026\/04\/10\/crianca-de-11-anos-morre-esfaqueada-por-jovem-autista-em-espanha\/#primaryimage"},"image":{"@id":"https:\/\/portaltela.pt\/noticias\/2026\/04\/10\/crianca-de-11-anos-morre-esfaqueada-por-jovem-autista-em-espanha\/#primaryimage"},"thumbnailUrl":"https:\/\/portaltela.pt\/s.01k8rhncp4jt1\/2026\/04\/img_1500x1000uu2026-04-10-14-08-16-2277684.jpg","datePublished":"2026-04-10T15:05:00+00:00","author":{"@id":"https:\/\/portaltela.pt\/#\/schema\/person\/c4278d4a6028830caff9ee44b42d32ed"},"breadcrumb":{"@id":"https:\/\/portaltela.pt\/noticias\/2026\/04\/10\/crianca-de-11-anos-morre-esfaqueada-por-jovem-autista-em-espanha\/#breadcrumb"},"inLanguage":"pt-PT","potentialAction":[{"@type":"ReadAction","target":["https:\/\/portaltela.pt\/noticias\/2026\/04\/10\/crianca-de-11-anos-morre-esfaqueada-por-jovem-autista-em-espanha\/"]}]},{"@type":"ImageObject","inLanguage":"pt-PT","@id":"https:\/\/portaltela.pt\/noticias\/2026\/04\/10\/crianca-de-11-anos-morre-esfaqueada-por-jovem-autista-em-espanha\/#primaryimage","url":"https:\/\/portaltela.pt\/s.01k8rhncp4jt1\/2026\/04\/img_1500x1000uu2026-04-10-14-08-16-2277684.jpg","contentUrl":"https:\/\/portaltela.pt\/s.01k8rhncp4jt1\/2026\/04\/img_1500x1000uu2026-04-10-14-08-16-2277684.jpg","width":796,"height":448,"caption":"Crian\u00e7a de 11 anos"},{"@type":"BreadcrumbList","@id":"https:\/\/portaltela.pt\/noticias\/2026\/04\/10\/crianca-de-11-anos-morre-esfaqueada-por-jovem-autista-em-espanha\/#breadcrumb","itemListElement":[{"@type":"ListItem","position":1,"name":"In\u00edcio","item":"https:\/\/portaltela.pt\/"},{"@type":"ListItem","position":2,"name":"Crian\u00e7a de 11 anos morre esfaqueada por jovem autista em Espanha"}]},{"@type":"WebSite","@id":"https:\/\/portaltela.pt\/#website","url":"https:\/\/portaltela.pt\/","name":"Portal Tela Portugal","description":"","potentialAction":[{"@type":"SearchAction","target":{"@type":"EntryPoint","urlTemplate":"https:\/\/portaltela.pt\/?s={search_term_string}"},"query-input":{"@type":"PropertyValueSpecification","valueRequired":true,"valueName":"search_term_string"}}],"inLanguage":"pt-PT"},{"@type":"Person","@id":"https:\/\/portaltela.pt\/#\/schema\/person\/c4278d4a6028830caff9ee44b42d32ed","name":"Telinha","image":{"@type":"ImageObject","inLanguage":"pt-PT","@id":"https:\/\/portaltela.pt\/s.01k8rhncp4jt1\/2025\/11\/talking-bot-125x125.png","url":"https:\/\/portaltela.pt\/s.01k8rhncp4jt1\/2025\/11\/talking-bot-125x125.png","contentUrl":"https:\/\/portaltela.pt\/s.01k8rhncp4jt1\/2025\/11\/talking-bot-125x125.png","caption":"Telinha"},"sameAs":["https:\/\/portaltela.pt\/"],"url":"https:\/\/portaltela.pt\/por\/367410592786\/"}]}},"_links":{"self":[{"href":"https:\/\/portaltela.pt\/api\/wp\/v2\/posts\/439862","targetHints":{"allow":["GET"]}}],"collection":[{"href":"https:\/\/portaltela.pt\/api\/wp\/v2\/posts"}],"about":[{"href":"https:\/\/portaltela.pt\/api\/wp\/v2\/types\/post"}],"author":[{"embeddable":true,"href":"https:\/\/portaltela.pt\/api\/wp\/v2\/users\/2"}],"replies":[{"embeddable":true,"href":"https:\/\/portaltela.pt\/api\/wp\/v2\/comments?post=439862"}],"version-history":[{"count":0,"href":"https:\/\/portaltela.pt\/api\/wp\/v2\/posts\/439862\/revisions"}],"wp:featuredmedia":[{"embeddable":true,"href":"https:\/\/portaltela.pt\/api\/wp\/v2\/media\/439863"}],"wp:attachment":[{"href":"https:\/\/portaltela.pt\/api\/wp\/v2\/media?parent=439862"}],"wp:term":[{"taxonomy":"category","embeddable":true,"href":"https:\/\/portaltela.pt\/api\/wp\/v2\/categories?post=439862"},{"taxonomy":"post_tag","embeddable":true,"href":"https:\/\/portaltela.pt\/api\/wp\/v2\/tags?post=439862"}],"curies":[{"name":"wp","href":"https:\/\/api.w.org\/{rel}","templated":true}]}}