{"id":439856,"date":"2026-04-10T15:47:21","date_gmt":"2026-04-10T18:47:21","guid":{"rendered":"https:\/\/portaltela.pt\/noticias\/2026\/04\/10\/easyjet-mantem-operacao-normalizada-apos-cancelamentos-na-madeira\/"},"modified":"2026-04-10T15:47:21","modified_gmt":"2026-04-10T18:47:21","slug":"easyjet-mantem-operacao-normalizada-apos-cancelamentos-na-madeira","status":"publish","type":"post","link":"https:\/\/portaltela.pt\/tempo\/2026\/04\/10\/easyjet-mantem-operacao-normalizada-apos-cancelamentos-na-madeira\/","title":{"rendered":"easyJet mant\u00e9m opera\u00e7\u00e3o normalizada ap\u00f3s cancelamentos na Madeira"},"content":{"rendered":"<p>A easyJet garante que a opera\u00e7\u00e3o na Madeira est\u00e1 normalizada ap\u00f3s os ventos fortes que causaram cancelamentos no aeroporto do Funchal. A informa\u00e7\u00e3o foi confirmada \u00e0 Lusa pela companhia, que informou j\u00e1 ter retomado a normalidade operacional.<\/p>\n<p>Segundo a empresa, as perturba\u00e7\u00f5es ocorridas na regi\u00e3o durante ontem e hoje n\u00e3o impedem o funcionamento habitual dos voos. Os passageiros com viagens previstas para hoje devem acompanhar o estado das liga\u00e7\u00f5es atrav\u00e9s do Flight Tracker da easyJet para informa\u00e7\u00f5es atualizadas.<\/p>\n<p>A transportadora afirma ter feito tudo para reduzir o impacto, oferecendo remarca\u00e7\u00e3o, reembolso e apoio em alojamento e refei\u00e7\u00f5es quando necess\u00e1rio. A comunica\u00e7\u00e3o destinou-se a passageiros de voos cancelados e a clientes com reservas de alojamento por conta pr\u00f3pria.<\/p>\n<p>A companhia frisa que a seguran\u00e7a e o bem-estar de passageiros e tripula\u00e7\u00e3o s\u00e3o prioridade, lamentando os transtornos causados pelas condi\u00e7\u00f5es meteorol\u00f3gicas, que estiveram fora do seu controlo.<\/p>\n<h3>Ocorr\u00eancia e contexto<\/h3>\n<p>Na quinta-feira, o vento forte provocou o cancelamento de 68 voos de v\u00e1rias companhias no Aeroporto Internacional da Madeira &#8211; Cristiano Ronaldo, ampliando as perturba\u00e7\u00f5es para a regi\u00e3o.<\/p>\n","protected":false},"excerpt":{"rendered":"<ul>\n<li>A easyJet afirmou que a situa\u00e7\u00e3o operacional na Madeira j\u00e1 est\u00e1 normalizada, ap\u00f3s perturba\u00e7\u00f5es causadas por ventos fortes no aeroporto do Funchal.<\/li>\n<li>Os ventos fortes provocaram o cancelamento de v\u00e1rios voos; na quinta-feira, foram cancelados 68 voos no Aeroporto Internacional da Madeira &#8211; Cristiano Ronaldo.<\/li>\n<li>A companhia disponibilizou op\u00e7\u00f5es aos passageiros, incluindo remarca\u00e7\u00e3o, reembolso e apoio em alojamento e refei\u00e7\u00f5es quando necess\u00e1rio; quem tinha alojamento reservado foi reembolsado.<\/li>\n<li>Passageiros com voos hoje devem acompanhar o estado das liga\u00e7\u00f5es atrav\u00e9s do Flight Tracker da easyJet para informa\u00e7\u00f5es atualizadas.<\/li>\n<li>A transportadora sublinha que a seguran\u00e7a e o bem-estar dos passageiros e tripula\u00e7\u00e3o s\u00e3o prioridades e lamenta o inc\u00f3modo causado pelas condi\u00e7\u00f5es meteorol\u00f3gicas fora do seu controlo.<\/li>\n<\/ul>\n","protected":false},"author":2,"featured_media":439860,"comment_status":"closed","ping_status":"closed","sticky":false,"template":"","format":"standard","meta":{"footnotes":""},"categories":[7380,7365],"tags":[7799,7448,6789,859,40,4782],"class_list":["post-439856","post","type-post","status-publish","format-standard","has-post-thumbnail","hentry","category-clima","category-tempo","tag-aviao","tag-avicao","tag-avioes","tag-madeira","tag-pessoas","tag-vento"],"yoast_head":"<!-- This site is optimized with the Yoast SEO plugin v27.2 - https:\/\/yoast.com\/product\/yoast-seo-wordpress\/ -->\n<title>easyJet mant\u00e9m opera\u00e7\u00e3o normalizada ap\u00f3s cancelamentos na Madeira - Portal Tela Portugal<\/title>\n<meta name=\"robots\" content=\"index, follow, max-snippet:-1, max-image-preview:large, max-video-preview:-1\" \/>\n<meta property=\"og:locale\" content=\"pt_PT\" \/>\n<meta property=\"og:type\" content=\"article\" \/>\n<meta property=\"og:title\" content=\"easyJet mant\u00e9m opera\u00e7\u00e3o normalizada ap\u00f3s cancelamentos na Madeira - Portal Tela Portugal\" \/>\n<meta property=\"og:description\" content=\"A easyJet afirmou que a situa\u00e7\u00e3o operacional na Madeira j\u00e1 est\u00e1 normalizada, ap\u00f3s perturba\u00e7\u00f5es causadas por ventos fortes no aeroporto do Funchal. Os ventos fortes provocaram o cancelamento de v\u00e1rios voos; na quinta-feira, foram cancelados 68 voos no Aeroporto Internacional da Madeira - Cristiano Ronaldo. A companhia disponibilizou op\u00e7\u00f5es aos passageiros, incluindo remarca\u00e7\u00e3o, reembolso e apoio em alojamento e refei\u00e7\u00f5es quando necess\u00e1rio; quem tinha alojamento reservado foi reembolsado. Passageiros com voos hoje devem acompanhar o estado das liga\u00e7\u00f5es atrav\u00e9s do Flight Tracker da easyJet para informa\u00e7\u00f5es atualizadas. A transportadora sublinha que a seguran\u00e7a e o bem-estar dos passageiros e tripula\u00e7\u00e3o s\u00e3o prioridades e lamenta o inc\u00f3modo causado pelas condi\u00e7\u00f5es meteorol\u00f3gicas fora do seu controlo.\" \/>\n<meta property=\"og:url\" content=\"https:\/\/portaltela.pt\/noticias\/2026\/04\/10\/easyjet-mantem-operacao-normalizada-apos-cancelamentos-na-madeira\/\" \/>\n<meta property=\"og:site_name\" content=\"Portal Tela Portugal\" \/>\n<meta property=\"article:published_time\" content=\"2026-04-10T18:47:21+00:00\" \/>\n<meta name=\"author\" content=\"Telinha\" \/>\n<meta name=\"twitter:card\" content=\"summary_large_image\" \/>\n<meta name=\"twitter:label1\" content=\"Escrito por\" \/>\n\t<meta name=\"twitter:data1\" content=\"Telinha\" \/>\n\t<meta name=\"twitter:label2\" content=\"Tempo estimado de leitura\" \/>\n\t<meta name=\"twitter:data2\" content=\"1 minuto\" \/>\n<script type=\"application\/ld+json\" class=\"yoast-schema-graph\">{\"@context\":\"https:\/\/schema.org\",\"@graph\":[{\"@type\":\"Article\",\"@id\":\"https:\/\/portaltela.pt\/noticias\/2026\/04\/10\/easyjet-mantem-operacao-normalizada-apos-cancelamentos-na-madeira\/#article\",\"isPartOf\":{\"@id\":\"https:\/\/portaltela.pt\/noticias\/2026\/04\/10\/easyjet-mantem-operacao-normalizada-apos-cancelamentos-na-madeira\/\"},\"author\":{\"name\":\"Telinha\",\"@id\":\"https:\/\/portaltela.pt\/#\/schema\/person\/c4278d4a6028830caff9ee44b42d32ed\"},\"headline\":\"easyJet mant\u00e9m opera\u00e7\u00e3o normalizada ap\u00f3s cancelamentos na Madeira\",\"datePublished\":\"2026-04-10T18:47:21+00:00\",\"mainEntityOfPage\":{\"@id\":\"https:\/\/portaltela.pt\/noticias\/2026\/04\/10\/easyjet-mantem-operacao-normalizada-apos-cancelamentos-na-madeira\/\"},\"wordCount\":208,\"image\":{\"@id\":\"https:\/\/portaltela.pt\/noticias\/2026\/04\/10\/easyjet-mantem-operacao-normalizada-apos-cancelamentos-na-madeira\/#primaryimage\"},\"thumbnailUrl\":\"https:\/\/portaltela.pt\/s.01k8rhncp4jt1\/2026\/04\/img_920x518uu2026-04-10-19-44-40-2432253.jpg\",\"keywords\":[\"avi\u00e3o\",\"avi\u00e7\u00e3o\",\"avi\u00f5es\",\"Madeira\",\"pessoas\",\"vento\"],\"articleSection\":[\"Clima\",\"Tempo\"],\"inLanguage\":\"pt-PT\"},{\"@type\":\"WebPage\",\"@id\":\"https:\/\/portaltela.pt\/noticias\/2026\/04\/10\/easyjet-mantem-operacao-normalizada-apos-cancelamentos-na-madeira\/\",\"url\":\"https:\/\/portaltela.pt\/noticias\/2026\/04\/10\/easyjet-mantem-operacao-normalizada-apos-cancelamentos-na-madeira\/\",\"name\":\"easyJet mant\u00e9m opera\u00e7\u00e3o normalizada ap\u00f3s cancelamentos na Madeira - Portal Tela Portugal\",\"isPartOf\":{\"@id\":\"https:\/\/portaltela.pt\/#website\"},\"primaryImageOfPage\":{\"@id\":\"https:\/\/portaltela.pt\/noticias\/2026\/04\/10\/easyjet-mantem-operacao-normalizada-apos-cancelamentos-na-madeira\/#primaryimage\"},\"image\":{\"@id\":\"https:\/\/portaltela.pt\/noticias\/2026\/04\/10\/easyjet-mantem-operacao-normalizada-apos-cancelamentos-na-madeira\/#primaryimage\"},\"thumbnailUrl\":\"https:\/\/portaltela.pt\/s.01k8rhncp4jt1\/2026\/04\/img_920x518uu2026-04-10-19-44-40-2432253.jpg\",\"datePublished\":\"2026-04-10T18:47:21+00:00\",\"author\":{\"@id\":\"https:\/\/portaltela.pt\/#\/schema\/person\/c4278d4a6028830caff9ee44b42d32ed\"},\"breadcrumb\":{\"@id\":\"https:\/\/portaltela.pt\/noticias\/2026\/04\/10\/easyjet-mantem-operacao-normalizada-apos-cancelamentos-na-madeira\/#breadcrumb\"},\"inLanguage\":\"pt-PT\",\"potentialAction\":[{\"@type\":\"ReadAction\",\"target\":[\"https:\/\/portaltela.pt\/noticias\/2026\/04\/10\/easyjet-mantem-operacao-normalizada-apos-cancelamentos-na-madeira\/\"]}]},{\"@type\":\"ImageObject\",\"inLanguage\":\"pt-PT\",\"@id\":\"https:\/\/portaltela.pt\/noticias\/2026\/04\/10\/easyjet-mantem-operacao-normalizada-apos-cancelamentos-na-madeira\/#primaryimage\",\"url\":\"https:\/\/portaltela.pt\/s.01k8rhncp4jt1\/2026\/04\/img_920x518uu2026-04-10-19-44-40-2432253.jpg\",\"contentUrl\":\"https:\/\/portaltela.pt\/s.01k8rhncp4jt1\/2026\/04\/img_920x518uu2026-04-10-19-44-40-2432253.jpg\",\"width\":796,\"height\":448,\"caption\":\"EasyJet normaliza opera\u00e7\u00e3o na Madeira ap\u00f3s cancelamento de voos.\"},{\"@type\":\"BreadcrumbList\",\"@id\":\"https:\/\/portaltela.pt\/noticias\/2026\/04\/10\/easyjet-mantem-operacao-normalizada-apos-cancelamentos-na-madeira\/#breadcrumb\",\"itemListElement\":[{\"@type\":\"ListItem\",\"position\":1,\"name\":\"In\u00edcio\",\"item\":\"https:\/\/portaltela.pt\/\"},{\"@type\":\"ListItem\",\"position\":2,\"name\":\"easyJet mant\u00e9m opera\u00e7\u00e3o normalizada ap\u00f3s cancelamentos na Madeira\"}]},{\"@type\":\"WebSite\",\"@id\":\"https:\/\/portaltela.pt\/#website\",\"url\":\"https:\/\/portaltela.pt\/\",\"name\":\"Portal Tela Portugal\",\"description\":\"\",\"potentialAction\":[{\"@type\":\"SearchAction\",\"target\":{\"@type\":\"EntryPoint\",\"urlTemplate\":\"https:\/\/portaltela.pt\/?s={search_term_string}\"},\"query-input\":{\"@type\":\"PropertyValueSpecification\",\"valueRequired\":true,\"valueName\":\"search_term_string\"}}],\"inLanguage\":\"pt-PT\"},{\"@type\":\"Person\",\"@id\":\"https:\/\/portaltela.pt\/#\/schema\/person\/c4278d4a6028830caff9ee44b42d32ed\",\"name\":\"Telinha\",\"image\":{\"@type\":\"ImageObject\",\"inLanguage\":\"pt-PT\",\"@id\":\"https:\/\/portaltela.pt\/s.01k8rhncp4jt1\/2025\/11\/talking-bot-125x125.png\",\"url\":\"https:\/\/portaltela.pt\/s.01k8rhncp4jt1\/2025\/11\/talking-bot-125x125.png\",\"contentUrl\":\"https:\/\/portaltela.pt\/s.01k8rhncp4jt1\/2025\/11\/talking-bot-125x125.png\",\"caption\":\"Telinha\"},\"sameAs\":[\"https:\/\/portaltela.pt\/\"],\"url\":\"https:\/\/portaltela.pt\/por\/367410592786\/\"}]}<\/script>\n<!-- \/ Yoast SEO plugin. -->","yoast_head_json":{"title":"easyJet mant\u00e9m opera\u00e7\u00e3o normalizada ap\u00f3s cancelamentos na Madeira - Portal Tela Portugal","robots":{"index":"index","follow":"follow","max-snippet":"max-snippet:-1","max-image-preview":"max-image-preview:large","max-video-preview":"max-video-preview:-1"},"og_locale":"pt_PT","og_type":"article","og_title":"easyJet mant\u00e9m opera\u00e7\u00e3o normalizada ap\u00f3s cancelamentos na Madeira - Portal Tela Portugal","og_description":"A easyJet afirmou que a situa\u00e7\u00e3o operacional na Madeira j\u00e1 est\u00e1 normalizada, ap\u00f3s perturba\u00e7\u00f5es causadas por ventos fortes no aeroporto do Funchal. Os ventos fortes provocaram o cancelamento de v\u00e1rios voos; na quinta-feira, foram cancelados 68 voos no Aeroporto Internacional da Madeira - Cristiano Ronaldo. A companhia disponibilizou op\u00e7\u00f5es aos passageiros, incluindo remarca\u00e7\u00e3o, reembolso e apoio em alojamento e refei\u00e7\u00f5es quando necess\u00e1rio; quem tinha alojamento reservado foi reembolsado. Passageiros com voos hoje devem acompanhar o estado das liga\u00e7\u00f5es atrav\u00e9s do Flight Tracker da easyJet para informa\u00e7\u00f5es atualizadas. A transportadora sublinha que a seguran\u00e7a e o bem-estar dos passageiros e tripula\u00e7\u00e3o s\u00e3o prioridades e lamenta o inc\u00f3modo causado pelas condi\u00e7\u00f5es meteorol\u00f3gicas fora do seu controlo.","og_url":"https:\/\/portaltela.pt\/noticias\/2026\/04\/10\/easyjet-mantem-operacao-normalizada-apos-cancelamentos-na-madeira\/","og_site_name":"Portal Tela Portugal","article_published_time":"2026-04-10T18:47:21+00:00","author":"Telinha","twitter_card":"summary_large_image","twitter_misc":{"Escrito por":"Telinha","Tempo estimado de leitura":"1 minuto"},"schema":{"@context":"https:\/\/schema.org","@graph":[{"@type":"Article","@id":"https:\/\/portaltela.pt\/noticias\/2026\/04\/10\/easyjet-mantem-operacao-normalizada-apos-cancelamentos-na-madeira\/#article","isPartOf":{"@id":"https:\/\/portaltela.pt\/noticias\/2026\/04\/10\/easyjet-mantem-operacao-normalizada-apos-cancelamentos-na-madeira\/"},"author":{"name":"Telinha","@id":"https:\/\/portaltela.pt\/#\/schema\/person\/c4278d4a6028830caff9ee44b42d32ed"},"headline":"easyJet mant\u00e9m opera\u00e7\u00e3o normalizada ap\u00f3s cancelamentos na Madeira","datePublished":"2026-04-10T18:47:21+00:00","mainEntityOfPage":{"@id":"https:\/\/portaltela.pt\/noticias\/2026\/04\/10\/easyjet-mantem-operacao-normalizada-apos-cancelamentos-na-madeira\/"},"wordCount":208,"image":{"@id":"https:\/\/portaltela.pt\/noticias\/2026\/04\/10\/easyjet-mantem-operacao-normalizada-apos-cancelamentos-na-madeira\/#primaryimage"},"thumbnailUrl":"https:\/\/portaltela.pt\/s.01k8rhncp4jt1\/2026\/04\/img_920x518uu2026-04-10-19-44-40-2432253.jpg","keywords":["avi\u00e3o","avi\u00e7\u00e3o","avi\u00f5es","Madeira","pessoas","vento"],"articleSection":["Clima","Tempo"],"inLanguage":"pt-PT"},{"@type":"WebPage","@id":"https:\/\/portaltela.pt\/noticias\/2026\/04\/10\/easyjet-mantem-operacao-normalizada-apos-cancelamentos-na-madeira\/","url":"https:\/\/portaltela.pt\/noticias\/2026\/04\/10\/easyjet-mantem-operacao-normalizada-apos-cancelamentos-na-madeira\/","name":"easyJet mant\u00e9m opera\u00e7\u00e3o normalizada ap\u00f3s cancelamentos na Madeira - Portal Tela Portugal","isPartOf":{"@id":"https:\/\/portaltela.pt\/#website"},"primaryImageOfPage":{"@id":"https:\/\/portaltela.pt\/noticias\/2026\/04\/10\/easyjet-mantem-operacao-normalizada-apos-cancelamentos-na-madeira\/#primaryimage"},"image":{"@id":"https:\/\/portaltela.pt\/noticias\/2026\/04\/10\/easyjet-mantem-operacao-normalizada-apos-cancelamentos-na-madeira\/#primaryimage"},"thumbnailUrl":"https:\/\/portaltela.pt\/s.01k8rhncp4jt1\/2026\/04\/img_920x518uu2026-04-10-19-44-40-2432253.jpg","datePublished":"2026-04-10T18:47:21+00:00","author":{"@id":"https:\/\/portaltela.pt\/#\/schema\/person\/c4278d4a6028830caff9ee44b42d32ed"},"breadcrumb":{"@id":"https:\/\/portaltela.pt\/noticias\/2026\/04\/10\/easyjet-mantem-operacao-normalizada-apos-cancelamentos-na-madeira\/#breadcrumb"},"inLanguage":"pt-PT","potentialAction":[{"@type":"ReadAction","target":["https:\/\/portaltela.pt\/noticias\/2026\/04\/10\/easyjet-mantem-operacao-normalizada-apos-cancelamentos-na-madeira\/"]}]},{"@type":"ImageObject","inLanguage":"pt-PT","@id":"https:\/\/portaltela.pt\/noticias\/2026\/04\/10\/easyjet-mantem-operacao-normalizada-apos-cancelamentos-na-madeira\/#primaryimage","url":"https:\/\/portaltela.pt\/s.01k8rhncp4jt1\/2026\/04\/img_920x518uu2026-04-10-19-44-40-2432253.jpg","contentUrl":"https:\/\/portaltela.pt\/s.01k8rhncp4jt1\/2026\/04\/img_920x518uu2026-04-10-19-44-40-2432253.jpg","width":796,"height":448,"caption":"EasyJet normaliza opera\u00e7\u00e3o na Madeira ap\u00f3s cancelamento de voos."},{"@type":"BreadcrumbList","@id":"https:\/\/portaltela.pt\/noticias\/2026\/04\/10\/easyjet-mantem-operacao-normalizada-apos-cancelamentos-na-madeira\/#breadcrumb","itemListElement":[{"@type":"ListItem","position":1,"name":"In\u00edcio","item":"https:\/\/portaltela.pt\/"},{"@type":"ListItem","position":2,"name":"easyJet mant\u00e9m opera\u00e7\u00e3o normalizada ap\u00f3s cancelamentos na Madeira"}]},{"@type":"WebSite","@id":"https:\/\/portaltela.pt\/#website","url":"https:\/\/portaltela.pt\/","name":"Portal Tela Portugal","description":"","potentialAction":[{"@type":"SearchAction","target":{"@type":"EntryPoint","urlTemplate":"https:\/\/portaltela.pt\/?s={search_term_string}"},"query-input":{"@type":"PropertyValueSpecification","valueRequired":true,"valueName":"search_term_string"}}],"inLanguage":"pt-PT"},{"@type":"Person","@id":"https:\/\/portaltela.pt\/#\/schema\/person\/c4278d4a6028830caff9ee44b42d32ed","name":"Telinha","image":{"@type":"ImageObject","inLanguage":"pt-PT","@id":"https:\/\/portaltela.pt\/s.01k8rhncp4jt1\/2025\/11\/talking-bot-125x125.png","url":"https:\/\/portaltela.pt\/s.01k8rhncp4jt1\/2025\/11\/talking-bot-125x125.png","contentUrl":"https:\/\/portaltela.pt\/s.01k8rhncp4jt1\/2025\/11\/talking-bot-125x125.png","caption":"Telinha"},"sameAs":["https:\/\/portaltela.pt\/"],"url":"https:\/\/portaltela.pt\/por\/367410592786\/"}]}},"_links":{"self":[{"href":"https:\/\/portaltela.pt\/api\/wp\/v2\/posts\/439856","targetHints":{"allow":["GET"]}}],"collection":[{"href":"https:\/\/portaltela.pt\/api\/wp\/v2\/posts"}],"about":[{"href":"https:\/\/portaltela.pt\/api\/wp\/v2\/types\/post"}],"author":[{"embeddable":true,"href":"https:\/\/portaltela.pt\/api\/wp\/v2\/users\/2"}],"replies":[{"embeddable":true,"href":"https:\/\/portaltela.pt\/api\/wp\/v2\/comments?post=439856"}],"version-history":[{"count":0,"href":"https:\/\/portaltela.pt\/api\/wp\/v2\/posts\/439856\/revisions"}],"wp:featuredmedia":[{"embeddable":true,"href":"https:\/\/portaltela.pt\/api\/wp\/v2\/media\/439860"}],"wp:attachment":[{"href":"https:\/\/portaltela.pt\/api\/wp\/v2\/media?parent=439856"}],"wp:term":[{"taxonomy":"category","embeddable":true,"href":"https:\/\/portaltela.pt\/api\/wp\/v2\/categories?post=439856"},{"taxonomy":"post_tag","embeddable":true,"href":"https:\/\/portaltela.pt\/api\/wp\/v2\/tags?post=439856"}],"curies":[{"name":"wp","href":"https:\/\/api.w.org\/{rel}","templated":true}]}}