{"id":439853,"date":"2026-04-10T15:47:19","date_gmt":"2026-04-10T18:47:19","guid":{"rendered":"https:\/\/portaltela.pt\/noticias\/2026\/04\/10\/noite-das-estrelas-completa-tres-anos-no-ar\/"},"modified":"2026-04-10T15:47:19","modified_gmt":"2026-04-10T18:47:19","slug":"noite-das-estrelas-completa-tres-anos-no-ar","status":"publish","type":"post","link":"https:\/\/portaltela.pt\/entretenimento\/2026\/04\/10\/noite-das-estrelas-completa-tres-anos-no-ar\/","title":{"rendered":"Noite das Estrelas completa tr\u00eas anos no ar"},"content":{"rendered":"<p>O programa Noite das Estrelas, da CMTV, celebra esta sexta-feira tr\u00eas anos de emiss\u00e3o, posicionando-se como o formato de entretenimento mais visto em televis\u00e3o portuguesa. A aposta acompanha a vida dos famosos, tanto em contexto pessoal como profissional, destacando-se como cr\u00f3nica social e cultural.<\/p>\n<p>Maya, que apresenta o espa\u00e7o desde a estreia, refor\u00e7a que o formato tem sido entusiasmante e cativou a prefer\u00eancia do p\u00fablico. A respons\u00e1vel pela dire\u00e7\u00e3o de entretenimento do Correio da Manh\u00e3 descreve o programa como um espa\u00e7o que acompanha as vertentes p\u00fablicas e privadas das figuras medi\u00e1ticas.<\/p>\n<p>O Noite das Estrelas vai para o ar diariamente, de segunda a sexta-feira, por volta da 00h50, imediatamente a seguir ao programa desportivo Liga D\u2019Ouro. O hor\u00e1rio refor\u00e7a a estrat\u00e9gia de fic\u00e7\u00e3o de late night para a faixa noturna.<\/p>\n","protected":false},"excerpt":{"rendered":"<ul>\n<li>O programa Noite das Estrelas, da CMTV, comemora tr\u00eas anos de emiss\u00e3o nesta sexta-feira.<\/li>\n<li>Maya, apresentadora desde a estreia, afirma que o espa\u00e7o \u00e9 entusiasmante e j\u00e1 conquistou o p\u00fablico.<\/li>\n<li>A apresentadora \u00e9 a diretora de entretenimento do Correio da Manh\u00e3.<\/li>\n<li>A CMTV apresenta o formato como o de maior sucesso no g\u00e9nero na televis\u00e3o portuguesa.<\/li>\n<li>Vai ao ar de segunda a sexta-feira, \u00e0s 00h50, logo a seguir ao Liga D\u2019Ouro.<\/li>\n<\/ul>\n","protected":false},"author":2,"featured_media":439859,"comment_status":"closed","ping_status":"closed","sticky":false,"template":"","format":"standard","meta":{"footnotes":""},"categories":[6675,12],"tags":[7756,3259,40,2318,7409,5962],"class_list":["post-439853","post","type-post","status-publish","format-standard","has-post-thumbnail","hentry","category-celebridades","category-entretenimento","tag-_cultura","tag-celebidades","tag-pessoas","tag-sociedade","tag-televisoes","tag-vida-publica"],"yoast_head":"<!-- This site is optimized with the Yoast SEO plugin v27.2 - https:\/\/yoast.com\/product\/yoast-seo-wordpress\/ -->\n<title>Noite das Estrelas completa tr\u00eas anos no ar - Portal Tela Portugal<\/title>\n<meta name=\"robots\" content=\"index, follow, max-snippet:-1, max-image-preview:large, max-video-preview:-1\" \/>\n<meta property=\"og:locale\" content=\"pt_PT\" \/>\n<meta property=\"og:type\" content=\"article\" \/>\n<meta property=\"og:title\" content=\"Noite das Estrelas completa tr\u00eas anos no ar - Portal Tela Portugal\" \/>\n<meta property=\"og:description\" content=\"O programa Noite das Estrelas, da CMTV, comemora tr\u00eas anos de emiss\u00e3o nesta sexta-feira. Maya, apresentadora desde a estreia, afirma que o espa\u00e7o \u00e9 entusiasmante e j\u00e1 conquistou o p\u00fablico. A apresentadora \u00e9 a diretora de entretenimento do Correio da Manh\u00e3. A CMTV apresenta o formato como o de maior sucesso no g\u00e9nero na televis\u00e3o portuguesa. Vai ao ar de segunda a sexta-feira, \u00e0s 00h50, logo a seguir ao Liga D\u2019Ouro.\" \/>\n<meta property=\"og:url\" content=\"https:\/\/portaltela.pt\/noticias\/2026\/04\/10\/noite-das-estrelas-completa-tres-anos-no-ar\/\" \/>\n<meta property=\"og:site_name\" content=\"Portal Tela Portugal\" \/>\n<meta property=\"article:published_time\" content=\"2026-04-10T18:47:19+00:00\" \/>\n<meta name=\"author\" content=\"Telinha\" \/>\n<meta name=\"twitter:card\" content=\"summary_large_image\" \/>\n<meta name=\"twitter:label1\" content=\"Escrito por\" \/>\n\t<meta name=\"twitter:data1\" content=\"Telinha\" \/>\n\t<meta name=\"twitter:label2\" content=\"Tempo estimado de leitura\" \/>\n\t<meta name=\"twitter:data2\" content=\"1 minuto\" \/>\n<script type=\"application\/ld+json\" class=\"yoast-schema-graph\">{\"@context\":\"https:\/\/schema.org\",\"@graph\":[{\"@type\":\"Article\",\"@id\":\"https:\/\/portaltela.pt\/noticias\/2026\/04\/10\/noite-das-estrelas-completa-tres-anos-no-ar\/#article\",\"isPartOf\":{\"@id\":\"https:\/\/portaltela.pt\/noticias\/2026\/04\/10\/noite-das-estrelas-completa-tres-anos-no-ar\/\"},\"author\":{\"name\":\"Telinha\",\"@id\":\"https:\/\/portaltela.pt\/#\/schema\/person\/c4278d4a6028830caff9ee44b42d32ed\"},\"headline\":\"Noite das Estrelas completa tr\u00eas anos no ar\",\"datePublished\":\"2026-04-10T18:47:19+00:00\",\"mainEntityOfPage\":{\"@id\":\"https:\/\/portaltela.pt\/noticias\/2026\/04\/10\/noite-das-estrelas-completa-tres-anos-no-ar\/\"},\"wordCount\":157,\"image\":{\"@id\":\"https:\/\/portaltela.pt\/noticias\/2026\/04\/10\/noite-das-estrelas-completa-tres-anos-no-ar\/#primaryimage\"},\"thumbnailUrl\":\"https:\/\/portaltela.pt\/s.01k8rhncp4jt1\/2026\/04\/img_1500x1000uu2026-04-09-23-31-27-2277611.jpg\",\"keywords\":[\"_cultura\",\"celebidades\",\"pessoas\",\"sociedade\",\"televis\u00f5es\",\"vida p\u00fablica\"],\"articleSection\":[\"Celebridades\",\"Entretenimento\"],\"inLanguage\":\"pt-PT\"},{\"@type\":\"WebPage\",\"@id\":\"https:\/\/portaltela.pt\/noticias\/2026\/04\/10\/noite-das-estrelas-completa-tres-anos-no-ar\/\",\"url\":\"https:\/\/portaltela.pt\/noticias\/2026\/04\/10\/noite-das-estrelas-completa-tres-anos-no-ar\/\",\"name\":\"Noite das Estrelas completa tr\u00eas anos no ar - Portal Tela Portugal\",\"isPartOf\":{\"@id\":\"https:\/\/portaltela.pt\/#website\"},\"primaryImageOfPage\":{\"@id\":\"https:\/\/portaltela.pt\/noticias\/2026\/04\/10\/noite-das-estrelas-completa-tres-anos-no-ar\/#primaryimage\"},\"image\":{\"@id\":\"https:\/\/portaltela.pt\/noticias\/2026\/04\/10\/noite-das-estrelas-completa-tres-anos-no-ar\/#primaryimage\"},\"thumbnailUrl\":\"https:\/\/portaltela.pt\/s.01k8rhncp4jt1\/2026\/04\/img_1500x1000uu2026-04-09-23-31-27-2277611.jpg\",\"datePublished\":\"2026-04-10T18:47:19+00:00\",\"author\":{\"@id\":\"https:\/\/portaltela.pt\/#\/schema\/person\/c4278d4a6028830caff9ee44b42d32ed\"},\"breadcrumb\":{\"@id\":\"https:\/\/portaltela.pt\/noticias\/2026\/04\/10\/noite-das-estrelas-completa-tres-anos-no-ar\/#breadcrumb\"},\"inLanguage\":\"pt-PT\",\"potentialAction\":[{\"@type\":\"ReadAction\",\"target\":[\"https:\/\/portaltela.pt\/noticias\/2026\/04\/10\/noite-das-estrelas-completa-tres-anos-no-ar\/\"]}]},{\"@type\":\"ImageObject\",\"inLanguage\":\"pt-PT\",\"@id\":\"https:\/\/portaltela.pt\/noticias\/2026\/04\/10\/noite-das-estrelas-completa-tres-anos-no-ar\/#primaryimage\",\"url\":\"https:\/\/portaltela.pt\/s.01k8rhncp4jt1\/2026\/04\/img_1500x1000uu2026-04-09-23-31-27-2277611.jpg\",\"contentUrl\":\"https:\/\/portaltela.pt\/s.01k8rhncp4jt1\/2026\/04\/img_1500x1000uu2026-04-09-23-31-27-2277611.jpg\",\"width\":796,\"height\":448,\"caption\":\"Maya \u00e9 a apresentadora do programa desde a estreia\"},{\"@type\":\"BreadcrumbList\",\"@id\":\"https:\/\/portaltela.pt\/noticias\/2026\/04\/10\/noite-das-estrelas-completa-tres-anos-no-ar\/#breadcrumb\",\"itemListElement\":[{\"@type\":\"ListItem\",\"position\":1,\"name\":\"In\u00edcio\",\"item\":\"https:\/\/portaltela.pt\/\"},{\"@type\":\"ListItem\",\"position\":2,\"name\":\"Noite das Estrelas completa tr\u00eas anos no ar\"}]},{\"@type\":\"WebSite\",\"@id\":\"https:\/\/portaltela.pt\/#website\",\"url\":\"https:\/\/portaltela.pt\/\",\"name\":\"Portal Tela Portugal\",\"description\":\"\",\"potentialAction\":[{\"@type\":\"SearchAction\",\"target\":{\"@type\":\"EntryPoint\",\"urlTemplate\":\"https:\/\/portaltela.pt\/?s={search_term_string}\"},\"query-input\":{\"@type\":\"PropertyValueSpecification\",\"valueRequired\":true,\"valueName\":\"search_term_string\"}}],\"inLanguage\":\"pt-PT\"},{\"@type\":\"Person\",\"@id\":\"https:\/\/portaltela.pt\/#\/schema\/person\/c4278d4a6028830caff9ee44b42d32ed\",\"name\":\"Telinha\",\"image\":{\"@type\":\"ImageObject\",\"inLanguage\":\"pt-PT\",\"@id\":\"https:\/\/portaltela.pt\/s.01k8rhncp4jt1\/2025\/11\/talking-bot-125x125.png\",\"url\":\"https:\/\/portaltela.pt\/s.01k8rhncp4jt1\/2025\/11\/talking-bot-125x125.png\",\"contentUrl\":\"https:\/\/portaltela.pt\/s.01k8rhncp4jt1\/2025\/11\/talking-bot-125x125.png\",\"caption\":\"Telinha\"},\"sameAs\":[\"https:\/\/portaltela.pt\/\"],\"url\":\"https:\/\/portaltela.pt\/por\/367410592786\/\"}]}<\/script>\n<!-- \/ Yoast SEO plugin. -->","yoast_head_json":{"title":"Noite das Estrelas completa tr\u00eas anos no ar - Portal Tela Portugal","robots":{"index":"index","follow":"follow","max-snippet":"max-snippet:-1","max-image-preview":"max-image-preview:large","max-video-preview":"max-video-preview:-1"},"og_locale":"pt_PT","og_type":"article","og_title":"Noite das Estrelas completa tr\u00eas anos no ar - Portal Tela Portugal","og_description":"O programa Noite das Estrelas, da CMTV, comemora tr\u00eas anos de emiss\u00e3o nesta sexta-feira. Maya, apresentadora desde a estreia, afirma que o espa\u00e7o \u00e9 entusiasmante e j\u00e1 conquistou o p\u00fablico. A apresentadora \u00e9 a diretora de entretenimento do Correio da Manh\u00e3. A CMTV apresenta o formato como o de maior sucesso no g\u00e9nero na televis\u00e3o portuguesa. Vai ao ar de segunda a sexta-feira, \u00e0s 00h50, logo a seguir ao Liga D\u2019Ouro.","og_url":"https:\/\/portaltela.pt\/noticias\/2026\/04\/10\/noite-das-estrelas-completa-tres-anos-no-ar\/","og_site_name":"Portal Tela Portugal","article_published_time":"2026-04-10T18:47:19+00:00","author":"Telinha","twitter_card":"summary_large_image","twitter_misc":{"Escrito por":"Telinha","Tempo estimado de leitura":"1 minuto"},"schema":{"@context":"https:\/\/schema.org","@graph":[{"@type":"Article","@id":"https:\/\/portaltela.pt\/noticias\/2026\/04\/10\/noite-das-estrelas-completa-tres-anos-no-ar\/#article","isPartOf":{"@id":"https:\/\/portaltela.pt\/noticias\/2026\/04\/10\/noite-das-estrelas-completa-tres-anos-no-ar\/"},"author":{"name":"Telinha","@id":"https:\/\/portaltela.pt\/#\/schema\/person\/c4278d4a6028830caff9ee44b42d32ed"},"headline":"Noite das Estrelas completa tr\u00eas anos no ar","datePublished":"2026-04-10T18:47:19+00:00","mainEntityOfPage":{"@id":"https:\/\/portaltela.pt\/noticias\/2026\/04\/10\/noite-das-estrelas-completa-tres-anos-no-ar\/"},"wordCount":157,"image":{"@id":"https:\/\/portaltela.pt\/noticias\/2026\/04\/10\/noite-das-estrelas-completa-tres-anos-no-ar\/#primaryimage"},"thumbnailUrl":"https:\/\/portaltela.pt\/s.01k8rhncp4jt1\/2026\/04\/img_1500x1000uu2026-04-09-23-31-27-2277611.jpg","keywords":["_cultura","celebidades","pessoas","sociedade","televis\u00f5es","vida p\u00fablica"],"articleSection":["Celebridades","Entretenimento"],"inLanguage":"pt-PT"},{"@type":"WebPage","@id":"https:\/\/portaltela.pt\/noticias\/2026\/04\/10\/noite-das-estrelas-completa-tres-anos-no-ar\/","url":"https:\/\/portaltela.pt\/noticias\/2026\/04\/10\/noite-das-estrelas-completa-tres-anos-no-ar\/","name":"Noite das Estrelas completa tr\u00eas anos no ar - Portal Tela Portugal","isPartOf":{"@id":"https:\/\/portaltela.pt\/#website"},"primaryImageOfPage":{"@id":"https:\/\/portaltela.pt\/noticias\/2026\/04\/10\/noite-das-estrelas-completa-tres-anos-no-ar\/#primaryimage"},"image":{"@id":"https:\/\/portaltela.pt\/noticias\/2026\/04\/10\/noite-das-estrelas-completa-tres-anos-no-ar\/#primaryimage"},"thumbnailUrl":"https:\/\/portaltela.pt\/s.01k8rhncp4jt1\/2026\/04\/img_1500x1000uu2026-04-09-23-31-27-2277611.jpg","datePublished":"2026-04-10T18:47:19+00:00","author":{"@id":"https:\/\/portaltela.pt\/#\/schema\/person\/c4278d4a6028830caff9ee44b42d32ed"},"breadcrumb":{"@id":"https:\/\/portaltela.pt\/noticias\/2026\/04\/10\/noite-das-estrelas-completa-tres-anos-no-ar\/#breadcrumb"},"inLanguage":"pt-PT","potentialAction":[{"@type":"ReadAction","target":["https:\/\/portaltela.pt\/noticias\/2026\/04\/10\/noite-das-estrelas-completa-tres-anos-no-ar\/"]}]},{"@type":"ImageObject","inLanguage":"pt-PT","@id":"https:\/\/portaltela.pt\/noticias\/2026\/04\/10\/noite-das-estrelas-completa-tres-anos-no-ar\/#primaryimage","url":"https:\/\/portaltela.pt\/s.01k8rhncp4jt1\/2026\/04\/img_1500x1000uu2026-04-09-23-31-27-2277611.jpg","contentUrl":"https:\/\/portaltela.pt\/s.01k8rhncp4jt1\/2026\/04\/img_1500x1000uu2026-04-09-23-31-27-2277611.jpg","width":796,"height":448,"caption":"Maya \u00e9 a apresentadora do programa desde a estreia"},{"@type":"BreadcrumbList","@id":"https:\/\/portaltela.pt\/noticias\/2026\/04\/10\/noite-das-estrelas-completa-tres-anos-no-ar\/#breadcrumb","itemListElement":[{"@type":"ListItem","position":1,"name":"In\u00edcio","item":"https:\/\/portaltela.pt\/"},{"@type":"ListItem","position":2,"name":"Noite das Estrelas completa tr\u00eas anos no ar"}]},{"@type":"WebSite","@id":"https:\/\/portaltela.pt\/#website","url":"https:\/\/portaltela.pt\/","name":"Portal Tela Portugal","description":"","potentialAction":[{"@type":"SearchAction","target":{"@type":"EntryPoint","urlTemplate":"https:\/\/portaltela.pt\/?s={search_term_string}"},"query-input":{"@type":"PropertyValueSpecification","valueRequired":true,"valueName":"search_term_string"}}],"inLanguage":"pt-PT"},{"@type":"Person","@id":"https:\/\/portaltela.pt\/#\/schema\/person\/c4278d4a6028830caff9ee44b42d32ed","name":"Telinha","image":{"@type":"ImageObject","inLanguage":"pt-PT","@id":"https:\/\/portaltela.pt\/s.01k8rhncp4jt1\/2025\/11\/talking-bot-125x125.png","url":"https:\/\/portaltela.pt\/s.01k8rhncp4jt1\/2025\/11\/talking-bot-125x125.png","contentUrl":"https:\/\/portaltela.pt\/s.01k8rhncp4jt1\/2025\/11\/talking-bot-125x125.png","caption":"Telinha"},"sameAs":["https:\/\/portaltela.pt\/"],"url":"https:\/\/portaltela.pt\/por\/367410592786\/"}]}},"_links":{"self":[{"href":"https:\/\/portaltela.pt\/api\/wp\/v2\/posts\/439853","targetHints":{"allow":["GET"]}}],"collection":[{"href":"https:\/\/portaltela.pt\/api\/wp\/v2\/posts"}],"about":[{"href":"https:\/\/portaltela.pt\/api\/wp\/v2\/types\/post"}],"author":[{"embeddable":true,"href":"https:\/\/portaltela.pt\/api\/wp\/v2\/users\/2"}],"replies":[{"embeddable":true,"href":"https:\/\/portaltela.pt\/api\/wp\/v2\/comments?post=439853"}],"version-history":[{"count":0,"href":"https:\/\/portaltela.pt\/api\/wp\/v2\/posts\/439853\/revisions"}],"wp:featuredmedia":[{"embeddable":true,"href":"https:\/\/portaltela.pt\/api\/wp\/v2\/media\/439859"}],"wp:attachment":[{"href":"https:\/\/portaltela.pt\/api\/wp\/v2\/media?parent=439853"}],"wp:term":[{"taxonomy":"category","embeddable":true,"href":"https:\/\/portaltela.pt\/api\/wp\/v2\/categories?post=439853"},{"taxonomy":"post_tag","embeddable":true,"href":"https:\/\/portaltela.pt\/api\/wp\/v2\/tags?post=439853"}],"curies":[{"name":"wp","href":"https:\/\/api.w.org\/{rel}","templated":true}]}}