{"id":439828,"date":"2026-04-10T14:32:00","date_gmt":"2026-04-10T17:32:00","guid":{"rendered":"https:\/\/portaltela.pt\/noticias\/2026\/04\/10\/obras-da-barragem-do-pisao-devem-avancar-para-assegurar-financiamento\/"},"modified":"2026-04-10T14:32:00","modified_gmt":"2026-04-10T17:32:00","slug":"obras-da-barragem-do-pisao-devem-avancar-para-assegurar-financiamento","status":"publish","type":"post","link":"https:\/\/portaltela.pt\/energia\/2026\/04\/10\/obras-da-barragem-do-pisao-devem-avancar-para-assegurar-financiamento\/","title":{"rendered":"Obras da Barragem do Pis\u00e3o devem avan\u00e7ar para assegurar financiamento"},"content":{"rendered":"<p>A ministra do Ambiente e Energia afirmou hoje que as obras da Barragem do Pis\u00e3o devem decorrer relativamente depressa para n\u00e3o colocar em risco o financiamento do projecto.<\/p>\n<p>A infraestrutura situa-se no Crato, no distrito de Portalegre. O Governo aponta a celeridade das obras como condi\u00e7\u00e3o essencial para manter o apoio financeiro ao empreendimento.<\/p>\n<p>N\u00e3o foram anunciados prazos espec\u00edficos nem detalhes adicionais sobre o andamento, mas refor\u00e7a-se a necessidade de avan\u00e7ar com o projecto para preservar a viabilidade financeira.<\/p>\n","protected":false},"excerpt":{"rendered":"<ul>\n<li>A ministra do Ambiente e Energia afirmou que as obras da Barragem do Pis\u00e3o, no Crato, distrito de Portalegre, devem decorrer relativamente depressa.<\/li>\n<li>O objetivo \u00e9 evitar colocar em risco o financiamento do projeto.<\/li>\n<li>A afirma\u00e7\u00e3o foi feita durante a interven\u00e7\u00e3o p\u00fablica anunciada pela governan\u00e7a do projeto.<\/li>\n<li>O conte\u00fado completo da not\u00edcia est\u00e1 dispon\u00edvel apenas para subscritores.<\/li>\n<\/ul>\n","protected":false},"author":2,"featured_media":439829,"comment_status":"closed","ping_status":"closed","sticky":false,"template":"","format":"standard","meta":{"footnotes":""},"categories":[6806],"tags":[6115,7775,7767,258,1075],"class_list":["post-439828","post","type-post","status-publish","format-standard","has-post-thumbnail","hentry","category-energia","tag-_economia","tag-_energia","tag-_meio-ambiente","tag-infraestruturas","tag-portalegre"],"yoast_head":"<!-- This site is optimized with the Yoast SEO plugin v27.2 - https:\/\/yoast.com\/product\/yoast-seo-wordpress\/ -->\n<title>Obras da Barragem do Pis\u00e3o devem avan\u00e7ar para assegurar financiamento - Portal Tela Portugal<\/title>\n<meta name=\"robots\" content=\"index, follow, max-snippet:-1, max-image-preview:large, max-video-preview:-1\" \/>\n<meta property=\"og:locale\" content=\"pt_PT\" \/>\n<meta property=\"og:type\" content=\"article\" \/>\n<meta property=\"og:title\" content=\"Obras da Barragem do Pis\u00e3o devem avan\u00e7ar para assegurar financiamento - Portal Tela Portugal\" \/>\n<meta property=\"og:description\" content=\"A ministra do Ambiente e Energia afirmou que as obras da Barragem do Pis\u00e3o, no Crato, distrito de Portalegre, devem decorrer relativamente depressa. O objetivo \u00e9 evitar colocar em risco o financiamento do projeto. A afirma\u00e7\u00e3o foi feita durante a interven\u00e7\u00e3o p\u00fablica anunciada pela governan\u00e7a do projeto. O conte\u00fado completo da not\u00edcia est\u00e1 dispon\u00edvel apenas para subscritores.\" \/>\n<meta property=\"og:url\" content=\"https:\/\/portaltela.pt\/noticias\/2026\/04\/10\/obras-da-barragem-do-pisao-devem-avancar-para-assegurar-financiamento\/\" \/>\n<meta property=\"og:site_name\" content=\"Portal Tela Portugal\" \/>\n<meta property=\"article:published_time\" content=\"2026-04-10T17:32:00+00:00\" \/>\n<meta name=\"author\" content=\"Telinha\" \/>\n<meta name=\"twitter:card\" content=\"summary_large_image\" \/>\n<meta name=\"twitter:label1\" content=\"Escrito por\" \/>\n\t<meta name=\"twitter:data1\" content=\"Telinha\" \/>\n<script type=\"application\/ld+json\" class=\"yoast-schema-graph\">{\"@context\":\"https:\/\/schema.org\",\"@graph\":[{\"@type\":\"Article\",\"@id\":\"https:\/\/portaltela.pt\/noticias\/2026\/04\/10\/obras-da-barragem-do-pisao-devem-avancar-para-assegurar-financiamento\/#article\",\"isPartOf\":{\"@id\":\"https:\/\/portaltela.pt\/noticias\/2026\/04\/10\/obras-da-barragem-do-pisao-devem-avancar-para-assegurar-financiamento\/\"},\"author\":{\"name\":\"Telinha\",\"@id\":\"https:\/\/portaltela.pt\/#\/schema\/person\/c4278d4a6028830caff9ee44b42d32ed\"},\"headline\":\"Obras da Barragem do Pis\u00e3o devem avan\u00e7ar para assegurar financiamento\",\"datePublished\":\"2026-04-10T17:32:00+00:00\",\"mainEntityOfPage\":{\"@id\":\"https:\/\/portaltela.pt\/noticias\/2026\/04\/10\/obras-da-barragem-do-pisao-devem-avancar-para-assegurar-financiamento\/\"},\"wordCount\":98,\"image\":{\"@id\":\"https:\/\/portaltela.pt\/noticias\/2026\/04\/10\/obras-da-barragem-do-pisao-devem-avancar-para-assegurar-financiamento\/#primaryimage\"},\"thumbnailUrl\":\"https:\/\/portaltela.pt\/s.01k8rhncp4jt1\/2026\/04\/CACHE_780X1200_ANALOG_WATERMARKED_40305342_3077396_14022023064730.jpg\",\"keywords\":[\"_economia\",\"_energia\",\"_meio-ambiente\",\"infraestruturas\",\"Portalegre\"],\"articleSection\":[\"Energia\"],\"inLanguage\":\"pt-PT\"},{\"@type\":\"WebPage\",\"@id\":\"https:\/\/portaltela.pt\/noticias\/2026\/04\/10\/obras-da-barragem-do-pisao-devem-avancar-para-assegurar-financiamento\/\",\"url\":\"https:\/\/portaltela.pt\/noticias\/2026\/04\/10\/obras-da-barragem-do-pisao-devem-avancar-para-assegurar-financiamento\/\",\"name\":\"Obras da Barragem do Pis\u00e3o devem avan\u00e7ar para assegurar financiamento - Portal Tela Portugal\",\"isPartOf\":{\"@id\":\"https:\/\/portaltela.pt\/#website\"},\"primaryImageOfPage\":{\"@id\":\"https:\/\/portaltela.pt\/noticias\/2026\/04\/10\/obras-da-barragem-do-pisao-devem-avancar-para-assegurar-financiamento\/#primaryimage\"},\"image\":{\"@id\":\"https:\/\/portaltela.pt\/noticias\/2026\/04\/10\/obras-da-barragem-do-pisao-devem-avancar-para-assegurar-financiamento\/#primaryimage\"},\"thumbnailUrl\":\"https:\/\/portaltela.pt\/s.01k8rhncp4jt1\/2026\/04\/CACHE_780X1200_ANALOG_WATERMARKED_40305342_3077396_14022023064730.jpg\",\"datePublished\":\"2026-04-10T17:32:00+00:00\",\"author\":{\"@id\":\"https:\/\/portaltela.pt\/#\/schema\/person\/c4278d4a6028830caff9ee44b42d32ed\"},\"breadcrumb\":{\"@id\":\"https:\/\/portaltela.pt\/noticias\/2026\/04\/10\/obras-da-barragem-do-pisao-devem-avancar-para-assegurar-financiamento\/#breadcrumb\"},\"inLanguage\":\"pt-PT\",\"potentialAction\":[{\"@type\":\"ReadAction\",\"target\":[\"https:\/\/portaltela.pt\/noticias\/2026\/04\/10\/obras-da-barragem-do-pisao-devem-avancar-para-assegurar-financiamento\/\"]}]},{\"@type\":\"ImageObject\",\"inLanguage\":\"pt-PT\",\"@id\":\"https:\/\/portaltela.pt\/noticias\/2026\/04\/10\/obras-da-barragem-do-pisao-devem-avancar-para-assegurar-financiamento\/#primaryimage\",\"url\":\"https:\/\/portaltela.pt\/s.01k8rhncp4jt1\/2026\/04\/CACHE_780X1200_ANALOG_WATERMARKED_40305342_3077396_14022023064730.jpg\",\"contentUrl\":\"https:\/\/portaltela.pt\/s.01k8rhncp4jt1\/2026\/04\/CACHE_780X1200_ANALOG_WATERMARKED_40305342_3077396_14022023064730.jpg\",\"width\":768,\"height\":512,\"caption\":\"Obras da Barragem do Pis\u00e3o devem decorrer \u201cdepressa\u201d para garantir financiamento - Governo\"},{\"@type\":\"BreadcrumbList\",\"@id\":\"https:\/\/portaltela.pt\/noticias\/2026\/04\/10\/obras-da-barragem-do-pisao-devem-avancar-para-assegurar-financiamento\/#breadcrumb\",\"itemListElement\":[{\"@type\":\"ListItem\",\"position\":1,\"name\":\"In\u00edcio\",\"item\":\"https:\/\/portaltela.pt\/\"},{\"@type\":\"ListItem\",\"position\":2,\"name\":\"Obras da Barragem do Pis\u00e3o devem avan\u00e7ar para assegurar financiamento\"}]},{\"@type\":\"WebSite\",\"@id\":\"https:\/\/portaltela.pt\/#website\",\"url\":\"https:\/\/portaltela.pt\/\",\"name\":\"Portal Tela Portugal\",\"description\":\"\",\"potentialAction\":[{\"@type\":\"SearchAction\",\"target\":{\"@type\":\"EntryPoint\",\"urlTemplate\":\"https:\/\/portaltela.pt\/?s={search_term_string}\"},\"query-input\":{\"@type\":\"PropertyValueSpecification\",\"valueRequired\":true,\"valueName\":\"search_term_string\"}}],\"inLanguage\":\"pt-PT\"},{\"@type\":\"Person\",\"@id\":\"https:\/\/portaltela.pt\/#\/schema\/person\/c4278d4a6028830caff9ee44b42d32ed\",\"name\":\"Telinha\",\"image\":{\"@type\":\"ImageObject\",\"inLanguage\":\"pt-PT\",\"@id\":\"https:\/\/portaltela.pt\/s.01k8rhncp4jt1\/2025\/11\/talking-bot-125x125.png\",\"url\":\"https:\/\/portaltela.pt\/s.01k8rhncp4jt1\/2025\/11\/talking-bot-125x125.png\",\"contentUrl\":\"https:\/\/portaltela.pt\/s.01k8rhncp4jt1\/2025\/11\/talking-bot-125x125.png\",\"caption\":\"Telinha\"},\"sameAs\":[\"https:\/\/portaltela.pt\/\"],\"url\":\"https:\/\/portaltela.pt\/por\/367410592786\/\"}]}<\/script>\n<!-- \/ Yoast SEO plugin. -->","yoast_head_json":{"title":"Obras da Barragem do Pis\u00e3o devem avan\u00e7ar para assegurar financiamento - Portal Tela Portugal","robots":{"index":"index","follow":"follow","max-snippet":"max-snippet:-1","max-image-preview":"max-image-preview:large","max-video-preview":"max-video-preview:-1"},"og_locale":"pt_PT","og_type":"article","og_title":"Obras da Barragem do Pis\u00e3o devem avan\u00e7ar para assegurar financiamento - Portal Tela Portugal","og_description":"A ministra do Ambiente e Energia afirmou que as obras da Barragem do Pis\u00e3o, no Crato, distrito de Portalegre, devem decorrer relativamente depressa. O objetivo \u00e9 evitar colocar em risco o financiamento do projeto. A afirma\u00e7\u00e3o foi feita durante a interven\u00e7\u00e3o p\u00fablica anunciada pela governan\u00e7a do projeto. O conte\u00fado completo da not\u00edcia est\u00e1 dispon\u00edvel apenas para subscritores.","og_url":"https:\/\/portaltela.pt\/noticias\/2026\/04\/10\/obras-da-barragem-do-pisao-devem-avancar-para-assegurar-financiamento\/","og_site_name":"Portal Tela Portugal","article_published_time":"2026-04-10T17:32:00+00:00","author":"Telinha","twitter_card":"summary_large_image","twitter_misc":{"Escrito por":"Telinha"},"schema":{"@context":"https:\/\/schema.org","@graph":[{"@type":"Article","@id":"https:\/\/portaltela.pt\/noticias\/2026\/04\/10\/obras-da-barragem-do-pisao-devem-avancar-para-assegurar-financiamento\/#article","isPartOf":{"@id":"https:\/\/portaltela.pt\/noticias\/2026\/04\/10\/obras-da-barragem-do-pisao-devem-avancar-para-assegurar-financiamento\/"},"author":{"name":"Telinha","@id":"https:\/\/portaltela.pt\/#\/schema\/person\/c4278d4a6028830caff9ee44b42d32ed"},"headline":"Obras da Barragem do Pis\u00e3o devem avan\u00e7ar para assegurar financiamento","datePublished":"2026-04-10T17:32:00+00:00","mainEntityOfPage":{"@id":"https:\/\/portaltela.pt\/noticias\/2026\/04\/10\/obras-da-barragem-do-pisao-devem-avancar-para-assegurar-financiamento\/"},"wordCount":98,"image":{"@id":"https:\/\/portaltela.pt\/noticias\/2026\/04\/10\/obras-da-barragem-do-pisao-devem-avancar-para-assegurar-financiamento\/#primaryimage"},"thumbnailUrl":"https:\/\/portaltela.pt\/s.01k8rhncp4jt1\/2026\/04\/CACHE_780X1200_ANALOG_WATERMARKED_40305342_3077396_14022023064730.jpg","keywords":["_economia","_energia","_meio-ambiente","infraestruturas","Portalegre"],"articleSection":["Energia"],"inLanguage":"pt-PT"},{"@type":"WebPage","@id":"https:\/\/portaltela.pt\/noticias\/2026\/04\/10\/obras-da-barragem-do-pisao-devem-avancar-para-assegurar-financiamento\/","url":"https:\/\/portaltela.pt\/noticias\/2026\/04\/10\/obras-da-barragem-do-pisao-devem-avancar-para-assegurar-financiamento\/","name":"Obras da Barragem do Pis\u00e3o devem avan\u00e7ar para assegurar financiamento - Portal Tela Portugal","isPartOf":{"@id":"https:\/\/portaltela.pt\/#website"},"primaryImageOfPage":{"@id":"https:\/\/portaltela.pt\/noticias\/2026\/04\/10\/obras-da-barragem-do-pisao-devem-avancar-para-assegurar-financiamento\/#primaryimage"},"image":{"@id":"https:\/\/portaltela.pt\/noticias\/2026\/04\/10\/obras-da-barragem-do-pisao-devem-avancar-para-assegurar-financiamento\/#primaryimage"},"thumbnailUrl":"https:\/\/portaltela.pt\/s.01k8rhncp4jt1\/2026\/04\/CACHE_780X1200_ANALOG_WATERMARKED_40305342_3077396_14022023064730.jpg","datePublished":"2026-04-10T17:32:00+00:00","author":{"@id":"https:\/\/portaltela.pt\/#\/schema\/person\/c4278d4a6028830caff9ee44b42d32ed"},"breadcrumb":{"@id":"https:\/\/portaltela.pt\/noticias\/2026\/04\/10\/obras-da-barragem-do-pisao-devem-avancar-para-assegurar-financiamento\/#breadcrumb"},"inLanguage":"pt-PT","potentialAction":[{"@type":"ReadAction","target":["https:\/\/portaltela.pt\/noticias\/2026\/04\/10\/obras-da-barragem-do-pisao-devem-avancar-para-assegurar-financiamento\/"]}]},{"@type":"ImageObject","inLanguage":"pt-PT","@id":"https:\/\/portaltela.pt\/noticias\/2026\/04\/10\/obras-da-barragem-do-pisao-devem-avancar-para-assegurar-financiamento\/#primaryimage","url":"https:\/\/portaltela.pt\/s.01k8rhncp4jt1\/2026\/04\/CACHE_780X1200_ANALOG_WATERMARKED_40305342_3077396_14022023064730.jpg","contentUrl":"https:\/\/portaltela.pt\/s.01k8rhncp4jt1\/2026\/04\/CACHE_780X1200_ANALOG_WATERMARKED_40305342_3077396_14022023064730.jpg","width":768,"height":512,"caption":"Obras da Barragem do Pis\u00e3o devem decorrer \u201cdepressa\u201d para garantir financiamento - Governo"},{"@type":"BreadcrumbList","@id":"https:\/\/portaltela.pt\/noticias\/2026\/04\/10\/obras-da-barragem-do-pisao-devem-avancar-para-assegurar-financiamento\/#breadcrumb","itemListElement":[{"@type":"ListItem","position":1,"name":"In\u00edcio","item":"https:\/\/portaltela.pt\/"},{"@type":"ListItem","position":2,"name":"Obras da Barragem do Pis\u00e3o devem avan\u00e7ar para assegurar financiamento"}]},{"@type":"WebSite","@id":"https:\/\/portaltela.pt\/#website","url":"https:\/\/portaltela.pt\/","name":"Portal Tela Portugal","description":"","potentialAction":[{"@type":"SearchAction","target":{"@type":"EntryPoint","urlTemplate":"https:\/\/portaltela.pt\/?s={search_term_string}"},"query-input":{"@type":"PropertyValueSpecification","valueRequired":true,"valueName":"search_term_string"}}],"inLanguage":"pt-PT"},{"@type":"Person","@id":"https:\/\/portaltela.pt\/#\/schema\/person\/c4278d4a6028830caff9ee44b42d32ed","name":"Telinha","image":{"@type":"ImageObject","inLanguage":"pt-PT","@id":"https:\/\/portaltela.pt\/s.01k8rhncp4jt1\/2025\/11\/talking-bot-125x125.png","url":"https:\/\/portaltela.pt\/s.01k8rhncp4jt1\/2025\/11\/talking-bot-125x125.png","contentUrl":"https:\/\/portaltela.pt\/s.01k8rhncp4jt1\/2025\/11\/talking-bot-125x125.png","caption":"Telinha"},"sameAs":["https:\/\/portaltela.pt\/"],"url":"https:\/\/portaltela.pt\/por\/367410592786\/"}]}},"_links":{"self":[{"href":"https:\/\/portaltela.pt\/api\/wp\/v2\/posts\/439828","targetHints":{"allow":["GET"]}}],"collection":[{"href":"https:\/\/portaltela.pt\/api\/wp\/v2\/posts"}],"about":[{"href":"https:\/\/portaltela.pt\/api\/wp\/v2\/types\/post"}],"author":[{"embeddable":true,"href":"https:\/\/portaltela.pt\/api\/wp\/v2\/users\/2"}],"replies":[{"embeddable":true,"href":"https:\/\/portaltela.pt\/api\/wp\/v2\/comments?post=439828"}],"version-history":[{"count":0,"href":"https:\/\/portaltela.pt\/api\/wp\/v2\/posts\/439828\/revisions"}],"wp:featuredmedia":[{"embeddable":true,"href":"https:\/\/portaltela.pt\/api\/wp\/v2\/media\/439829"}],"wp:attachment":[{"href":"https:\/\/portaltela.pt\/api\/wp\/v2\/media?parent=439828"}],"wp:term":[{"taxonomy":"category","embeddable":true,"href":"https:\/\/portaltela.pt\/api\/wp\/v2\/categories?post=439828"},{"taxonomy":"post_tag","embeddable":true,"href":"https:\/\/portaltela.pt\/api\/wp\/v2\/tags?post=439828"}],"curies":[{"name":"wp","href":"https:\/\/api.w.org\/{rel}","templated":true}]}}