{"id":439800,"date":"2026-04-10T15:03:01","date_gmt":"2026-04-10T18:03:01","guid":{"rendered":"https:\/\/portaltela.pt\/noticias\/2026\/04\/10\/eduardo-ferreira-quer-voltar-a-reality-show-para-expor-herdeiros-de-marco-paulo\/"},"modified":"2026-04-10T15:03:01","modified_gmt":"2026-04-10T18:03:01","slug":"eduardo-ferreira-quer-voltar-a-reality-show-para-expor-herdeiros-de-marco-paulo","status":"publish","type":"post","link":"https:\/\/portaltela.pt\/celebridades\/2026\/04\/10\/eduardo-ferreira-quer-voltar-a-reality-show-para-expor-herdeiros-de-marco-paulo\/","title":{"rendered":"Eduardo Ferreira quer voltar a reality show para expor herdeiros de Marco Paulo"},"content":{"rendered":"<p>Eduardo Ferreira, conhecido como Dudu, pretende voltar a entrar num reality show para apresentar a sua vers\u00e3o da heran\u00e7a de Marco Paulo. A revela\u00e7\u00e3o surge quase um ano e meio ap\u00f3s a morte do artista, e ap\u00f3s o \u00faltimo contacto com os herdeiros ter ocorrido antes da participa\u00e7\u00e3o de Dudu no Big Brother Ver\u00e3o, da TVI, em julho do \u00faltimo ano. Desde ent\u00e3o, n\u00e3o houve resposta dos familiares.<\/p>\n<p>Segundo Dudu, os restantes herdeiros n\u00e3o demonstraram respeito pela mem\u00f3ria de Marco Paulo nem pela vontade dele. O empres\u00e1rio afirma querer confrontar o grupo em palco p\u00fablico, alegando desejar expor informa\u00e7\u00f5es que diz possuir sobre a gest\u00e3o da heran\u00e7a. O grupo \u00e9 composto pelo compadre Toni e pelo afilhado Marquinho.<\/p>\n<p>Dudu j\u00e1 gastou mais de 20 mil euros em viagens e gest\u00e3o de situa\u00e7\u00f5es relacionadas com o processo, mas garante que vai lutar at\u00e9 ao fim pela heran\u00e7a do artista. Em declara\u00e7\u00f5es \u00e0 Nova Gente, refere ainda desejos de f\u00e9rias nas casas associadas a Marco Paulo e recorre \u00e0 hip\u00f3tese de desmascarar pessoas ligadas \u00e0 disputa.<\/p>\n<h3>Atualiza\u00e7\u00e3o sobre o conflito entre herdeiros<\/h3>\n<p>O estado atual da disputa permanece sem cessar-fogo, com Dudu a afirmar que n\u00e3o recebeu resposta desde julho do ano passado. O assunto ganhou novo foco p\u00fablico com coment\u00e1rios sobre poss\u00edveis novos passos em realities, que o envolvem diretamente na tentativa de esclarecer a posi\u00e7\u00e3o dos herdeiros.<\/p>\n<p>O empres\u00e1rio n\u00e3o detalha novas datas nem confirma participa\u00e7\u00f5es futuras, mas sublinha que continua a considerar leg\u00edtima a sua posi\u00e7\u00e3o de herdeiro. As informa\u00e7\u00f5es destacam apenas a perspetiva de Dudu, sem confirma\u00e7\u00e3o adicional por parte dos restantes envolvidos.<\/p>\n","protected":false},"excerpt":{"rendered":"<ul>\n<li>Eduardo Ferreira, conhecido como Dudu, admite que pode voltar a entrar num reality show para expor a sua vers\u00e3o da heran\u00e7a de Marco Paulo.<\/li>\n<li>A tens\u00e3o entre os herdeiros permanece: Toni (compadre) e Marquinho (afilhado) n\u00e3o t\u00eam respondido desde a participa\u00e7\u00e3o de Dudu no Big Brother Ver\u00e3o, em julho do ano passado.<\/li>\n<li>Dudu acusa os restantes herdeiros de n\u00e3o respeitarem Marco Paulo e a vontade dele, dizendo que quer desmascarar e denunciar v\u00e1rias coisas.<\/li>\n<li>O p\u00fablico confronto envolve Maria Violante, com Dudu a afirmar que a colocariam numa casa de evid\u00eancia semelhante \u00e0 de Eva, Diogo e Ariana; ele alega que ela j\u00e1 falou dele e hoje est\u00e1 calada.<\/li>\n<li>O bombeiro garante ter j\u00e1 gasto mais de \u20ac 20 mil e assegura que vai lutar pela heran\u00e7a; tamb\u00e9m afirmou que \u00e9 herdeiro e tem direito a f\u00e9rias nas casas do artista, mencionando ainda ter ido para Braga para fugir do ambiente.<\/li>\n<\/ul>\n","protected":false},"author":2,"featured_media":439801,"comment_status":"closed","ping_status":"closed","sticky":false,"template":"","format":"standard","meta":{"footnotes":""},"categories":[6675],"tags":[7756,6115,3259,6101,148,5661],"class_list":["post-439800","post","type-post","status-publish","format-standard","has-post-thumbnail","hentry","category-celebridades","tag-_cultura","tag-_economia","tag-celebidades","tag-entrevistas","tag-familias","tag-pessoas-publicas"],"yoast_head":"<!-- This site is optimized with the Yoast SEO plugin v27.2 - https:\/\/yoast.com\/product\/yoast-seo-wordpress\/ -->\n<title>Eduardo Ferreira quer voltar a reality show para expor herdeiros de Marco Paulo - Portal Tela Portugal<\/title>\n<meta name=\"robots\" content=\"index, follow, max-snippet:-1, max-image-preview:large, max-video-preview:-1\" \/>\n<meta property=\"og:locale\" content=\"pt_PT\" \/>\n<meta property=\"og:type\" content=\"article\" \/>\n<meta property=\"og:title\" content=\"Eduardo Ferreira quer voltar a reality show para expor herdeiros de Marco Paulo - Portal Tela Portugal\" \/>\n<meta property=\"og:description\" content=\"Eduardo Ferreira, conhecido como Dudu, admite que pode voltar a entrar num reality show para expor a sua vers\u00e3o da heran\u00e7a de Marco Paulo. A tens\u00e3o entre os herdeiros permanece: Toni (compadre) e Marquinho (afilhado) n\u00e3o t\u00eam respondido desde a participa\u00e7\u00e3o de Dudu no Big Brother Ver\u00e3o, em julho do ano passado. Dudu acusa os restantes herdeiros de n\u00e3o respeitarem Marco Paulo e a vontade dele, dizendo que quer desmascarar e denunciar v\u00e1rias coisas. O p\u00fablico confronto envolve Maria Violante, com Dudu a afirmar que a colocariam numa casa de evid\u00eancia semelhante \u00e0 de Eva, Diogo e Ariana; ele alega que ela j\u00e1 falou dele e hoje est\u00e1 calada. O bombeiro garante ter j\u00e1 gasto mais de \u20ac 20 mil e assegura que vai lutar pela heran\u00e7a; tamb\u00e9m afirmou que \u00e9 herdeiro e tem direito a f\u00e9rias nas casas do artista, mencionando ainda ter ido para Braga para fugir do ambiente.\" \/>\n<meta property=\"og:url\" content=\"https:\/\/portaltela.pt\/noticias\/2026\/04\/10\/eduardo-ferreira-quer-voltar-a-reality-show-para-expor-herdeiros-de-marco-paulo\/\" \/>\n<meta property=\"og:site_name\" content=\"Portal Tela Portugal\" \/>\n<meta property=\"article:published_time\" content=\"2026-04-10T18:03:01+00:00\" \/>\n<meta name=\"author\" content=\"Telinha\" \/>\n<meta name=\"twitter:card\" content=\"summary_large_image\" \/>\n<meta name=\"twitter:label1\" content=\"Escrito por\" \/>\n\t<meta name=\"twitter:data1\" content=\"Telinha\" \/>\n\t<meta name=\"twitter:label2\" content=\"Tempo estimado de leitura\" \/>\n\t<meta name=\"twitter:data2\" content=\"1 minuto\" \/>\n<script type=\"application\/ld+json\" class=\"yoast-schema-graph\">{\"@context\":\"https:\/\/schema.org\",\"@graph\":[{\"@type\":\"Article\",\"@id\":\"https:\/\/portaltela.pt\/noticias\/2026\/04\/10\/eduardo-ferreira-quer-voltar-a-reality-show-para-expor-herdeiros-de-marco-paulo\/#article\",\"isPartOf\":{\"@id\":\"https:\/\/portaltela.pt\/noticias\/2026\/04\/10\/eduardo-ferreira-quer-voltar-a-reality-show-para-expor-herdeiros-de-marco-paulo\/\"},\"author\":{\"name\":\"Telinha\",\"@id\":\"https:\/\/portaltela.pt\/#\/schema\/person\/c4278d4a6028830caff9ee44b42d32ed\"},\"headline\":\"Eduardo Ferreira quer voltar a reality show para expor herdeiros de Marco Paulo\",\"datePublished\":\"2026-04-10T18:03:01+00:00\",\"mainEntityOfPage\":{\"@id\":\"https:\/\/portaltela.pt\/noticias\/2026\/04\/10\/eduardo-ferreira-quer-voltar-a-reality-show-para-expor-herdeiros-de-marco-paulo\/\"},\"wordCount\":308,\"image\":{\"@id\":\"https:\/\/portaltela.pt\/noticias\/2026\/04\/10\/eduardo-ferreira-quer-voltar-a-reality-show-para-expor-herdeiros-de-marco-paulo\/#primaryimage\"},\"thumbnailUrl\":\"https:\/\/portaltela.pt\/s.01k8rhncp4jt1\/2026\/04\/img_1280x718uu2025-11-14-08-55-05-2248157.jpg\",\"keywords\":[\"_cultura\",\"_economia\",\"celebidades\",\"entrevistas\",\"fam\u00edlias\",\"pessoas p\u00fablicas\"],\"articleSection\":[\"Celebridades\"],\"inLanguage\":\"pt-PT\"},{\"@type\":\"WebPage\",\"@id\":\"https:\/\/portaltela.pt\/noticias\/2026\/04\/10\/eduardo-ferreira-quer-voltar-a-reality-show-para-expor-herdeiros-de-marco-paulo\/\",\"url\":\"https:\/\/portaltela.pt\/noticias\/2026\/04\/10\/eduardo-ferreira-quer-voltar-a-reality-show-para-expor-herdeiros-de-marco-paulo\/\",\"name\":\"Eduardo Ferreira quer voltar a reality show para expor herdeiros de Marco Paulo - Portal Tela Portugal\",\"isPartOf\":{\"@id\":\"https:\/\/portaltela.pt\/#website\"},\"primaryImageOfPage\":{\"@id\":\"https:\/\/portaltela.pt\/noticias\/2026\/04\/10\/eduardo-ferreira-quer-voltar-a-reality-show-para-expor-herdeiros-de-marco-paulo\/#primaryimage\"},\"image\":{\"@id\":\"https:\/\/portaltela.pt\/noticias\/2026\/04\/10\/eduardo-ferreira-quer-voltar-a-reality-show-para-expor-herdeiros-de-marco-paulo\/#primaryimage\"},\"thumbnailUrl\":\"https:\/\/portaltela.pt\/s.01k8rhncp4jt1\/2026\/04\/img_1280x718uu2025-11-14-08-55-05-2248157.jpg\",\"datePublished\":\"2026-04-10T18:03:01+00:00\",\"author\":{\"@id\":\"https:\/\/portaltela.pt\/#\/schema\/person\/c4278d4a6028830caff9ee44b42d32ed\"},\"breadcrumb\":{\"@id\":\"https:\/\/portaltela.pt\/noticias\/2026\/04\/10\/eduardo-ferreira-quer-voltar-a-reality-show-para-expor-herdeiros-de-marco-paulo\/#breadcrumb\"},\"inLanguage\":\"pt-PT\",\"potentialAction\":[{\"@type\":\"ReadAction\",\"target\":[\"https:\/\/portaltela.pt\/noticias\/2026\/04\/10\/eduardo-ferreira-quer-voltar-a-reality-show-para-expor-herdeiros-de-marco-paulo\/\"]}]},{\"@type\":\"ImageObject\",\"inLanguage\":\"pt-PT\",\"@id\":\"https:\/\/portaltela.pt\/noticias\/2026\/04\/10\/eduardo-ferreira-quer-voltar-a-reality-show-para-expor-herdeiros-de-marco-paulo\/#primaryimage\",\"url\":\"https:\/\/portaltela.pt\/s.01k8rhncp4jt1\/2026\/04\/img_1280x718uu2025-11-14-08-55-05-2248157.jpg\",\"contentUrl\":\"https:\/\/portaltela.pt\/s.01k8rhncp4jt1\/2026\/04\/img_1280x718uu2025-11-14-08-55-05-2248157.jpg\",\"width\":1280,\"height\":718,\"caption\":\"Eduardo Ferreira,\"},{\"@type\":\"BreadcrumbList\",\"@id\":\"https:\/\/portaltela.pt\/noticias\/2026\/04\/10\/eduardo-ferreira-quer-voltar-a-reality-show-para-expor-herdeiros-de-marco-paulo\/#breadcrumb\",\"itemListElement\":[{\"@type\":\"ListItem\",\"position\":1,\"name\":\"In\u00edcio\",\"item\":\"https:\/\/portaltela.pt\/\"},{\"@type\":\"ListItem\",\"position\":2,\"name\":\"Eduardo Ferreira quer voltar a reality show para expor herdeiros de Marco Paulo\"}]},{\"@type\":\"WebSite\",\"@id\":\"https:\/\/portaltela.pt\/#website\",\"url\":\"https:\/\/portaltela.pt\/\",\"name\":\"Portal Tela Portugal\",\"description\":\"\",\"potentialAction\":[{\"@type\":\"SearchAction\",\"target\":{\"@type\":\"EntryPoint\",\"urlTemplate\":\"https:\/\/portaltela.pt\/?s={search_term_string}\"},\"query-input\":{\"@type\":\"PropertyValueSpecification\",\"valueRequired\":true,\"valueName\":\"search_term_string\"}}],\"inLanguage\":\"pt-PT\"},{\"@type\":\"Person\",\"@id\":\"https:\/\/portaltela.pt\/#\/schema\/person\/c4278d4a6028830caff9ee44b42d32ed\",\"name\":\"Telinha\",\"image\":{\"@type\":\"ImageObject\",\"inLanguage\":\"pt-PT\",\"@id\":\"https:\/\/portaltela.pt\/s.01k8rhncp4jt1\/2025\/11\/talking-bot-125x125.png\",\"url\":\"https:\/\/portaltela.pt\/s.01k8rhncp4jt1\/2025\/11\/talking-bot-125x125.png\",\"contentUrl\":\"https:\/\/portaltela.pt\/s.01k8rhncp4jt1\/2025\/11\/talking-bot-125x125.png\",\"caption\":\"Telinha\"},\"sameAs\":[\"https:\/\/portaltela.pt\/\"],\"url\":\"https:\/\/portaltela.pt\/por\/367410592786\/\"}]}<\/script>\n<!-- \/ Yoast SEO plugin. -->","yoast_head_json":{"title":"Eduardo Ferreira quer voltar a reality show para expor herdeiros de Marco Paulo - Portal Tela Portugal","robots":{"index":"index","follow":"follow","max-snippet":"max-snippet:-1","max-image-preview":"max-image-preview:large","max-video-preview":"max-video-preview:-1"},"og_locale":"pt_PT","og_type":"article","og_title":"Eduardo Ferreira quer voltar a reality show para expor herdeiros de Marco Paulo - Portal Tela Portugal","og_description":"Eduardo Ferreira, conhecido como Dudu, admite que pode voltar a entrar num reality show para expor a sua vers\u00e3o da heran\u00e7a de Marco Paulo. A tens\u00e3o entre os herdeiros permanece: Toni (compadre) e Marquinho (afilhado) n\u00e3o t\u00eam respondido desde a participa\u00e7\u00e3o de Dudu no Big Brother Ver\u00e3o, em julho do ano passado. Dudu acusa os restantes herdeiros de n\u00e3o respeitarem Marco Paulo e a vontade dele, dizendo que quer desmascarar e denunciar v\u00e1rias coisas. O p\u00fablico confronto envolve Maria Violante, com Dudu a afirmar que a colocariam numa casa de evid\u00eancia semelhante \u00e0 de Eva, Diogo e Ariana; ele alega que ela j\u00e1 falou dele e hoje est\u00e1 calada. O bombeiro garante ter j\u00e1 gasto mais de \u20ac 20 mil e assegura que vai lutar pela heran\u00e7a; tamb\u00e9m afirmou que \u00e9 herdeiro e tem direito a f\u00e9rias nas casas do artista, mencionando ainda ter ido para Braga para fugir do ambiente.","og_url":"https:\/\/portaltela.pt\/noticias\/2026\/04\/10\/eduardo-ferreira-quer-voltar-a-reality-show-para-expor-herdeiros-de-marco-paulo\/","og_site_name":"Portal Tela Portugal","article_published_time":"2026-04-10T18:03:01+00:00","author":"Telinha","twitter_card":"summary_large_image","twitter_misc":{"Escrito por":"Telinha","Tempo estimado de leitura":"1 minuto"},"schema":{"@context":"https:\/\/schema.org","@graph":[{"@type":"Article","@id":"https:\/\/portaltela.pt\/noticias\/2026\/04\/10\/eduardo-ferreira-quer-voltar-a-reality-show-para-expor-herdeiros-de-marco-paulo\/#article","isPartOf":{"@id":"https:\/\/portaltela.pt\/noticias\/2026\/04\/10\/eduardo-ferreira-quer-voltar-a-reality-show-para-expor-herdeiros-de-marco-paulo\/"},"author":{"name":"Telinha","@id":"https:\/\/portaltela.pt\/#\/schema\/person\/c4278d4a6028830caff9ee44b42d32ed"},"headline":"Eduardo Ferreira quer voltar a reality show para expor herdeiros de Marco Paulo","datePublished":"2026-04-10T18:03:01+00:00","mainEntityOfPage":{"@id":"https:\/\/portaltela.pt\/noticias\/2026\/04\/10\/eduardo-ferreira-quer-voltar-a-reality-show-para-expor-herdeiros-de-marco-paulo\/"},"wordCount":308,"image":{"@id":"https:\/\/portaltela.pt\/noticias\/2026\/04\/10\/eduardo-ferreira-quer-voltar-a-reality-show-para-expor-herdeiros-de-marco-paulo\/#primaryimage"},"thumbnailUrl":"https:\/\/portaltela.pt\/s.01k8rhncp4jt1\/2026\/04\/img_1280x718uu2025-11-14-08-55-05-2248157.jpg","keywords":["_cultura","_economia","celebidades","entrevistas","fam\u00edlias","pessoas p\u00fablicas"],"articleSection":["Celebridades"],"inLanguage":"pt-PT"},{"@type":"WebPage","@id":"https:\/\/portaltela.pt\/noticias\/2026\/04\/10\/eduardo-ferreira-quer-voltar-a-reality-show-para-expor-herdeiros-de-marco-paulo\/","url":"https:\/\/portaltela.pt\/noticias\/2026\/04\/10\/eduardo-ferreira-quer-voltar-a-reality-show-para-expor-herdeiros-de-marco-paulo\/","name":"Eduardo Ferreira quer voltar a reality show para expor herdeiros de Marco Paulo - Portal Tela Portugal","isPartOf":{"@id":"https:\/\/portaltela.pt\/#website"},"primaryImageOfPage":{"@id":"https:\/\/portaltela.pt\/noticias\/2026\/04\/10\/eduardo-ferreira-quer-voltar-a-reality-show-para-expor-herdeiros-de-marco-paulo\/#primaryimage"},"image":{"@id":"https:\/\/portaltela.pt\/noticias\/2026\/04\/10\/eduardo-ferreira-quer-voltar-a-reality-show-para-expor-herdeiros-de-marco-paulo\/#primaryimage"},"thumbnailUrl":"https:\/\/portaltela.pt\/s.01k8rhncp4jt1\/2026\/04\/img_1280x718uu2025-11-14-08-55-05-2248157.jpg","datePublished":"2026-04-10T18:03:01+00:00","author":{"@id":"https:\/\/portaltela.pt\/#\/schema\/person\/c4278d4a6028830caff9ee44b42d32ed"},"breadcrumb":{"@id":"https:\/\/portaltela.pt\/noticias\/2026\/04\/10\/eduardo-ferreira-quer-voltar-a-reality-show-para-expor-herdeiros-de-marco-paulo\/#breadcrumb"},"inLanguage":"pt-PT","potentialAction":[{"@type":"ReadAction","target":["https:\/\/portaltela.pt\/noticias\/2026\/04\/10\/eduardo-ferreira-quer-voltar-a-reality-show-para-expor-herdeiros-de-marco-paulo\/"]}]},{"@type":"ImageObject","inLanguage":"pt-PT","@id":"https:\/\/portaltela.pt\/noticias\/2026\/04\/10\/eduardo-ferreira-quer-voltar-a-reality-show-para-expor-herdeiros-de-marco-paulo\/#primaryimage","url":"https:\/\/portaltela.pt\/s.01k8rhncp4jt1\/2026\/04\/img_1280x718uu2025-11-14-08-55-05-2248157.jpg","contentUrl":"https:\/\/portaltela.pt\/s.01k8rhncp4jt1\/2026\/04\/img_1280x718uu2025-11-14-08-55-05-2248157.jpg","width":1280,"height":718,"caption":"Eduardo Ferreira,"},{"@type":"BreadcrumbList","@id":"https:\/\/portaltela.pt\/noticias\/2026\/04\/10\/eduardo-ferreira-quer-voltar-a-reality-show-para-expor-herdeiros-de-marco-paulo\/#breadcrumb","itemListElement":[{"@type":"ListItem","position":1,"name":"In\u00edcio","item":"https:\/\/portaltela.pt\/"},{"@type":"ListItem","position":2,"name":"Eduardo Ferreira quer voltar a reality show para expor herdeiros de Marco Paulo"}]},{"@type":"WebSite","@id":"https:\/\/portaltela.pt\/#website","url":"https:\/\/portaltela.pt\/","name":"Portal Tela Portugal","description":"","potentialAction":[{"@type":"SearchAction","target":{"@type":"EntryPoint","urlTemplate":"https:\/\/portaltela.pt\/?s={search_term_string}"},"query-input":{"@type":"PropertyValueSpecification","valueRequired":true,"valueName":"search_term_string"}}],"inLanguage":"pt-PT"},{"@type":"Person","@id":"https:\/\/portaltela.pt\/#\/schema\/person\/c4278d4a6028830caff9ee44b42d32ed","name":"Telinha","image":{"@type":"ImageObject","inLanguage":"pt-PT","@id":"https:\/\/portaltela.pt\/s.01k8rhncp4jt1\/2025\/11\/talking-bot-125x125.png","url":"https:\/\/portaltela.pt\/s.01k8rhncp4jt1\/2025\/11\/talking-bot-125x125.png","contentUrl":"https:\/\/portaltela.pt\/s.01k8rhncp4jt1\/2025\/11\/talking-bot-125x125.png","caption":"Telinha"},"sameAs":["https:\/\/portaltela.pt\/"],"url":"https:\/\/portaltela.pt\/por\/367410592786\/"}]}},"_links":{"self":[{"href":"https:\/\/portaltela.pt\/api\/wp\/v2\/posts\/439800","targetHints":{"allow":["GET"]}}],"collection":[{"href":"https:\/\/portaltela.pt\/api\/wp\/v2\/posts"}],"about":[{"href":"https:\/\/portaltela.pt\/api\/wp\/v2\/types\/post"}],"author":[{"embeddable":true,"href":"https:\/\/portaltela.pt\/api\/wp\/v2\/users\/2"}],"replies":[{"embeddable":true,"href":"https:\/\/portaltela.pt\/api\/wp\/v2\/comments?post=439800"}],"version-history":[{"count":0,"href":"https:\/\/portaltela.pt\/api\/wp\/v2\/posts\/439800\/revisions"}],"wp:featuredmedia":[{"embeddable":true,"href":"https:\/\/portaltela.pt\/api\/wp\/v2\/media\/439801"}],"wp:attachment":[{"href":"https:\/\/portaltela.pt\/api\/wp\/v2\/media?parent=439800"}],"wp:term":[{"taxonomy":"category","embeddable":true,"href":"https:\/\/portaltela.pt\/api\/wp\/v2\/categories?post=439800"},{"taxonomy":"post_tag","embeddable":true,"href":"https:\/\/portaltela.pt\/api\/wp\/v2\/tags?post=439800"}],"curies":[{"name":"wp","href":"https:\/\/api.w.org\/{rel}","templated":true}]}}