{"id":439785,"date":"2026-04-10T15:02:28","date_gmt":"2026-04-10T18:02:28","guid":{"rendered":"https:\/\/portaltela.pt\/noticias\/2026\/04\/10\/faye-afirma-que-pode-render-mais-com-mais-minutos-no-sporting\/"},"modified":"2026-04-10T15:02:28","modified_gmt":"2026-04-10T18:02:28","slug":"faye-afirma-que-pode-render-mais-com-mais-minutos-no-sporting","status":"publish","type":"post","link":"https:\/\/portaltela.pt\/desporto\/futebol\/2026\/04\/10\/faye-afirma-que-pode-render-mais-com-mais-minutos-no-sporting\/","title":{"rendered":"Faye afirma que pode render mais com mais minutos no Sporting"},"content":{"rendered":"<p>Souleymane Faye, extremo senegal\u00eas de 23 anos, chegou ao Sporting em janeiro vindo do Granada. O jogador afirma que a falta de tempo de jogo desde a chegada tem afetado a sua confian\u00e7a e pretende mais minutos para demonstrar o seu potencial.<\/p>\n<p>Em entrevista ao jornal senegal\u00eas L\u2019Observateur, Faye reconhece que entrou numa equipa j\u00e1 consolidada, o que dificultou a sua afirma\u00e7\u00e3o no plantel. Ainda assim, mostra confian\u00e7a de que, com o tempo, pode reclamar mais oportunidades.<\/p>\n<p>At\u00e9 agora, o jovem atleta contabiliza 154 minutos em 8 jogos de todas as competi\u00e7\u00f5es, com uma assist\u00eancia na Ta\u00e7a de Portugal. O treinador Rui Borges disse aos media que a adapta\u00e7\u00e3o tem sido gradual, dada a chegada em janeiro, e pediu paci\u00eancia at\u00e9 o atleta ganhar ritmo.<\/p>\n<h3>Tempo de adapta\u00e7\u00e3o em Alvalade<\/h3>\n<p>Rui Borges sublinhou que a equipa est\u00e1 bem plantada e que h\u00e1 menos tempo para treinar, o que complica a integra\u00e7\u00e3o de novos jogadores. O t\u00e9cnico acrescentou que a adapta\u00e7\u00e3o de Faye \u00e9 normal e esperada, dado o contexto do regresso de um jogador vindo de um outro campeonato.<\/p>\n<h3>Pr\u00f3ximo jogo e perspetivas<\/h3>\n<p>O Sporting recebe o Estrela da Amadora este s\u00e1bado \u00e0s 20h30, mantendo a expectativa de que Faye possa ter mais minutos. O treinador reiterou a necessidade de dar tempo ao atleta para se adaptar ao futebol europeu de alto n\u00edvel.<\/p>\n","protected":false},"excerpt":{"rendered":"<ul>\n<li>Souleymane Faye admite n\u00e3o estar satisfeito com o tempo de jogo no Sporting desde a chegada em janeiro, em Alvalade.<\/li>\n<li>o extremo senegal\u00eas de 23 anos foi contratado ao Granada e j\u00e1 disputou 8 jogos em todas as competi\u00e7\u00f5es, somando 154 minutos e uma assist\u00eancia na Ta\u00e7a de Portugal.<\/li>\n<li>o jogador afirma que pode render mais se tiver mais minutos e que o in\u00edcio foi dif\u00edcil por ter chegado a uma equipa j\u00e1 consolidada.<\/li>\n<li>o treinador Rui Borges reconhece que a adapta\u00e7\u00e3o de Faye tem demorado, mas defende o atleta, considerando normal dadas as circunst\u00e2ncias da sua entrada no bicampe\u00e3o nacional.<\/li>\n<li>Borges cita ainda que o mi\u00fado veio de contexto diferente e precisa de paci\u00eancia, apontando para o encontro com o Estrela da Amadora, este s\u00e1bado, como pr\u00f3ximo desafio.<\/li>\n<\/ul>\n","protected":false},"author":2,"featured_media":439787,"comment_status":"closed","ping_status":"closed","sticky":false,"template":"","format":"standard","meta":{"footnotes":""},"categories":[21,24],"tags":[1489,32,242,1883,1652,1266],"class_list":["post-439785","post","type-post","status-publish","format-standard","has-post-thumbnail","hentry","category-desporto","category-futebol","tag-estrela-da-amadora","tag-futebol","tag-jogadores","tag-senegal","tag-sporting","tag-taca-de-portugal"],"yoast_head":"<!-- This site is optimized with the Yoast SEO plugin v27.2 - https:\/\/yoast.com\/product\/yoast-seo-wordpress\/ -->\n<title>Faye afirma que pode render mais com mais minutos no Sporting - Portal Tela Portugal<\/title>\n<meta name=\"robots\" content=\"index, follow, max-snippet:-1, max-image-preview:large, max-video-preview:-1\" \/>\n<meta property=\"og:locale\" content=\"pt_PT\" \/>\n<meta property=\"og:type\" content=\"article\" \/>\n<meta property=\"og:title\" content=\"Faye afirma que pode render mais com mais minutos no Sporting - Portal Tela Portugal\" \/>\n<meta property=\"og:description\" content=\"Souleymane Faye admite n\u00e3o estar satisfeito com o tempo de jogo no Sporting desde a chegada em janeiro, em Alvalade. o extremo senegal\u00eas de 23 anos foi contratado ao Granada e j\u00e1 disputou 8 jogos em todas as competi\u00e7\u00f5es, somando 154 minutos e uma assist\u00eancia na Ta\u00e7a de Portugal. o jogador afirma que pode render mais se tiver mais minutos e que o in\u00edcio foi dif\u00edcil por ter chegado a uma equipa j\u00e1 consolidada. o treinador Rui Borges reconhece que a adapta\u00e7\u00e3o de Faye tem demorado, mas defende o atleta, considerando normal dadas as circunst\u00e2ncias da sua entrada no bicampe\u00e3o nacional. Borges cita ainda que o mi\u00fado veio de contexto diferente e precisa de paci\u00eancia, apontando para o encontro com o Estrela da Amadora, este s\u00e1bado, como pr\u00f3ximo desafio.\" \/>\n<meta property=\"og:url\" content=\"https:\/\/portaltela.pt\/noticias\/2026\/04\/10\/faye-afirma-que-pode-render-mais-com-mais-minutos-no-sporting\/\" \/>\n<meta property=\"og:site_name\" content=\"Portal Tela Portugal\" \/>\n<meta property=\"article:published_time\" content=\"2026-04-10T18:02:28+00:00\" \/>\n<meta name=\"author\" content=\"Telinha\" \/>\n<meta name=\"twitter:card\" content=\"summary_large_image\" \/>\n<meta name=\"twitter:label1\" content=\"Escrito por\" \/>\n\t<meta name=\"twitter:data1\" content=\"Telinha\" \/>\n\t<meta name=\"twitter:label2\" content=\"Tempo estimado de leitura\" \/>\n\t<meta name=\"twitter:data2\" content=\"1 minuto\" \/>\n<script type=\"application\/ld+json\" class=\"yoast-schema-graph\">{\"@context\":\"https:\/\/schema.org\",\"@graph\":[{\"@type\":\"Article\",\"@id\":\"https:\/\/portaltela.pt\/noticias\/2026\/04\/10\/faye-afirma-que-pode-render-mais-com-mais-minutos-no-sporting\/#article\",\"isPartOf\":{\"@id\":\"https:\/\/portaltela.pt\/noticias\/2026\/04\/10\/faye-afirma-que-pode-render-mais-com-mais-minutos-no-sporting\/\"},\"author\":{\"name\":\"Telinha\",\"@id\":\"https:\/\/portaltela.pt\/#\/schema\/person\/c4278d4a6028830caff9ee44b42d32ed\"},\"headline\":\"Faye afirma que pode render mais com mais minutos no Sporting\",\"datePublished\":\"2026-04-10T18:02:28+00:00\",\"mainEntityOfPage\":{\"@id\":\"https:\/\/portaltela.pt\/noticias\/2026\/04\/10\/faye-afirma-que-pode-render-mais-com-mais-minutos-no-sporting\/\"},\"wordCount\":248,\"image\":{\"@id\":\"https:\/\/portaltela.pt\/noticias\/2026\/04\/10\/faye-afirma-que-pode-render-mais-com-mais-minutos-no-sporting\/#primaryimage\"},\"thumbnailUrl\":\"https:\/\/portaltela.pt\/s.01k8rhncp4jt1\/2026\/04\/img_920x518uu2026-02-13-12-03-02-2421313.jpg\",\"keywords\":[\"Estrela da Amadora\",\"futebol\",\"jogadores\",\"Senegal\",\"Sporting\",\"Ta\u00e7a de Portugal\"],\"articleSection\":[\"Desporto\",\"Futebol\"],\"inLanguage\":\"pt-PT\"},{\"@type\":\"WebPage\",\"@id\":\"https:\/\/portaltela.pt\/noticias\/2026\/04\/10\/faye-afirma-que-pode-render-mais-com-mais-minutos-no-sporting\/\",\"url\":\"https:\/\/portaltela.pt\/noticias\/2026\/04\/10\/faye-afirma-que-pode-render-mais-com-mais-minutos-no-sporting\/\",\"name\":\"Faye afirma que pode render mais com mais minutos no Sporting - Portal Tela Portugal\",\"isPartOf\":{\"@id\":\"https:\/\/portaltela.pt\/#website\"},\"primaryImageOfPage\":{\"@id\":\"https:\/\/portaltela.pt\/noticias\/2026\/04\/10\/faye-afirma-que-pode-render-mais-com-mais-minutos-no-sporting\/#primaryimage\"},\"image\":{\"@id\":\"https:\/\/portaltela.pt\/noticias\/2026\/04\/10\/faye-afirma-que-pode-render-mais-com-mais-minutos-no-sporting\/#primaryimage\"},\"thumbnailUrl\":\"https:\/\/portaltela.pt\/s.01k8rhncp4jt1\/2026\/04\/img_920x518uu2026-02-13-12-03-02-2421313.jpg\",\"datePublished\":\"2026-04-10T18:02:28+00:00\",\"author\":{\"@id\":\"https:\/\/portaltela.pt\/#\/schema\/person\/c4278d4a6028830caff9ee44b42d32ed\"},\"breadcrumb\":{\"@id\":\"https:\/\/portaltela.pt\/noticias\/2026\/04\/10\/faye-afirma-que-pode-render-mais-com-mais-minutos-no-sporting\/#breadcrumb\"},\"inLanguage\":\"pt-PT\",\"potentialAction\":[{\"@type\":\"ReadAction\",\"target\":[\"https:\/\/portaltela.pt\/noticias\/2026\/04\/10\/faye-afirma-que-pode-render-mais-com-mais-minutos-no-sporting\/\"]}]},{\"@type\":\"ImageObject\",\"inLanguage\":\"pt-PT\",\"@id\":\"https:\/\/portaltela.pt\/noticias\/2026\/04\/10\/faye-afirma-que-pode-render-mais-com-mais-minutos-no-sporting\/#primaryimage\",\"url\":\"https:\/\/portaltela.pt\/s.01k8rhncp4jt1\/2026\/04\/img_920x518uu2026-02-13-12-03-02-2421313.jpg\",\"contentUrl\":\"https:\/\/portaltela.pt\/s.01k8rhncp4jt1\/2026\/04\/img_920x518uu2026-02-13-12-03-02-2421313.jpg\",\"width\":796,\"height\":448,\"caption\":\"Faye e a falta de tempo de jogo no Sporting: \u00abSei que posso fazer melhor se tiver mais minutos\u00bb\"},{\"@type\":\"BreadcrumbList\",\"@id\":\"https:\/\/portaltela.pt\/noticias\/2026\/04\/10\/faye-afirma-que-pode-render-mais-com-mais-minutos-no-sporting\/#breadcrumb\",\"itemListElement\":[{\"@type\":\"ListItem\",\"position\":1,\"name\":\"In\u00edcio\",\"item\":\"https:\/\/portaltela.pt\/\"},{\"@type\":\"ListItem\",\"position\":2,\"name\":\"Faye afirma que pode render mais com mais minutos no Sporting\"}]},{\"@type\":\"WebSite\",\"@id\":\"https:\/\/portaltela.pt\/#website\",\"url\":\"https:\/\/portaltela.pt\/\",\"name\":\"Portal Tela Portugal\",\"description\":\"\",\"potentialAction\":[{\"@type\":\"SearchAction\",\"target\":{\"@type\":\"EntryPoint\",\"urlTemplate\":\"https:\/\/portaltela.pt\/?s={search_term_string}\"},\"query-input\":{\"@type\":\"PropertyValueSpecification\",\"valueRequired\":true,\"valueName\":\"search_term_string\"}}],\"inLanguage\":\"pt-PT\"},{\"@type\":\"Person\",\"@id\":\"https:\/\/portaltela.pt\/#\/schema\/person\/c4278d4a6028830caff9ee44b42d32ed\",\"name\":\"Telinha\",\"image\":{\"@type\":\"ImageObject\",\"inLanguage\":\"pt-PT\",\"@id\":\"https:\/\/portaltela.pt\/s.01k8rhncp4jt1\/2025\/11\/talking-bot-125x125.png\",\"url\":\"https:\/\/portaltela.pt\/s.01k8rhncp4jt1\/2025\/11\/talking-bot-125x125.png\",\"contentUrl\":\"https:\/\/portaltela.pt\/s.01k8rhncp4jt1\/2025\/11\/talking-bot-125x125.png\",\"caption\":\"Telinha\"},\"sameAs\":[\"https:\/\/portaltela.pt\/\"],\"url\":\"https:\/\/portaltela.pt\/por\/367410592786\/\"}]}<\/script>\n<!-- \/ Yoast SEO plugin. -->","yoast_head_json":{"title":"Faye afirma que pode render mais com mais minutos no Sporting - Portal Tela Portugal","robots":{"index":"index","follow":"follow","max-snippet":"max-snippet:-1","max-image-preview":"max-image-preview:large","max-video-preview":"max-video-preview:-1"},"og_locale":"pt_PT","og_type":"article","og_title":"Faye afirma que pode render mais com mais minutos no Sporting - Portal Tela Portugal","og_description":"Souleymane Faye admite n\u00e3o estar satisfeito com o tempo de jogo no Sporting desde a chegada em janeiro, em Alvalade. o extremo senegal\u00eas de 23 anos foi contratado ao Granada e j\u00e1 disputou 8 jogos em todas as competi\u00e7\u00f5es, somando 154 minutos e uma assist\u00eancia na Ta\u00e7a de Portugal. o jogador afirma que pode render mais se tiver mais minutos e que o in\u00edcio foi dif\u00edcil por ter chegado a uma equipa j\u00e1 consolidada. o treinador Rui Borges reconhece que a adapta\u00e7\u00e3o de Faye tem demorado, mas defende o atleta, considerando normal dadas as circunst\u00e2ncias da sua entrada no bicampe\u00e3o nacional. Borges cita ainda que o mi\u00fado veio de contexto diferente e precisa de paci\u00eancia, apontando para o encontro com o Estrela da Amadora, este s\u00e1bado, como pr\u00f3ximo desafio.","og_url":"https:\/\/portaltela.pt\/noticias\/2026\/04\/10\/faye-afirma-que-pode-render-mais-com-mais-minutos-no-sporting\/","og_site_name":"Portal Tela Portugal","article_published_time":"2026-04-10T18:02:28+00:00","author":"Telinha","twitter_card":"summary_large_image","twitter_misc":{"Escrito por":"Telinha","Tempo estimado de leitura":"1 minuto"},"schema":{"@context":"https:\/\/schema.org","@graph":[{"@type":"Article","@id":"https:\/\/portaltela.pt\/noticias\/2026\/04\/10\/faye-afirma-que-pode-render-mais-com-mais-minutos-no-sporting\/#article","isPartOf":{"@id":"https:\/\/portaltela.pt\/noticias\/2026\/04\/10\/faye-afirma-que-pode-render-mais-com-mais-minutos-no-sporting\/"},"author":{"name":"Telinha","@id":"https:\/\/portaltela.pt\/#\/schema\/person\/c4278d4a6028830caff9ee44b42d32ed"},"headline":"Faye afirma que pode render mais com mais minutos no Sporting","datePublished":"2026-04-10T18:02:28+00:00","mainEntityOfPage":{"@id":"https:\/\/portaltela.pt\/noticias\/2026\/04\/10\/faye-afirma-que-pode-render-mais-com-mais-minutos-no-sporting\/"},"wordCount":248,"image":{"@id":"https:\/\/portaltela.pt\/noticias\/2026\/04\/10\/faye-afirma-que-pode-render-mais-com-mais-minutos-no-sporting\/#primaryimage"},"thumbnailUrl":"https:\/\/portaltela.pt\/s.01k8rhncp4jt1\/2026\/04\/img_920x518uu2026-02-13-12-03-02-2421313.jpg","keywords":["Estrela da Amadora","futebol","jogadores","Senegal","Sporting","Ta\u00e7a de Portugal"],"articleSection":["Desporto","Futebol"],"inLanguage":"pt-PT"},{"@type":"WebPage","@id":"https:\/\/portaltela.pt\/noticias\/2026\/04\/10\/faye-afirma-que-pode-render-mais-com-mais-minutos-no-sporting\/","url":"https:\/\/portaltela.pt\/noticias\/2026\/04\/10\/faye-afirma-que-pode-render-mais-com-mais-minutos-no-sporting\/","name":"Faye afirma que pode render mais com mais minutos no Sporting - Portal Tela Portugal","isPartOf":{"@id":"https:\/\/portaltela.pt\/#website"},"primaryImageOfPage":{"@id":"https:\/\/portaltela.pt\/noticias\/2026\/04\/10\/faye-afirma-que-pode-render-mais-com-mais-minutos-no-sporting\/#primaryimage"},"image":{"@id":"https:\/\/portaltela.pt\/noticias\/2026\/04\/10\/faye-afirma-que-pode-render-mais-com-mais-minutos-no-sporting\/#primaryimage"},"thumbnailUrl":"https:\/\/portaltela.pt\/s.01k8rhncp4jt1\/2026\/04\/img_920x518uu2026-02-13-12-03-02-2421313.jpg","datePublished":"2026-04-10T18:02:28+00:00","author":{"@id":"https:\/\/portaltela.pt\/#\/schema\/person\/c4278d4a6028830caff9ee44b42d32ed"},"breadcrumb":{"@id":"https:\/\/portaltela.pt\/noticias\/2026\/04\/10\/faye-afirma-que-pode-render-mais-com-mais-minutos-no-sporting\/#breadcrumb"},"inLanguage":"pt-PT","potentialAction":[{"@type":"ReadAction","target":["https:\/\/portaltela.pt\/noticias\/2026\/04\/10\/faye-afirma-que-pode-render-mais-com-mais-minutos-no-sporting\/"]}]},{"@type":"ImageObject","inLanguage":"pt-PT","@id":"https:\/\/portaltela.pt\/noticias\/2026\/04\/10\/faye-afirma-que-pode-render-mais-com-mais-minutos-no-sporting\/#primaryimage","url":"https:\/\/portaltela.pt\/s.01k8rhncp4jt1\/2026\/04\/img_920x518uu2026-02-13-12-03-02-2421313.jpg","contentUrl":"https:\/\/portaltela.pt\/s.01k8rhncp4jt1\/2026\/04\/img_920x518uu2026-02-13-12-03-02-2421313.jpg","width":796,"height":448,"caption":"Faye e a falta de tempo de jogo no Sporting: \u00abSei que posso fazer melhor se tiver mais minutos\u00bb"},{"@type":"BreadcrumbList","@id":"https:\/\/portaltela.pt\/noticias\/2026\/04\/10\/faye-afirma-que-pode-render-mais-com-mais-minutos-no-sporting\/#breadcrumb","itemListElement":[{"@type":"ListItem","position":1,"name":"In\u00edcio","item":"https:\/\/portaltela.pt\/"},{"@type":"ListItem","position":2,"name":"Faye afirma que pode render mais com mais minutos no Sporting"}]},{"@type":"WebSite","@id":"https:\/\/portaltela.pt\/#website","url":"https:\/\/portaltela.pt\/","name":"Portal Tela Portugal","description":"","potentialAction":[{"@type":"SearchAction","target":{"@type":"EntryPoint","urlTemplate":"https:\/\/portaltela.pt\/?s={search_term_string}"},"query-input":{"@type":"PropertyValueSpecification","valueRequired":true,"valueName":"search_term_string"}}],"inLanguage":"pt-PT"},{"@type":"Person","@id":"https:\/\/portaltela.pt\/#\/schema\/person\/c4278d4a6028830caff9ee44b42d32ed","name":"Telinha","image":{"@type":"ImageObject","inLanguage":"pt-PT","@id":"https:\/\/portaltela.pt\/s.01k8rhncp4jt1\/2025\/11\/talking-bot-125x125.png","url":"https:\/\/portaltela.pt\/s.01k8rhncp4jt1\/2025\/11\/talking-bot-125x125.png","contentUrl":"https:\/\/portaltela.pt\/s.01k8rhncp4jt1\/2025\/11\/talking-bot-125x125.png","caption":"Telinha"},"sameAs":["https:\/\/portaltela.pt\/"],"url":"https:\/\/portaltela.pt\/por\/367410592786\/"}]}},"_links":{"self":[{"href":"https:\/\/portaltela.pt\/api\/wp\/v2\/posts\/439785","targetHints":{"allow":["GET"]}}],"collection":[{"href":"https:\/\/portaltela.pt\/api\/wp\/v2\/posts"}],"about":[{"href":"https:\/\/portaltela.pt\/api\/wp\/v2\/types\/post"}],"author":[{"embeddable":true,"href":"https:\/\/portaltela.pt\/api\/wp\/v2\/users\/2"}],"replies":[{"embeddable":true,"href":"https:\/\/portaltela.pt\/api\/wp\/v2\/comments?post=439785"}],"version-history":[{"count":0,"href":"https:\/\/portaltela.pt\/api\/wp\/v2\/posts\/439785\/revisions"}],"wp:featuredmedia":[{"embeddable":true,"href":"https:\/\/portaltela.pt\/api\/wp\/v2\/media\/439787"}],"wp:attachment":[{"href":"https:\/\/portaltela.pt\/api\/wp\/v2\/media?parent=439785"}],"wp:term":[{"taxonomy":"category","embeddable":true,"href":"https:\/\/portaltela.pt\/api\/wp\/v2\/categories?post=439785"},{"taxonomy":"post_tag","embeddable":true,"href":"https:\/\/portaltela.pt\/api\/wp\/v2\/tags?post=439785"}],"curies":[{"name":"wp","href":"https:\/\/api.w.org\/{rel}","templated":true}]}}