{"id":439760,"date":"2026-04-10T14:32:32","date_gmt":"2026-04-10T17:32:32","guid":{"rendered":"https:\/\/portaltela.pt\/noticias\/2026\/04\/10\/neonazi-que-mudou-de-genero-e-detida-apos-meses-em-fuga\/"},"modified":"2026-04-10T14:32:32","modified_gmt":"2026-04-10T17:32:32","slug":"neonazi-que-mudou-de-genero-e-detida-apos-meses-em-fuga","status":"publish","type":"post","link":"https:\/\/portaltela.pt\/justica\/2026\/04\/10\/neonazi-que-mudou-de-genero-e-detida-apos-meses-em-fuga\/","title":{"rendered":"Neonazi que mudou de g\u00e9nero \u00e9 detida ap\u00f3s meses em fuga"},"content":{"rendered":"<p>A neonazi Marla-Svenja Liebich foi detida na Rep\u00fablica Checa, sob um mandado de deten\u00e7\u00e3o europeu, ap\u00f3s meses em fuga. A deten\u00e7\u00e3o ocorreu na cidade de Kr\u00e1sn\u00e1, no leste do pa\u00eds, e a acusada permanece sob cust\u00f3dia checa, com o objetivo de prosseguir a extradi\u00e7\u00e3o para a Alemanha.<\/p>\n<p>Liebich, alem\u00e3 conhecida por integrarem o grupo Blood and Honour, foi condenada em julho de 2023 a um ano e seis meses de pris\u00e3o por incita\u00e7\u00e3o ao \u00f3dio, difama\u00e7\u00e3o e insultos. A senten\u00e7a foi alvo de recurso, sem efeito, segundo informa\u00e7\u00f5es da BBC.<\/p>\n<p>Na altura da condena\u00e7\u00e3o, n\u00e3o tinha ainda efetuado a mudan\u00e7a de g\u00e9nero. Passou a ser Marla-Svenja Liebich no final de 2024, ap\u00f3s registo civil alterar o nome pr\u00f3prio e o g\u00e9nero de masculino para feminino. Movimentos sobre a mudan\u00e7a geraram controv\u00e9rsia e cr\u00edticas.<\/p>\n<h3>Deten\u00e7\u00e3o e processo de extradi\u00e7\u00e3o<\/h3>\n<p>A estadia de Liebich na Rep\u00fablica Checa decorre sob vigil\u00e2ncia das autoridades locais, com a obrigatoriedade de cumprir o mandado de deten\u00e7\u00e3o europeu. A deten\u00e7\u00e3o facilita o avan\u00e7o do processo de extradi\u00e7\u00e3o para a Alemanha, onde o cumprimento da pena \u00e9 esperado.<\/p>\n<p>Segundo o Minist\u00e9rio P\u00fablico alem\u00e3o, Liebich est\u00e1 agora sob cust\u00f3dia das autoridades checas, que devem formalizar os procedimentos de entrega \u00e0s autoridades de justi\u00e7a alem\u00e3s. A situa\u00e7\u00e3o mant\u00e9m-se em desenvolvimento, sem novas informa\u00e7\u00f5es sobre prazos.<\/p>\n<p>A defesa hist\u00f3rica de Liebich argumentou recursos, sem efeito at\u00e9 ao momento. O caso acompanha debates p\u00fablicos sobre extremismo de direita e a forma como altera\u00e7\u00f5es de identidade podem impactar processos legais em curso.<\/p>\n","protected":false},"excerpt":{"rendered":"<ul>\n<li>A extremista de direita Marla-Svenja Liebich, anteriormente conhecida como Sven Liebich, foi condenada em julho de dois mil e vinte e tr\u00eas a um ano e seis meses de pris\u00e3o por incita\u00e7\u00e3o ao \u00f3dio, difama\u00e7\u00e3o e insultos.<\/li>\n<li>Na altura da condena\u00e7\u00e3o, Liebich ainda n\u00e3o tinha realizado a mudan\u00e7a de g\u00e9nero; passou a ser Marla-Svenja Liebich no final de dois mil e vinte e quatro, ao alterar o nome pr\u00f3prio no registo civil e o g\u00e9nero de masculino para feminino.<\/li>\n<li>Em agosto de dois mil e vinte e cinco, Marla n\u00e3o se apresentou para cumprir a pena e permaneceu em fuga.<\/li>\n<li>A neonazi foi detida na cidade de Kr\u00e1sn\u00e1, no leste da Rep\u00fablica Checa, sob mandado de deten\u00e7\u00e3o europeu, e est\u00e1 sob cust\u00f3dia das autoridades checas, aguardando extradi\u00e7\u00e3o para a Alemanha.<\/li>\n<li>A transi\u00e7\u00e3o de g\u00e9nero foi considerada \u201cduvidosa\u201d por v\u00e1rias fontes; a Der Spiegel aponta que Marla \u00e9 conhecida pelas opini\u00f5es extremistas e j\u00e1 fez declara\u00e7\u00f5es queerf\u00f3bicas, sugerindo que a mudan\u00e7a pode ter visado provocar o Estado.<\/li>\n<\/ul>\n","protected":false},"author":2,"featured_media":439767,"comment_status":"closed","ping_status":"closed","sticky":false,"template":"","format":"standard","meta":{"footnotes":""},"categories":[6907,6815],"tags":[147,2633,5833,3446,6391,3544],"class_list":["post-439760","post","type-post","status-publish","format-standard","has-post-thumbnail","hentry","category-crime","category-justica","tag-crime","tag-direitos-humanos","tag-extradicoes","tag-extremismo","tag-identidade-de-genero-desafios-na-atualidade","tag-incitacao-ao-odio"],"yoast_head":"<!-- This site is optimized with the Yoast SEO plugin v27.2 - https:\/\/yoast.com\/product\/yoast-seo-wordpress\/ -->\n<title>Neonazi que mudou de g\u00e9nero \u00e9 detida ap\u00f3s meses em fuga - Portal Tela Portugal<\/title>\n<meta name=\"robots\" content=\"index, follow, max-snippet:-1, max-image-preview:large, max-video-preview:-1\" \/>\n<meta property=\"og:locale\" content=\"pt_PT\" \/>\n<meta property=\"og:type\" content=\"article\" \/>\n<meta property=\"og:title\" content=\"Neonazi que mudou de g\u00e9nero \u00e9 detida ap\u00f3s meses em fuga - Portal Tela Portugal\" \/>\n<meta property=\"og:description\" content=\"A extremista de direita Marla-Svenja Liebich, anteriormente conhecida como Sven Liebich, foi condenada em julho de dois mil e vinte e tr\u00eas a um ano e seis meses de pris\u00e3o por incita\u00e7\u00e3o ao \u00f3dio, difama\u00e7\u00e3o e insultos. Na altura da condena\u00e7\u00e3o, Liebich ainda n\u00e3o tinha realizado a mudan\u00e7a de g\u00e9nero; passou a ser Marla-Svenja Liebich no final de dois mil e vinte e quatro, ao alterar o nome pr\u00f3prio no registo civil e o g\u00e9nero de masculino para feminino. Em agosto de dois mil e vinte e cinco, Marla n\u00e3o se apresentou para cumprir a pena e permaneceu em fuga. A neonazi foi detida na cidade de Kr\u00e1sn\u00e1, no leste da Rep\u00fablica Checa, sob mandado de deten\u00e7\u00e3o europeu, e est\u00e1 sob cust\u00f3dia das autoridades checas, aguardando extradi\u00e7\u00e3o para a Alemanha. A transi\u00e7\u00e3o de g\u00e9nero foi considerada \u201cduvidosa\u201d por v\u00e1rias fontes; a Der Spiegel aponta que Marla \u00e9 conhecida pelas opini\u00f5es extremistas e j\u00e1 fez declara\u00e7\u00f5es queerf\u00f3bicas, sugerindo que a mudan\u00e7a pode ter visado provocar o Estado.\" \/>\n<meta property=\"og:url\" content=\"https:\/\/portaltela.pt\/noticias\/2026\/04\/10\/neonazi-que-mudou-de-genero-e-detida-apos-meses-em-fuga\/\" \/>\n<meta property=\"og:site_name\" content=\"Portal Tela Portugal\" \/>\n<meta property=\"article:published_time\" content=\"2026-04-10T17:32:32+00:00\" \/>\n<meta name=\"author\" content=\"Telinha\" \/>\n<meta name=\"twitter:card\" content=\"summary_large_image\" \/>\n<meta name=\"twitter:label1\" content=\"Escrito por\" \/>\n\t<meta name=\"twitter:data1\" content=\"Telinha\" \/>\n\t<meta name=\"twitter:label2\" content=\"Tempo estimado de leitura\" \/>\n\t<meta name=\"twitter:data2\" content=\"1 minuto\" \/>\n<script type=\"application\/ld+json\" class=\"yoast-schema-graph\">{\"@context\":\"https:\/\/schema.org\",\"@graph\":[{\"@type\":\"Article\",\"@id\":\"https:\/\/portaltela.pt\/noticias\/2026\/04\/10\/neonazi-que-mudou-de-genero-e-detida-apos-meses-em-fuga\/#article\",\"isPartOf\":{\"@id\":\"https:\/\/portaltela.pt\/noticias\/2026\/04\/10\/neonazi-que-mudou-de-genero-e-detida-apos-meses-em-fuga\/\"},\"author\":{\"name\":\"Telinha\",\"@id\":\"https:\/\/portaltela.pt\/#\/schema\/person\/c4278d4a6028830caff9ee44b42d32ed\"},\"headline\":\"Neonazi que mudou de g\u00e9nero \u00e9 detida ap\u00f3s meses em fuga\",\"datePublished\":\"2026-04-10T17:32:32+00:00\",\"mainEntityOfPage\":{\"@id\":\"https:\/\/portaltela.pt\/noticias\/2026\/04\/10\/neonazi-que-mudou-de-genero-e-detida-apos-meses-em-fuga\/\"},\"wordCount\":301,\"image\":{\"@id\":\"https:\/\/portaltela.pt\/noticias\/2026\/04\/10\/neonazi-que-mudou-de-genero-e-detida-apos-meses-em-fuga\/#primaryimage\"},\"thumbnailUrl\":\"https:\/\/portaltela.pt\/s.01k8rhncp4jt1\/2026\/04\/image-618.jpg\",\"keywords\":[\"crime\",\"direitos humanos\",\"extradi\u00e7\u00f5es\",\"extremismo\",\"Identidade de g\u00e9nero \u2013 Desafios na Atualidade\",\"incita\u00e7\u00e3o ao \u00f3dio\"],\"articleSection\":[\"Crime\",\"Justi\u00e7a\"],\"inLanguage\":\"pt-PT\"},{\"@type\":\"WebPage\",\"@id\":\"https:\/\/portaltela.pt\/noticias\/2026\/04\/10\/neonazi-que-mudou-de-genero-e-detida-apos-meses-em-fuga\/\",\"url\":\"https:\/\/portaltela.pt\/noticias\/2026\/04\/10\/neonazi-que-mudou-de-genero-e-detida-apos-meses-em-fuga\/\",\"name\":\"Neonazi que mudou de g\u00e9nero \u00e9 detida ap\u00f3s meses em fuga - Portal Tela Portugal\",\"isPartOf\":{\"@id\":\"https:\/\/portaltela.pt\/#website\"},\"primaryImageOfPage\":{\"@id\":\"https:\/\/portaltela.pt\/noticias\/2026\/04\/10\/neonazi-que-mudou-de-genero-e-detida-apos-meses-em-fuga\/#primaryimage\"},\"image\":{\"@id\":\"https:\/\/portaltela.pt\/noticias\/2026\/04\/10\/neonazi-que-mudou-de-genero-e-detida-apos-meses-em-fuga\/#primaryimage\"},\"thumbnailUrl\":\"https:\/\/portaltela.pt\/s.01k8rhncp4jt1\/2026\/04\/image-618.jpg\",\"datePublished\":\"2026-04-10T17:32:32+00:00\",\"author\":{\"@id\":\"https:\/\/portaltela.pt\/#\/schema\/person\/c4278d4a6028830caff9ee44b42d32ed\"},\"breadcrumb\":{\"@id\":\"https:\/\/portaltela.pt\/noticias\/2026\/04\/10\/neonazi-que-mudou-de-genero-e-detida-apos-meses-em-fuga\/#breadcrumb\"},\"inLanguage\":\"pt-PT\",\"potentialAction\":[{\"@type\":\"ReadAction\",\"target\":[\"https:\/\/portaltela.pt\/noticias\/2026\/04\/10\/neonazi-que-mudou-de-genero-e-detida-apos-meses-em-fuga\/\"]}]},{\"@type\":\"ImageObject\",\"inLanguage\":\"pt-PT\",\"@id\":\"https:\/\/portaltela.pt\/noticias\/2026\/04\/10\/neonazi-que-mudou-de-genero-e-detida-apos-meses-em-fuga\/#primaryimage\",\"url\":\"https:\/\/portaltela.pt\/s.01k8rhncp4jt1\/2026\/04\/image-618.jpg\",\"contentUrl\":\"https:\/\/portaltela.pt\/s.01k8rhncp4jt1\/2026\/04\/image-618.jpg\",\"width\":796,\"height\":448,\"caption\":\"Em agosto de 2025, Marla n\u00e3o compareceu na pris\u00e3o para cumprir a pena\"},{\"@type\":\"BreadcrumbList\",\"@id\":\"https:\/\/portaltela.pt\/noticias\/2026\/04\/10\/neonazi-que-mudou-de-genero-e-detida-apos-meses-em-fuga\/#breadcrumb\",\"itemListElement\":[{\"@type\":\"ListItem\",\"position\":1,\"name\":\"In\u00edcio\",\"item\":\"https:\/\/portaltela.pt\/\"},{\"@type\":\"ListItem\",\"position\":2,\"name\":\"Neonazi que mudou de g\u00e9nero \u00e9 detida ap\u00f3s meses em fuga\"}]},{\"@type\":\"WebSite\",\"@id\":\"https:\/\/portaltela.pt\/#website\",\"url\":\"https:\/\/portaltela.pt\/\",\"name\":\"Portal Tela Portugal\",\"description\":\"\",\"potentialAction\":[{\"@type\":\"SearchAction\",\"target\":{\"@type\":\"EntryPoint\",\"urlTemplate\":\"https:\/\/portaltela.pt\/?s={search_term_string}\"},\"query-input\":{\"@type\":\"PropertyValueSpecification\",\"valueRequired\":true,\"valueName\":\"search_term_string\"}}],\"inLanguage\":\"pt-PT\"},{\"@type\":\"Person\",\"@id\":\"https:\/\/portaltela.pt\/#\/schema\/person\/c4278d4a6028830caff9ee44b42d32ed\",\"name\":\"Telinha\",\"image\":{\"@type\":\"ImageObject\",\"inLanguage\":\"pt-PT\",\"@id\":\"https:\/\/portaltela.pt\/s.01k8rhncp4jt1\/2025\/11\/talking-bot-125x125.png\",\"url\":\"https:\/\/portaltela.pt\/s.01k8rhncp4jt1\/2025\/11\/talking-bot-125x125.png\",\"contentUrl\":\"https:\/\/portaltela.pt\/s.01k8rhncp4jt1\/2025\/11\/talking-bot-125x125.png\",\"caption\":\"Telinha\"},\"sameAs\":[\"https:\/\/portaltela.pt\/\"],\"url\":\"https:\/\/portaltela.pt\/por\/367410592786\/\"}]}<\/script>\n<!-- \/ Yoast SEO plugin. -->","yoast_head_json":{"title":"Neonazi que mudou de g\u00e9nero \u00e9 detida ap\u00f3s meses em fuga - Portal Tela Portugal","robots":{"index":"index","follow":"follow","max-snippet":"max-snippet:-1","max-image-preview":"max-image-preview:large","max-video-preview":"max-video-preview:-1"},"og_locale":"pt_PT","og_type":"article","og_title":"Neonazi que mudou de g\u00e9nero \u00e9 detida ap\u00f3s meses em fuga - Portal Tela Portugal","og_description":"A extremista de direita Marla-Svenja Liebich, anteriormente conhecida como Sven Liebich, foi condenada em julho de dois mil e vinte e tr\u00eas a um ano e seis meses de pris\u00e3o por incita\u00e7\u00e3o ao \u00f3dio, difama\u00e7\u00e3o e insultos. Na altura da condena\u00e7\u00e3o, Liebich ainda n\u00e3o tinha realizado a mudan\u00e7a de g\u00e9nero; passou a ser Marla-Svenja Liebich no final de dois mil e vinte e quatro, ao alterar o nome pr\u00f3prio no registo civil e o g\u00e9nero de masculino para feminino. Em agosto de dois mil e vinte e cinco, Marla n\u00e3o se apresentou para cumprir a pena e permaneceu em fuga. A neonazi foi detida na cidade de Kr\u00e1sn\u00e1, no leste da Rep\u00fablica Checa, sob mandado de deten\u00e7\u00e3o europeu, e est\u00e1 sob cust\u00f3dia das autoridades checas, aguardando extradi\u00e7\u00e3o para a Alemanha. A transi\u00e7\u00e3o de g\u00e9nero foi considerada \u201cduvidosa\u201d por v\u00e1rias fontes; a Der Spiegel aponta que Marla \u00e9 conhecida pelas opini\u00f5es extremistas e j\u00e1 fez declara\u00e7\u00f5es queerf\u00f3bicas, sugerindo que a mudan\u00e7a pode ter visado provocar o Estado.","og_url":"https:\/\/portaltela.pt\/noticias\/2026\/04\/10\/neonazi-que-mudou-de-genero-e-detida-apos-meses-em-fuga\/","og_site_name":"Portal Tela Portugal","article_published_time":"2026-04-10T17:32:32+00:00","author":"Telinha","twitter_card":"summary_large_image","twitter_misc":{"Escrito por":"Telinha","Tempo estimado de leitura":"1 minuto"},"schema":{"@context":"https:\/\/schema.org","@graph":[{"@type":"Article","@id":"https:\/\/portaltela.pt\/noticias\/2026\/04\/10\/neonazi-que-mudou-de-genero-e-detida-apos-meses-em-fuga\/#article","isPartOf":{"@id":"https:\/\/portaltela.pt\/noticias\/2026\/04\/10\/neonazi-que-mudou-de-genero-e-detida-apos-meses-em-fuga\/"},"author":{"name":"Telinha","@id":"https:\/\/portaltela.pt\/#\/schema\/person\/c4278d4a6028830caff9ee44b42d32ed"},"headline":"Neonazi que mudou de g\u00e9nero \u00e9 detida ap\u00f3s meses em fuga","datePublished":"2026-04-10T17:32:32+00:00","mainEntityOfPage":{"@id":"https:\/\/portaltela.pt\/noticias\/2026\/04\/10\/neonazi-que-mudou-de-genero-e-detida-apos-meses-em-fuga\/"},"wordCount":301,"image":{"@id":"https:\/\/portaltela.pt\/noticias\/2026\/04\/10\/neonazi-que-mudou-de-genero-e-detida-apos-meses-em-fuga\/#primaryimage"},"thumbnailUrl":"https:\/\/portaltela.pt\/s.01k8rhncp4jt1\/2026\/04\/image-618.jpg","keywords":["crime","direitos humanos","extradi\u00e7\u00f5es","extremismo","Identidade de g\u00e9nero \u2013 Desafios na Atualidade","incita\u00e7\u00e3o ao \u00f3dio"],"articleSection":["Crime","Justi\u00e7a"],"inLanguage":"pt-PT"},{"@type":"WebPage","@id":"https:\/\/portaltela.pt\/noticias\/2026\/04\/10\/neonazi-que-mudou-de-genero-e-detida-apos-meses-em-fuga\/","url":"https:\/\/portaltela.pt\/noticias\/2026\/04\/10\/neonazi-que-mudou-de-genero-e-detida-apos-meses-em-fuga\/","name":"Neonazi que mudou de g\u00e9nero \u00e9 detida ap\u00f3s meses em fuga - Portal Tela Portugal","isPartOf":{"@id":"https:\/\/portaltela.pt\/#website"},"primaryImageOfPage":{"@id":"https:\/\/portaltela.pt\/noticias\/2026\/04\/10\/neonazi-que-mudou-de-genero-e-detida-apos-meses-em-fuga\/#primaryimage"},"image":{"@id":"https:\/\/portaltela.pt\/noticias\/2026\/04\/10\/neonazi-que-mudou-de-genero-e-detida-apos-meses-em-fuga\/#primaryimage"},"thumbnailUrl":"https:\/\/portaltela.pt\/s.01k8rhncp4jt1\/2026\/04\/image-618.jpg","datePublished":"2026-04-10T17:32:32+00:00","author":{"@id":"https:\/\/portaltela.pt\/#\/schema\/person\/c4278d4a6028830caff9ee44b42d32ed"},"breadcrumb":{"@id":"https:\/\/portaltela.pt\/noticias\/2026\/04\/10\/neonazi-que-mudou-de-genero-e-detida-apos-meses-em-fuga\/#breadcrumb"},"inLanguage":"pt-PT","potentialAction":[{"@type":"ReadAction","target":["https:\/\/portaltela.pt\/noticias\/2026\/04\/10\/neonazi-que-mudou-de-genero-e-detida-apos-meses-em-fuga\/"]}]},{"@type":"ImageObject","inLanguage":"pt-PT","@id":"https:\/\/portaltela.pt\/noticias\/2026\/04\/10\/neonazi-que-mudou-de-genero-e-detida-apos-meses-em-fuga\/#primaryimage","url":"https:\/\/portaltela.pt\/s.01k8rhncp4jt1\/2026\/04\/image-618.jpg","contentUrl":"https:\/\/portaltela.pt\/s.01k8rhncp4jt1\/2026\/04\/image-618.jpg","width":796,"height":448,"caption":"Em agosto de 2025, Marla n\u00e3o compareceu na pris\u00e3o para cumprir a pena"},{"@type":"BreadcrumbList","@id":"https:\/\/portaltela.pt\/noticias\/2026\/04\/10\/neonazi-que-mudou-de-genero-e-detida-apos-meses-em-fuga\/#breadcrumb","itemListElement":[{"@type":"ListItem","position":1,"name":"In\u00edcio","item":"https:\/\/portaltela.pt\/"},{"@type":"ListItem","position":2,"name":"Neonazi que mudou de g\u00e9nero \u00e9 detida ap\u00f3s meses em fuga"}]},{"@type":"WebSite","@id":"https:\/\/portaltela.pt\/#website","url":"https:\/\/portaltela.pt\/","name":"Portal Tela Portugal","description":"","potentialAction":[{"@type":"SearchAction","target":{"@type":"EntryPoint","urlTemplate":"https:\/\/portaltela.pt\/?s={search_term_string}"},"query-input":{"@type":"PropertyValueSpecification","valueRequired":true,"valueName":"search_term_string"}}],"inLanguage":"pt-PT"},{"@type":"Person","@id":"https:\/\/portaltela.pt\/#\/schema\/person\/c4278d4a6028830caff9ee44b42d32ed","name":"Telinha","image":{"@type":"ImageObject","inLanguage":"pt-PT","@id":"https:\/\/portaltela.pt\/s.01k8rhncp4jt1\/2025\/11\/talking-bot-125x125.png","url":"https:\/\/portaltela.pt\/s.01k8rhncp4jt1\/2025\/11\/talking-bot-125x125.png","contentUrl":"https:\/\/portaltela.pt\/s.01k8rhncp4jt1\/2025\/11\/talking-bot-125x125.png","caption":"Telinha"},"sameAs":["https:\/\/portaltela.pt\/"],"url":"https:\/\/portaltela.pt\/por\/367410592786\/"}]}},"_links":{"self":[{"href":"https:\/\/portaltela.pt\/api\/wp\/v2\/posts\/439760","targetHints":{"allow":["GET"]}}],"collection":[{"href":"https:\/\/portaltela.pt\/api\/wp\/v2\/posts"}],"about":[{"href":"https:\/\/portaltela.pt\/api\/wp\/v2\/types\/post"}],"author":[{"embeddable":true,"href":"https:\/\/portaltela.pt\/api\/wp\/v2\/users\/2"}],"replies":[{"embeddable":true,"href":"https:\/\/portaltela.pt\/api\/wp\/v2\/comments?post=439760"}],"version-history":[{"count":0,"href":"https:\/\/portaltela.pt\/api\/wp\/v2\/posts\/439760\/revisions"}],"wp:featuredmedia":[{"embeddable":true,"href":"https:\/\/portaltela.pt\/api\/wp\/v2\/media\/439767"}],"wp:attachment":[{"href":"https:\/\/portaltela.pt\/api\/wp\/v2\/media?parent=439760"}],"wp:term":[{"taxonomy":"category","embeddable":true,"href":"https:\/\/portaltela.pt\/api\/wp\/v2\/categories?post=439760"},{"taxonomy":"post_tag","embeddable":true,"href":"https:\/\/portaltela.pt\/api\/wp\/v2\/tags?post=439760"}],"curies":[{"name":"wp","href":"https:\/\/api.w.org\/{rel}","templated":true}]}}