{"id":439755,"date":"2026-04-10T14:32:29","date_gmt":"2026-04-10T17:32:29","guid":{"rendered":"https:\/\/portaltela.pt\/noticias\/2026\/04\/10\/sandro-lima-mantem-a-titularidade-diante-do-casa-pia\/"},"modified":"2026-04-10T14:32:29","modified_gmt":"2026-04-10T17:32:29","slug":"sandro-lima-mantem-a-titularidade-diante-do-casa-pia","status":"publish","type":"post","link":"https:\/\/portaltela.pt\/desporto\/futebol\/2026\/04\/10\/sandro-lima-mantem-a-titularidade-diante-do-casa-pia\/","title":{"rendered":"Sandro Lima mant\u00e9m a titularidade diante do Casa Pia"},"content":{"rendered":"<p>O Alverca recebe o Casa Pia neste domingo, \u00e0s 15h30, em casa, para a 29.\u00aa jornada da Liga Betclic. Sandro Lima dever\u00e1 manter a titularidade, depois do golo no triunfo diante do Rio Ave.<\/p>\n<p>O avan\u00e7ado brasileiro, 35 anos, marcou na vit\u00f3ria por 2-1 sobre o Rio Ave no fim de semana passado. O lance refor\u00e7a a percep\u00e7\u00e3o de que Lima vence o duelo pela primeira op\u00e7\u00e3o de ponta.<\/p>\n<h3>Desempenho recente de Sandro Lima<\/h3>\n<p>Foi titular nos \u00faltimos tr\u00eas encontros, sob o comando de Cust\u00f3dio Castro, com dois golos nesse per\u00edodo. Na primeira volta, frente aos gansos, tamb\u00e9m iniciou e deu a assist\u00eancia para Lincoln aos 76&#8242;.<\/p>\n<h3>Ficha de \u00e9poca e trajeto<\/h3>\n<p>Sandro Lima soma 6 golos e 2 assist\u00eancias em 25 jogos pelos alverquenses na \u00e9poca 2025\/26. O camisola 91 chegou a Alverca no ver\u00e3o, vindo do Atl\u00e9tico Goianiense, a custo zero, e assinou por um ano.<\/p>\n","protected":false},"excerpt":{"rendered":"<ul>\n<li>Sandro Lima dever\u00e1 manter a titularidade no Alverca, que recebe o Casa Pia no domingo, \u00e0s 15h30, em jogo da jornada 29 da Liga Betclic.<\/li>\n<li>O avan\u00e7ado brasileiro, de 35 anos, marcou na vit\u00f3ria por 2-1 sobre o Rio Ave no \u00faltimo fim de semana.<\/li>\n<li>Lima tem sido op\u00e7\u00e3o inicial de Cust\u00f3dio Castro nos tr\u00eas jogos mais recentes, apontando dois golos nesse per\u00edodo.<\/li>\n<li>Na primeira volta diante do Casa Pia, o camisola 91 foi titular e fez a assist\u00eancia para o golo de Lincoln aos 76&#8242;.<\/li>\n<li>Em 2025\/26, soma seis golos e duas assist\u00eancias em vinte e cinco partidas pelos Alverquenses, tendo chegado no ver\u00e3o passado a custo zero vindo do Atl\u00e9tico Goianiense.<\/li>\n<\/ul>\n","protected":false},"author":2,"featured_media":439758,"comment_status":"closed","ping_status":"closed","sticky":false,"template":"","format":"standard","meta":{"footnotes":""},"categories":[21,24],"tags":[4059,1367,152,2993,32,2245],"class_list":["post-439755","post","type-post","status-publish","format-standard","has-post-thumbnail","hentry","category-desporto","category-futebol","tag-1-a-liga","tag-clubes","tag-desporto","tag-equipes","tag-futebol","tag-liga-betclic"],"yoast_head":"<!-- This site is optimized with the Yoast SEO plugin v27.2 - https:\/\/yoast.com\/product\/yoast-seo-wordpress\/ -->\n<title>Sandro Lima mant\u00e9m a titularidade diante do Casa Pia - Portal Tela Portugal<\/title>\n<meta name=\"robots\" content=\"index, follow, max-snippet:-1, max-image-preview:large, max-video-preview:-1\" \/>\n<meta property=\"og:locale\" content=\"pt_PT\" \/>\n<meta property=\"og:type\" content=\"article\" \/>\n<meta property=\"og:title\" content=\"Sandro Lima mant\u00e9m a titularidade diante do Casa Pia - Portal Tela Portugal\" \/>\n<meta property=\"og:description\" content=\"Sandro Lima dever\u00e1 manter a titularidade no Alverca, que recebe o Casa Pia no domingo, \u00e0s 15h30, em jogo da jornada 29 da Liga Betclic. O avan\u00e7ado brasileiro, de 35 anos, marcou na vit\u00f3ria por 2-1 sobre o Rio Ave no \u00faltimo fim de semana. Lima tem sido op\u00e7\u00e3o inicial de Cust\u00f3dio Castro nos tr\u00eas jogos mais recentes, apontando dois golos nesse per\u00edodo. Na primeira volta diante do Casa Pia, o camisola 91 foi titular e fez a assist\u00eancia para o golo de Lincoln aos 76&#039;. Em 2025\/26, soma seis golos e duas assist\u00eancias em vinte e cinco partidas pelos Alverquenses, tendo chegado no ver\u00e3o passado a custo zero vindo do Atl\u00e9tico Goianiense.\" \/>\n<meta property=\"og:url\" content=\"https:\/\/portaltela.pt\/noticias\/2026\/04\/10\/sandro-lima-mantem-a-titularidade-diante-do-casa-pia\/\" \/>\n<meta property=\"og:site_name\" content=\"Portal Tela Portugal\" \/>\n<meta property=\"article:published_time\" content=\"2026-04-10T17:32:29+00:00\" \/>\n<meta name=\"author\" content=\"Telinha\" \/>\n<meta name=\"twitter:card\" content=\"summary_large_image\" \/>\n<meta name=\"twitter:label1\" content=\"Escrito por\" \/>\n\t<meta name=\"twitter:data1\" content=\"Telinha\" \/>\n\t<meta name=\"twitter:label2\" content=\"Tempo estimado de leitura\" \/>\n\t<meta name=\"twitter:data2\" content=\"1 minuto\" \/>\n<script type=\"application\/ld+json\" class=\"yoast-schema-graph\">{\"@context\":\"https:\/\/schema.org\",\"@graph\":[{\"@type\":\"Article\",\"@id\":\"https:\/\/portaltela.pt\/noticias\/2026\/04\/10\/sandro-lima-mantem-a-titularidade-diante-do-casa-pia\/#article\",\"isPartOf\":{\"@id\":\"https:\/\/portaltela.pt\/noticias\/2026\/04\/10\/sandro-lima-mantem-a-titularidade-diante-do-casa-pia\/\"},\"author\":{\"name\":\"Telinha\",\"@id\":\"https:\/\/portaltela.pt\/#\/schema\/person\/c4278d4a6028830caff9ee44b42d32ed\"},\"headline\":\"Sandro Lima mant\u00e9m a titularidade diante do Casa Pia\",\"datePublished\":\"2026-04-10T17:32:29+00:00\",\"mainEntityOfPage\":{\"@id\":\"https:\/\/portaltela.pt\/noticias\/2026\/04\/10\/sandro-lima-mantem-a-titularidade-diante-do-casa-pia\/\"},\"wordCount\":163,\"image\":{\"@id\":\"https:\/\/portaltela.pt\/noticias\/2026\/04\/10\/sandro-lima-mantem-a-titularidade-diante-do-casa-pia\/#primaryimage\"},\"thumbnailUrl\":\"https:\/\/portaltela.pt\/s.01k8rhncp4jt1\/2026\/04\/img_920x518uu2026-03-15-16-13-38-2427145-im-639114411927064924.jpg\",\"keywords\":[\"1.\u00aa Liga\",\"clubes\",\"desporto\",\"equipes\",\"futebol\",\"Liga Betclic\"],\"articleSection\":[\"Desporto\",\"Futebol\"],\"inLanguage\":\"pt-PT\"},{\"@type\":\"WebPage\",\"@id\":\"https:\/\/portaltela.pt\/noticias\/2026\/04\/10\/sandro-lima-mantem-a-titularidade-diante-do-casa-pia\/\",\"url\":\"https:\/\/portaltela.pt\/noticias\/2026\/04\/10\/sandro-lima-mantem-a-titularidade-diante-do-casa-pia\/\",\"name\":\"Sandro Lima mant\u00e9m a titularidade diante do Casa Pia - Portal Tela Portugal\",\"isPartOf\":{\"@id\":\"https:\/\/portaltela.pt\/#website\"},\"primaryImageOfPage\":{\"@id\":\"https:\/\/portaltela.pt\/noticias\/2026\/04\/10\/sandro-lima-mantem-a-titularidade-diante-do-casa-pia\/#primaryimage\"},\"image\":{\"@id\":\"https:\/\/portaltela.pt\/noticias\/2026\/04\/10\/sandro-lima-mantem-a-titularidade-diante-do-casa-pia\/#primaryimage\"},\"thumbnailUrl\":\"https:\/\/portaltela.pt\/s.01k8rhncp4jt1\/2026\/04\/img_920x518uu2026-03-15-16-13-38-2427145-im-639114411927064924.jpg\",\"datePublished\":\"2026-04-10T17:32:29+00:00\",\"author\":{\"@id\":\"https:\/\/portaltela.pt\/#\/schema\/person\/c4278d4a6028830caff9ee44b42d32ed\"},\"breadcrumb\":{\"@id\":\"https:\/\/portaltela.pt\/noticias\/2026\/04\/10\/sandro-lima-mantem-a-titularidade-diante-do-casa-pia\/#breadcrumb\"},\"inLanguage\":\"pt-PT\",\"potentialAction\":[{\"@type\":\"ReadAction\",\"target\":[\"https:\/\/portaltela.pt\/noticias\/2026\/04\/10\/sandro-lima-mantem-a-titularidade-diante-do-casa-pia\/\"]}]},{\"@type\":\"ImageObject\",\"inLanguage\":\"pt-PT\",\"@id\":\"https:\/\/portaltela.pt\/noticias\/2026\/04\/10\/sandro-lima-mantem-a-titularidade-diante-do-casa-pia\/#primaryimage\",\"url\":\"https:\/\/portaltela.pt\/s.01k8rhncp4jt1\/2026\/04\/img_920x518uu2026-03-15-16-13-38-2427145-im-639114411927064924.jpg\",\"contentUrl\":\"https:\/\/portaltela.pt\/s.01k8rhncp4jt1\/2026\/04\/img_920x518uu2026-03-15-16-13-38-2427145-im-639114411927064924.jpg\",\"width\":796,\"height\":448,\"caption\":\"Sandro Lima tem estado em destaque no Alverca\"},{\"@type\":\"BreadcrumbList\",\"@id\":\"https:\/\/portaltela.pt\/noticias\/2026\/04\/10\/sandro-lima-mantem-a-titularidade-diante-do-casa-pia\/#breadcrumb\",\"itemListElement\":[{\"@type\":\"ListItem\",\"position\":1,\"name\":\"In\u00edcio\",\"item\":\"https:\/\/portaltela.pt\/\"},{\"@type\":\"ListItem\",\"position\":2,\"name\":\"Sandro Lima mant\u00e9m a titularidade diante do Casa Pia\"}]},{\"@type\":\"WebSite\",\"@id\":\"https:\/\/portaltela.pt\/#website\",\"url\":\"https:\/\/portaltela.pt\/\",\"name\":\"Portal Tela Portugal\",\"description\":\"\",\"potentialAction\":[{\"@type\":\"SearchAction\",\"target\":{\"@type\":\"EntryPoint\",\"urlTemplate\":\"https:\/\/portaltela.pt\/?s={search_term_string}\"},\"query-input\":{\"@type\":\"PropertyValueSpecification\",\"valueRequired\":true,\"valueName\":\"search_term_string\"}}],\"inLanguage\":\"pt-PT\"},{\"@type\":\"Person\",\"@id\":\"https:\/\/portaltela.pt\/#\/schema\/person\/c4278d4a6028830caff9ee44b42d32ed\",\"name\":\"Telinha\",\"image\":{\"@type\":\"ImageObject\",\"inLanguage\":\"pt-PT\",\"@id\":\"https:\/\/portaltela.pt\/s.01k8rhncp4jt1\/2025\/11\/talking-bot-125x125.png\",\"url\":\"https:\/\/portaltela.pt\/s.01k8rhncp4jt1\/2025\/11\/talking-bot-125x125.png\",\"contentUrl\":\"https:\/\/portaltela.pt\/s.01k8rhncp4jt1\/2025\/11\/talking-bot-125x125.png\",\"caption\":\"Telinha\"},\"sameAs\":[\"https:\/\/portaltela.pt\/\"],\"url\":\"https:\/\/portaltela.pt\/por\/367410592786\/\"}]}<\/script>\n<!-- \/ Yoast SEO plugin. -->","yoast_head_json":{"title":"Sandro Lima mant\u00e9m a titularidade diante do Casa Pia - Portal Tela Portugal","robots":{"index":"index","follow":"follow","max-snippet":"max-snippet:-1","max-image-preview":"max-image-preview:large","max-video-preview":"max-video-preview:-1"},"og_locale":"pt_PT","og_type":"article","og_title":"Sandro Lima mant\u00e9m a titularidade diante do Casa Pia - Portal Tela Portugal","og_description":"Sandro Lima dever\u00e1 manter a titularidade no Alverca, que recebe o Casa Pia no domingo, \u00e0s 15h30, em jogo da jornada 29 da Liga Betclic. O avan\u00e7ado brasileiro, de 35 anos, marcou na vit\u00f3ria por 2-1 sobre o Rio Ave no \u00faltimo fim de semana. Lima tem sido op\u00e7\u00e3o inicial de Cust\u00f3dio Castro nos tr\u00eas jogos mais recentes, apontando dois golos nesse per\u00edodo. Na primeira volta diante do Casa Pia, o camisola 91 foi titular e fez a assist\u00eancia para o golo de Lincoln aos 76'. Em 2025\/26, soma seis golos e duas assist\u00eancias em vinte e cinco partidas pelos Alverquenses, tendo chegado no ver\u00e3o passado a custo zero vindo do Atl\u00e9tico Goianiense.","og_url":"https:\/\/portaltela.pt\/noticias\/2026\/04\/10\/sandro-lima-mantem-a-titularidade-diante-do-casa-pia\/","og_site_name":"Portal Tela Portugal","article_published_time":"2026-04-10T17:32:29+00:00","author":"Telinha","twitter_card":"summary_large_image","twitter_misc":{"Escrito por":"Telinha","Tempo estimado de leitura":"1 minuto"},"schema":{"@context":"https:\/\/schema.org","@graph":[{"@type":"Article","@id":"https:\/\/portaltela.pt\/noticias\/2026\/04\/10\/sandro-lima-mantem-a-titularidade-diante-do-casa-pia\/#article","isPartOf":{"@id":"https:\/\/portaltela.pt\/noticias\/2026\/04\/10\/sandro-lima-mantem-a-titularidade-diante-do-casa-pia\/"},"author":{"name":"Telinha","@id":"https:\/\/portaltela.pt\/#\/schema\/person\/c4278d4a6028830caff9ee44b42d32ed"},"headline":"Sandro Lima mant\u00e9m a titularidade diante do Casa Pia","datePublished":"2026-04-10T17:32:29+00:00","mainEntityOfPage":{"@id":"https:\/\/portaltela.pt\/noticias\/2026\/04\/10\/sandro-lima-mantem-a-titularidade-diante-do-casa-pia\/"},"wordCount":163,"image":{"@id":"https:\/\/portaltela.pt\/noticias\/2026\/04\/10\/sandro-lima-mantem-a-titularidade-diante-do-casa-pia\/#primaryimage"},"thumbnailUrl":"https:\/\/portaltela.pt\/s.01k8rhncp4jt1\/2026\/04\/img_920x518uu2026-03-15-16-13-38-2427145-im-639114411927064924.jpg","keywords":["1.\u00aa Liga","clubes","desporto","equipes","futebol","Liga Betclic"],"articleSection":["Desporto","Futebol"],"inLanguage":"pt-PT"},{"@type":"WebPage","@id":"https:\/\/portaltela.pt\/noticias\/2026\/04\/10\/sandro-lima-mantem-a-titularidade-diante-do-casa-pia\/","url":"https:\/\/portaltela.pt\/noticias\/2026\/04\/10\/sandro-lima-mantem-a-titularidade-diante-do-casa-pia\/","name":"Sandro Lima mant\u00e9m a titularidade diante do Casa Pia - Portal Tela Portugal","isPartOf":{"@id":"https:\/\/portaltela.pt\/#website"},"primaryImageOfPage":{"@id":"https:\/\/portaltela.pt\/noticias\/2026\/04\/10\/sandro-lima-mantem-a-titularidade-diante-do-casa-pia\/#primaryimage"},"image":{"@id":"https:\/\/portaltela.pt\/noticias\/2026\/04\/10\/sandro-lima-mantem-a-titularidade-diante-do-casa-pia\/#primaryimage"},"thumbnailUrl":"https:\/\/portaltela.pt\/s.01k8rhncp4jt1\/2026\/04\/img_920x518uu2026-03-15-16-13-38-2427145-im-639114411927064924.jpg","datePublished":"2026-04-10T17:32:29+00:00","author":{"@id":"https:\/\/portaltela.pt\/#\/schema\/person\/c4278d4a6028830caff9ee44b42d32ed"},"breadcrumb":{"@id":"https:\/\/portaltela.pt\/noticias\/2026\/04\/10\/sandro-lima-mantem-a-titularidade-diante-do-casa-pia\/#breadcrumb"},"inLanguage":"pt-PT","potentialAction":[{"@type":"ReadAction","target":["https:\/\/portaltela.pt\/noticias\/2026\/04\/10\/sandro-lima-mantem-a-titularidade-diante-do-casa-pia\/"]}]},{"@type":"ImageObject","inLanguage":"pt-PT","@id":"https:\/\/portaltela.pt\/noticias\/2026\/04\/10\/sandro-lima-mantem-a-titularidade-diante-do-casa-pia\/#primaryimage","url":"https:\/\/portaltela.pt\/s.01k8rhncp4jt1\/2026\/04\/img_920x518uu2026-03-15-16-13-38-2427145-im-639114411927064924.jpg","contentUrl":"https:\/\/portaltela.pt\/s.01k8rhncp4jt1\/2026\/04\/img_920x518uu2026-03-15-16-13-38-2427145-im-639114411927064924.jpg","width":796,"height":448,"caption":"Sandro Lima tem estado em destaque no Alverca"},{"@type":"BreadcrumbList","@id":"https:\/\/portaltela.pt\/noticias\/2026\/04\/10\/sandro-lima-mantem-a-titularidade-diante-do-casa-pia\/#breadcrumb","itemListElement":[{"@type":"ListItem","position":1,"name":"In\u00edcio","item":"https:\/\/portaltela.pt\/"},{"@type":"ListItem","position":2,"name":"Sandro Lima mant\u00e9m a titularidade diante do Casa Pia"}]},{"@type":"WebSite","@id":"https:\/\/portaltela.pt\/#website","url":"https:\/\/portaltela.pt\/","name":"Portal Tela Portugal","description":"","potentialAction":[{"@type":"SearchAction","target":{"@type":"EntryPoint","urlTemplate":"https:\/\/portaltela.pt\/?s={search_term_string}"},"query-input":{"@type":"PropertyValueSpecification","valueRequired":true,"valueName":"search_term_string"}}],"inLanguage":"pt-PT"},{"@type":"Person","@id":"https:\/\/portaltela.pt\/#\/schema\/person\/c4278d4a6028830caff9ee44b42d32ed","name":"Telinha","image":{"@type":"ImageObject","inLanguage":"pt-PT","@id":"https:\/\/portaltela.pt\/s.01k8rhncp4jt1\/2025\/11\/talking-bot-125x125.png","url":"https:\/\/portaltela.pt\/s.01k8rhncp4jt1\/2025\/11\/talking-bot-125x125.png","contentUrl":"https:\/\/portaltela.pt\/s.01k8rhncp4jt1\/2025\/11\/talking-bot-125x125.png","caption":"Telinha"},"sameAs":["https:\/\/portaltela.pt\/"],"url":"https:\/\/portaltela.pt\/por\/367410592786\/"}]}},"_links":{"self":[{"href":"https:\/\/portaltela.pt\/api\/wp\/v2\/posts\/439755","targetHints":{"allow":["GET"]}}],"collection":[{"href":"https:\/\/portaltela.pt\/api\/wp\/v2\/posts"}],"about":[{"href":"https:\/\/portaltela.pt\/api\/wp\/v2\/types\/post"}],"author":[{"embeddable":true,"href":"https:\/\/portaltela.pt\/api\/wp\/v2\/users\/2"}],"replies":[{"embeddable":true,"href":"https:\/\/portaltela.pt\/api\/wp\/v2\/comments?post=439755"}],"version-history":[{"count":0,"href":"https:\/\/portaltela.pt\/api\/wp\/v2\/posts\/439755\/revisions"}],"wp:featuredmedia":[{"embeddable":true,"href":"https:\/\/portaltela.pt\/api\/wp\/v2\/media\/439758"}],"wp:attachment":[{"href":"https:\/\/portaltela.pt\/api\/wp\/v2\/media?parent=439755"}],"wp:term":[{"taxonomy":"category","embeddable":true,"href":"https:\/\/portaltela.pt\/api\/wp\/v2\/categories?post=439755"},{"taxonomy":"post_tag","embeddable":true,"href":"https:\/\/portaltela.pt\/api\/wp\/v2\/tags?post=439755"}],"curies":[{"name":"wp","href":"https:\/\/api.w.org\/{rel}","templated":true}]}}