{"id":439750,"date":"2026-04-10T14:32:16","date_gmt":"2026-04-10T17:32:16","guid":{"rendered":"https:\/\/portaltela.pt\/noticias\/2026\/04\/10\/tiago-antunes-promete-mandato-na-provedoria-de-justica-sem-fretes\/"},"modified":"2026-04-10T14:32:16","modified_gmt":"2026-04-10T17:32:16","slug":"tiago-antunes-promete-mandato-na-provedoria-de-justica-sem-fretes","status":"publish","type":"post","link":"https:\/\/portaltela.pt\/noticias\/2026\/04\/10\/tiago-antunes-promete-mandato-na-provedoria-de-justica-sem-fretes\/","title":{"rendered":"Tiago Antunes promete mandato na Provedoria de Justi\u00e7a sem fretes"},"content":{"rendered":"<p>Tiago Antunes, candidato a provedor de Justi\u00e7a indicado pelo Partido Socialista, apresentou-se hoje em audi\u00e7\u00e3o na Comiss\u00e3o Parlamentar de Assuntos Constitucionais, Direitos, Liberdades e Garantias. Garantiu exercer o mandato com total independ\u00eancia e sem fretes a ningu\u00e9m.<\/p>\n<p>No debate, o passado pol\u00edtico do candidato foi tema de an\u00e1lise. Enquanto alguns o descrevem como um \u201ccurr\u00edculo\u201d constru\u00eddo em Governos socialistas, outros o veem como um simples \u201ccadastro\u201d da sua experi\u00eancia p\u00fablica.<\/p>\n<p>A audi\u00e7\u00e3o ocorreu no Parlamento, onde Tiago Antunes foi questionado sobre a sua trajet\u00f3ria e sobre poss\u00edveis influ\u00eancias pol\u00edtico-partid\u00e1rias. O objetivo foi esclarecer a rela\u00e7\u00e3o entre a candidatura e atividades anteriores.<\/p>\n<h3>Contexto do passado pol\u00edtico<\/h3>\n<p>Paulo Lopes Marcelo associou a trajet\u00f3ria de Antunes a um curr\u00edculo relevante para a fun\u00e7\u00e3o. Rui Rocha, por seu turno, sugeriu tratar-se de um cadastro de experi\u00eancias, sem que isso afete a independ\u00eancia prometida.<\/p>\n<p>A restante aprecia\u00e7\u00e3o p\u00fablica dever\u00e1 considerar a capacidade de atua\u00e7\u00e3o do provedor de Justi\u00e7a de forma imparcial. O processo de indica\u00e7\u00e3o prossegue com a avalia\u00e7\u00e3o dos elementos apresentados pelo candidato.<\/p>\n","protected":false},"excerpt":{"rendered":"<ul>\n<li>Tiago Antunes assegura mandato independente e sem fretes a ningu\u00e9m, caso seja eleito provedor de Justi\u00e7a.<\/li>\n<li>Foi ouvido na Comiss\u00e3o Parlamentar de Assuntos Constitucionais, Direitos, Liberdades e Garantias.<\/li>\n<li>O candidato \u00e9 indicado pelo Partido Socialista para o cargo de provedor de Justi\u00e7a.<\/li>\n<li>O seu historial nos governos de Ant\u00f3nio Costa e Jos\u00e9 S\u00f3crates \u00e9 visto de forma diferente: para Paulo Lopes Marcelo \u00e9 curr\u00edculo, para Rui Rocha \u00e9 cadastro.<\/li>\n<li>A garantia de independ\u00eancia \u00e9 apresentada sem prometer favores ou acordos pr\u00e9vios.<\/li>\n<\/ul>\n","protected":false},"author":2,"featured_media":439751,"comment_status":"closed","ping_status":"closed","sticky":false,"template":"","format":"standard","meta":{"footnotes":""},"categories":[6815,1],"tags":[4057,34,6414,1732,2832,2144],"class_list":["post-439750","post","type-post","status-publish","format-standard","has-post-thumbnail","hentry","category-justica","category-noticias","tag-constituicao","tag-governo","tag-independencia-institucional","tag-partidos","tag-politica","tag-ps"],"yoast_head":"<!-- This site is optimized with the Yoast SEO plugin v27.2 - https:\/\/yoast.com\/product\/yoast-seo-wordpress\/ -->\n<title>Tiago Antunes promete mandato na Provedoria de Justi\u00e7a sem fretes - Portal Tela Portugal<\/title>\n<meta name=\"robots\" content=\"index, follow, max-snippet:-1, max-image-preview:large, max-video-preview:-1\" \/>\n<meta property=\"og:locale\" content=\"pt_PT\" \/>\n<meta property=\"og:type\" content=\"article\" \/>\n<meta property=\"og:title\" content=\"Tiago Antunes promete mandato na Provedoria de Justi\u00e7a sem fretes - Portal Tela Portugal\" \/>\n<meta property=\"og:description\" content=\"Tiago Antunes assegura mandato independente e sem fretes a ningu\u00e9m, caso seja eleito provedor de Justi\u00e7a. Foi ouvido na Comiss\u00e3o Parlamentar de Assuntos Constitucionais, Direitos, Liberdades e Garantias. O candidato \u00e9 indicado pelo Partido Socialista para o cargo de provedor de Justi\u00e7a. O seu historial nos governos de Ant\u00f3nio Costa e Jos\u00e9 S\u00f3crates \u00e9 visto de forma diferente: para Paulo Lopes Marcelo \u00e9 curr\u00edculo, para Rui Rocha \u00e9 cadastro. A garantia de independ\u00eancia \u00e9 apresentada sem prometer favores ou acordos pr\u00e9vios.\" \/>\n<meta property=\"og:url\" content=\"https:\/\/portaltela.pt\/noticias\/2026\/04\/10\/tiago-antunes-promete-mandato-na-provedoria-de-justica-sem-fretes\/\" \/>\n<meta property=\"og:site_name\" content=\"Portal Tela Portugal\" \/>\n<meta property=\"article:published_time\" content=\"2026-04-10T17:32:16+00:00\" \/>\n<meta name=\"author\" content=\"Telinha\" \/>\n<meta name=\"twitter:card\" content=\"summary_large_image\" \/>\n<meta name=\"twitter:label1\" content=\"Escrito por\" \/>\n\t<meta name=\"twitter:data1\" content=\"Telinha\" \/>\n\t<meta name=\"twitter:label2\" content=\"Tempo estimado de leitura\" \/>\n\t<meta name=\"twitter:data2\" content=\"1 minuto\" \/>\n<script type=\"application\/ld+json\" class=\"yoast-schema-graph\">{\"@context\":\"https:\/\/schema.org\",\"@graph\":[{\"@type\":\"Article\",\"@id\":\"https:\/\/portaltela.pt\/noticias\/2026\/04\/10\/tiago-antunes-promete-mandato-na-provedoria-de-justica-sem-fretes\/#article\",\"isPartOf\":{\"@id\":\"https:\/\/portaltela.pt\/noticias\/2026\/04\/10\/tiago-antunes-promete-mandato-na-provedoria-de-justica-sem-fretes\/\"},\"author\":{\"name\":\"Telinha\",\"@id\":\"https:\/\/portaltela.pt\/#\/schema\/person\/c4278d4a6028830caff9ee44b42d32ed\"},\"headline\":\"Tiago Antunes promete mandato na Provedoria de Justi\u00e7a sem fretes\",\"datePublished\":\"2026-04-10T17:32:16+00:00\",\"mainEntityOfPage\":{\"@id\":\"https:\/\/portaltela.pt\/noticias\/2026\/04\/10\/tiago-antunes-promete-mandato-na-provedoria-de-justica-sem-fretes\/\"},\"wordCount\":210,\"image\":{\"@id\":\"https:\/\/portaltela.pt\/noticias\/2026\/04\/10\/tiago-antunes-promete-mandato-na-provedoria-de-justica-sem-fretes\/#primaryimage\"},\"thumbnailUrl\":\"https:\/\/portaltela.pt\/s.01k8rhncp4jt1\/2026\/04\/2080507.jpg\",\"keywords\":[\"constitui\u00e7\u00e3o\",\"governo\",\"independ\u00eancia institucional\",\"partidos\",\"pol\u00edtica\",\"PS\"],\"articleSection\":[\"Justi\u00e7a\",\"Not\u00edcias\"],\"inLanguage\":\"pt-PT\"},{\"@type\":\"WebPage\",\"@id\":\"https:\/\/portaltela.pt\/noticias\/2026\/04\/10\/tiago-antunes-promete-mandato-na-provedoria-de-justica-sem-fretes\/\",\"url\":\"https:\/\/portaltela.pt\/noticias\/2026\/04\/10\/tiago-antunes-promete-mandato-na-provedoria-de-justica-sem-fretes\/\",\"name\":\"Tiago Antunes promete mandato na Provedoria de Justi\u00e7a sem fretes - Portal Tela Portugal\",\"isPartOf\":{\"@id\":\"https:\/\/portaltela.pt\/#website\"},\"primaryImageOfPage\":{\"@id\":\"https:\/\/portaltela.pt\/noticias\/2026\/04\/10\/tiago-antunes-promete-mandato-na-provedoria-de-justica-sem-fretes\/#primaryimage\"},\"image\":{\"@id\":\"https:\/\/portaltela.pt\/noticias\/2026\/04\/10\/tiago-antunes-promete-mandato-na-provedoria-de-justica-sem-fretes\/#primaryimage\"},\"thumbnailUrl\":\"https:\/\/portaltela.pt\/s.01k8rhncp4jt1\/2026\/04\/2080507.jpg\",\"datePublished\":\"2026-04-10T17:32:16+00:00\",\"author\":{\"@id\":\"https:\/\/portaltela.pt\/#\/schema\/person\/c4278d4a6028830caff9ee44b42d32ed\"},\"breadcrumb\":{\"@id\":\"https:\/\/portaltela.pt\/noticias\/2026\/04\/10\/tiago-antunes-promete-mandato-na-provedoria-de-justica-sem-fretes\/#breadcrumb\"},\"inLanguage\":\"pt-PT\",\"potentialAction\":[{\"@type\":\"ReadAction\",\"target\":[\"https:\/\/portaltela.pt\/noticias\/2026\/04\/10\/tiago-antunes-promete-mandato-na-provedoria-de-justica-sem-fretes\/\"]}]},{\"@type\":\"ImageObject\",\"inLanguage\":\"pt-PT\",\"@id\":\"https:\/\/portaltela.pt\/noticias\/2026\/04\/10\/tiago-antunes-promete-mandato-na-provedoria-de-justica-sem-fretes\/#primaryimage\",\"url\":\"https:\/\/portaltela.pt\/s.01k8rhncp4jt1\/2026\/04\/2080507.jpg\",\"contentUrl\":\"https:\/\/portaltela.pt\/s.01k8rhncp4jt1\/2026\/04\/2080507.jpg\",\"width\":796,\"height\":448,\"caption\":\"PS indicou Tiago Antunes para provedor de Justi\u00e7a\"},{\"@type\":\"BreadcrumbList\",\"@id\":\"https:\/\/portaltela.pt\/noticias\/2026\/04\/10\/tiago-antunes-promete-mandato-na-provedoria-de-justica-sem-fretes\/#breadcrumb\",\"itemListElement\":[{\"@type\":\"ListItem\",\"position\":1,\"name\":\"In\u00edcio\",\"item\":\"https:\/\/portaltela.pt\/\"},{\"@type\":\"ListItem\",\"position\":2,\"name\":\"Tiago Antunes promete mandato na Provedoria de Justi\u00e7a sem fretes\"}]},{\"@type\":\"WebSite\",\"@id\":\"https:\/\/portaltela.pt\/#website\",\"url\":\"https:\/\/portaltela.pt\/\",\"name\":\"Portal Tela Portugal\",\"description\":\"\",\"potentialAction\":[{\"@type\":\"SearchAction\",\"target\":{\"@type\":\"EntryPoint\",\"urlTemplate\":\"https:\/\/portaltela.pt\/?s={search_term_string}\"},\"query-input\":{\"@type\":\"PropertyValueSpecification\",\"valueRequired\":true,\"valueName\":\"search_term_string\"}}],\"inLanguage\":\"pt-PT\"},{\"@type\":\"Person\",\"@id\":\"https:\/\/portaltela.pt\/#\/schema\/person\/c4278d4a6028830caff9ee44b42d32ed\",\"name\":\"Telinha\",\"image\":{\"@type\":\"ImageObject\",\"inLanguage\":\"pt-PT\",\"@id\":\"https:\/\/portaltela.pt\/s.01k8rhncp4jt1\/2025\/11\/talking-bot-125x125.png\",\"url\":\"https:\/\/portaltela.pt\/s.01k8rhncp4jt1\/2025\/11\/talking-bot-125x125.png\",\"contentUrl\":\"https:\/\/portaltela.pt\/s.01k8rhncp4jt1\/2025\/11\/talking-bot-125x125.png\",\"caption\":\"Telinha\"},\"sameAs\":[\"https:\/\/portaltela.pt\/\"],\"url\":\"https:\/\/portaltela.pt\/por\/367410592786\/\"}]}<\/script>\n<!-- \/ Yoast SEO plugin. -->","yoast_head_json":{"title":"Tiago Antunes promete mandato na Provedoria de Justi\u00e7a sem fretes - Portal Tela Portugal","robots":{"index":"index","follow":"follow","max-snippet":"max-snippet:-1","max-image-preview":"max-image-preview:large","max-video-preview":"max-video-preview:-1"},"og_locale":"pt_PT","og_type":"article","og_title":"Tiago Antunes promete mandato na Provedoria de Justi\u00e7a sem fretes - Portal Tela Portugal","og_description":"Tiago Antunes assegura mandato independente e sem fretes a ningu\u00e9m, caso seja eleito provedor de Justi\u00e7a. Foi ouvido na Comiss\u00e3o Parlamentar de Assuntos Constitucionais, Direitos, Liberdades e Garantias. O candidato \u00e9 indicado pelo Partido Socialista para o cargo de provedor de Justi\u00e7a. O seu historial nos governos de Ant\u00f3nio Costa e Jos\u00e9 S\u00f3crates \u00e9 visto de forma diferente: para Paulo Lopes Marcelo \u00e9 curr\u00edculo, para Rui Rocha \u00e9 cadastro. A garantia de independ\u00eancia \u00e9 apresentada sem prometer favores ou acordos pr\u00e9vios.","og_url":"https:\/\/portaltela.pt\/noticias\/2026\/04\/10\/tiago-antunes-promete-mandato-na-provedoria-de-justica-sem-fretes\/","og_site_name":"Portal Tela Portugal","article_published_time":"2026-04-10T17:32:16+00:00","author":"Telinha","twitter_card":"summary_large_image","twitter_misc":{"Escrito por":"Telinha","Tempo estimado de leitura":"1 minuto"},"schema":{"@context":"https:\/\/schema.org","@graph":[{"@type":"Article","@id":"https:\/\/portaltela.pt\/noticias\/2026\/04\/10\/tiago-antunes-promete-mandato-na-provedoria-de-justica-sem-fretes\/#article","isPartOf":{"@id":"https:\/\/portaltela.pt\/noticias\/2026\/04\/10\/tiago-antunes-promete-mandato-na-provedoria-de-justica-sem-fretes\/"},"author":{"name":"Telinha","@id":"https:\/\/portaltela.pt\/#\/schema\/person\/c4278d4a6028830caff9ee44b42d32ed"},"headline":"Tiago Antunes promete mandato na Provedoria de Justi\u00e7a sem fretes","datePublished":"2026-04-10T17:32:16+00:00","mainEntityOfPage":{"@id":"https:\/\/portaltela.pt\/noticias\/2026\/04\/10\/tiago-antunes-promete-mandato-na-provedoria-de-justica-sem-fretes\/"},"wordCount":210,"image":{"@id":"https:\/\/portaltela.pt\/noticias\/2026\/04\/10\/tiago-antunes-promete-mandato-na-provedoria-de-justica-sem-fretes\/#primaryimage"},"thumbnailUrl":"https:\/\/portaltela.pt\/s.01k8rhncp4jt1\/2026\/04\/2080507.jpg","keywords":["constitui\u00e7\u00e3o","governo","independ\u00eancia institucional","partidos","pol\u00edtica","PS"],"articleSection":["Justi\u00e7a","Not\u00edcias"],"inLanguage":"pt-PT"},{"@type":"WebPage","@id":"https:\/\/portaltela.pt\/noticias\/2026\/04\/10\/tiago-antunes-promete-mandato-na-provedoria-de-justica-sem-fretes\/","url":"https:\/\/portaltela.pt\/noticias\/2026\/04\/10\/tiago-antunes-promete-mandato-na-provedoria-de-justica-sem-fretes\/","name":"Tiago Antunes promete mandato na Provedoria de Justi\u00e7a sem fretes - Portal Tela Portugal","isPartOf":{"@id":"https:\/\/portaltela.pt\/#website"},"primaryImageOfPage":{"@id":"https:\/\/portaltela.pt\/noticias\/2026\/04\/10\/tiago-antunes-promete-mandato-na-provedoria-de-justica-sem-fretes\/#primaryimage"},"image":{"@id":"https:\/\/portaltela.pt\/noticias\/2026\/04\/10\/tiago-antunes-promete-mandato-na-provedoria-de-justica-sem-fretes\/#primaryimage"},"thumbnailUrl":"https:\/\/portaltela.pt\/s.01k8rhncp4jt1\/2026\/04\/2080507.jpg","datePublished":"2026-04-10T17:32:16+00:00","author":{"@id":"https:\/\/portaltela.pt\/#\/schema\/person\/c4278d4a6028830caff9ee44b42d32ed"},"breadcrumb":{"@id":"https:\/\/portaltela.pt\/noticias\/2026\/04\/10\/tiago-antunes-promete-mandato-na-provedoria-de-justica-sem-fretes\/#breadcrumb"},"inLanguage":"pt-PT","potentialAction":[{"@type":"ReadAction","target":["https:\/\/portaltela.pt\/noticias\/2026\/04\/10\/tiago-antunes-promete-mandato-na-provedoria-de-justica-sem-fretes\/"]}]},{"@type":"ImageObject","inLanguage":"pt-PT","@id":"https:\/\/portaltela.pt\/noticias\/2026\/04\/10\/tiago-antunes-promete-mandato-na-provedoria-de-justica-sem-fretes\/#primaryimage","url":"https:\/\/portaltela.pt\/s.01k8rhncp4jt1\/2026\/04\/2080507.jpg","contentUrl":"https:\/\/portaltela.pt\/s.01k8rhncp4jt1\/2026\/04\/2080507.jpg","width":796,"height":448,"caption":"PS indicou Tiago Antunes para provedor de Justi\u00e7a"},{"@type":"BreadcrumbList","@id":"https:\/\/portaltela.pt\/noticias\/2026\/04\/10\/tiago-antunes-promete-mandato-na-provedoria-de-justica-sem-fretes\/#breadcrumb","itemListElement":[{"@type":"ListItem","position":1,"name":"In\u00edcio","item":"https:\/\/portaltela.pt\/"},{"@type":"ListItem","position":2,"name":"Tiago Antunes promete mandato na Provedoria de Justi\u00e7a sem fretes"}]},{"@type":"WebSite","@id":"https:\/\/portaltela.pt\/#website","url":"https:\/\/portaltela.pt\/","name":"Portal Tela Portugal","description":"","potentialAction":[{"@type":"SearchAction","target":{"@type":"EntryPoint","urlTemplate":"https:\/\/portaltela.pt\/?s={search_term_string}"},"query-input":{"@type":"PropertyValueSpecification","valueRequired":true,"valueName":"search_term_string"}}],"inLanguage":"pt-PT"},{"@type":"Person","@id":"https:\/\/portaltela.pt\/#\/schema\/person\/c4278d4a6028830caff9ee44b42d32ed","name":"Telinha","image":{"@type":"ImageObject","inLanguage":"pt-PT","@id":"https:\/\/portaltela.pt\/s.01k8rhncp4jt1\/2025\/11\/talking-bot-125x125.png","url":"https:\/\/portaltela.pt\/s.01k8rhncp4jt1\/2025\/11\/talking-bot-125x125.png","contentUrl":"https:\/\/portaltela.pt\/s.01k8rhncp4jt1\/2025\/11\/talking-bot-125x125.png","caption":"Telinha"},"sameAs":["https:\/\/portaltela.pt\/"],"url":"https:\/\/portaltela.pt\/por\/367410592786\/"}]}},"_links":{"self":[{"href":"https:\/\/portaltela.pt\/api\/wp\/v2\/posts\/439750","targetHints":{"allow":["GET"]}}],"collection":[{"href":"https:\/\/portaltela.pt\/api\/wp\/v2\/posts"}],"about":[{"href":"https:\/\/portaltela.pt\/api\/wp\/v2\/types\/post"}],"author":[{"embeddable":true,"href":"https:\/\/portaltela.pt\/api\/wp\/v2\/users\/2"}],"replies":[{"embeddable":true,"href":"https:\/\/portaltela.pt\/api\/wp\/v2\/comments?post=439750"}],"version-history":[{"count":0,"href":"https:\/\/portaltela.pt\/api\/wp\/v2\/posts\/439750\/revisions"}],"wp:featuredmedia":[{"embeddable":true,"href":"https:\/\/portaltela.pt\/api\/wp\/v2\/media\/439751"}],"wp:attachment":[{"href":"https:\/\/portaltela.pt\/api\/wp\/v2\/media?parent=439750"}],"wp:term":[{"taxonomy":"category","embeddable":true,"href":"https:\/\/portaltela.pt\/api\/wp\/v2\/categories?post=439750"},{"taxonomy":"post_tag","embeddable":true,"href":"https:\/\/portaltela.pt\/api\/wp\/v2\/tags?post=439750"}],"curies":[{"name":"wp","href":"https:\/\/api.w.org\/{rel}","templated":true}]}}