{"id":439732,"date":"2026-04-10T14:17:16","date_gmt":"2026-04-10T17:17:16","guid":{"rendered":"https:\/\/portaltela.pt\/noticias\/2026\/04\/10\/trabalhador-da-aldi-obrigado-a-mudar-se-de-lisboa-para-o-porto\/"},"modified":"2026-04-10T14:17:16","modified_gmt":"2026-04-10T17:17:16","slug":"trabalhador-da-aldi-obrigado-a-mudar-se-de-lisboa-para-o-porto","status":"publish","type":"post","link":"https:\/\/portaltela.pt\/justica\/2026\/04\/10\/trabalhador-da-aldi-obrigado-a-mudar-se-de-lisboa-para-o-porto\/","title":{"rendered":"Trabalhador da Aldi obrigado a mudar-se de Lisboa para o Porto"},"content":{"rendered":"<p>O caso envolve Paulo Lopes, trabalhador a tempo parcial do Aldi, que foi obrigado a mudar-se de Lisboa para a loja de Ramalde, no Porto, para manter o emprego. A transfer\u00eancia aconteceu para garantir a continuidade de fun\u00e7\u00f5es no supermercado.<\/p>\n<p>Aldi afirma que as decis\u00f5es relacionadas com a gest\u00e3o de colaboradores s\u00e3o avaliadas de acordo com as necessidades operacionais da empresa, sem entrar em aspectos pessoais dos trabalhadores.<\/p>\n<p>Segundo o JN, Paulo Lopes chegou ao Porto a 16 de mar\u00e7o e, menos de um m\u00eas depois, pode ficar sem o \u00fanico apoio que recebeu durante a transfer\u00eancia, a ced\u00eancia de habita\u00e7\u00e3o pela empresa.<\/p>\n<p>A desloca\u00e7\u00e3o implica mais de 300 quil\u00f3metros entre a resid\u00eancia e a nova loja em Ramalde, o que agrava as dificuldades log\u00edsticas do trabalhador.<\/p>\n<p>O processo est\u00e1 a decorrer na Justi\u00e7a, com Paulo Lopes a manter a a\u00e7\u00e3o para defender os seus direitos laborais e de transfer\u00eancia.<\/p>\n","protected":false},"excerpt":{"rendered":"<ul>\n<li>O funcion\u00e1rio em regime de part-time do Aldi teve de mudar-se de Lisboa para Ramalde, no Porto, para manter o emprego, vivendo a mais de 300 quil\u00f3metros de casa.<\/li>\n<li>Paulo Lopes afirma que n\u00e3o abdica de lutar pelos seus direitos e o caso est\u00e1 na Justi\u00e7a.<\/li>\n<li>O Aldi diz que todas as decis\u00f5es sobre a gest\u00e3o de colaboradores s\u00e3o avaliadas consoante as necessidades operacionais da empresa.<\/li>\n<li>Chegou ao Porto a 16 de mar\u00e7o.<\/li>\n<li>Em menos de um m\u00eas, est\u00e1 prestes a perder o \u00fanico apoio da empresa relacionado com a transfer\u00eancia, que foi a ced\u00eancia da habita\u00e7\u00e3o.<\/li>\n<\/ul>\n","protected":false},"author":2,"featured_media":439737,"comment_status":"closed","ping_status":"closed","sticky":false,"template":"","format":"standard","meta":{"footnotes":""},"categories":[6815],"tags":[5188,6094,150,981,982,2201],"class_list":["post-439732","post","type-post","status-publish","format-standard","has-post-thumbnail","hentry","category-justica","tag-deslocacao","tag-direitos-dos-trabalhadores","tag-habitacao","tag-lisboa","tag-porto","tag-trabalho"],"yoast_head":"<!-- This site is optimized with the Yoast SEO plugin v27.2 - https:\/\/yoast.com\/product\/yoast-seo-wordpress\/ -->\n<title>Trabalhador da Aldi obrigado a mudar-se de Lisboa para o Porto - Portal Tela Portugal<\/title>\n<meta name=\"robots\" content=\"index, follow, max-snippet:-1, max-image-preview:large, max-video-preview:-1\" \/>\n<meta property=\"og:locale\" content=\"pt_PT\" \/>\n<meta property=\"og:type\" content=\"article\" \/>\n<meta property=\"og:title\" content=\"Trabalhador da Aldi obrigado a mudar-se de Lisboa para o Porto - Portal Tela Portugal\" \/>\n<meta property=\"og:description\" content=\"O funcion\u00e1rio em regime de part-time do Aldi teve de mudar-se de Lisboa para Ramalde, no Porto, para manter o emprego, vivendo a mais de 300 quil\u00f3metros de casa. Paulo Lopes afirma que n\u00e3o abdica de lutar pelos seus direitos e o caso est\u00e1 na Justi\u00e7a. O Aldi diz que todas as decis\u00f5es sobre a gest\u00e3o de colaboradores s\u00e3o avaliadas consoante as necessidades operacionais da empresa. Chegou ao Porto a 16 de mar\u00e7o. Em menos de um m\u00eas, est\u00e1 prestes a perder o \u00fanico apoio da empresa relacionado com a transfer\u00eancia, que foi a ced\u00eancia da habita\u00e7\u00e3o.\" \/>\n<meta property=\"og:url\" content=\"https:\/\/portaltela.pt\/noticias\/2026\/04\/10\/trabalhador-da-aldi-obrigado-a-mudar-se-de-lisboa-para-o-porto\/\" \/>\n<meta property=\"og:site_name\" content=\"Portal Tela Portugal\" \/>\n<meta property=\"article:published_time\" content=\"2026-04-10T17:17:16+00:00\" \/>\n<meta name=\"author\" content=\"Telinha\" \/>\n<meta name=\"twitter:card\" content=\"summary_large_image\" \/>\n<meta name=\"twitter:label1\" content=\"Escrito por\" \/>\n\t<meta name=\"twitter:data1\" content=\"Telinha\" \/>\n\t<meta name=\"twitter:label2\" content=\"Tempo estimado de leitura\" \/>\n\t<meta name=\"twitter:data2\" content=\"1 minuto\" \/>\n<script type=\"application\/ld+json\" class=\"yoast-schema-graph\">{\"@context\":\"https:\/\/schema.org\",\"@graph\":[{\"@type\":\"Article\",\"@id\":\"https:\/\/portaltela.pt\/noticias\/2026\/04\/10\/trabalhador-da-aldi-obrigado-a-mudar-se-de-lisboa-para-o-porto\/#article\",\"isPartOf\":{\"@id\":\"https:\/\/portaltela.pt\/noticias\/2026\/04\/10\/trabalhador-da-aldi-obrigado-a-mudar-se-de-lisboa-para-o-porto\/\"},\"author\":{\"name\":\"Telinha\",\"@id\":\"https:\/\/portaltela.pt\/#\/schema\/person\/c4278d4a6028830caff9ee44b42d32ed\"},\"headline\":\"Trabalhador da Aldi obrigado a mudar-se de Lisboa para o Porto\",\"datePublished\":\"2026-04-10T17:17:16+00:00\",\"mainEntityOfPage\":{\"@id\":\"https:\/\/portaltela.pt\/noticias\/2026\/04\/10\/trabalhador-da-aldi-obrigado-a-mudar-se-de-lisboa-para-o-porto\/\"},\"wordCount\":176,\"image\":{\"@id\":\"https:\/\/portaltela.pt\/noticias\/2026\/04\/10\/trabalhador-da-aldi-obrigado-a-mudar-se-de-lisboa-para-o-porto\/#primaryimage\"},\"thumbnailUrl\":\"https:\/\/portaltela.pt\/s.01k8rhncp4jt1\/2026\/04\/fcca9250-d4d0-4444-b043-d97d05871c62_1200x675.jpg\",\"keywords\":[\"desloca\u00e7\u00e3o\",\"direitos dos trabalhadores\",\"habita\u00e7\u00e3o\",\"Lisboa\",\"Porto\",\"trabalho\"],\"articleSection\":[\"Justi\u00e7a\"],\"inLanguage\":\"pt-PT\"},{\"@type\":\"WebPage\",\"@id\":\"https:\/\/portaltela.pt\/noticias\/2026\/04\/10\/trabalhador-da-aldi-obrigado-a-mudar-se-de-lisboa-para-o-porto\/\",\"url\":\"https:\/\/portaltela.pt\/noticias\/2026\/04\/10\/trabalhador-da-aldi-obrigado-a-mudar-se-de-lisboa-para-o-porto\/\",\"name\":\"Trabalhador da Aldi obrigado a mudar-se de Lisboa para o Porto - Portal Tela Portugal\",\"isPartOf\":{\"@id\":\"https:\/\/portaltela.pt\/#website\"},\"primaryImageOfPage\":{\"@id\":\"https:\/\/portaltela.pt\/noticias\/2026\/04\/10\/trabalhador-da-aldi-obrigado-a-mudar-se-de-lisboa-para-o-porto\/#primaryimage\"},\"image\":{\"@id\":\"https:\/\/portaltela.pt\/noticias\/2026\/04\/10\/trabalhador-da-aldi-obrigado-a-mudar-se-de-lisboa-para-o-porto\/#primaryimage\"},\"thumbnailUrl\":\"https:\/\/portaltela.pt\/s.01k8rhncp4jt1\/2026\/04\/fcca9250-d4d0-4444-b043-d97d05871c62_1200x675.jpg\",\"datePublished\":\"2026-04-10T17:17:16+00:00\",\"author\":{\"@id\":\"https:\/\/portaltela.pt\/#\/schema\/person\/c4278d4a6028830caff9ee44b42d32ed\"},\"breadcrumb\":{\"@id\":\"https:\/\/portaltela.pt\/noticias\/2026\/04\/10\/trabalhador-da-aldi-obrigado-a-mudar-se-de-lisboa-para-o-porto\/#breadcrumb\"},\"inLanguage\":\"pt-PT\",\"potentialAction\":[{\"@type\":\"ReadAction\",\"target\":[\"https:\/\/portaltela.pt\/noticias\/2026\/04\/10\/trabalhador-da-aldi-obrigado-a-mudar-se-de-lisboa-para-o-porto\/\"]}]},{\"@type\":\"ImageObject\",\"inLanguage\":\"pt-PT\",\"@id\":\"https:\/\/portaltela.pt\/noticias\/2026\/04\/10\/trabalhador-da-aldi-obrigado-a-mudar-se-de-lisboa-para-o-porto\/#primaryimage\",\"url\":\"https:\/\/portaltela.pt\/s.01k8rhncp4jt1\/2026\/04\/fcca9250-d4d0-4444-b043-d97d05871c62_1200x675.jpg\",\"contentUrl\":\"https:\/\/portaltela.pt\/s.01k8rhncp4jt1\/2026\/04\/fcca9250-d4d0-4444-b043-d97d05871c62_1200x675.jpg\",\"width\":796,\"height\":448,\"caption\":\"Photo\"},{\"@type\":\"BreadcrumbList\",\"@id\":\"https:\/\/portaltela.pt\/noticias\/2026\/04\/10\/trabalhador-da-aldi-obrigado-a-mudar-se-de-lisboa-para-o-porto\/#breadcrumb\",\"itemListElement\":[{\"@type\":\"ListItem\",\"position\":1,\"name\":\"In\u00edcio\",\"item\":\"https:\/\/portaltela.pt\/\"},{\"@type\":\"ListItem\",\"position\":2,\"name\":\"Trabalhador da Aldi obrigado a mudar-se de Lisboa para o Porto\"}]},{\"@type\":\"WebSite\",\"@id\":\"https:\/\/portaltela.pt\/#website\",\"url\":\"https:\/\/portaltela.pt\/\",\"name\":\"Portal Tela Portugal\",\"description\":\"\",\"potentialAction\":[{\"@type\":\"SearchAction\",\"target\":{\"@type\":\"EntryPoint\",\"urlTemplate\":\"https:\/\/portaltela.pt\/?s={search_term_string}\"},\"query-input\":{\"@type\":\"PropertyValueSpecification\",\"valueRequired\":true,\"valueName\":\"search_term_string\"}}],\"inLanguage\":\"pt-PT\"},{\"@type\":\"Person\",\"@id\":\"https:\/\/portaltela.pt\/#\/schema\/person\/c4278d4a6028830caff9ee44b42d32ed\",\"name\":\"Telinha\",\"image\":{\"@type\":\"ImageObject\",\"inLanguage\":\"pt-PT\",\"@id\":\"https:\/\/portaltela.pt\/s.01k8rhncp4jt1\/2025\/11\/talking-bot-125x125.png\",\"url\":\"https:\/\/portaltela.pt\/s.01k8rhncp4jt1\/2025\/11\/talking-bot-125x125.png\",\"contentUrl\":\"https:\/\/portaltela.pt\/s.01k8rhncp4jt1\/2025\/11\/talking-bot-125x125.png\",\"caption\":\"Telinha\"},\"sameAs\":[\"https:\/\/portaltela.pt\/\"],\"url\":\"https:\/\/portaltela.pt\/por\/367410592786\/\"}]}<\/script>\n<!-- \/ Yoast SEO plugin. -->","yoast_head_json":{"title":"Trabalhador da Aldi obrigado a mudar-se de Lisboa para o Porto - Portal Tela Portugal","robots":{"index":"index","follow":"follow","max-snippet":"max-snippet:-1","max-image-preview":"max-image-preview:large","max-video-preview":"max-video-preview:-1"},"og_locale":"pt_PT","og_type":"article","og_title":"Trabalhador da Aldi obrigado a mudar-se de Lisboa para o Porto - Portal Tela Portugal","og_description":"O funcion\u00e1rio em regime de part-time do Aldi teve de mudar-se de Lisboa para Ramalde, no Porto, para manter o emprego, vivendo a mais de 300 quil\u00f3metros de casa. Paulo Lopes afirma que n\u00e3o abdica de lutar pelos seus direitos e o caso est\u00e1 na Justi\u00e7a. O Aldi diz que todas as decis\u00f5es sobre a gest\u00e3o de colaboradores s\u00e3o avaliadas consoante as necessidades operacionais da empresa. Chegou ao Porto a 16 de mar\u00e7o. Em menos de um m\u00eas, est\u00e1 prestes a perder o \u00fanico apoio da empresa relacionado com a transfer\u00eancia, que foi a ced\u00eancia da habita\u00e7\u00e3o.","og_url":"https:\/\/portaltela.pt\/noticias\/2026\/04\/10\/trabalhador-da-aldi-obrigado-a-mudar-se-de-lisboa-para-o-porto\/","og_site_name":"Portal Tela Portugal","article_published_time":"2026-04-10T17:17:16+00:00","author":"Telinha","twitter_card":"summary_large_image","twitter_misc":{"Escrito por":"Telinha","Tempo estimado de leitura":"1 minuto"},"schema":{"@context":"https:\/\/schema.org","@graph":[{"@type":"Article","@id":"https:\/\/portaltela.pt\/noticias\/2026\/04\/10\/trabalhador-da-aldi-obrigado-a-mudar-se-de-lisboa-para-o-porto\/#article","isPartOf":{"@id":"https:\/\/portaltela.pt\/noticias\/2026\/04\/10\/trabalhador-da-aldi-obrigado-a-mudar-se-de-lisboa-para-o-porto\/"},"author":{"name":"Telinha","@id":"https:\/\/portaltela.pt\/#\/schema\/person\/c4278d4a6028830caff9ee44b42d32ed"},"headline":"Trabalhador da Aldi obrigado a mudar-se de Lisboa para o Porto","datePublished":"2026-04-10T17:17:16+00:00","mainEntityOfPage":{"@id":"https:\/\/portaltela.pt\/noticias\/2026\/04\/10\/trabalhador-da-aldi-obrigado-a-mudar-se-de-lisboa-para-o-porto\/"},"wordCount":176,"image":{"@id":"https:\/\/portaltela.pt\/noticias\/2026\/04\/10\/trabalhador-da-aldi-obrigado-a-mudar-se-de-lisboa-para-o-porto\/#primaryimage"},"thumbnailUrl":"https:\/\/portaltela.pt\/s.01k8rhncp4jt1\/2026\/04\/fcca9250-d4d0-4444-b043-d97d05871c62_1200x675.jpg","keywords":["desloca\u00e7\u00e3o","direitos dos trabalhadores","habita\u00e7\u00e3o","Lisboa","Porto","trabalho"],"articleSection":["Justi\u00e7a"],"inLanguage":"pt-PT"},{"@type":"WebPage","@id":"https:\/\/portaltela.pt\/noticias\/2026\/04\/10\/trabalhador-da-aldi-obrigado-a-mudar-se-de-lisboa-para-o-porto\/","url":"https:\/\/portaltela.pt\/noticias\/2026\/04\/10\/trabalhador-da-aldi-obrigado-a-mudar-se-de-lisboa-para-o-porto\/","name":"Trabalhador da Aldi obrigado a mudar-se de Lisboa para o Porto - Portal Tela Portugal","isPartOf":{"@id":"https:\/\/portaltela.pt\/#website"},"primaryImageOfPage":{"@id":"https:\/\/portaltela.pt\/noticias\/2026\/04\/10\/trabalhador-da-aldi-obrigado-a-mudar-se-de-lisboa-para-o-porto\/#primaryimage"},"image":{"@id":"https:\/\/portaltela.pt\/noticias\/2026\/04\/10\/trabalhador-da-aldi-obrigado-a-mudar-se-de-lisboa-para-o-porto\/#primaryimage"},"thumbnailUrl":"https:\/\/portaltela.pt\/s.01k8rhncp4jt1\/2026\/04\/fcca9250-d4d0-4444-b043-d97d05871c62_1200x675.jpg","datePublished":"2026-04-10T17:17:16+00:00","author":{"@id":"https:\/\/portaltela.pt\/#\/schema\/person\/c4278d4a6028830caff9ee44b42d32ed"},"breadcrumb":{"@id":"https:\/\/portaltela.pt\/noticias\/2026\/04\/10\/trabalhador-da-aldi-obrigado-a-mudar-se-de-lisboa-para-o-porto\/#breadcrumb"},"inLanguage":"pt-PT","potentialAction":[{"@type":"ReadAction","target":["https:\/\/portaltela.pt\/noticias\/2026\/04\/10\/trabalhador-da-aldi-obrigado-a-mudar-se-de-lisboa-para-o-porto\/"]}]},{"@type":"ImageObject","inLanguage":"pt-PT","@id":"https:\/\/portaltela.pt\/noticias\/2026\/04\/10\/trabalhador-da-aldi-obrigado-a-mudar-se-de-lisboa-para-o-porto\/#primaryimage","url":"https:\/\/portaltela.pt\/s.01k8rhncp4jt1\/2026\/04\/fcca9250-d4d0-4444-b043-d97d05871c62_1200x675.jpg","contentUrl":"https:\/\/portaltela.pt\/s.01k8rhncp4jt1\/2026\/04\/fcca9250-d4d0-4444-b043-d97d05871c62_1200x675.jpg","width":796,"height":448,"caption":"Photo"},{"@type":"BreadcrumbList","@id":"https:\/\/portaltela.pt\/noticias\/2026\/04\/10\/trabalhador-da-aldi-obrigado-a-mudar-se-de-lisboa-para-o-porto\/#breadcrumb","itemListElement":[{"@type":"ListItem","position":1,"name":"In\u00edcio","item":"https:\/\/portaltela.pt\/"},{"@type":"ListItem","position":2,"name":"Trabalhador da Aldi obrigado a mudar-se de Lisboa para o Porto"}]},{"@type":"WebSite","@id":"https:\/\/portaltela.pt\/#website","url":"https:\/\/portaltela.pt\/","name":"Portal Tela Portugal","description":"","potentialAction":[{"@type":"SearchAction","target":{"@type":"EntryPoint","urlTemplate":"https:\/\/portaltela.pt\/?s={search_term_string}"},"query-input":{"@type":"PropertyValueSpecification","valueRequired":true,"valueName":"search_term_string"}}],"inLanguage":"pt-PT"},{"@type":"Person","@id":"https:\/\/portaltela.pt\/#\/schema\/person\/c4278d4a6028830caff9ee44b42d32ed","name":"Telinha","image":{"@type":"ImageObject","inLanguage":"pt-PT","@id":"https:\/\/portaltela.pt\/s.01k8rhncp4jt1\/2025\/11\/talking-bot-125x125.png","url":"https:\/\/portaltela.pt\/s.01k8rhncp4jt1\/2025\/11\/talking-bot-125x125.png","contentUrl":"https:\/\/portaltela.pt\/s.01k8rhncp4jt1\/2025\/11\/talking-bot-125x125.png","caption":"Telinha"},"sameAs":["https:\/\/portaltela.pt\/"],"url":"https:\/\/portaltela.pt\/por\/367410592786\/"}]}},"_links":{"self":[{"href":"https:\/\/portaltela.pt\/api\/wp\/v2\/posts\/439732","targetHints":{"allow":["GET"]}}],"collection":[{"href":"https:\/\/portaltela.pt\/api\/wp\/v2\/posts"}],"about":[{"href":"https:\/\/portaltela.pt\/api\/wp\/v2\/types\/post"}],"author":[{"embeddable":true,"href":"https:\/\/portaltela.pt\/api\/wp\/v2\/users\/2"}],"replies":[{"embeddable":true,"href":"https:\/\/portaltela.pt\/api\/wp\/v2\/comments?post=439732"}],"version-history":[{"count":0,"href":"https:\/\/portaltela.pt\/api\/wp\/v2\/posts\/439732\/revisions"}],"wp:featuredmedia":[{"embeddable":true,"href":"https:\/\/portaltela.pt\/api\/wp\/v2\/media\/439737"}],"wp:attachment":[{"href":"https:\/\/portaltela.pt\/api\/wp\/v2\/media?parent=439732"}],"wp:term":[{"taxonomy":"category","embeddable":true,"href":"https:\/\/portaltela.pt\/api\/wp\/v2\/categories?post=439732"},{"taxonomy":"post_tag","embeddable":true,"href":"https:\/\/portaltela.pt\/api\/wp\/v2\/tags?post=439732"}],"curies":[{"name":"wp","href":"https:\/\/api.w.org\/{rel}","templated":true}]}}