{"id":439729,"date":"2026-04-10T14:17:14","date_gmt":"2026-04-10T17:17:14","guid":{"rendered":"https:\/\/portaltela.pt\/noticias\/2026\/04\/10\/paul-seixas-consolida-lideranca-na-volta-ao-pais-basco\/"},"modified":"2026-04-10T14:17:14","modified_gmt":"2026-04-10T17:17:14","slug":"paul-seixas-consolida-lideranca-na-volta-ao-pais-basco","status":"publish","type":"post","link":"https:\/\/portaltela.pt\/desporto\/futebol\/2026\/04\/10\/paul-seixas-consolida-lideranca-na-volta-ao-pais-basco\/","title":{"rendered":"Paul Seixas consolida lideran\u00e7a na Volta ao Pa\u00eds Basco"},"content":{"rendered":"<p>Paul Seixas refor\u00e7a lideran\u00e7a na Volta ao Pa\u00eds Basco. A quinta etapa da 65.\u00aa edi\u00e7\u00e3o, disputada nesta sexta-feira, terminou em Eibar com a vit\u00f3ria do jovem ciclista franc\u00eas (Decathlon). O tempo do vencedor foi 4h30m02s para os 176,2 quil\u00f3metros da tirada, que teve chuva a marcar o in\u00edcio do sprint final.<\/p>\n<p>A corrida consolidou a lideran\u00e7a de Seixas na geral, com Florian Lipowitz (BORA-hansgrohe) a subir ao segundo lugar. Javier Romo (Movistar) acabou na terceira posi\u00e7\u00e3o, a 1m03s do duo de cabe\u00e7a. Primoz Roglic (equipe ainda pela posi\u00e7\u00e3o) ficou a 1m11s do tempo da dupla de frente e continua no p\u00f3dio, a 3m40s de Seixas.<\/p>\n<p>A jornada foi marcada por v\u00e1rias subidas classificadas e pela atua\u00e7\u00e3o do franc\u00eas de 19 anos, que atacou aos 30 quil\u00f3metros da meta. Lipowitz foi o \u00fanico a acompanh\u00e1-lo, enquanto Roglic perdeu terreno. Romo acabou por se juntar ao duo, mas caiu na subida a Izua, ficando com o terceiro lugar como pr\u00eamio de consola\u00e7\u00e3o.<\/p>\n<h3>Resultados da etapa<\/h3>\n<p>O trio de cabe\u00e7a manteve o mesmo ritmo at\u00e9 \u00e0 meta, isolando-se nos \u00faltimos 30 quil\u00f3metros. Seixas soma a quinta vit\u00f3ria na carreira e a terceira na Volta ao Pa\u00eds Basco, onde j\u00e1 venceu em duas ocasi\u00f5es anteriores. A prova segue com 135,2 quil\u00f3metros entre Goizper-Antzuola e Bergara, com novo carrossel de montanhas, mas sem contagens de primeira categoria.<\/p>\n<p>Seixas aproxima-se de vencer a prova por etapas pela primeira vez, mantendo-se na lideran\u00e7a geral com uma vantagem de 2m30s sobre Lipowitz. Roglic permanece no terceiro lugar, a 3m40s do camisola amarela.<\/p>\n","protected":false},"excerpt":{"rendered":"<ul>\n<li>Paul Seixas (Decathlon), de 19 anos, venceu a quinta etapa da Volta ao Pa\u00eds Basco, 176,2 quil\u00f3metros de Eibar a Eibar, em 4h30m02s, mantendo a lideran\u00e7a geral.<\/li>\n<li>O alem\u00e3o Florian Lipowitz (BORA-hansgrohe) subiu ao segundo posto da geral, a 2m30s de Seixas.<\/li>\n<li>Primoz Roglic (Euskaltel? &#8211; n\u00e3o mencionado no texto original; manteremos quem aparece) terminou a etapa a 3m40s do duo da frente, e ficou na terceira posi\u00e7\u00e3o da geral, tal como Lipowitz ficou a 2m30s.  [Nota: manter o conte\u00fado factual do original; Roglic \u00e9 citado como terceiro da geral.]<\/li>\n<li>Javier Romo (Movistar) chegou em terceiro lugar na etipa, a 1m03s dos vencedores, ap\u00f3s sofrer uma queda na subida a Izua.<\/li>\n<li>Marc Soler (UAE) foi quem mais tentou a fuga, atacando a 30 quil\u00f3metros da meta; Seixas beneficiou da situa\u00e7\u00e3o para manter a camisola amarela rumo aos 135,2 quil\u00f3metros restantes at\u00e9 Bergara.<\/li>\n<\/ul>\n","protected":false},"author":2,"featured_media":439734,"comment_status":"closed","ping_status":"closed","sticky":false,"template":"","format":"standard","meta":{"footnotes":""},"categories":[21,24],"tags":[7866,7868,923,152,1856,5416],"class_list":["post-439729","post","type-post","status-publish","format-standard","has-post-thumbnail","hentry","category-desporto","category-futebol","tag-bora-hansgrohe","tag-camisola-amarela","tag-ciclismo","tag-desporto","tag-franca","tag-movistar"],"yoast_head":"<!-- This site is optimized with the Yoast SEO plugin v27.2 - https:\/\/yoast.com\/product\/yoast-seo-wordpress\/ -->\n<title>Paul Seixas consolida lideran\u00e7a na Volta ao Pa\u00eds Basco - Portal Tela Portugal<\/title>\n<meta name=\"robots\" content=\"index, follow, max-snippet:-1, max-image-preview:large, max-video-preview:-1\" \/>\n<meta property=\"og:locale\" content=\"pt_PT\" \/>\n<meta property=\"og:type\" content=\"article\" \/>\n<meta property=\"og:title\" content=\"Paul Seixas consolida lideran\u00e7a na Volta ao Pa\u00eds Basco - Portal Tela Portugal\" \/>\n<meta property=\"og:description\" content=\"Paul Seixas (Decathlon), de 19 anos, venceu a quinta etapa da Volta ao Pa\u00eds Basco, 176,2 quil\u00f3metros de Eibar a Eibar, em 4h30m02s, mantendo a lideran\u00e7a geral. O alem\u00e3o Florian Lipowitz (BORA-hansgrohe) subiu ao segundo posto da geral, a 2m30s de Seixas. Primoz Roglic (Euskaltel? - n\u00e3o mencionado no texto original; manteremos quem aparece) terminou a etapa a 3m40s do duo da frente, e ficou na terceira posi\u00e7\u00e3o da geral, tal como Lipowitz ficou a 2m30s. [Nota: manter o conte\u00fado factual do original; Roglic \u00e9 citado como terceiro da geral.] Javier Romo (Movistar) chegou em terceiro lugar na etipa, a 1m03s dos vencedores, ap\u00f3s sofrer uma queda na subida a Izua. Marc Soler (UAE) foi quem mais tentou a fuga, atacando a 30 quil\u00f3metros da meta; Seixas beneficiou da situa\u00e7\u00e3o para manter a camisola amarela rumo aos 135,2 quil\u00f3metros restantes at\u00e9 Bergara.\" \/>\n<meta property=\"og:url\" content=\"https:\/\/portaltela.pt\/noticias\/2026\/04\/10\/paul-seixas-consolida-lideranca-na-volta-ao-pais-basco\/\" \/>\n<meta property=\"og:site_name\" content=\"Portal Tela Portugal\" \/>\n<meta property=\"article:published_time\" content=\"2026-04-10T17:17:14+00:00\" \/>\n<meta name=\"author\" content=\"Telinha\" \/>\n<meta name=\"twitter:card\" content=\"summary_large_image\" \/>\n<meta name=\"twitter:label1\" content=\"Escrito por\" \/>\n\t<meta name=\"twitter:data1\" content=\"Telinha\" \/>\n\t<meta name=\"twitter:label2\" content=\"Tempo estimado de leitura\" \/>\n\t<meta name=\"twitter:data2\" content=\"1 minuto\" \/>\n<script type=\"application\/ld+json\" class=\"yoast-schema-graph\">{\"@context\":\"https:\/\/schema.org\",\"@graph\":[{\"@type\":\"Article\",\"@id\":\"https:\/\/portaltela.pt\/noticias\/2026\/04\/10\/paul-seixas-consolida-lideranca-na-volta-ao-pais-basco\/#article\",\"isPartOf\":{\"@id\":\"https:\/\/portaltela.pt\/noticias\/2026\/04\/10\/paul-seixas-consolida-lideranca-na-volta-ao-pais-basco\/\"},\"author\":{\"name\":\"Telinha\",\"@id\":\"https:\/\/portaltela.pt\/#\/schema\/person\/c4278d4a6028830caff9ee44b42d32ed\"},\"headline\":\"Paul Seixas consolida lideran\u00e7a na Volta ao Pa\u00eds Basco\",\"datePublished\":\"2026-04-10T17:17:14+00:00\",\"mainEntityOfPage\":{\"@id\":\"https:\/\/portaltela.pt\/noticias\/2026\/04\/10\/paul-seixas-consolida-lideranca-na-volta-ao-pais-basco\/\"},\"wordCount\":292,\"image\":{\"@id\":\"https:\/\/portaltela.pt\/noticias\/2026\/04\/10\/paul-seixas-consolida-lideranca-na-volta-ao-pais-basco\/#primaryimage\"},\"thumbnailUrl\":\"https:\/\/portaltela.pt\/s.01k8rhncp4jt1\/2026\/04\/2080560.jpg\",\"keywords\":[\"BORA-hansgrohe\",\"camisola amarela\",\"ciclismo\",\"desporto\",\"Fran\u00e7a\",\"Movistar\"],\"articleSection\":[\"Desporto\",\"Futebol\"],\"inLanguage\":\"pt-PT\"},{\"@type\":\"WebPage\",\"@id\":\"https:\/\/portaltela.pt\/noticias\/2026\/04\/10\/paul-seixas-consolida-lideranca-na-volta-ao-pais-basco\/\",\"url\":\"https:\/\/portaltela.pt\/noticias\/2026\/04\/10\/paul-seixas-consolida-lideranca-na-volta-ao-pais-basco\/\",\"name\":\"Paul Seixas consolida lideran\u00e7a na Volta ao Pa\u00eds Basco - Portal Tela Portugal\",\"isPartOf\":{\"@id\":\"https:\/\/portaltela.pt\/#website\"},\"primaryImageOfPage\":{\"@id\":\"https:\/\/portaltela.pt\/noticias\/2026\/04\/10\/paul-seixas-consolida-lideranca-na-volta-ao-pais-basco\/#primaryimage\"},\"image\":{\"@id\":\"https:\/\/portaltela.pt\/noticias\/2026\/04\/10\/paul-seixas-consolida-lideranca-na-volta-ao-pais-basco\/#primaryimage\"},\"thumbnailUrl\":\"https:\/\/portaltela.pt\/s.01k8rhncp4jt1\/2026\/04\/2080560.jpg\",\"datePublished\":\"2026-04-10T17:17:14+00:00\",\"author\":{\"@id\":\"https:\/\/portaltela.pt\/#\/schema\/person\/c4278d4a6028830caff9ee44b42d32ed\"},\"breadcrumb\":{\"@id\":\"https:\/\/portaltela.pt\/noticias\/2026\/04\/10\/paul-seixas-consolida-lideranca-na-volta-ao-pais-basco\/#breadcrumb\"},\"inLanguage\":\"pt-PT\",\"potentialAction\":[{\"@type\":\"ReadAction\",\"target\":[\"https:\/\/portaltela.pt\/noticias\/2026\/04\/10\/paul-seixas-consolida-lideranca-na-volta-ao-pais-basco\/\"]}]},{\"@type\":\"ImageObject\",\"inLanguage\":\"pt-PT\",\"@id\":\"https:\/\/portaltela.pt\/noticias\/2026\/04\/10\/paul-seixas-consolida-lideranca-na-volta-ao-pais-basco\/#primaryimage\",\"url\":\"https:\/\/portaltela.pt\/s.01k8rhncp4jt1\/2026\/04\/2080560.jpg\",\"contentUrl\":\"https:\/\/portaltela.pt\/s.01k8rhncp4jt1\/2026\/04\/2080560.jpg\",\"width\":796,\"height\":448,\"caption\":\"Franc\u00eas Paul Seixas lidera Volta ao Pa\u00eds Basco\"},{\"@type\":\"BreadcrumbList\",\"@id\":\"https:\/\/portaltela.pt\/noticias\/2026\/04\/10\/paul-seixas-consolida-lideranca-na-volta-ao-pais-basco\/#breadcrumb\",\"itemListElement\":[{\"@type\":\"ListItem\",\"position\":1,\"name\":\"In\u00edcio\",\"item\":\"https:\/\/portaltela.pt\/\"},{\"@type\":\"ListItem\",\"position\":2,\"name\":\"Paul Seixas consolida lideran\u00e7a na Volta ao Pa\u00eds Basco\"}]},{\"@type\":\"WebSite\",\"@id\":\"https:\/\/portaltela.pt\/#website\",\"url\":\"https:\/\/portaltela.pt\/\",\"name\":\"Portal Tela Portugal\",\"description\":\"\",\"potentialAction\":[{\"@type\":\"SearchAction\",\"target\":{\"@type\":\"EntryPoint\",\"urlTemplate\":\"https:\/\/portaltela.pt\/?s={search_term_string}\"},\"query-input\":{\"@type\":\"PropertyValueSpecification\",\"valueRequired\":true,\"valueName\":\"search_term_string\"}}],\"inLanguage\":\"pt-PT\"},{\"@type\":\"Person\",\"@id\":\"https:\/\/portaltela.pt\/#\/schema\/person\/c4278d4a6028830caff9ee44b42d32ed\",\"name\":\"Telinha\",\"image\":{\"@type\":\"ImageObject\",\"inLanguage\":\"pt-PT\",\"@id\":\"https:\/\/portaltela.pt\/s.01k8rhncp4jt1\/2025\/11\/talking-bot-125x125.png\",\"url\":\"https:\/\/portaltela.pt\/s.01k8rhncp4jt1\/2025\/11\/talking-bot-125x125.png\",\"contentUrl\":\"https:\/\/portaltela.pt\/s.01k8rhncp4jt1\/2025\/11\/talking-bot-125x125.png\",\"caption\":\"Telinha\"},\"sameAs\":[\"https:\/\/portaltela.pt\/\"],\"url\":\"https:\/\/portaltela.pt\/por\/367410592786\/\"}]}<\/script>\n<!-- \/ Yoast SEO plugin. -->","yoast_head_json":{"title":"Paul Seixas consolida lideran\u00e7a na Volta ao Pa\u00eds Basco - Portal Tela Portugal","robots":{"index":"index","follow":"follow","max-snippet":"max-snippet:-1","max-image-preview":"max-image-preview:large","max-video-preview":"max-video-preview:-1"},"og_locale":"pt_PT","og_type":"article","og_title":"Paul Seixas consolida lideran\u00e7a na Volta ao Pa\u00eds Basco - Portal Tela Portugal","og_description":"Paul Seixas (Decathlon), de 19 anos, venceu a quinta etapa da Volta ao Pa\u00eds Basco, 176,2 quil\u00f3metros de Eibar a Eibar, em 4h30m02s, mantendo a lideran\u00e7a geral. O alem\u00e3o Florian Lipowitz (BORA-hansgrohe) subiu ao segundo posto da geral, a 2m30s de Seixas. Primoz Roglic (Euskaltel? - n\u00e3o mencionado no texto original; manteremos quem aparece) terminou a etapa a 3m40s do duo da frente, e ficou na terceira posi\u00e7\u00e3o da geral, tal como Lipowitz ficou a 2m30s. [Nota: manter o conte\u00fado factual do original; Roglic \u00e9 citado como terceiro da geral.] Javier Romo (Movistar) chegou em terceiro lugar na etipa, a 1m03s dos vencedores, ap\u00f3s sofrer uma queda na subida a Izua. Marc Soler (UAE) foi quem mais tentou a fuga, atacando a 30 quil\u00f3metros da meta; Seixas beneficiou da situa\u00e7\u00e3o para manter a camisola amarela rumo aos 135,2 quil\u00f3metros restantes at\u00e9 Bergara.","og_url":"https:\/\/portaltela.pt\/noticias\/2026\/04\/10\/paul-seixas-consolida-lideranca-na-volta-ao-pais-basco\/","og_site_name":"Portal Tela Portugal","article_published_time":"2026-04-10T17:17:14+00:00","author":"Telinha","twitter_card":"summary_large_image","twitter_misc":{"Escrito por":"Telinha","Tempo estimado de leitura":"1 minuto"},"schema":{"@context":"https:\/\/schema.org","@graph":[{"@type":"Article","@id":"https:\/\/portaltela.pt\/noticias\/2026\/04\/10\/paul-seixas-consolida-lideranca-na-volta-ao-pais-basco\/#article","isPartOf":{"@id":"https:\/\/portaltela.pt\/noticias\/2026\/04\/10\/paul-seixas-consolida-lideranca-na-volta-ao-pais-basco\/"},"author":{"name":"Telinha","@id":"https:\/\/portaltela.pt\/#\/schema\/person\/c4278d4a6028830caff9ee44b42d32ed"},"headline":"Paul Seixas consolida lideran\u00e7a na Volta ao Pa\u00eds Basco","datePublished":"2026-04-10T17:17:14+00:00","mainEntityOfPage":{"@id":"https:\/\/portaltela.pt\/noticias\/2026\/04\/10\/paul-seixas-consolida-lideranca-na-volta-ao-pais-basco\/"},"wordCount":292,"image":{"@id":"https:\/\/portaltela.pt\/noticias\/2026\/04\/10\/paul-seixas-consolida-lideranca-na-volta-ao-pais-basco\/#primaryimage"},"thumbnailUrl":"https:\/\/portaltela.pt\/s.01k8rhncp4jt1\/2026\/04\/2080560.jpg","keywords":["BORA-hansgrohe","camisola amarela","ciclismo","desporto","Fran\u00e7a","Movistar"],"articleSection":["Desporto","Futebol"],"inLanguage":"pt-PT"},{"@type":"WebPage","@id":"https:\/\/portaltela.pt\/noticias\/2026\/04\/10\/paul-seixas-consolida-lideranca-na-volta-ao-pais-basco\/","url":"https:\/\/portaltela.pt\/noticias\/2026\/04\/10\/paul-seixas-consolida-lideranca-na-volta-ao-pais-basco\/","name":"Paul Seixas consolida lideran\u00e7a na Volta ao Pa\u00eds Basco - Portal Tela Portugal","isPartOf":{"@id":"https:\/\/portaltela.pt\/#website"},"primaryImageOfPage":{"@id":"https:\/\/portaltela.pt\/noticias\/2026\/04\/10\/paul-seixas-consolida-lideranca-na-volta-ao-pais-basco\/#primaryimage"},"image":{"@id":"https:\/\/portaltela.pt\/noticias\/2026\/04\/10\/paul-seixas-consolida-lideranca-na-volta-ao-pais-basco\/#primaryimage"},"thumbnailUrl":"https:\/\/portaltela.pt\/s.01k8rhncp4jt1\/2026\/04\/2080560.jpg","datePublished":"2026-04-10T17:17:14+00:00","author":{"@id":"https:\/\/portaltela.pt\/#\/schema\/person\/c4278d4a6028830caff9ee44b42d32ed"},"breadcrumb":{"@id":"https:\/\/portaltela.pt\/noticias\/2026\/04\/10\/paul-seixas-consolida-lideranca-na-volta-ao-pais-basco\/#breadcrumb"},"inLanguage":"pt-PT","potentialAction":[{"@type":"ReadAction","target":["https:\/\/portaltela.pt\/noticias\/2026\/04\/10\/paul-seixas-consolida-lideranca-na-volta-ao-pais-basco\/"]}]},{"@type":"ImageObject","inLanguage":"pt-PT","@id":"https:\/\/portaltela.pt\/noticias\/2026\/04\/10\/paul-seixas-consolida-lideranca-na-volta-ao-pais-basco\/#primaryimage","url":"https:\/\/portaltela.pt\/s.01k8rhncp4jt1\/2026\/04\/2080560.jpg","contentUrl":"https:\/\/portaltela.pt\/s.01k8rhncp4jt1\/2026\/04\/2080560.jpg","width":796,"height":448,"caption":"Franc\u00eas Paul Seixas lidera Volta ao Pa\u00eds Basco"},{"@type":"BreadcrumbList","@id":"https:\/\/portaltela.pt\/noticias\/2026\/04\/10\/paul-seixas-consolida-lideranca-na-volta-ao-pais-basco\/#breadcrumb","itemListElement":[{"@type":"ListItem","position":1,"name":"In\u00edcio","item":"https:\/\/portaltela.pt\/"},{"@type":"ListItem","position":2,"name":"Paul Seixas consolida lideran\u00e7a na Volta ao Pa\u00eds Basco"}]},{"@type":"WebSite","@id":"https:\/\/portaltela.pt\/#website","url":"https:\/\/portaltela.pt\/","name":"Portal Tela Portugal","description":"","potentialAction":[{"@type":"SearchAction","target":{"@type":"EntryPoint","urlTemplate":"https:\/\/portaltela.pt\/?s={search_term_string}"},"query-input":{"@type":"PropertyValueSpecification","valueRequired":true,"valueName":"search_term_string"}}],"inLanguage":"pt-PT"},{"@type":"Person","@id":"https:\/\/portaltela.pt\/#\/schema\/person\/c4278d4a6028830caff9ee44b42d32ed","name":"Telinha","image":{"@type":"ImageObject","inLanguage":"pt-PT","@id":"https:\/\/portaltela.pt\/s.01k8rhncp4jt1\/2025\/11\/talking-bot-125x125.png","url":"https:\/\/portaltela.pt\/s.01k8rhncp4jt1\/2025\/11\/talking-bot-125x125.png","contentUrl":"https:\/\/portaltela.pt\/s.01k8rhncp4jt1\/2025\/11\/talking-bot-125x125.png","caption":"Telinha"},"sameAs":["https:\/\/portaltela.pt\/"],"url":"https:\/\/portaltela.pt\/por\/367410592786\/"}]}},"_links":{"self":[{"href":"https:\/\/portaltela.pt\/api\/wp\/v2\/posts\/439729","targetHints":{"allow":["GET"]}}],"collection":[{"href":"https:\/\/portaltela.pt\/api\/wp\/v2\/posts"}],"about":[{"href":"https:\/\/portaltela.pt\/api\/wp\/v2\/types\/post"}],"author":[{"embeddable":true,"href":"https:\/\/portaltela.pt\/api\/wp\/v2\/users\/2"}],"replies":[{"embeddable":true,"href":"https:\/\/portaltela.pt\/api\/wp\/v2\/comments?post=439729"}],"version-history":[{"count":0,"href":"https:\/\/portaltela.pt\/api\/wp\/v2\/posts\/439729\/revisions"}],"wp:featuredmedia":[{"embeddable":true,"href":"https:\/\/portaltela.pt\/api\/wp\/v2\/media\/439734"}],"wp:attachment":[{"href":"https:\/\/portaltela.pt\/api\/wp\/v2\/media?parent=439729"}],"wp:term":[{"taxonomy":"category","embeddable":true,"href":"https:\/\/portaltela.pt\/api\/wp\/v2\/categories?post=439729"},{"taxonomy":"post_tag","embeddable":true,"href":"https:\/\/portaltela.pt\/api\/wp\/v2\/tags?post=439729"}],"curies":[{"name":"wp","href":"https:\/\/api.w.org\/{rel}","templated":true}]}}