{"id":439713,"date":"2026-04-10T14:17:06","date_gmt":"2026-04-10T17:17:06","guid":{"rendered":"https:\/\/portaltela.pt\/noticias\/2026\/04\/10\/noite-da-literatura-europeia-regressa-em-junho-com-leituras-encenadas\/"},"modified":"2026-04-10T14:17:06","modified_gmt":"2026-04-10T17:17:06","slug":"noite-da-literatura-europeia-regressa-em-junho-com-leituras-encenadas","status":"publish","type":"post","link":"https:\/\/portaltela.pt\/noticias\/2026\/04\/10\/noite-da-literatura-europeia-regressa-em-junho-com-leituras-encenadas\/","title":{"rendered":"Noite da Literatura Europeia regressa em junho com leituras encenadas"},"content":{"rendered":"<p>A Noite da Literatura Europeia regressa em junho, trazendo mais leituras encenadas da literatura do continente. O formato mant\u00e9m-se centrado em apresenta\u00e7\u00f5es encenadas que exploram textos europeus.<\/p>\n<p>Ainda n\u00e3o foram divulgadas datas espec\u00edficas, locais ou agenda detalhada para este regresso. A organiza\u00e7\u00e3o permanece reservada quanto a pormenores operacionais.<\/p>\n<p>A iniciativa continua a promover a aproxima\u00e7\u00e3o entre p\u00fablico e literatura, atrav\u00e9s de leituras interpretadas que valorizam escritores europeus e suas obras. O p\u00fablico \u00e9 aguardado para novas sess\u00f5es em junho.<\/p>\n","protected":false},"excerpt":{"rendered":"<ul>\n<li>Noite da Literatura Europeia regressa em junho com novas leituras encenadas.<\/li>\n<li>O ciclo volta a apresentar leituras encenadas de obras europeias.<\/li>\n<li>O regresso ocorre durante o m\u00eas de junho.<\/li>\n<li>O formato mant\u00e9m-se centrado em leituras encenadas.<\/li>\n<\/ul>\n","protected":false},"author":2,"featured_media":439717,"comment_status":"closed","ping_status":"closed","sticky":false,"template":"","format":"standard","meta":{"footnotes":""},"categories":[7375,1],"tags":[7756,145,2487,106,5200,119],"class_list":["post-439713","post","type-post","status-publish","format-standard","has-post-thumbnail","hentry","category-cultura","category-noticias","tag-_cultura","tag-cultura","tag-europa","tag-literatura","tag-literatura-comparada","tag-teatro"],"yoast_head":"<!-- This site is optimized with the Yoast SEO plugin v27.2 - https:\/\/yoast.com\/product\/yoast-seo-wordpress\/ -->\n<title>Noite da Literatura Europeia regressa em junho com leituras encenadas - Portal Tela Portugal<\/title>\n<meta name=\"robots\" content=\"index, follow, max-snippet:-1, max-image-preview:large, max-video-preview:-1\" \/>\n<meta property=\"og:locale\" content=\"pt_PT\" \/>\n<meta property=\"og:type\" content=\"article\" \/>\n<meta property=\"og:title\" content=\"Noite da Literatura Europeia regressa em junho com leituras encenadas - Portal Tela Portugal\" \/>\n<meta property=\"og:description\" content=\"Noite da Literatura Europeia regressa em junho com novas leituras encenadas. O ciclo volta a apresentar leituras encenadas de obras europeias. O regresso ocorre durante o m\u00eas de junho. O formato mant\u00e9m-se centrado em leituras encenadas.\" \/>\n<meta property=\"og:url\" content=\"https:\/\/portaltela.pt\/noticias\/2026\/04\/10\/noite-da-literatura-europeia-regressa-em-junho-com-leituras-encenadas\/\" \/>\n<meta property=\"og:site_name\" content=\"Portal Tela Portugal\" \/>\n<meta property=\"article:published_time\" content=\"2026-04-10T17:17:06+00:00\" \/>\n<meta name=\"author\" content=\"Telinha\" \/>\n<meta name=\"twitter:card\" content=\"summary_large_image\" \/>\n<meta name=\"twitter:label1\" content=\"Escrito por\" \/>\n\t<meta name=\"twitter:data1\" content=\"Telinha\" \/>\n<script type=\"application\/ld+json\" class=\"yoast-schema-graph\">{\"@context\":\"https:\/\/schema.org\",\"@graph\":[{\"@type\":\"Article\",\"@id\":\"https:\/\/portaltela.pt\/noticias\/2026\/04\/10\/noite-da-literatura-europeia-regressa-em-junho-com-leituras-encenadas\/#article\",\"isPartOf\":{\"@id\":\"https:\/\/portaltela.pt\/noticias\/2026\/04\/10\/noite-da-literatura-europeia-regressa-em-junho-com-leituras-encenadas\/\"},\"author\":{\"name\":\"Telinha\",\"@id\":\"https:\/\/portaltela.pt\/#\/schema\/person\/c4278d4a6028830caff9ee44b42d32ed\"},\"headline\":\"Noite da Literatura Europeia regressa em junho com leituras encenadas\",\"datePublished\":\"2026-04-10T17:17:06+00:00\",\"mainEntityOfPage\":{\"@id\":\"https:\/\/portaltela.pt\/noticias\/2026\/04\/10\/noite-da-literatura-europeia-regressa-em-junho-com-leituras-encenadas\/\"},\"wordCount\":98,\"image\":{\"@id\":\"https:\/\/portaltela.pt\/noticias\/2026\/04\/10\/noite-da-literatura-europeia-regressa-em-junho-com-leituras-encenadas\/#primaryimage\"},\"thumbnailUrl\":\"https:\/\/portaltela.pt\/s.01k8rhncp4jt1\/2026\/04\/CACHE_780X1200_ANALOG_WATERMARKED_12996983_1445483_13042019025932.jpg\",\"keywords\":[\"_cultura\",\"cultura\",\"Europa\",\"literatura\",\"Literatura Comparada\",\"teatro\"],\"articleSection\":[\"Cultura\",\"Not\u00edcias\"],\"inLanguage\":\"pt-PT\"},{\"@type\":\"WebPage\",\"@id\":\"https:\/\/portaltela.pt\/noticias\/2026\/04\/10\/noite-da-literatura-europeia-regressa-em-junho-com-leituras-encenadas\/\",\"url\":\"https:\/\/portaltela.pt\/noticias\/2026\/04\/10\/noite-da-literatura-europeia-regressa-em-junho-com-leituras-encenadas\/\",\"name\":\"Noite da Literatura Europeia regressa em junho com leituras encenadas - Portal Tela Portugal\",\"isPartOf\":{\"@id\":\"https:\/\/portaltela.pt\/#website\"},\"primaryImageOfPage\":{\"@id\":\"https:\/\/portaltela.pt\/noticias\/2026\/04\/10\/noite-da-literatura-europeia-regressa-em-junho-com-leituras-encenadas\/#primaryimage\"},\"image\":{\"@id\":\"https:\/\/portaltela.pt\/noticias\/2026\/04\/10\/noite-da-literatura-europeia-regressa-em-junho-com-leituras-encenadas\/#primaryimage\"},\"thumbnailUrl\":\"https:\/\/portaltela.pt\/s.01k8rhncp4jt1\/2026\/04\/CACHE_780X1200_ANALOG_WATERMARKED_12996983_1445483_13042019025932.jpg\",\"datePublished\":\"2026-04-10T17:17:06+00:00\",\"author\":{\"@id\":\"https:\/\/portaltela.pt\/#\/schema\/person\/c4278d4a6028830caff9ee44b42d32ed\"},\"breadcrumb\":{\"@id\":\"https:\/\/portaltela.pt\/noticias\/2026\/04\/10\/noite-da-literatura-europeia-regressa-em-junho-com-leituras-encenadas\/#breadcrumb\"},\"inLanguage\":\"pt-PT\",\"potentialAction\":[{\"@type\":\"ReadAction\",\"target\":[\"https:\/\/portaltela.pt\/noticias\/2026\/04\/10\/noite-da-literatura-europeia-regressa-em-junho-com-leituras-encenadas\/\"]}]},{\"@type\":\"ImageObject\",\"inLanguage\":\"pt-PT\",\"@id\":\"https:\/\/portaltela.pt\/noticias\/2026\/04\/10\/noite-da-literatura-europeia-regressa-em-junho-com-leituras-encenadas\/#primaryimage\",\"url\":\"https:\/\/portaltela.pt\/s.01k8rhncp4jt1\/2026\/04\/CACHE_780X1200_ANALOG_WATERMARKED_12996983_1445483_13042019025932.jpg\",\"contentUrl\":\"https:\/\/portaltela.pt\/s.01k8rhncp4jt1\/2026\/04\/CACHE_780X1200_ANALOG_WATERMARKED_12996983_1445483_13042019025932.jpg\",\"width\":796,\"height\":448,\"caption\":\"Noite da Literatura Europeia regressa em junho para mais leituras encenadas\"},{\"@type\":\"BreadcrumbList\",\"@id\":\"https:\/\/portaltela.pt\/noticias\/2026\/04\/10\/noite-da-literatura-europeia-regressa-em-junho-com-leituras-encenadas\/#breadcrumb\",\"itemListElement\":[{\"@type\":\"ListItem\",\"position\":1,\"name\":\"In\u00edcio\",\"item\":\"https:\/\/portaltela.pt\/\"},{\"@type\":\"ListItem\",\"position\":2,\"name\":\"Noite da Literatura Europeia regressa em junho com leituras encenadas\"}]},{\"@type\":\"WebSite\",\"@id\":\"https:\/\/portaltela.pt\/#website\",\"url\":\"https:\/\/portaltela.pt\/\",\"name\":\"Portal Tela Portugal\",\"description\":\"\",\"potentialAction\":[{\"@type\":\"SearchAction\",\"target\":{\"@type\":\"EntryPoint\",\"urlTemplate\":\"https:\/\/portaltela.pt\/?s={search_term_string}\"},\"query-input\":{\"@type\":\"PropertyValueSpecification\",\"valueRequired\":true,\"valueName\":\"search_term_string\"}}],\"inLanguage\":\"pt-PT\"},{\"@type\":\"Person\",\"@id\":\"https:\/\/portaltela.pt\/#\/schema\/person\/c4278d4a6028830caff9ee44b42d32ed\",\"name\":\"Telinha\",\"image\":{\"@type\":\"ImageObject\",\"inLanguage\":\"pt-PT\",\"@id\":\"https:\/\/portaltela.pt\/s.01k8rhncp4jt1\/2025\/11\/talking-bot-125x125.png\",\"url\":\"https:\/\/portaltela.pt\/s.01k8rhncp4jt1\/2025\/11\/talking-bot-125x125.png\",\"contentUrl\":\"https:\/\/portaltela.pt\/s.01k8rhncp4jt1\/2025\/11\/talking-bot-125x125.png\",\"caption\":\"Telinha\"},\"sameAs\":[\"https:\/\/portaltela.pt\/\"],\"url\":\"https:\/\/portaltela.pt\/por\/367410592786\/\"}]}<\/script>\n<!-- \/ Yoast SEO plugin. -->","yoast_head_json":{"title":"Noite da Literatura Europeia regressa em junho com leituras encenadas - Portal Tela Portugal","robots":{"index":"index","follow":"follow","max-snippet":"max-snippet:-1","max-image-preview":"max-image-preview:large","max-video-preview":"max-video-preview:-1"},"og_locale":"pt_PT","og_type":"article","og_title":"Noite da Literatura Europeia regressa em junho com leituras encenadas - Portal Tela Portugal","og_description":"Noite da Literatura Europeia regressa em junho com novas leituras encenadas. O ciclo volta a apresentar leituras encenadas de obras europeias. O regresso ocorre durante o m\u00eas de junho. O formato mant\u00e9m-se centrado em leituras encenadas.","og_url":"https:\/\/portaltela.pt\/noticias\/2026\/04\/10\/noite-da-literatura-europeia-regressa-em-junho-com-leituras-encenadas\/","og_site_name":"Portal Tela Portugal","article_published_time":"2026-04-10T17:17:06+00:00","author":"Telinha","twitter_card":"summary_large_image","twitter_misc":{"Escrito por":"Telinha"},"schema":{"@context":"https:\/\/schema.org","@graph":[{"@type":"Article","@id":"https:\/\/portaltela.pt\/noticias\/2026\/04\/10\/noite-da-literatura-europeia-regressa-em-junho-com-leituras-encenadas\/#article","isPartOf":{"@id":"https:\/\/portaltela.pt\/noticias\/2026\/04\/10\/noite-da-literatura-europeia-regressa-em-junho-com-leituras-encenadas\/"},"author":{"name":"Telinha","@id":"https:\/\/portaltela.pt\/#\/schema\/person\/c4278d4a6028830caff9ee44b42d32ed"},"headline":"Noite da Literatura Europeia regressa em junho com leituras encenadas","datePublished":"2026-04-10T17:17:06+00:00","mainEntityOfPage":{"@id":"https:\/\/portaltela.pt\/noticias\/2026\/04\/10\/noite-da-literatura-europeia-regressa-em-junho-com-leituras-encenadas\/"},"wordCount":98,"image":{"@id":"https:\/\/portaltela.pt\/noticias\/2026\/04\/10\/noite-da-literatura-europeia-regressa-em-junho-com-leituras-encenadas\/#primaryimage"},"thumbnailUrl":"https:\/\/portaltela.pt\/s.01k8rhncp4jt1\/2026\/04\/CACHE_780X1200_ANALOG_WATERMARKED_12996983_1445483_13042019025932.jpg","keywords":["_cultura","cultura","Europa","literatura","Literatura Comparada","teatro"],"articleSection":["Cultura","Not\u00edcias"],"inLanguage":"pt-PT"},{"@type":"WebPage","@id":"https:\/\/portaltela.pt\/noticias\/2026\/04\/10\/noite-da-literatura-europeia-regressa-em-junho-com-leituras-encenadas\/","url":"https:\/\/portaltela.pt\/noticias\/2026\/04\/10\/noite-da-literatura-europeia-regressa-em-junho-com-leituras-encenadas\/","name":"Noite da Literatura Europeia regressa em junho com leituras encenadas - Portal Tela Portugal","isPartOf":{"@id":"https:\/\/portaltela.pt\/#website"},"primaryImageOfPage":{"@id":"https:\/\/portaltela.pt\/noticias\/2026\/04\/10\/noite-da-literatura-europeia-regressa-em-junho-com-leituras-encenadas\/#primaryimage"},"image":{"@id":"https:\/\/portaltela.pt\/noticias\/2026\/04\/10\/noite-da-literatura-europeia-regressa-em-junho-com-leituras-encenadas\/#primaryimage"},"thumbnailUrl":"https:\/\/portaltela.pt\/s.01k8rhncp4jt1\/2026\/04\/CACHE_780X1200_ANALOG_WATERMARKED_12996983_1445483_13042019025932.jpg","datePublished":"2026-04-10T17:17:06+00:00","author":{"@id":"https:\/\/portaltela.pt\/#\/schema\/person\/c4278d4a6028830caff9ee44b42d32ed"},"breadcrumb":{"@id":"https:\/\/portaltela.pt\/noticias\/2026\/04\/10\/noite-da-literatura-europeia-regressa-em-junho-com-leituras-encenadas\/#breadcrumb"},"inLanguage":"pt-PT","potentialAction":[{"@type":"ReadAction","target":["https:\/\/portaltela.pt\/noticias\/2026\/04\/10\/noite-da-literatura-europeia-regressa-em-junho-com-leituras-encenadas\/"]}]},{"@type":"ImageObject","inLanguage":"pt-PT","@id":"https:\/\/portaltela.pt\/noticias\/2026\/04\/10\/noite-da-literatura-europeia-regressa-em-junho-com-leituras-encenadas\/#primaryimage","url":"https:\/\/portaltela.pt\/s.01k8rhncp4jt1\/2026\/04\/CACHE_780X1200_ANALOG_WATERMARKED_12996983_1445483_13042019025932.jpg","contentUrl":"https:\/\/portaltela.pt\/s.01k8rhncp4jt1\/2026\/04\/CACHE_780X1200_ANALOG_WATERMARKED_12996983_1445483_13042019025932.jpg","width":796,"height":448,"caption":"Noite da Literatura Europeia regressa em junho para mais leituras encenadas"},{"@type":"BreadcrumbList","@id":"https:\/\/portaltela.pt\/noticias\/2026\/04\/10\/noite-da-literatura-europeia-regressa-em-junho-com-leituras-encenadas\/#breadcrumb","itemListElement":[{"@type":"ListItem","position":1,"name":"In\u00edcio","item":"https:\/\/portaltela.pt\/"},{"@type":"ListItem","position":2,"name":"Noite da Literatura Europeia regressa em junho com leituras encenadas"}]},{"@type":"WebSite","@id":"https:\/\/portaltela.pt\/#website","url":"https:\/\/portaltela.pt\/","name":"Portal Tela Portugal","description":"","potentialAction":[{"@type":"SearchAction","target":{"@type":"EntryPoint","urlTemplate":"https:\/\/portaltela.pt\/?s={search_term_string}"},"query-input":{"@type":"PropertyValueSpecification","valueRequired":true,"valueName":"search_term_string"}}],"inLanguage":"pt-PT"},{"@type":"Person","@id":"https:\/\/portaltela.pt\/#\/schema\/person\/c4278d4a6028830caff9ee44b42d32ed","name":"Telinha","image":{"@type":"ImageObject","inLanguage":"pt-PT","@id":"https:\/\/portaltela.pt\/s.01k8rhncp4jt1\/2025\/11\/talking-bot-125x125.png","url":"https:\/\/portaltela.pt\/s.01k8rhncp4jt1\/2025\/11\/talking-bot-125x125.png","contentUrl":"https:\/\/portaltela.pt\/s.01k8rhncp4jt1\/2025\/11\/talking-bot-125x125.png","caption":"Telinha"},"sameAs":["https:\/\/portaltela.pt\/"],"url":"https:\/\/portaltela.pt\/por\/367410592786\/"}]}},"_links":{"self":[{"href":"https:\/\/portaltela.pt\/api\/wp\/v2\/posts\/439713","targetHints":{"allow":["GET"]}}],"collection":[{"href":"https:\/\/portaltela.pt\/api\/wp\/v2\/posts"}],"about":[{"href":"https:\/\/portaltela.pt\/api\/wp\/v2\/types\/post"}],"author":[{"embeddable":true,"href":"https:\/\/portaltela.pt\/api\/wp\/v2\/users\/2"}],"replies":[{"embeddable":true,"href":"https:\/\/portaltela.pt\/api\/wp\/v2\/comments?post=439713"}],"version-history":[{"count":0,"href":"https:\/\/portaltela.pt\/api\/wp\/v2\/posts\/439713\/revisions"}],"wp:featuredmedia":[{"embeddable":true,"href":"https:\/\/portaltela.pt\/api\/wp\/v2\/media\/439717"}],"wp:attachment":[{"href":"https:\/\/portaltela.pt\/api\/wp\/v2\/media?parent=439713"}],"wp:term":[{"taxonomy":"category","embeddable":true,"href":"https:\/\/portaltela.pt\/api\/wp\/v2\/categories?post=439713"},{"taxonomy":"post_tag","embeddable":true,"href":"https:\/\/portaltela.pt\/api\/wp\/v2\/tags?post=439713"}],"curies":[{"name":"wp","href":"https:\/\/api.w.org\/{rel}","templated":true}]}}