{"id":439706,"date":"2026-04-10T12:01:00","date_gmt":"2026-04-10T15:01:00","guid":{"rendered":"https:\/\/portaltela.pt\/noticias\/2026\/04\/10\/pm-britanico-diz-que-permanecer-na-nato-e-do-interesse-dos-eua\/"},"modified":"2026-04-10T12:01:00","modified_gmt":"2026-04-10T15:01:00","slug":"pm-britanico-diz-que-permanecer-na-nato-e-do-interesse-dos-eua","status":"publish","type":"post","link":"https:\/\/portaltela.pt\/noticias\/internacional\/2026\/04\/10\/pm-britanico-diz-que-permanecer-na-nato-e-do-interesse-dos-eua\/","title":{"rendered":"PM brit\u00e2nico diz que permanecer na NATO \u00e9 do interesse dos EUA"},"content":{"rendered":"<p>O primeiro-ministro brit\u00e2nico afirmou que a perman\u00eancia do Reino Unido na Organiza\u00e7\u00e3o do Tratado do Atl\u00e2ntico Norte (NATO) \u00e9 do interesse dos Estados Unidos. A declara\u00e7\u00e3o foi tornada p\u00fablica recentemente, sem detalhar o contexto exacto em que foi feita.<\/p>\n<p>Segundo o que foi divulgado, o chefe do governo brit\u00e2nico sublinhou a import\u00e2ncia da NATO como alian\u00e7a de defesa coletiva e como marco de coopera\u00e7\u00e3o entre os dois pa\u00edses. N\u00e3o foram apontadas altera\u00e7\u00f5es na posi\u00e7\u00e3o oficial do Reino Unido sobre a participa\u00e7\u00e3o na alian\u00e7a.<\/p>\n<p>A not\u00edcia original encontra-se parcialmente dispon\u00edvel apenas para subscritores. O resto da informa\u00e7\u00e3o n\u00e3o foi tornada p\u00fablica pela publica\u00e7\u00e3o que reporta a declara\u00e7\u00e3o, condicionando a verifica\u00e7\u00e3o de pormenores adicionais.<\/p>\n<p>N\u00e3o houve, at\u00e9 ao momento, confirma\u00e7\u00e3o oficial de outras autoridades brit\u00e2nicas sobre eventuais medidas relacionadas com o tema. O coment\u00e1rio mant\u00e9m-se no \u00e2mbito do debate estrat\u00e9gico sobre alian\u00e7as de seguran\u00e7a internacional.<\/p>\n<p>O tema volta a colocar a NATO no centro da pol\u00edtica externa brit\u00e2nica, numa altura de tens\u00f5es geopol\u00edticas regionais e de revis\u00f5es de capacidades defensivas por parte de v\u00e1rios aliados.<\/p>\n","protected":false},"excerpt":{"rendered":"<ul>\n<li>O primeiro-ministro brit\u00e2nico afirma que permanecer na NATO \u00e9 do interesse dos Estados Unidos.<\/li>\n<li>O conte\u00fado completo da not\u00edcia fica dispon\u00edvel apenas para subscritores.<\/li>\n<li>A posi\u00e7\u00e3o sugere que a continuidade da alian\u00e7a \u00e9 vista como ben\u00e9fica para os EUA.<\/li>\n<li>A not\u00edcia liga a decis\u00e3o brit\u00e2nica \u00e0 relev\u00e2ncia estrat\u00e9gica da NATO para a seguran\u00e7a transatl\u00e2ntica.<\/li>\n<\/ul>\n","protected":false},"author":2,"featured_media":439708,"comment_status":"closed","ping_status":"closed","sticky":false,"template":"","format":"standard","meta":{"footnotes":""},"categories":[6814,4],"tags":[3496,6001,7439,5698,27,4222],"class_list":["post-439706","post","type-post","status-publish","format-standard","has-post-thumbnail","hentry","category-geopolitica","category-internacional","tag-aliancas-internacionais","tag-defesa-internacional","tag-politica-externa","tag-politica-internacional","tag-relacoes-internacionais","tag-seguranca-internacional"],"yoast_head":"<!-- This site is optimized with the Yoast SEO plugin v27.2 - https:\/\/yoast.com\/product\/yoast-seo-wordpress\/ -->\n<title>PM brit\u00e2nico diz que permanecer na NATO \u00e9 do interesse dos EUA - Portal Tela Portugal<\/title>\n<meta name=\"robots\" content=\"index, follow, max-snippet:-1, max-image-preview:large, max-video-preview:-1\" \/>\n<meta property=\"og:locale\" content=\"pt_PT\" \/>\n<meta property=\"og:type\" content=\"article\" \/>\n<meta property=\"og:title\" content=\"PM brit\u00e2nico diz que permanecer na NATO \u00e9 do interesse dos EUA - Portal Tela Portugal\" \/>\n<meta property=\"og:description\" content=\"O primeiro-ministro brit\u00e2nico afirma que permanecer na NATO \u00e9 do interesse dos Estados Unidos. O conte\u00fado completo da not\u00edcia fica dispon\u00edvel apenas para subscritores. A posi\u00e7\u00e3o sugere que a continuidade da alian\u00e7a \u00e9 vista como ben\u00e9fica para os EUA. A not\u00edcia liga a decis\u00e3o brit\u00e2nica \u00e0 relev\u00e2ncia estrat\u00e9gica da NATO para a seguran\u00e7a transatl\u00e2ntica.\" \/>\n<meta property=\"og:url\" content=\"https:\/\/portaltela.pt\/noticias\/2026\/04\/10\/pm-britanico-diz-que-permanecer-na-nato-e-do-interesse-dos-eua\/\" \/>\n<meta property=\"og:site_name\" content=\"Portal Tela Portugal\" \/>\n<meta property=\"article:published_time\" content=\"2026-04-10T15:01:00+00:00\" \/>\n<meta name=\"author\" content=\"Telinha\" \/>\n<meta name=\"twitter:card\" content=\"summary_large_image\" \/>\n<meta name=\"twitter:label1\" content=\"Escrito por\" \/>\n\t<meta name=\"twitter:data1\" content=\"Telinha\" \/>\n\t<meta name=\"twitter:label2\" content=\"Tempo estimado de leitura\" \/>\n\t<meta name=\"twitter:data2\" content=\"1 minuto\" \/>\n<script type=\"application\/ld+json\" class=\"yoast-schema-graph\">{\"@context\":\"https:\/\/schema.org\",\"@graph\":[{\"@type\":\"Article\",\"@id\":\"https:\/\/portaltela.pt\/noticias\/2026\/04\/10\/pm-britanico-diz-que-permanecer-na-nato-e-do-interesse-dos-eua\/#article\",\"isPartOf\":{\"@id\":\"https:\/\/portaltela.pt\/noticias\/2026\/04\/10\/pm-britanico-diz-que-permanecer-na-nato-e-do-interesse-dos-eua\/\"},\"author\":{\"name\":\"Telinha\",\"@id\":\"https:\/\/portaltela.pt\/#\/schema\/person\/c4278d4a6028830caff9ee44b42d32ed\"},\"headline\":\"PM brit\u00e2nico diz que permanecer na NATO \u00e9 do interesse dos EUA\",\"datePublished\":\"2026-04-10T15:01:00+00:00\",\"mainEntityOfPage\":{\"@id\":\"https:\/\/portaltela.pt\/noticias\/2026\/04\/10\/pm-britanico-diz-que-permanecer-na-nato-e-do-interesse-dos-eua\/\"},\"wordCount\":222,\"image\":{\"@id\":\"https:\/\/portaltela.pt\/noticias\/2026\/04\/10\/pm-britanico-diz-que-permanecer-na-nato-e-do-interesse-dos-eua\/#primaryimage\"},\"thumbnailUrl\":\"https:\/\/portaltela.pt\/s.01k8rhncp4jt1\/2026\/04\/CACHE_780X1200_ANALOG_WATERMARKED_46861797_11708145256653.jpg\",\"keywords\":[\"alian\u00e7as internacionais\",\"defesa internacional\",\"pol\u00edtica externa\",\"pol\u00edtica internacional\",\"rela\u00e7\u00f5es internacionais\",\"seguran\u00e7a internacional\"],\"articleSection\":[\"Geopol\u00edtica\",\"Internacional\"],\"inLanguage\":\"pt-PT\"},{\"@type\":\"WebPage\",\"@id\":\"https:\/\/portaltela.pt\/noticias\/2026\/04\/10\/pm-britanico-diz-que-permanecer-na-nato-e-do-interesse-dos-eua\/\",\"url\":\"https:\/\/portaltela.pt\/noticias\/2026\/04\/10\/pm-britanico-diz-que-permanecer-na-nato-e-do-interesse-dos-eua\/\",\"name\":\"PM brit\u00e2nico diz que permanecer na NATO \u00e9 do interesse dos EUA - Portal Tela Portugal\",\"isPartOf\":{\"@id\":\"https:\/\/portaltela.pt\/#website\"},\"primaryImageOfPage\":{\"@id\":\"https:\/\/portaltela.pt\/noticias\/2026\/04\/10\/pm-britanico-diz-que-permanecer-na-nato-e-do-interesse-dos-eua\/#primaryimage\"},\"image\":{\"@id\":\"https:\/\/portaltela.pt\/noticias\/2026\/04\/10\/pm-britanico-diz-que-permanecer-na-nato-e-do-interesse-dos-eua\/#primaryimage\"},\"thumbnailUrl\":\"https:\/\/portaltela.pt\/s.01k8rhncp4jt1\/2026\/04\/CACHE_780X1200_ANALOG_WATERMARKED_46861797_11708145256653.jpg\",\"datePublished\":\"2026-04-10T15:01:00+00:00\",\"author\":{\"@id\":\"https:\/\/portaltela.pt\/#\/schema\/person\/c4278d4a6028830caff9ee44b42d32ed\"},\"breadcrumb\":{\"@id\":\"https:\/\/portaltela.pt\/noticias\/2026\/04\/10\/pm-britanico-diz-que-permanecer-na-nato-e-do-interesse-dos-eua\/#breadcrumb\"},\"inLanguage\":\"pt-PT\",\"potentialAction\":[{\"@type\":\"ReadAction\",\"target\":[\"https:\/\/portaltela.pt\/noticias\/2026\/04\/10\/pm-britanico-diz-que-permanecer-na-nato-e-do-interesse-dos-eua\/\"]}]},{\"@type\":\"ImageObject\",\"inLanguage\":\"pt-PT\",\"@id\":\"https:\/\/portaltela.pt\/noticias\/2026\/04\/10\/pm-britanico-diz-que-permanecer-na-nato-e-do-interesse-dos-eua\/#primaryimage\",\"url\":\"https:\/\/portaltela.pt\/s.01k8rhncp4jt1\/2026\/04\/CACHE_780X1200_ANALOG_WATERMARKED_46861797_11708145256653.jpg\",\"contentUrl\":\"https:\/\/portaltela.pt\/s.01k8rhncp4jt1\/2026\/04\/CACHE_780X1200_ANALOG_WATERMARKED_46861797_11708145256653.jpg\",\"width\":796,\"height\":448,\"caption\":\"PM brit\u00e2nico considera que permanecer na NATO \u00e9 do interesse dos EUA\"},{\"@type\":\"BreadcrumbList\",\"@id\":\"https:\/\/portaltela.pt\/noticias\/2026\/04\/10\/pm-britanico-diz-que-permanecer-na-nato-e-do-interesse-dos-eua\/#breadcrumb\",\"itemListElement\":[{\"@type\":\"ListItem\",\"position\":1,\"name\":\"In\u00edcio\",\"item\":\"https:\/\/portaltela.pt\/\"},{\"@type\":\"ListItem\",\"position\":2,\"name\":\"PM brit\u00e2nico diz que permanecer na NATO \u00e9 do interesse dos EUA\"}]},{\"@type\":\"WebSite\",\"@id\":\"https:\/\/portaltela.pt\/#website\",\"url\":\"https:\/\/portaltela.pt\/\",\"name\":\"Portal Tela Portugal\",\"description\":\"\",\"potentialAction\":[{\"@type\":\"SearchAction\",\"target\":{\"@type\":\"EntryPoint\",\"urlTemplate\":\"https:\/\/portaltela.pt\/?s={search_term_string}\"},\"query-input\":{\"@type\":\"PropertyValueSpecification\",\"valueRequired\":true,\"valueName\":\"search_term_string\"}}],\"inLanguage\":\"pt-PT\"},{\"@type\":\"Person\",\"@id\":\"https:\/\/portaltela.pt\/#\/schema\/person\/c4278d4a6028830caff9ee44b42d32ed\",\"name\":\"Telinha\",\"image\":{\"@type\":\"ImageObject\",\"inLanguage\":\"pt-PT\",\"@id\":\"https:\/\/portaltela.pt\/s.01k8rhncp4jt1\/2025\/11\/talking-bot-125x125.png\",\"url\":\"https:\/\/portaltela.pt\/s.01k8rhncp4jt1\/2025\/11\/talking-bot-125x125.png\",\"contentUrl\":\"https:\/\/portaltela.pt\/s.01k8rhncp4jt1\/2025\/11\/talking-bot-125x125.png\",\"caption\":\"Telinha\"},\"sameAs\":[\"https:\/\/portaltela.pt\/\"],\"url\":\"https:\/\/portaltela.pt\/por\/367410592786\/\"}]}<\/script>\n<!-- \/ Yoast SEO plugin. -->","yoast_head_json":{"title":"PM brit\u00e2nico diz que permanecer na NATO \u00e9 do interesse dos EUA - Portal Tela Portugal","robots":{"index":"index","follow":"follow","max-snippet":"max-snippet:-1","max-image-preview":"max-image-preview:large","max-video-preview":"max-video-preview:-1"},"og_locale":"pt_PT","og_type":"article","og_title":"PM brit\u00e2nico diz que permanecer na NATO \u00e9 do interesse dos EUA - Portal Tela Portugal","og_description":"O primeiro-ministro brit\u00e2nico afirma que permanecer na NATO \u00e9 do interesse dos Estados Unidos. O conte\u00fado completo da not\u00edcia fica dispon\u00edvel apenas para subscritores. A posi\u00e7\u00e3o sugere que a continuidade da alian\u00e7a \u00e9 vista como ben\u00e9fica para os EUA. A not\u00edcia liga a decis\u00e3o brit\u00e2nica \u00e0 relev\u00e2ncia estrat\u00e9gica da NATO para a seguran\u00e7a transatl\u00e2ntica.","og_url":"https:\/\/portaltela.pt\/noticias\/2026\/04\/10\/pm-britanico-diz-que-permanecer-na-nato-e-do-interesse-dos-eua\/","og_site_name":"Portal Tela Portugal","article_published_time":"2026-04-10T15:01:00+00:00","author":"Telinha","twitter_card":"summary_large_image","twitter_misc":{"Escrito por":"Telinha","Tempo estimado de leitura":"1 minuto"},"schema":{"@context":"https:\/\/schema.org","@graph":[{"@type":"Article","@id":"https:\/\/portaltela.pt\/noticias\/2026\/04\/10\/pm-britanico-diz-que-permanecer-na-nato-e-do-interesse-dos-eua\/#article","isPartOf":{"@id":"https:\/\/portaltela.pt\/noticias\/2026\/04\/10\/pm-britanico-diz-que-permanecer-na-nato-e-do-interesse-dos-eua\/"},"author":{"name":"Telinha","@id":"https:\/\/portaltela.pt\/#\/schema\/person\/c4278d4a6028830caff9ee44b42d32ed"},"headline":"PM brit\u00e2nico diz que permanecer na NATO \u00e9 do interesse dos EUA","datePublished":"2026-04-10T15:01:00+00:00","mainEntityOfPage":{"@id":"https:\/\/portaltela.pt\/noticias\/2026\/04\/10\/pm-britanico-diz-que-permanecer-na-nato-e-do-interesse-dos-eua\/"},"wordCount":222,"image":{"@id":"https:\/\/portaltela.pt\/noticias\/2026\/04\/10\/pm-britanico-diz-que-permanecer-na-nato-e-do-interesse-dos-eua\/#primaryimage"},"thumbnailUrl":"https:\/\/portaltela.pt\/s.01k8rhncp4jt1\/2026\/04\/CACHE_780X1200_ANALOG_WATERMARKED_46861797_11708145256653.jpg","keywords":["alian\u00e7as internacionais","defesa internacional","pol\u00edtica externa","pol\u00edtica internacional","rela\u00e7\u00f5es internacionais","seguran\u00e7a internacional"],"articleSection":["Geopol\u00edtica","Internacional"],"inLanguage":"pt-PT"},{"@type":"WebPage","@id":"https:\/\/portaltela.pt\/noticias\/2026\/04\/10\/pm-britanico-diz-que-permanecer-na-nato-e-do-interesse-dos-eua\/","url":"https:\/\/portaltela.pt\/noticias\/2026\/04\/10\/pm-britanico-diz-que-permanecer-na-nato-e-do-interesse-dos-eua\/","name":"PM brit\u00e2nico diz que permanecer na NATO \u00e9 do interesse dos EUA - Portal Tela Portugal","isPartOf":{"@id":"https:\/\/portaltela.pt\/#website"},"primaryImageOfPage":{"@id":"https:\/\/portaltela.pt\/noticias\/2026\/04\/10\/pm-britanico-diz-que-permanecer-na-nato-e-do-interesse-dos-eua\/#primaryimage"},"image":{"@id":"https:\/\/portaltela.pt\/noticias\/2026\/04\/10\/pm-britanico-diz-que-permanecer-na-nato-e-do-interesse-dos-eua\/#primaryimage"},"thumbnailUrl":"https:\/\/portaltela.pt\/s.01k8rhncp4jt1\/2026\/04\/CACHE_780X1200_ANALOG_WATERMARKED_46861797_11708145256653.jpg","datePublished":"2026-04-10T15:01:00+00:00","author":{"@id":"https:\/\/portaltela.pt\/#\/schema\/person\/c4278d4a6028830caff9ee44b42d32ed"},"breadcrumb":{"@id":"https:\/\/portaltela.pt\/noticias\/2026\/04\/10\/pm-britanico-diz-que-permanecer-na-nato-e-do-interesse-dos-eua\/#breadcrumb"},"inLanguage":"pt-PT","potentialAction":[{"@type":"ReadAction","target":["https:\/\/portaltela.pt\/noticias\/2026\/04\/10\/pm-britanico-diz-que-permanecer-na-nato-e-do-interesse-dos-eua\/"]}]},{"@type":"ImageObject","inLanguage":"pt-PT","@id":"https:\/\/portaltela.pt\/noticias\/2026\/04\/10\/pm-britanico-diz-que-permanecer-na-nato-e-do-interesse-dos-eua\/#primaryimage","url":"https:\/\/portaltela.pt\/s.01k8rhncp4jt1\/2026\/04\/CACHE_780X1200_ANALOG_WATERMARKED_46861797_11708145256653.jpg","contentUrl":"https:\/\/portaltela.pt\/s.01k8rhncp4jt1\/2026\/04\/CACHE_780X1200_ANALOG_WATERMARKED_46861797_11708145256653.jpg","width":796,"height":448,"caption":"PM brit\u00e2nico considera que permanecer na NATO \u00e9 do interesse dos EUA"},{"@type":"BreadcrumbList","@id":"https:\/\/portaltela.pt\/noticias\/2026\/04\/10\/pm-britanico-diz-que-permanecer-na-nato-e-do-interesse-dos-eua\/#breadcrumb","itemListElement":[{"@type":"ListItem","position":1,"name":"In\u00edcio","item":"https:\/\/portaltela.pt\/"},{"@type":"ListItem","position":2,"name":"PM brit\u00e2nico diz que permanecer na NATO \u00e9 do interesse dos EUA"}]},{"@type":"WebSite","@id":"https:\/\/portaltela.pt\/#website","url":"https:\/\/portaltela.pt\/","name":"Portal Tela Portugal","description":"","potentialAction":[{"@type":"SearchAction","target":{"@type":"EntryPoint","urlTemplate":"https:\/\/portaltela.pt\/?s={search_term_string}"},"query-input":{"@type":"PropertyValueSpecification","valueRequired":true,"valueName":"search_term_string"}}],"inLanguage":"pt-PT"},{"@type":"Person","@id":"https:\/\/portaltela.pt\/#\/schema\/person\/c4278d4a6028830caff9ee44b42d32ed","name":"Telinha","image":{"@type":"ImageObject","inLanguage":"pt-PT","@id":"https:\/\/portaltela.pt\/s.01k8rhncp4jt1\/2025\/11\/talking-bot-125x125.png","url":"https:\/\/portaltela.pt\/s.01k8rhncp4jt1\/2025\/11\/talking-bot-125x125.png","contentUrl":"https:\/\/portaltela.pt\/s.01k8rhncp4jt1\/2025\/11\/talking-bot-125x125.png","caption":"Telinha"},"sameAs":["https:\/\/portaltela.pt\/"],"url":"https:\/\/portaltela.pt\/por\/367410592786\/"}]}},"_links":{"self":[{"href":"https:\/\/portaltela.pt\/api\/wp\/v2\/posts\/439706","targetHints":{"allow":["GET"]}}],"collection":[{"href":"https:\/\/portaltela.pt\/api\/wp\/v2\/posts"}],"about":[{"href":"https:\/\/portaltela.pt\/api\/wp\/v2\/types\/post"}],"author":[{"embeddable":true,"href":"https:\/\/portaltela.pt\/api\/wp\/v2\/users\/2"}],"replies":[{"embeddable":true,"href":"https:\/\/portaltela.pt\/api\/wp\/v2\/comments?post=439706"}],"version-history":[{"count":0,"href":"https:\/\/portaltela.pt\/api\/wp\/v2\/posts\/439706\/revisions"}],"wp:featuredmedia":[{"embeddable":true,"href":"https:\/\/portaltela.pt\/api\/wp\/v2\/media\/439708"}],"wp:attachment":[{"href":"https:\/\/portaltela.pt\/api\/wp\/v2\/media?parent=439706"}],"wp:term":[{"taxonomy":"category","embeddable":true,"href":"https:\/\/portaltela.pt\/api\/wp\/v2\/categories?post=439706"},{"taxonomy":"post_tag","embeddable":true,"href":"https:\/\/portaltela.pt\/api\/wp\/v2\/tags?post=439706"}],"curies":[{"name":"wp","href":"https:\/\/api.w.org\/{rel}","templated":true}]}}