{"id":439691,"date":"2026-04-10T14:02:22","date_gmt":"2026-04-10T17:02:22","guid":{"rendered":"https:\/\/portaltela.pt\/noticias\/2026\/04\/10\/afonso-moreira-diz-que-atravessam-ma-fase-mas-mantem-confianca\/"},"modified":"2026-04-10T14:02:22","modified_gmt":"2026-04-10T17:02:22","slug":"afonso-moreira-diz-que-atravessam-ma-fase-mas-mantem-confianca","status":"publish","type":"post","link":"https:\/\/portaltela.pt\/desporto\/futebol\/2026\/04\/10\/afonso-moreira-diz-que-atravessam-ma-fase-mas-mantem-confianca\/","title":{"rendered":"Afonso Moreira diz que atravessam m\u00e1 fase, mas mant\u00eam confian\u00e7a"},"content":{"rendered":"<p>Afonso Moreira afirmou que o Lyon atravessa uma fase menos produtiva, com nove jogos sem vit\u00f3ria, antes da rece\u00e7\u00e3o ao Lorient, no \u00e2mbito da 29.\u00aa jornada da Ligue 1. O encontro est\u00e1 agendado para domingo, no est\u00e1dio do clube franc\u00eas. O jovem extremo portugu\u00eas falou em transmitir confian\u00e7a \u00e0 equipa.<\/p>\n<p>A vida no plantel gira em torno de uma mentalidade vitoriosa e de um forte esp\u00edrito de trabalho, disse o jogador de 21 anos. Recordou que a equipa j\u00e1 conseguiu 13 vit\u00f3rias consecutivas, destacando a necessidade de mostrar o mesmo rendimento.<\/p>\n<p>Foi reconhecido que o duelo com Angers terminou empatado a 0-0, e o clube analisou o jogo para corrigir falhas. Moreira afirmou que j\u00e1 foram identificadas as fraquezas a corrigir para evoluir nos pr\u00f3ximos encontros.<\/p>\n<h3>An\u00e1lise da fase atual<\/h3>\n<p>A press\u00e3o associada a representar o Lyon \u00e9 considerada constante pelo jogador, que admite o desafio de manter a confian\u00e7a coletiva. O foco foi deslocado para o pr\u00f3ximo jogo, sem se deter no passado.<\/p>\n<p>O atleta tamb\u00e9m referiu que a hip\u00f3tese de disputar o Mundial continua presente, mas que, no momento, o objetivo principal \u00e9 o Lyon. O clube n\u00e3o confirmou nomes ou datas de competi\u00e7\u00f5es internacionais, mantendo o foco no campeonato nacional.<\/p>\n","protected":false},"excerpt":{"rendered":"<ul>\n<li>Afonso Moreira afirmou que o Lyon atravessa uma m\u00e1 fase, com nove encontros sem vencer, e que o foco est\u00e1 no triunfo diante do Lorient na 29.\u00aa jornada da Ligue 1.<\/li>\n<li>O extremo de 21 anos real\u00e7ou a exist\u00eancia de uma mentalidade vencedora e de um forte esp\u00edrito de trabalho, lembrando as 13 vit\u00f3rias consecutivas alcan\u00e7adas recentemente.<\/li>\n<li>Referiu que o empate com Angers n\u00e3o foi suficiente e que a equipa j\u00e1 analisou o jogo, identificou fraquezas e sabe o que precisa de melhorar.<\/li>\n<li>A press\u00e3o em casa do Lyon \u00e9 constante, mas o plantel diz resistir bem e manter o foco no pr\u00f3ximo desafio, sem se prender ao passado.<\/li>\n<li>Sobre o Mundial, o jogador admite que \u00e9 uma possibilidade, mas est\u00e1, neste momento, concentrado no Lyon e no pr\u00f3ximo jogo.<\/li>\n<\/ul>\n","protected":false},"author":2,"featured_media":439702,"comment_status":"closed","ping_status":"closed","sticky":false,"template":"","format":"standard","meta":{"footnotes":""},"categories":[21,24],"tags":[7755,152,32,3338,1822,1014],"class_list":["post-439691","post","type-post","status-publish","format-standard","has-post-thumbnail","hentry","category-desporto","category-futebol","tag-_futebol","tag-desporto","tag-futebol","tag-futebol-internacional","tag-ligue-1","tag-portugal"],"yoast_head":"<!-- This site is optimized with the Yoast SEO plugin v27.2 - https:\/\/yoast.com\/product\/yoast-seo-wordpress\/ -->\n<title>Afonso Moreira diz que atravessam m\u00e1 fase, mas mant\u00eam confian\u00e7a - Portal Tela Portugal<\/title>\n<meta name=\"robots\" content=\"index, follow, max-snippet:-1, max-image-preview:large, max-video-preview:-1\" \/>\n<meta property=\"og:locale\" content=\"pt_PT\" \/>\n<meta property=\"og:type\" content=\"article\" \/>\n<meta property=\"og:title\" content=\"Afonso Moreira diz que atravessam m\u00e1 fase, mas mant\u00eam confian\u00e7a - Portal Tela Portugal\" \/>\n<meta property=\"og:description\" content=\"Afonso Moreira afirmou que o Lyon atravessa uma m\u00e1 fase, com nove encontros sem vencer, e que o foco est\u00e1 no triunfo diante do Lorient na 29.\u00aa jornada da Ligue 1. O extremo de 21 anos real\u00e7ou a exist\u00eancia de uma mentalidade vencedora e de um forte esp\u00edrito de trabalho, lembrando as 13 vit\u00f3rias consecutivas alcan\u00e7adas recentemente. Referiu que o empate com Angers n\u00e3o foi suficiente e que a equipa j\u00e1 analisou o jogo, identificou fraquezas e sabe o que precisa de melhorar. A press\u00e3o em casa do Lyon \u00e9 constante, mas o plantel diz resistir bem e manter o foco no pr\u00f3ximo desafio, sem se prender ao passado. Sobre o Mundial, o jogador admite que \u00e9 uma possibilidade, mas est\u00e1, neste momento, concentrado no Lyon e no pr\u00f3ximo jogo.\" \/>\n<meta property=\"og:url\" content=\"https:\/\/portaltela.pt\/noticias\/2026\/04\/10\/afonso-moreira-diz-que-atravessam-ma-fase-mas-mantem-confianca\/\" \/>\n<meta property=\"og:site_name\" content=\"Portal Tela Portugal\" \/>\n<meta property=\"article:published_time\" content=\"2026-04-10T17:02:22+00:00\" \/>\n<meta name=\"author\" content=\"Telinha\" \/>\n<meta name=\"twitter:card\" content=\"summary_large_image\" \/>\n<meta name=\"twitter:label1\" content=\"Escrito por\" \/>\n\t<meta name=\"twitter:data1\" content=\"Telinha\" \/>\n\t<meta name=\"twitter:label2\" content=\"Tempo estimado de leitura\" \/>\n\t<meta name=\"twitter:data2\" content=\"1 minuto\" \/>\n<script type=\"application\/ld+json\" class=\"yoast-schema-graph\">{\"@context\":\"https:\/\/schema.org\",\"@graph\":[{\"@type\":\"Article\",\"@id\":\"https:\/\/portaltela.pt\/noticias\/2026\/04\/10\/afonso-moreira-diz-que-atravessam-ma-fase-mas-mantem-confianca\/#article\",\"isPartOf\":{\"@id\":\"https:\/\/portaltela.pt\/noticias\/2026\/04\/10\/afonso-moreira-diz-que-atravessam-ma-fase-mas-mantem-confianca\/\"},\"author\":{\"name\":\"Telinha\",\"@id\":\"https:\/\/portaltela.pt\/#\/schema\/person\/c4278d4a6028830caff9ee44b42d32ed\"},\"headline\":\"Afonso Moreira diz que atravessam m\u00e1 fase, mas mant\u00eam confian\u00e7a\",\"datePublished\":\"2026-04-10T17:02:22+00:00\",\"mainEntityOfPage\":{\"@id\":\"https:\/\/portaltela.pt\/noticias\/2026\/04\/10\/afonso-moreira-diz-que-atravessam-ma-fase-mas-mantem-confianca\/\"},\"wordCount\":225,\"image\":{\"@id\":\"https:\/\/portaltela.pt\/noticias\/2026\/04\/10\/afonso-moreira-diz-que-atravessam-ma-fase-mas-mantem-confianca\/#primaryimage\"},\"thumbnailUrl\":\"https:\/\/portaltela.pt\/s.01k8rhncp4jt1\/2026\/04\/img_920x518uu2025-10-26-22-02-47-2398625.jpg\",\"keywords\":[\"_futebol\",\"desporto\",\"futebol\",\"futebol internacional\",\"Ligue 1\",\"Portugal\"],\"articleSection\":[\"Desporto\",\"Futebol\"],\"inLanguage\":\"pt-PT\"},{\"@type\":\"WebPage\",\"@id\":\"https:\/\/portaltela.pt\/noticias\/2026\/04\/10\/afonso-moreira-diz-que-atravessam-ma-fase-mas-mantem-confianca\/\",\"url\":\"https:\/\/portaltela.pt\/noticias\/2026\/04\/10\/afonso-moreira-diz-que-atravessam-ma-fase-mas-mantem-confianca\/\",\"name\":\"Afonso Moreira diz que atravessam m\u00e1 fase, mas mant\u00eam confian\u00e7a - Portal Tela Portugal\",\"isPartOf\":{\"@id\":\"https:\/\/portaltela.pt\/#website\"},\"primaryImageOfPage\":{\"@id\":\"https:\/\/portaltela.pt\/noticias\/2026\/04\/10\/afonso-moreira-diz-que-atravessam-ma-fase-mas-mantem-confianca\/#primaryimage\"},\"image\":{\"@id\":\"https:\/\/portaltela.pt\/noticias\/2026\/04\/10\/afonso-moreira-diz-que-atravessam-ma-fase-mas-mantem-confianca\/#primaryimage\"},\"thumbnailUrl\":\"https:\/\/portaltela.pt\/s.01k8rhncp4jt1\/2026\/04\/img_920x518uu2025-10-26-22-02-47-2398625.jpg\",\"datePublished\":\"2026-04-10T17:02:22+00:00\",\"author\":{\"@id\":\"https:\/\/portaltela.pt\/#\/schema\/person\/c4278d4a6028830caff9ee44b42d32ed\"},\"breadcrumb\":{\"@id\":\"https:\/\/portaltela.pt\/noticias\/2026\/04\/10\/afonso-moreira-diz-que-atravessam-ma-fase-mas-mantem-confianca\/#breadcrumb\"},\"inLanguage\":\"pt-PT\",\"potentialAction\":[{\"@type\":\"ReadAction\",\"target\":[\"https:\/\/portaltela.pt\/noticias\/2026\/04\/10\/afonso-moreira-diz-que-atravessam-ma-fase-mas-mantem-confianca\/\"]}]},{\"@type\":\"ImageObject\",\"inLanguage\":\"pt-PT\",\"@id\":\"https:\/\/portaltela.pt\/noticias\/2026\/04\/10\/afonso-moreira-diz-que-atravessam-ma-fase-mas-mantem-confianca\/#primaryimage\",\"url\":\"https:\/\/portaltela.pt\/s.01k8rhncp4jt1\/2026\/04\/img_920x518uu2025-10-26-22-02-47-2398625.jpg\",\"contentUrl\":\"https:\/\/portaltela.pt\/s.01k8rhncp4jt1\/2026\/04\/img_920x518uu2025-10-26-22-02-47-2398625.jpg\",\"width\":796,\"height\":448,\"caption\":\"Afonso Moreira tem muita influ\u00eancia no Lyon de Paulo Fonseca\"},{\"@type\":\"BreadcrumbList\",\"@id\":\"https:\/\/portaltela.pt\/noticias\/2026\/04\/10\/afonso-moreira-diz-que-atravessam-ma-fase-mas-mantem-confianca\/#breadcrumb\",\"itemListElement\":[{\"@type\":\"ListItem\",\"position\":1,\"name\":\"In\u00edcio\",\"item\":\"https:\/\/portaltela.pt\/\"},{\"@type\":\"ListItem\",\"position\":2,\"name\":\"Afonso Moreira diz que atravessam m\u00e1 fase, mas mant\u00eam confian\u00e7a\"}]},{\"@type\":\"WebSite\",\"@id\":\"https:\/\/portaltela.pt\/#website\",\"url\":\"https:\/\/portaltela.pt\/\",\"name\":\"Portal Tela Portugal\",\"description\":\"\",\"potentialAction\":[{\"@type\":\"SearchAction\",\"target\":{\"@type\":\"EntryPoint\",\"urlTemplate\":\"https:\/\/portaltela.pt\/?s={search_term_string}\"},\"query-input\":{\"@type\":\"PropertyValueSpecification\",\"valueRequired\":true,\"valueName\":\"search_term_string\"}}],\"inLanguage\":\"pt-PT\"},{\"@type\":\"Person\",\"@id\":\"https:\/\/portaltela.pt\/#\/schema\/person\/c4278d4a6028830caff9ee44b42d32ed\",\"name\":\"Telinha\",\"image\":{\"@type\":\"ImageObject\",\"inLanguage\":\"pt-PT\",\"@id\":\"https:\/\/portaltela.pt\/s.01k8rhncp4jt1\/2025\/11\/talking-bot-125x125.png\",\"url\":\"https:\/\/portaltela.pt\/s.01k8rhncp4jt1\/2025\/11\/talking-bot-125x125.png\",\"contentUrl\":\"https:\/\/portaltela.pt\/s.01k8rhncp4jt1\/2025\/11\/talking-bot-125x125.png\",\"caption\":\"Telinha\"},\"sameAs\":[\"https:\/\/portaltela.pt\/\"],\"url\":\"https:\/\/portaltela.pt\/por\/367410592786\/\"}]}<\/script>\n<!-- \/ Yoast SEO plugin. -->","yoast_head_json":{"title":"Afonso Moreira diz que atravessam m\u00e1 fase, mas mant\u00eam confian\u00e7a - Portal Tela Portugal","robots":{"index":"index","follow":"follow","max-snippet":"max-snippet:-1","max-image-preview":"max-image-preview:large","max-video-preview":"max-video-preview:-1"},"og_locale":"pt_PT","og_type":"article","og_title":"Afonso Moreira diz que atravessam m\u00e1 fase, mas mant\u00eam confian\u00e7a - Portal Tela Portugal","og_description":"Afonso Moreira afirmou que o Lyon atravessa uma m\u00e1 fase, com nove encontros sem vencer, e que o foco est\u00e1 no triunfo diante do Lorient na 29.\u00aa jornada da Ligue 1. O extremo de 21 anos real\u00e7ou a exist\u00eancia de uma mentalidade vencedora e de um forte esp\u00edrito de trabalho, lembrando as 13 vit\u00f3rias consecutivas alcan\u00e7adas recentemente. Referiu que o empate com Angers n\u00e3o foi suficiente e que a equipa j\u00e1 analisou o jogo, identificou fraquezas e sabe o que precisa de melhorar. A press\u00e3o em casa do Lyon \u00e9 constante, mas o plantel diz resistir bem e manter o foco no pr\u00f3ximo desafio, sem se prender ao passado. Sobre o Mundial, o jogador admite que \u00e9 uma possibilidade, mas est\u00e1, neste momento, concentrado no Lyon e no pr\u00f3ximo jogo.","og_url":"https:\/\/portaltela.pt\/noticias\/2026\/04\/10\/afonso-moreira-diz-que-atravessam-ma-fase-mas-mantem-confianca\/","og_site_name":"Portal Tela Portugal","article_published_time":"2026-04-10T17:02:22+00:00","author":"Telinha","twitter_card":"summary_large_image","twitter_misc":{"Escrito por":"Telinha","Tempo estimado de leitura":"1 minuto"},"schema":{"@context":"https:\/\/schema.org","@graph":[{"@type":"Article","@id":"https:\/\/portaltela.pt\/noticias\/2026\/04\/10\/afonso-moreira-diz-que-atravessam-ma-fase-mas-mantem-confianca\/#article","isPartOf":{"@id":"https:\/\/portaltela.pt\/noticias\/2026\/04\/10\/afonso-moreira-diz-que-atravessam-ma-fase-mas-mantem-confianca\/"},"author":{"name":"Telinha","@id":"https:\/\/portaltela.pt\/#\/schema\/person\/c4278d4a6028830caff9ee44b42d32ed"},"headline":"Afonso Moreira diz que atravessam m\u00e1 fase, mas mant\u00eam confian\u00e7a","datePublished":"2026-04-10T17:02:22+00:00","mainEntityOfPage":{"@id":"https:\/\/portaltela.pt\/noticias\/2026\/04\/10\/afonso-moreira-diz-que-atravessam-ma-fase-mas-mantem-confianca\/"},"wordCount":225,"image":{"@id":"https:\/\/portaltela.pt\/noticias\/2026\/04\/10\/afonso-moreira-diz-que-atravessam-ma-fase-mas-mantem-confianca\/#primaryimage"},"thumbnailUrl":"https:\/\/portaltela.pt\/s.01k8rhncp4jt1\/2026\/04\/img_920x518uu2025-10-26-22-02-47-2398625.jpg","keywords":["_futebol","desporto","futebol","futebol internacional","Ligue 1","Portugal"],"articleSection":["Desporto","Futebol"],"inLanguage":"pt-PT"},{"@type":"WebPage","@id":"https:\/\/portaltela.pt\/noticias\/2026\/04\/10\/afonso-moreira-diz-que-atravessam-ma-fase-mas-mantem-confianca\/","url":"https:\/\/portaltela.pt\/noticias\/2026\/04\/10\/afonso-moreira-diz-que-atravessam-ma-fase-mas-mantem-confianca\/","name":"Afonso Moreira diz que atravessam m\u00e1 fase, mas mant\u00eam confian\u00e7a - Portal Tela Portugal","isPartOf":{"@id":"https:\/\/portaltela.pt\/#website"},"primaryImageOfPage":{"@id":"https:\/\/portaltela.pt\/noticias\/2026\/04\/10\/afonso-moreira-diz-que-atravessam-ma-fase-mas-mantem-confianca\/#primaryimage"},"image":{"@id":"https:\/\/portaltela.pt\/noticias\/2026\/04\/10\/afonso-moreira-diz-que-atravessam-ma-fase-mas-mantem-confianca\/#primaryimage"},"thumbnailUrl":"https:\/\/portaltela.pt\/s.01k8rhncp4jt1\/2026\/04\/img_920x518uu2025-10-26-22-02-47-2398625.jpg","datePublished":"2026-04-10T17:02:22+00:00","author":{"@id":"https:\/\/portaltela.pt\/#\/schema\/person\/c4278d4a6028830caff9ee44b42d32ed"},"breadcrumb":{"@id":"https:\/\/portaltela.pt\/noticias\/2026\/04\/10\/afonso-moreira-diz-que-atravessam-ma-fase-mas-mantem-confianca\/#breadcrumb"},"inLanguage":"pt-PT","potentialAction":[{"@type":"ReadAction","target":["https:\/\/portaltela.pt\/noticias\/2026\/04\/10\/afonso-moreira-diz-que-atravessam-ma-fase-mas-mantem-confianca\/"]}]},{"@type":"ImageObject","inLanguage":"pt-PT","@id":"https:\/\/portaltela.pt\/noticias\/2026\/04\/10\/afonso-moreira-diz-que-atravessam-ma-fase-mas-mantem-confianca\/#primaryimage","url":"https:\/\/portaltela.pt\/s.01k8rhncp4jt1\/2026\/04\/img_920x518uu2025-10-26-22-02-47-2398625.jpg","contentUrl":"https:\/\/portaltela.pt\/s.01k8rhncp4jt1\/2026\/04\/img_920x518uu2025-10-26-22-02-47-2398625.jpg","width":796,"height":448,"caption":"Afonso Moreira tem muita influ\u00eancia no Lyon de Paulo Fonseca"},{"@type":"BreadcrumbList","@id":"https:\/\/portaltela.pt\/noticias\/2026\/04\/10\/afonso-moreira-diz-que-atravessam-ma-fase-mas-mantem-confianca\/#breadcrumb","itemListElement":[{"@type":"ListItem","position":1,"name":"In\u00edcio","item":"https:\/\/portaltela.pt\/"},{"@type":"ListItem","position":2,"name":"Afonso Moreira diz que atravessam m\u00e1 fase, mas mant\u00eam confian\u00e7a"}]},{"@type":"WebSite","@id":"https:\/\/portaltela.pt\/#website","url":"https:\/\/portaltela.pt\/","name":"Portal Tela Portugal","description":"","potentialAction":[{"@type":"SearchAction","target":{"@type":"EntryPoint","urlTemplate":"https:\/\/portaltela.pt\/?s={search_term_string}"},"query-input":{"@type":"PropertyValueSpecification","valueRequired":true,"valueName":"search_term_string"}}],"inLanguage":"pt-PT"},{"@type":"Person","@id":"https:\/\/portaltela.pt\/#\/schema\/person\/c4278d4a6028830caff9ee44b42d32ed","name":"Telinha","image":{"@type":"ImageObject","inLanguage":"pt-PT","@id":"https:\/\/portaltela.pt\/s.01k8rhncp4jt1\/2025\/11\/talking-bot-125x125.png","url":"https:\/\/portaltela.pt\/s.01k8rhncp4jt1\/2025\/11\/talking-bot-125x125.png","contentUrl":"https:\/\/portaltela.pt\/s.01k8rhncp4jt1\/2025\/11\/talking-bot-125x125.png","caption":"Telinha"},"sameAs":["https:\/\/portaltela.pt\/"],"url":"https:\/\/portaltela.pt\/por\/367410592786\/"}]}},"_links":{"self":[{"href":"https:\/\/portaltela.pt\/api\/wp\/v2\/posts\/439691","targetHints":{"allow":["GET"]}}],"collection":[{"href":"https:\/\/portaltela.pt\/api\/wp\/v2\/posts"}],"about":[{"href":"https:\/\/portaltela.pt\/api\/wp\/v2\/types\/post"}],"author":[{"embeddable":true,"href":"https:\/\/portaltela.pt\/api\/wp\/v2\/users\/2"}],"replies":[{"embeddable":true,"href":"https:\/\/portaltela.pt\/api\/wp\/v2\/comments?post=439691"}],"version-history":[{"count":0,"href":"https:\/\/portaltela.pt\/api\/wp\/v2\/posts\/439691\/revisions"}],"wp:featuredmedia":[{"embeddable":true,"href":"https:\/\/portaltela.pt\/api\/wp\/v2\/media\/439702"}],"wp:attachment":[{"href":"https:\/\/portaltela.pt\/api\/wp\/v2\/media?parent=439691"}],"wp:term":[{"taxonomy":"category","embeddable":true,"href":"https:\/\/portaltela.pt\/api\/wp\/v2\/categories?post=439691"},{"taxonomy":"post_tag","embeddable":true,"href":"https:\/\/portaltela.pt\/api\/wp\/v2\/tags?post=439691"}],"curies":[{"name":"wp","href":"https:\/\/api.w.org\/{rel}","templated":true}]}}