{"id":439690,"date":"2026-04-10T14:02:22","date_gmt":"2026-04-10T17:02:22","guid":{"rendered":"https:\/\/portaltela.pt\/noticias\/2026\/04\/10\/rota-que-liga-africa-ao-brasil-volta-a-operar\/"},"modified":"2026-04-10T14:02:22","modified_gmt":"2026-04-10T17:02:22","slug":"rota-que-liga-africa-ao-brasil-volta-a-operar","status":"publish","type":"post","link":"https:\/\/portaltela.pt\/noticias\/economia\/2026\/04\/10\/rota-que-liga-africa-ao-brasil-volta-a-operar\/","title":{"rendered":"Rota que liga \u00c1frica ao Brasil volta a operar"},"content":{"rendered":"<p>A TACV vai inaugurar uma rota entre a Cidade da Praia, Cabo Verde, e Recife, no estado brasileiro de Pernambuco. O regresso dos voos entre Cabo Verde e o Brasil, interrompido h\u00e1 seis anos, est\u00e1 previsto para maio de 2026.<\/p>\n<p>Numa primeira fase, a rota ter\u00e1 uma frequ\u00eancia semanal, com uma aeronave Boeing 737 MAX 8. At\u00e9 ao final de 2026 prev\u00ea-se que passem a haver duas liga\u00e7\u00f5es semanais.<\/p>\n<p>O Governo de Cabo Verde afirma que a liga\u00e7\u00e3o refor\u00e7a a conectividade com o Brasil, impulsiona o turismo e facilita o com\u00e9rcio bilateral, criando oportunidades de neg\u00f3cio e beneficiando o arquip\u00e9lago como destino de escala.<\/p>\n<p>Antes da suspens\u00e3o em 2020, a Cabo Verde Airlines j\u00e1 operava voos para Fortaleza, Recife, Salvador e Porto Alegre, incluindo destinos no Brasil.<\/p>\n","protected":false},"excerpt":{"rendered":"<ul>\n<li>A TACV vai inaugurar uma rota entre a Cidade da Praia, Cabo Verde, e Recife, em Pernambuco, Brasil.<\/li>\n<li>Os voos est\u00e3o previstos para come\u00e7ar em maio, ap\u00f3s mais de seis anos sem liga\u00e7\u00f5es entre Cabo Verde e o Brasil.<\/li>\n<li>Na fase inicial, a rota ser\u00e1 semanal, com uma aeronave Boeing 737 MAX 8, com perspetiva de chegar a duas liga\u00e7\u00f5es por semana ainda em 2026.<\/li>\n<li>O Governo de Cabo Verde afirma que o objetivo \u00e9 refor\u00e7ar a conectividade, promover o turismo, aumentar o fluxo de passageiros e posicionar Cabo Verde como destino de escala.<\/li>\n<li>Antes da interrup\u00e7\u00e3o de 2020, a Cabo Verde Airlines j\u00e1 operava voos para Fortaleza, Recife, Salvador e Porto Alegre.<\/li>\n<\/ul>\n","protected":false},"author":2,"featured_media":439701,"comment_status":"closed","ping_status":"closed","sticky":false,"template":"","format":"standard","meta":{"footnotes":""},"categories":[2,6912],"tags":[6115,4558,7730,7183,244,169],"class_list":["post-439690","post","type-post","status-publish","format-standard","has-post-thumbnail","hentry","category-economia","category-internacionais","tag-_economia","tag-a-aeronautica","tag-a-cabo-verde","tag-aviacao","tag-comercio","tag-turismo"],"yoast_head":"<!-- This site is optimized with the Yoast SEO plugin v27.2 - https:\/\/yoast.com\/product\/yoast-seo-wordpress\/ -->\n<title>Rota que liga \u00c1frica ao Brasil volta a operar - Portal Tela Portugal<\/title>\n<meta name=\"robots\" content=\"index, follow, max-snippet:-1, max-image-preview:large, max-video-preview:-1\" \/>\n<meta property=\"og:locale\" content=\"pt_PT\" \/>\n<meta property=\"og:type\" content=\"article\" \/>\n<meta property=\"og:title\" content=\"Rota que liga \u00c1frica ao Brasil volta a operar - Portal Tela Portugal\" \/>\n<meta property=\"og:description\" content=\"A TACV vai inaugurar uma rota entre a Cidade da Praia, Cabo Verde, e Recife, em Pernambuco, Brasil. Os voos est\u00e3o previstos para come\u00e7ar em maio, ap\u00f3s mais de seis anos sem liga\u00e7\u00f5es entre Cabo Verde e o Brasil. Na fase inicial, a rota ser\u00e1 semanal, com uma aeronave Boeing 737 MAX 8, com perspetiva de chegar a duas liga\u00e7\u00f5es por semana ainda em 2026. O Governo de Cabo Verde afirma que o objetivo \u00e9 refor\u00e7ar a conectividade, promover o turismo, aumentar o fluxo de passageiros e posicionar Cabo Verde como destino de escala. Antes da interrup\u00e7\u00e3o de 2020, a Cabo Verde Airlines j\u00e1 operava voos para Fortaleza, Recife, Salvador e Porto Alegre.\" \/>\n<meta property=\"og:url\" content=\"https:\/\/portaltela.pt\/noticias\/2026\/04\/10\/rota-que-liga-africa-ao-brasil-volta-a-operar\/\" \/>\n<meta property=\"og:site_name\" content=\"Portal Tela Portugal\" \/>\n<meta property=\"article:published_time\" content=\"2026-04-10T17:02:22+00:00\" \/>\n<meta name=\"author\" content=\"Telinha\" \/>\n<meta name=\"twitter:card\" content=\"summary_large_image\" \/>\n<meta name=\"twitter:label1\" content=\"Escrito por\" \/>\n\t<meta name=\"twitter:data1\" content=\"Telinha\" \/>\n\t<meta name=\"twitter:label2\" content=\"Tempo estimado de leitura\" \/>\n\t<meta name=\"twitter:data2\" content=\"1 minuto\" \/>\n<script type=\"application\/ld+json\" class=\"yoast-schema-graph\">{\"@context\":\"https:\/\/schema.org\",\"@graph\":[{\"@type\":\"Article\",\"@id\":\"https:\/\/portaltela.pt\/noticias\/2026\/04\/10\/rota-que-liga-africa-ao-brasil-volta-a-operar\/#article\",\"isPartOf\":{\"@id\":\"https:\/\/portaltela.pt\/noticias\/2026\/04\/10\/rota-que-liga-africa-ao-brasil-volta-a-operar\/\"},\"author\":{\"name\":\"Telinha\",\"@id\":\"https:\/\/portaltela.pt\/#\/schema\/person\/c4278d4a6028830caff9ee44b42d32ed\"},\"headline\":\"Rota que liga \u00c1frica ao Brasil volta a operar\",\"datePublished\":\"2026-04-10T17:02:22+00:00\",\"mainEntityOfPage\":{\"@id\":\"https:\/\/portaltela.pt\/noticias\/2026\/04\/10\/rota-que-liga-africa-ao-brasil-volta-a-operar\/\"},\"wordCount\":140,\"image\":{\"@id\":\"https:\/\/portaltela.pt\/noticias\/2026\/04\/10\/rota-que-liga-africa-ao-brasil-volta-a-operar\/#primaryimage\"},\"thumbnailUrl\":\"https:\/\/portaltela.pt\/s.01k8rhncp4jt1\/2026\/04\/image-615.jpg\",\"keywords\":[\"_economia\",\"a aeron\u00e1utica\",\"A Cabo Verde\",\"avia\u00e7\u00e3o\",\"com\u00e9rcio\",\"turismo\"],\"articleSection\":[\"Economia\",\"Internacionais\"],\"inLanguage\":\"pt-PT\"},{\"@type\":\"WebPage\",\"@id\":\"https:\/\/portaltela.pt\/noticias\/2026\/04\/10\/rota-que-liga-africa-ao-brasil-volta-a-operar\/\",\"url\":\"https:\/\/portaltela.pt\/noticias\/2026\/04\/10\/rota-que-liga-africa-ao-brasil-volta-a-operar\/\",\"name\":\"Rota que liga \u00c1frica ao Brasil volta a operar - Portal Tela Portugal\",\"isPartOf\":{\"@id\":\"https:\/\/portaltela.pt\/#website\"},\"primaryImageOfPage\":{\"@id\":\"https:\/\/portaltela.pt\/noticias\/2026\/04\/10\/rota-que-liga-africa-ao-brasil-volta-a-operar\/#primaryimage\"},\"image\":{\"@id\":\"https:\/\/portaltela.pt\/noticias\/2026\/04\/10\/rota-que-liga-africa-ao-brasil-volta-a-operar\/#primaryimage\"},\"thumbnailUrl\":\"https:\/\/portaltela.pt\/s.01k8rhncp4jt1\/2026\/04\/image-615.jpg\",\"datePublished\":\"2026-04-10T17:02:22+00:00\",\"author\":{\"@id\":\"https:\/\/portaltela.pt\/#\/schema\/person\/c4278d4a6028830caff9ee44b42d32ed\"},\"breadcrumb\":{\"@id\":\"https:\/\/portaltela.pt\/noticias\/2026\/04\/10\/rota-que-liga-africa-ao-brasil-volta-a-operar\/#breadcrumb\"},\"inLanguage\":\"pt-PT\",\"potentialAction\":[{\"@type\":\"ReadAction\",\"target\":[\"https:\/\/portaltela.pt\/noticias\/2026\/04\/10\/rota-que-liga-africa-ao-brasil-volta-a-operar\/\"]}]},{\"@type\":\"ImageObject\",\"inLanguage\":\"pt-PT\",\"@id\":\"https:\/\/portaltela.pt\/noticias\/2026\/04\/10\/rota-que-liga-africa-ao-brasil-volta-a-operar\/#primaryimage\",\"url\":\"https:\/\/portaltela.pt\/s.01k8rhncp4jt1\/2026\/04\/image-615.jpg\",\"contentUrl\":\"https:\/\/portaltela.pt\/s.01k8rhncp4jt1\/2026\/04\/image-615.jpg\",\"width\":796,\"height\":448,\"caption\":\"O colorido Recife, no Brasil, passa a estar unido \u00e0 n\u00e3o menos colorida Cidade da Praia\"},{\"@type\":\"BreadcrumbList\",\"@id\":\"https:\/\/portaltela.pt\/noticias\/2026\/04\/10\/rota-que-liga-africa-ao-brasil-volta-a-operar\/#breadcrumb\",\"itemListElement\":[{\"@type\":\"ListItem\",\"position\":1,\"name\":\"In\u00edcio\",\"item\":\"https:\/\/portaltela.pt\/\"},{\"@type\":\"ListItem\",\"position\":2,\"name\":\"Rota que liga \u00c1frica ao Brasil volta a operar\"}]},{\"@type\":\"WebSite\",\"@id\":\"https:\/\/portaltela.pt\/#website\",\"url\":\"https:\/\/portaltela.pt\/\",\"name\":\"Portal Tela Portugal\",\"description\":\"\",\"potentialAction\":[{\"@type\":\"SearchAction\",\"target\":{\"@type\":\"EntryPoint\",\"urlTemplate\":\"https:\/\/portaltela.pt\/?s={search_term_string}\"},\"query-input\":{\"@type\":\"PropertyValueSpecification\",\"valueRequired\":true,\"valueName\":\"search_term_string\"}}],\"inLanguage\":\"pt-PT\"},{\"@type\":\"Person\",\"@id\":\"https:\/\/portaltela.pt\/#\/schema\/person\/c4278d4a6028830caff9ee44b42d32ed\",\"name\":\"Telinha\",\"image\":{\"@type\":\"ImageObject\",\"inLanguage\":\"pt-PT\",\"@id\":\"https:\/\/portaltela.pt\/s.01k8rhncp4jt1\/2025\/11\/talking-bot-125x125.png\",\"url\":\"https:\/\/portaltela.pt\/s.01k8rhncp4jt1\/2025\/11\/talking-bot-125x125.png\",\"contentUrl\":\"https:\/\/portaltela.pt\/s.01k8rhncp4jt1\/2025\/11\/talking-bot-125x125.png\",\"caption\":\"Telinha\"},\"sameAs\":[\"https:\/\/portaltela.pt\/\"],\"url\":\"https:\/\/portaltela.pt\/por\/367410592786\/\"}]}<\/script>\n<!-- \/ Yoast SEO plugin. -->","yoast_head_json":{"title":"Rota que liga \u00c1frica ao Brasil volta a operar - Portal Tela Portugal","robots":{"index":"index","follow":"follow","max-snippet":"max-snippet:-1","max-image-preview":"max-image-preview:large","max-video-preview":"max-video-preview:-1"},"og_locale":"pt_PT","og_type":"article","og_title":"Rota que liga \u00c1frica ao Brasil volta a operar - Portal Tela Portugal","og_description":"A TACV vai inaugurar uma rota entre a Cidade da Praia, Cabo Verde, e Recife, em Pernambuco, Brasil. Os voos est\u00e3o previstos para come\u00e7ar em maio, ap\u00f3s mais de seis anos sem liga\u00e7\u00f5es entre Cabo Verde e o Brasil. Na fase inicial, a rota ser\u00e1 semanal, com uma aeronave Boeing 737 MAX 8, com perspetiva de chegar a duas liga\u00e7\u00f5es por semana ainda em 2026. O Governo de Cabo Verde afirma que o objetivo \u00e9 refor\u00e7ar a conectividade, promover o turismo, aumentar o fluxo de passageiros e posicionar Cabo Verde como destino de escala. Antes da interrup\u00e7\u00e3o de 2020, a Cabo Verde Airlines j\u00e1 operava voos para Fortaleza, Recife, Salvador e Porto Alegre.","og_url":"https:\/\/portaltela.pt\/noticias\/2026\/04\/10\/rota-que-liga-africa-ao-brasil-volta-a-operar\/","og_site_name":"Portal Tela Portugal","article_published_time":"2026-04-10T17:02:22+00:00","author":"Telinha","twitter_card":"summary_large_image","twitter_misc":{"Escrito por":"Telinha","Tempo estimado de leitura":"1 minuto"},"schema":{"@context":"https:\/\/schema.org","@graph":[{"@type":"Article","@id":"https:\/\/portaltela.pt\/noticias\/2026\/04\/10\/rota-que-liga-africa-ao-brasil-volta-a-operar\/#article","isPartOf":{"@id":"https:\/\/portaltela.pt\/noticias\/2026\/04\/10\/rota-que-liga-africa-ao-brasil-volta-a-operar\/"},"author":{"name":"Telinha","@id":"https:\/\/portaltela.pt\/#\/schema\/person\/c4278d4a6028830caff9ee44b42d32ed"},"headline":"Rota que liga \u00c1frica ao Brasil volta a operar","datePublished":"2026-04-10T17:02:22+00:00","mainEntityOfPage":{"@id":"https:\/\/portaltela.pt\/noticias\/2026\/04\/10\/rota-que-liga-africa-ao-brasil-volta-a-operar\/"},"wordCount":140,"image":{"@id":"https:\/\/portaltela.pt\/noticias\/2026\/04\/10\/rota-que-liga-africa-ao-brasil-volta-a-operar\/#primaryimage"},"thumbnailUrl":"https:\/\/portaltela.pt\/s.01k8rhncp4jt1\/2026\/04\/image-615.jpg","keywords":["_economia","a aeron\u00e1utica","A Cabo Verde","avia\u00e7\u00e3o","com\u00e9rcio","turismo"],"articleSection":["Economia","Internacionais"],"inLanguage":"pt-PT"},{"@type":"WebPage","@id":"https:\/\/portaltela.pt\/noticias\/2026\/04\/10\/rota-que-liga-africa-ao-brasil-volta-a-operar\/","url":"https:\/\/portaltela.pt\/noticias\/2026\/04\/10\/rota-que-liga-africa-ao-brasil-volta-a-operar\/","name":"Rota que liga \u00c1frica ao Brasil volta a operar - Portal Tela Portugal","isPartOf":{"@id":"https:\/\/portaltela.pt\/#website"},"primaryImageOfPage":{"@id":"https:\/\/portaltela.pt\/noticias\/2026\/04\/10\/rota-que-liga-africa-ao-brasil-volta-a-operar\/#primaryimage"},"image":{"@id":"https:\/\/portaltela.pt\/noticias\/2026\/04\/10\/rota-que-liga-africa-ao-brasil-volta-a-operar\/#primaryimage"},"thumbnailUrl":"https:\/\/portaltela.pt\/s.01k8rhncp4jt1\/2026\/04\/image-615.jpg","datePublished":"2026-04-10T17:02:22+00:00","author":{"@id":"https:\/\/portaltela.pt\/#\/schema\/person\/c4278d4a6028830caff9ee44b42d32ed"},"breadcrumb":{"@id":"https:\/\/portaltela.pt\/noticias\/2026\/04\/10\/rota-que-liga-africa-ao-brasil-volta-a-operar\/#breadcrumb"},"inLanguage":"pt-PT","potentialAction":[{"@type":"ReadAction","target":["https:\/\/portaltela.pt\/noticias\/2026\/04\/10\/rota-que-liga-africa-ao-brasil-volta-a-operar\/"]}]},{"@type":"ImageObject","inLanguage":"pt-PT","@id":"https:\/\/portaltela.pt\/noticias\/2026\/04\/10\/rota-que-liga-africa-ao-brasil-volta-a-operar\/#primaryimage","url":"https:\/\/portaltela.pt\/s.01k8rhncp4jt1\/2026\/04\/image-615.jpg","contentUrl":"https:\/\/portaltela.pt\/s.01k8rhncp4jt1\/2026\/04\/image-615.jpg","width":796,"height":448,"caption":"O colorido Recife, no Brasil, passa a estar unido \u00e0 n\u00e3o menos colorida Cidade da Praia"},{"@type":"BreadcrumbList","@id":"https:\/\/portaltela.pt\/noticias\/2026\/04\/10\/rota-que-liga-africa-ao-brasil-volta-a-operar\/#breadcrumb","itemListElement":[{"@type":"ListItem","position":1,"name":"In\u00edcio","item":"https:\/\/portaltela.pt\/"},{"@type":"ListItem","position":2,"name":"Rota que liga \u00c1frica ao Brasil volta a operar"}]},{"@type":"WebSite","@id":"https:\/\/portaltela.pt\/#website","url":"https:\/\/portaltela.pt\/","name":"Portal Tela Portugal","description":"","potentialAction":[{"@type":"SearchAction","target":{"@type":"EntryPoint","urlTemplate":"https:\/\/portaltela.pt\/?s={search_term_string}"},"query-input":{"@type":"PropertyValueSpecification","valueRequired":true,"valueName":"search_term_string"}}],"inLanguage":"pt-PT"},{"@type":"Person","@id":"https:\/\/portaltela.pt\/#\/schema\/person\/c4278d4a6028830caff9ee44b42d32ed","name":"Telinha","image":{"@type":"ImageObject","inLanguage":"pt-PT","@id":"https:\/\/portaltela.pt\/s.01k8rhncp4jt1\/2025\/11\/talking-bot-125x125.png","url":"https:\/\/portaltela.pt\/s.01k8rhncp4jt1\/2025\/11\/talking-bot-125x125.png","contentUrl":"https:\/\/portaltela.pt\/s.01k8rhncp4jt1\/2025\/11\/talking-bot-125x125.png","caption":"Telinha"},"sameAs":["https:\/\/portaltela.pt\/"],"url":"https:\/\/portaltela.pt\/por\/367410592786\/"}]}},"_links":{"self":[{"href":"https:\/\/portaltela.pt\/api\/wp\/v2\/posts\/439690","targetHints":{"allow":["GET"]}}],"collection":[{"href":"https:\/\/portaltela.pt\/api\/wp\/v2\/posts"}],"about":[{"href":"https:\/\/portaltela.pt\/api\/wp\/v2\/types\/post"}],"author":[{"embeddable":true,"href":"https:\/\/portaltela.pt\/api\/wp\/v2\/users\/2"}],"replies":[{"embeddable":true,"href":"https:\/\/portaltela.pt\/api\/wp\/v2\/comments?post=439690"}],"version-history":[{"count":0,"href":"https:\/\/portaltela.pt\/api\/wp\/v2\/posts\/439690\/revisions"}],"wp:featuredmedia":[{"embeddable":true,"href":"https:\/\/portaltela.pt\/api\/wp\/v2\/media\/439701"}],"wp:attachment":[{"href":"https:\/\/portaltela.pt\/api\/wp\/v2\/media?parent=439690"}],"wp:term":[{"taxonomy":"category","embeddable":true,"href":"https:\/\/portaltela.pt\/api\/wp\/v2\/categories?post=439690"},{"taxonomy":"post_tag","embeddable":true,"href":"https:\/\/portaltela.pt\/api\/wp\/v2\/tags?post=439690"}],"curies":[{"name":"wp","href":"https:\/\/api.w.org\/{rel}","templated":true}]}}