{"id":439689,"date":"2026-04-10T14:02:21","date_gmt":"2026-04-10T17:02:21","guid":{"rendered":"https:\/\/portaltela.pt\/noticias\/2026\/04\/10\/mata-nacional-de-leiria-vende-arvores-tombadas-pela-depressao-kristin-e-cria-memorial\/"},"modified":"2026-04-10T14:02:21","modified_gmt":"2026-04-10T17:02:21","slug":"mata-nacional-de-leiria-vende-arvores-tombadas-pela-depressao-kristin-e-cria-memorial","status":"publish","type":"post","link":"https:\/\/portaltela.pt\/meio-ambiente\/2026\/04\/10\/mata-nacional-de-leiria-vende-arvores-tombadas-pela-depressao-kristin-e-cria-memorial\/","title":{"rendered":"Mata Nacional de Leiria vende \u00e1rvores tombadas pela depress\u00e3o Kristin e cria memorial"},"content":{"rendered":"<p>A Mata Nacional de Leiria vai realizar uma hasta p\u00fablica para vender as \u00e1rvores derrubadas pela tempestade Kristin. Paralelamente, ser\u00e1 criado um memorial junto de um eucalipto de 53 metros que tombou, anunciaram os respons\u00e1veis ao Presidente da Rep\u00fablica durante a Presid\u00eancia Aberta desta tarde.<\/p>\n<p>A respons\u00e1vel pelo ICNF, Margarida Gon\u00e7alves, explicou que o arvoredo ser\u00e1 colocado \u00e0 venda por hasta p\u00fablica, e que, depois, as empresas contratar\u00e3o o corte e a recolha do material. O Presidente Ant\u00f3nio Jos\u00e9 Seguro acompanhou o movimento na \u00e1rea.<\/p>\n<p>Ao todo, s\u00e3o cerca de 100 mil metros c\u00fabicos de madeira tombada, num total que corresponde a 1.075 hectares dentro de uma \u00e1rea de cerca de 11 mil hectares, onde ainda faltam desobstruir metade dos caminhos.<\/p>\n<h3>Memorial junto ao eucalipto tombado<\/h3>\n<p>O eucalipto com 165 anos, cuja altura equivalia a um edif\u00edcio de 16 andares, ficou tombado no local onde ser\u00e1 instalado o memorial. A constru\u00e7\u00e3o prev\u00ea a limpeza da envolvente e a cria\u00e7\u00e3o de um percurso de visita.<\/p>\n<p>Margarida Gon\u00e7alves adiantou que a manuten\u00e7\u00e3o da \u00e1rvore pode ser dif\u00edcil ao longo do tempo, reconhecendo que, com os anos, o exemplar poder\u00e1 desaparecer. A ideia \u00e9 preservar a mem\u00f3ria do que aconteceu, atrav\u00e9s do memorial.<\/p>\n<p>A Mata Nacional de Leiria \u00e9 propriedade p\u00fablica gerida pelo ICNF. O espa\u00e7o j\u00e1 tinha sido fortemente afetado por inc\u00eandios em outubro de 2017, agravados pela tempestade Leslie em 2018 e, agora, pela tempestade Kristin.<\/p>\n","protected":false},"excerpt":{"rendered":"<ul>\n<li>As \u00e1rvores derrubadas pela tempestade Kristin na Mata Nacional de Leiria v\u00e3o ser vendidas em hasta p\u00fablica, e junto ao local ser\u00e1 criado um memorial junto a um eucalipto de 53 metros que tombou.<\/li>\n<li>Os respons\u00e1veis divulgaram a informa\u00e7\u00e3o ao Presidente da Rep\u00fablica durante uma paragem da Presid\u00eancia Aberta na Mata Nacional de Leiria.<\/li>\n<li>O Instituto da Conserva\u00e7\u00e3o da Natureza e das Florestas explicou que a venda em hasta p\u00fablica d\u00e1 lugar ao corte e \u00e0 recolha do material pelas empresas depois.<\/li>\n<li>Estima-se que haja cerca de 100 mil metros c\u00fabicos de madeira tombada, correspondentes a 1.075 hectares em cerca de 11 mil hectares, com ainda cerca de metade dos caminhos por desobstruir.<\/li>\n<li>O eucalipto de 165 anos que tombou, classificado como de interesse p\u00fablico, ficar\u00e1 marcado por um memorial e por um percurso de leitura, embora a manuten\u00e7\u00e3o da \u00e1rvore possa ser dif\u00edcil com o passar dos anos.<\/li>\n<\/ul>\n","protected":false},"author":2,"featured_media":439697,"comment_status":"closed","ping_status":"closed","sticky":false,"template":"","format":"standard","meta":{"footnotes":""},"categories":[6725],"tags":[7767,4880,2617,6376,4399],"class_list":["post-439689","post","type-post","status-publish","format-standard","has-post-thumbnail","hentry","category-meio-ambiente","tag-_meio-ambiente","tag-conservacao-ambiental","tag-incendios","tag-madeiras","tag-paisagens"],"yoast_head":"<!-- This site is optimized with the Yoast SEO plugin v27.2 - https:\/\/yoast.com\/product\/yoast-seo-wordpress\/ -->\n<title>Mata Nacional de Leiria vende \u00e1rvores tombadas pela depress\u00e3o Kristin e cria memorial - Portal Tela Portugal<\/title>\n<meta name=\"robots\" content=\"index, follow, max-snippet:-1, max-image-preview:large, max-video-preview:-1\" \/>\n<meta property=\"og:locale\" content=\"pt_PT\" \/>\n<meta property=\"og:type\" content=\"article\" \/>\n<meta property=\"og:title\" content=\"Mata Nacional de Leiria vende \u00e1rvores tombadas pela depress\u00e3o Kristin e cria memorial - Portal Tela Portugal\" \/>\n<meta property=\"og:description\" content=\"As \u00e1rvores derrubadas pela tempestade Kristin na Mata Nacional de Leiria v\u00e3o ser vendidas em hasta p\u00fablica, e junto ao local ser\u00e1 criado um memorial junto a um eucalipto de 53 metros que tombou. Os respons\u00e1veis divulgaram a informa\u00e7\u00e3o ao Presidente da Rep\u00fablica durante uma paragem da Presid\u00eancia Aberta na Mata Nacional de Leiria. O Instituto da Conserva\u00e7\u00e3o da Natureza e das Florestas explicou que a venda em hasta p\u00fablica d\u00e1 lugar ao corte e \u00e0 recolha do material pelas empresas depois. Estima-se que haja cerca de 100 mil metros c\u00fabicos de madeira tombada, correspondentes a 1.075 hectares em cerca de 11 mil hectares, com ainda cerca de metade dos caminhos por desobstruir. O eucalipto de 165 anos que tombou, classificado como de interesse p\u00fablico, ficar\u00e1 marcado por um memorial e por um percurso de leitura, embora a manuten\u00e7\u00e3o da \u00e1rvore possa ser dif\u00edcil com o passar dos anos.\" \/>\n<meta property=\"og:url\" content=\"https:\/\/portaltela.pt\/noticias\/2026\/04\/10\/mata-nacional-de-leiria-vende-arvores-tombadas-pela-depressao-kristin-e-cria-memorial\/\" \/>\n<meta property=\"og:site_name\" content=\"Portal Tela Portugal\" \/>\n<meta property=\"article:published_time\" content=\"2026-04-10T17:02:21+00:00\" \/>\n<meta name=\"author\" content=\"Telinha\" \/>\n<meta name=\"twitter:card\" content=\"summary_large_image\" \/>\n<meta name=\"twitter:label1\" content=\"Escrito por\" \/>\n\t<meta name=\"twitter:data1\" content=\"Telinha\" \/>\n\t<meta name=\"twitter:label2\" content=\"Tempo estimado de leitura\" \/>\n\t<meta name=\"twitter:data2\" content=\"1 minuto\" \/>\n<script type=\"application\/ld+json\" class=\"yoast-schema-graph\">{\"@context\":\"https:\/\/schema.org\",\"@graph\":[{\"@type\":\"Article\",\"@id\":\"https:\/\/portaltela.pt\/noticias\/2026\/04\/10\/mata-nacional-de-leiria-vende-arvores-tombadas-pela-depressao-kristin-e-cria-memorial\/#article\",\"isPartOf\":{\"@id\":\"https:\/\/portaltela.pt\/noticias\/2026\/04\/10\/mata-nacional-de-leiria-vende-arvores-tombadas-pela-depressao-kristin-e-cria-memorial\/\"},\"author\":{\"name\":\"Telinha\",\"@id\":\"https:\/\/portaltela.pt\/#\/schema\/person\/c4278d4a6028830caff9ee44b42d32ed\"},\"headline\":\"Mata Nacional de Leiria vende \u00e1rvores tombadas pela depress\u00e3o Kristin e cria memorial\",\"datePublished\":\"2026-04-10T17:02:21+00:00\",\"mainEntityOfPage\":{\"@id\":\"https:\/\/portaltela.pt\/noticias\/2026\/04\/10\/mata-nacional-de-leiria-vende-arvores-tombadas-pela-depressao-kristin-e-cria-memorial\/\"},\"wordCount\":260,\"image\":{\"@id\":\"https:\/\/portaltela.pt\/noticias\/2026\/04\/10\/mata-nacional-de-leiria-vende-arvores-tombadas-pela-depressao-kristin-e-cria-memorial\/#primaryimage\"},\"thumbnailUrl\":\"https:\/\/portaltela.pt\/s.01k8rhncp4jt1\/2026\/04\/img_1500x1000uu2026-01-29-15-44-16-2263369.jpg\",\"keywords\":[\"_meio-ambiente\",\"conserva\u00e7\u00e3o ambiental\",\"inc\u00eandios\",\"madeiras\",\"Paisagens\"],\"articleSection\":[\"Meio Ambiente\"],\"inLanguage\":\"pt-PT\"},{\"@type\":\"WebPage\",\"@id\":\"https:\/\/portaltela.pt\/noticias\/2026\/04\/10\/mata-nacional-de-leiria-vende-arvores-tombadas-pela-depressao-kristin-e-cria-memorial\/\",\"url\":\"https:\/\/portaltela.pt\/noticias\/2026\/04\/10\/mata-nacional-de-leiria-vende-arvores-tombadas-pela-depressao-kristin-e-cria-memorial\/\",\"name\":\"Mata Nacional de Leiria vende \u00e1rvores tombadas pela depress\u00e3o Kristin e cria memorial - Portal Tela Portugal\",\"isPartOf\":{\"@id\":\"https:\/\/portaltela.pt\/#website\"},\"primaryImageOfPage\":{\"@id\":\"https:\/\/portaltela.pt\/noticias\/2026\/04\/10\/mata-nacional-de-leiria-vende-arvores-tombadas-pela-depressao-kristin-e-cria-memorial\/#primaryimage\"},\"image\":{\"@id\":\"https:\/\/portaltela.pt\/noticias\/2026\/04\/10\/mata-nacional-de-leiria-vende-arvores-tombadas-pela-depressao-kristin-e-cria-memorial\/#primaryimage\"},\"thumbnailUrl\":\"https:\/\/portaltela.pt\/s.01k8rhncp4jt1\/2026\/04\/img_1500x1000uu2026-01-29-15-44-16-2263369.jpg\",\"datePublished\":\"2026-04-10T17:02:21+00:00\",\"author\":{\"@id\":\"https:\/\/portaltela.pt\/#\/schema\/person\/c4278d4a6028830caff9ee44b42d32ed\"},\"breadcrumb\":{\"@id\":\"https:\/\/portaltela.pt\/noticias\/2026\/04\/10\/mata-nacional-de-leiria-vende-arvores-tombadas-pela-depressao-kristin-e-cria-memorial\/#breadcrumb\"},\"inLanguage\":\"pt-PT\",\"potentialAction\":[{\"@type\":\"ReadAction\",\"target\":[\"https:\/\/portaltela.pt\/noticias\/2026\/04\/10\/mata-nacional-de-leiria-vende-arvores-tombadas-pela-depressao-kristin-e-cria-memorial\/\"]}]},{\"@type\":\"ImageObject\",\"inLanguage\":\"pt-PT\",\"@id\":\"https:\/\/portaltela.pt\/noticias\/2026\/04\/10\/mata-nacional-de-leiria-vende-arvores-tombadas-pela-depressao-kristin-e-cria-memorial\/#primaryimage\",\"url\":\"https:\/\/portaltela.pt\/s.01k8rhncp4jt1\/2026\/04\/img_1500x1000uu2026-01-29-15-44-16-2263369.jpg\",\"contentUrl\":\"https:\/\/portaltela.pt\/s.01k8rhncp4jt1\/2026\/04\/img_1500x1000uu2026-01-29-15-44-16-2263369.jpg\",\"width\":796,\"height\":448,\"caption\":\"Leiria: Trabalhador corta \u00e1rvore abatida ap\u00f3s fortes estragos na cidade\"},{\"@type\":\"BreadcrumbList\",\"@id\":\"https:\/\/portaltela.pt\/noticias\/2026\/04\/10\/mata-nacional-de-leiria-vende-arvores-tombadas-pela-depressao-kristin-e-cria-memorial\/#breadcrumb\",\"itemListElement\":[{\"@type\":\"ListItem\",\"position\":1,\"name\":\"In\u00edcio\",\"item\":\"https:\/\/portaltela.pt\/\"},{\"@type\":\"ListItem\",\"position\":2,\"name\":\"Mata Nacional de Leiria vende \u00e1rvores tombadas pela depress\u00e3o Kristin e cria memorial\"}]},{\"@type\":\"WebSite\",\"@id\":\"https:\/\/portaltela.pt\/#website\",\"url\":\"https:\/\/portaltela.pt\/\",\"name\":\"Portal Tela Portugal\",\"description\":\"\",\"potentialAction\":[{\"@type\":\"SearchAction\",\"target\":{\"@type\":\"EntryPoint\",\"urlTemplate\":\"https:\/\/portaltela.pt\/?s={search_term_string}\"},\"query-input\":{\"@type\":\"PropertyValueSpecification\",\"valueRequired\":true,\"valueName\":\"search_term_string\"}}],\"inLanguage\":\"pt-PT\"},{\"@type\":\"Person\",\"@id\":\"https:\/\/portaltela.pt\/#\/schema\/person\/c4278d4a6028830caff9ee44b42d32ed\",\"name\":\"Telinha\",\"image\":{\"@type\":\"ImageObject\",\"inLanguage\":\"pt-PT\",\"@id\":\"https:\/\/portaltela.pt\/s.01k8rhncp4jt1\/2025\/11\/talking-bot-125x125.png\",\"url\":\"https:\/\/portaltela.pt\/s.01k8rhncp4jt1\/2025\/11\/talking-bot-125x125.png\",\"contentUrl\":\"https:\/\/portaltela.pt\/s.01k8rhncp4jt1\/2025\/11\/talking-bot-125x125.png\",\"caption\":\"Telinha\"},\"sameAs\":[\"https:\/\/portaltela.pt\/\"],\"url\":\"https:\/\/portaltela.pt\/por\/367410592786\/\"}]}<\/script>\n<!-- \/ Yoast SEO plugin. -->","yoast_head_json":{"title":"Mata Nacional de Leiria vende \u00e1rvores tombadas pela depress\u00e3o Kristin e cria memorial - Portal Tela Portugal","robots":{"index":"index","follow":"follow","max-snippet":"max-snippet:-1","max-image-preview":"max-image-preview:large","max-video-preview":"max-video-preview:-1"},"og_locale":"pt_PT","og_type":"article","og_title":"Mata Nacional de Leiria vende \u00e1rvores tombadas pela depress\u00e3o Kristin e cria memorial - Portal Tela Portugal","og_description":"As \u00e1rvores derrubadas pela tempestade Kristin na Mata Nacional de Leiria v\u00e3o ser vendidas em hasta p\u00fablica, e junto ao local ser\u00e1 criado um memorial junto a um eucalipto de 53 metros que tombou. Os respons\u00e1veis divulgaram a informa\u00e7\u00e3o ao Presidente da Rep\u00fablica durante uma paragem da Presid\u00eancia Aberta na Mata Nacional de Leiria. O Instituto da Conserva\u00e7\u00e3o da Natureza e das Florestas explicou que a venda em hasta p\u00fablica d\u00e1 lugar ao corte e \u00e0 recolha do material pelas empresas depois. Estima-se que haja cerca de 100 mil metros c\u00fabicos de madeira tombada, correspondentes a 1.075 hectares em cerca de 11 mil hectares, com ainda cerca de metade dos caminhos por desobstruir. O eucalipto de 165 anos que tombou, classificado como de interesse p\u00fablico, ficar\u00e1 marcado por um memorial e por um percurso de leitura, embora a manuten\u00e7\u00e3o da \u00e1rvore possa ser dif\u00edcil com o passar dos anos.","og_url":"https:\/\/portaltela.pt\/noticias\/2026\/04\/10\/mata-nacional-de-leiria-vende-arvores-tombadas-pela-depressao-kristin-e-cria-memorial\/","og_site_name":"Portal Tela Portugal","article_published_time":"2026-04-10T17:02:21+00:00","author":"Telinha","twitter_card":"summary_large_image","twitter_misc":{"Escrito por":"Telinha","Tempo estimado de leitura":"1 minuto"},"schema":{"@context":"https:\/\/schema.org","@graph":[{"@type":"Article","@id":"https:\/\/portaltela.pt\/noticias\/2026\/04\/10\/mata-nacional-de-leiria-vende-arvores-tombadas-pela-depressao-kristin-e-cria-memorial\/#article","isPartOf":{"@id":"https:\/\/portaltela.pt\/noticias\/2026\/04\/10\/mata-nacional-de-leiria-vende-arvores-tombadas-pela-depressao-kristin-e-cria-memorial\/"},"author":{"name":"Telinha","@id":"https:\/\/portaltela.pt\/#\/schema\/person\/c4278d4a6028830caff9ee44b42d32ed"},"headline":"Mata Nacional de Leiria vende \u00e1rvores tombadas pela depress\u00e3o Kristin e cria memorial","datePublished":"2026-04-10T17:02:21+00:00","mainEntityOfPage":{"@id":"https:\/\/portaltela.pt\/noticias\/2026\/04\/10\/mata-nacional-de-leiria-vende-arvores-tombadas-pela-depressao-kristin-e-cria-memorial\/"},"wordCount":260,"image":{"@id":"https:\/\/portaltela.pt\/noticias\/2026\/04\/10\/mata-nacional-de-leiria-vende-arvores-tombadas-pela-depressao-kristin-e-cria-memorial\/#primaryimage"},"thumbnailUrl":"https:\/\/portaltela.pt\/s.01k8rhncp4jt1\/2026\/04\/img_1500x1000uu2026-01-29-15-44-16-2263369.jpg","keywords":["_meio-ambiente","conserva\u00e7\u00e3o ambiental","inc\u00eandios","madeiras","Paisagens"],"articleSection":["Meio Ambiente"],"inLanguage":"pt-PT"},{"@type":"WebPage","@id":"https:\/\/portaltela.pt\/noticias\/2026\/04\/10\/mata-nacional-de-leiria-vende-arvores-tombadas-pela-depressao-kristin-e-cria-memorial\/","url":"https:\/\/portaltela.pt\/noticias\/2026\/04\/10\/mata-nacional-de-leiria-vende-arvores-tombadas-pela-depressao-kristin-e-cria-memorial\/","name":"Mata Nacional de Leiria vende \u00e1rvores tombadas pela depress\u00e3o Kristin e cria memorial - Portal Tela Portugal","isPartOf":{"@id":"https:\/\/portaltela.pt\/#website"},"primaryImageOfPage":{"@id":"https:\/\/portaltela.pt\/noticias\/2026\/04\/10\/mata-nacional-de-leiria-vende-arvores-tombadas-pela-depressao-kristin-e-cria-memorial\/#primaryimage"},"image":{"@id":"https:\/\/portaltela.pt\/noticias\/2026\/04\/10\/mata-nacional-de-leiria-vende-arvores-tombadas-pela-depressao-kristin-e-cria-memorial\/#primaryimage"},"thumbnailUrl":"https:\/\/portaltela.pt\/s.01k8rhncp4jt1\/2026\/04\/img_1500x1000uu2026-01-29-15-44-16-2263369.jpg","datePublished":"2026-04-10T17:02:21+00:00","author":{"@id":"https:\/\/portaltela.pt\/#\/schema\/person\/c4278d4a6028830caff9ee44b42d32ed"},"breadcrumb":{"@id":"https:\/\/portaltela.pt\/noticias\/2026\/04\/10\/mata-nacional-de-leiria-vende-arvores-tombadas-pela-depressao-kristin-e-cria-memorial\/#breadcrumb"},"inLanguage":"pt-PT","potentialAction":[{"@type":"ReadAction","target":["https:\/\/portaltela.pt\/noticias\/2026\/04\/10\/mata-nacional-de-leiria-vende-arvores-tombadas-pela-depressao-kristin-e-cria-memorial\/"]}]},{"@type":"ImageObject","inLanguage":"pt-PT","@id":"https:\/\/portaltela.pt\/noticias\/2026\/04\/10\/mata-nacional-de-leiria-vende-arvores-tombadas-pela-depressao-kristin-e-cria-memorial\/#primaryimage","url":"https:\/\/portaltela.pt\/s.01k8rhncp4jt1\/2026\/04\/img_1500x1000uu2026-01-29-15-44-16-2263369.jpg","contentUrl":"https:\/\/portaltela.pt\/s.01k8rhncp4jt1\/2026\/04\/img_1500x1000uu2026-01-29-15-44-16-2263369.jpg","width":796,"height":448,"caption":"Leiria: Trabalhador corta \u00e1rvore abatida ap\u00f3s fortes estragos na cidade"},{"@type":"BreadcrumbList","@id":"https:\/\/portaltela.pt\/noticias\/2026\/04\/10\/mata-nacional-de-leiria-vende-arvores-tombadas-pela-depressao-kristin-e-cria-memorial\/#breadcrumb","itemListElement":[{"@type":"ListItem","position":1,"name":"In\u00edcio","item":"https:\/\/portaltela.pt\/"},{"@type":"ListItem","position":2,"name":"Mata Nacional de Leiria vende \u00e1rvores tombadas pela depress\u00e3o Kristin e cria memorial"}]},{"@type":"WebSite","@id":"https:\/\/portaltela.pt\/#website","url":"https:\/\/portaltela.pt\/","name":"Portal Tela Portugal","description":"","potentialAction":[{"@type":"SearchAction","target":{"@type":"EntryPoint","urlTemplate":"https:\/\/portaltela.pt\/?s={search_term_string}"},"query-input":{"@type":"PropertyValueSpecification","valueRequired":true,"valueName":"search_term_string"}}],"inLanguage":"pt-PT"},{"@type":"Person","@id":"https:\/\/portaltela.pt\/#\/schema\/person\/c4278d4a6028830caff9ee44b42d32ed","name":"Telinha","image":{"@type":"ImageObject","inLanguage":"pt-PT","@id":"https:\/\/portaltela.pt\/s.01k8rhncp4jt1\/2025\/11\/talking-bot-125x125.png","url":"https:\/\/portaltela.pt\/s.01k8rhncp4jt1\/2025\/11\/talking-bot-125x125.png","contentUrl":"https:\/\/portaltela.pt\/s.01k8rhncp4jt1\/2025\/11\/talking-bot-125x125.png","caption":"Telinha"},"sameAs":["https:\/\/portaltela.pt\/"],"url":"https:\/\/portaltela.pt\/por\/367410592786\/"}]}},"_links":{"self":[{"href":"https:\/\/portaltela.pt\/api\/wp\/v2\/posts\/439689","targetHints":{"allow":["GET"]}}],"collection":[{"href":"https:\/\/portaltela.pt\/api\/wp\/v2\/posts"}],"about":[{"href":"https:\/\/portaltela.pt\/api\/wp\/v2\/types\/post"}],"author":[{"embeddable":true,"href":"https:\/\/portaltela.pt\/api\/wp\/v2\/users\/2"}],"replies":[{"embeddable":true,"href":"https:\/\/portaltela.pt\/api\/wp\/v2\/comments?post=439689"}],"version-history":[{"count":0,"href":"https:\/\/portaltela.pt\/api\/wp\/v2\/posts\/439689\/revisions"}],"wp:featuredmedia":[{"embeddable":true,"href":"https:\/\/portaltela.pt\/api\/wp\/v2\/media\/439697"}],"wp:attachment":[{"href":"https:\/\/portaltela.pt\/api\/wp\/v2\/media?parent=439689"}],"wp:term":[{"taxonomy":"category","embeddable":true,"href":"https:\/\/portaltela.pt\/api\/wp\/v2\/categories?post=439689"},{"taxonomy":"post_tag","embeddable":true,"href":"https:\/\/portaltela.pt\/api\/wp\/v2\/tags?post=439689"}],"curies":[{"name":"wp","href":"https:\/\/api.w.org\/{rel}","templated":true}]}}