{"id":439688,"date":"2026-04-10T14:02:21","date_gmt":"2026-04-10T17:02:21","guid":{"rendered":"https:\/\/portaltela.pt\/noticias\/2026\/04\/10\/candidato-a-provedor-defende-independencia-politica-no-parlamento\/"},"modified":"2026-04-10T14:02:21","modified_gmt":"2026-04-10T17:02:21","slug":"candidato-a-provedor-defende-independencia-politica-no-parlamento","status":"publish","type":"post","link":"https:\/\/portaltela.pt\/justica\/2026\/04\/10\/candidato-a-provedor-defende-independencia-politica-no-parlamento\/","title":{"rendered":"Candidato a Provedor defende independ\u00eancia pol\u00edtica no parlamento"},"content":{"rendered":"<p>Tiago Antunes, candidato a Provedor de Justi\u00e7a e antigo governante do PS, assegurou no parlamento que n\u00e3o tem independ\u00eancia partid\u00e1ria para o cargo. A garantia foi dada numa audi\u00e7\u00e3o realizada esta sexta-feira, 16 de abril, em sess\u00e3o da Assembleia da Rep\u00fablica, onde o ex-governante defendeu manter apenas atividades acad\u00e9micas desde que deixou fun\u00e7\u00f5es governativas.<\/p>\n<p>O objetivo do Provedor de Justi\u00e7a, explicou, \u00e9 atuar sem subordina\u00e7\u00e3o a for\u00e7as pol\u00edticas ou a \u00f3rg\u00e3os do Estado. O candidato sublinhou ainda que j\u00e1 n\u00e3o integra milit\u00e2ncia partid\u00e1ria e que o cargo exige autonomia na an\u00e1lise e na atua\u00e7\u00e3o, sem influ\u00eancias externas.<\/p>\n<h3>Contexto e perguntas de opositores<\/h3>\n<p>O debate envolveu cr\u00edticas de PSD e Chega sobre a independ\u00eancia de Tiago Antunes, incluindo ret\u00f3ricas que associaram o percurso governamental a um suposto curr\u00edculo. Rui Rocha, da Iniciativa Liberal, lan\u00e7ou ataques contundentes, afirmando que o hist\u00f3rico de Antunes n\u00e3o corresponde a um curr\u00edculo, mas a um cadastro, e questionou a sua aptid\u00e3o para o cargo.<\/p>\n<p>Paulo Muacho, do Livre, classificou o momento como uma prova de vida do grupo parlamentar, mantendo que o escrut\u00ednio deve centrar-se nas compet\u00eancias para o cargo, sem transformar a an\u00e1lise numa cr\u00f3nica pol\u00edtica.<\/p>\n<h3>Perspetivas e compromissos do candidato<\/h3>\n<p>Antunes afirmou que pretende atuar em defesa de grupos vulner\u00e1veis, nomeadamente pessoas sem voz, popula\u00e7\u00e3o em situa\u00e7\u00e3o de pobreza e idosos. Mencionou empenho na luta contra a pobreza infantil, na prote\u00e7\u00e3o de direitos de cidad\u00e3os com defici\u00eancia e na monitoriza\u00e7\u00e3o de pol\u00edticas p\u00fablicas para evitar falhas constitucionais.<\/p>\n<p>O candidato reiterou a vontade de percorrer o pa\u00eds, incluindo escolas, para promover literacia em direitos fundamentais e o acesso ao mecanismo de queixa junto do Provedor. Defendeu ainda o combate \u00e0 viol\u00eancia dom\u00e9stica e a supervis\u00e3o das institui\u00e7\u00f5es estatais respons\u00e1veis pelo tema.<\/p>\n<h3>Poss\u00edveis \u00e1reas de atua\u00e7\u00e3o e moldes institucionais<\/h3>\n<p>Entre as prioridades est\u00e3o a habita\u00e7\u00e3o, a sobrelota\u00e7\u00e3o prisional e as migra\u00e7\u00f5es. Antunes admitiu a possibilidade de delegar ao Provedor a monitoriza\u00e7\u00e3o de acordos de migra\u00e7\u00e3o e asilo, caso venha a ser eleito.<\/p>\n<p>A elei\u00e7\u00e3o para o cargo, que est\u00e1 vago desde junho de 2025, requer o voto favor\u00e1vel de dois ter\u00e7os dos deputados. A nomea\u00e7\u00e3o de Tiago Antunes depende de um parecer un\u00e2nime entre as for\u00e7as pol\u00edticas em sede parlamentar.<\/p>\n<h3>Contexto institucional<\/h3>\n<p>Maria L\u00facia Amaral ocupou o cargo at\u00e9 \u00e0 sua sa\u00edda para a fun\u00e7\u00e3o de ministra da Administra\u00e7\u00e3o Interna, tornando o posto vago desde ent\u00e3o. O processo de nomea\u00e7\u00e3o tem\u00e1tico no Parlamento enquadra-se no conjunto de responsabilidades institucionais para assegurar a prote\u00e7\u00e3o dos direitos fundamentais em Portugal.<\/p>\n","protected":false},"excerpt":{"rendered":"<ul>\n<li>Tiago Antunes, ex-governante do PS, foi ouvido no parlamento como candidato a Provedor de Justi\u00e7a e rejeitou qualquer falta de independ\u00eancia, afirmando n\u00e3o ter milit\u00e2ncia partid\u00e1ria desde que deixou fun\u00e7\u00f5es governativas.<\/li>\n<li>Defende independ\u00eancia pol\u00edtica em rela\u00e7\u00e3o ao Estado e a for\u00e7as pol\u00edticas, sustentando que o Provedor n\u00e3o representa, n\u00e3o aceita ordens e n\u00e3o permite condicionamentos \u00e0 sua atua\u00e7\u00e3o.<\/li>\n<li>Foi questionado pelo PSD e pelo Chega sobre a sua independ\u00eancia, enquanto a Iniciativa Liberal criticou o percurso de Antunes, referindo-o como cadastro e associando-o a epis\u00f3dios ligados a Jos\u00e9 S\u00f3crates.<\/li>\n<li>Antunes apresentou prioridades do cargo: defender os direitos dos sem voz, combater a pobreza infantil, viol\u00eancia dom\u00e9stica, habita\u00e7\u00e3o, migra\u00e7\u00f5es e monitorizar o cumprimento de pactos de asila\u00e7\u00e3o.<\/li>\n<li>A elei\u00e7\u00e3o para Provedor de Justi\u00e7a est\u00e1 marcada para 16 de abril; o cargo est\u00e1 vago desde junho de 2025, quando Maria L\u00facia Amaral assumiu fun\u00e7\u00f5es como ministra da Administra\u00e7\u00e3o Interna.<\/li>\n<\/ul>\n","protected":false},"author":2,"featured_media":439698,"comment_status":"closed","ping_status":"closed","sticky":false,"template":"","format":"standard","meta":{"footnotes":""},"categories":[6815],"tags":[6373,2633,150,6414,1456,2832],"class_list":["post-439688","post","type-post","status-publish","format-standard","has-post-thumbnail","hentry","category-justica","tag-direitos","tag-direitos-humanos","tag-habitacao","tag-independencia-institucional","tag-migracao","tag-politica"],"yoast_head":"<!-- This site is optimized with the Yoast SEO plugin v27.2 - https:\/\/yoast.com\/product\/yoast-seo-wordpress\/ -->\n<title>Candidato a Provedor defende independ\u00eancia pol\u00edtica no parlamento - Portal Tela Portugal<\/title>\n<meta name=\"robots\" content=\"index, follow, max-snippet:-1, max-image-preview:large, max-video-preview:-1\" \/>\n<meta property=\"og:locale\" content=\"pt_PT\" \/>\n<meta property=\"og:type\" content=\"article\" \/>\n<meta property=\"og:title\" content=\"Candidato a Provedor defende independ\u00eancia pol\u00edtica no parlamento - Portal Tela Portugal\" \/>\n<meta property=\"og:description\" content=\"Tiago Antunes, ex-governante do PS, foi ouvido no parlamento como candidato a Provedor de Justi\u00e7a e rejeitou qualquer falta de independ\u00eancia, afirmando n\u00e3o ter milit\u00e2ncia partid\u00e1ria desde que deixou fun\u00e7\u00f5es governativas. Defende independ\u00eancia pol\u00edtica em rela\u00e7\u00e3o ao Estado e a for\u00e7as pol\u00edticas, sustentando que o Provedor n\u00e3o representa, n\u00e3o aceita ordens e n\u00e3o permite condicionamentos \u00e0 sua atua\u00e7\u00e3o. Foi questionado pelo PSD e pelo Chega sobre a sua independ\u00eancia, enquanto a Iniciativa Liberal criticou o percurso de Antunes, referindo-o como cadastro e associando-o a epis\u00f3dios ligados a Jos\u00e9 S\u00f3crates. Antunes apresentou prioridades do cargo: defender os direitos dos sem voz, combater a pobreza infantil, viol\u00eancia dom\u00e9stica, habita\u00e7\u00e3o, migra\u00e7\u00f5es e monitorizar o cumprimento de pactos de asila\u00e7\u00e3o. A elei\u00e7\u00e3o para Provedor de Justi\u00e7a est\u00e1 marcada para 16 de abril; o cargo est\u00e1 vago desde junho de 2025, quando Maria L\u00facia Amaral assumiu fun\u00e7\u00f5es como ministra da Administra\u00e7\u00e3o Interna.\" \/>\n<meta property=\"og:url\" content=\"https:\/\/portaltela.pt\/noticias\/2026\/04\/10\/candidato-a-provedor-defende-independencia-politica-no-parlamento\/\" \/>\n<meta property=\"og:site_name\" content=\"Portal Tela Portugal\" \/>\n<meta property=\"article:published_time\" content=\"2026-04-10T17:02:21+00:00\" \/>\n<meta name=\"author\" content=\"Telinha\" \/>\n<meta name=\"twitter:card\" content=\"summary_large_image\" \/>\n<meta name=\"twitter:label1\" content=\"Escrito por\" \/>\n\t<meta name=\"twitter:data1\" content=\"Telinha\" \/>\n\t<meta name=\"twitter:label2\" content=\"Tempo estimado de leitura\" \/>\n\t<meta name=\"twitter:data2\" content=\"2 minutos\" \/>\n<script type=\"application\/ld+json\" class=\"yoast-schema-graph\">{\"@context\":\"https:\/\/schema.org\",\"@graph\":[{\"@type\":\"Article\",\"@id\":\"https:\/\/portaltela.pt\/noticias\/2026\/04\/10\/candidato-a-provedor-defende-independencia-politica-no-parlamento\/#article\",\"isPartOf\":{\"@id\":\"https:\/\/portaltela.pt\/noticias\/2026\/04\/10\/candidato-a-provedor-defende-independencia-politica-no-parlamento\/\"},\"author\":{\"name\":\"Telinha\",\"@id\":\"https:\/\/portaltela.pt\/#\/schema\/person\/c4278d4a6028830caff9ee44b42d32ed\"},\"headline\":\"Candidato a Provedor defende independ\u00eancia pol\u00edtica no parlamento\",\"datePublished\":\"2026-04-10T17:02:21+00:00\",\"mainEntityOfPage\":{\"@id\":\"https:\/\/portaltela.pt\/noticias\/2026\/04\/10\/candidato-a-provedor-defende-independencia-politica-no-parlamento\/\"},\"wordCount\":489,\"image\":{\"@id\":\"https:\/\/portaltela.pt\/noticias\/2026\/04\/10\/candidato-a-provedor-defende-independencia-politica-no-parlamento\/#primaryimage\"},\"thumbnailUrl\":\"https:\/\/portaltela.pt\/s.01k8rhncp4jt1\/2026\/04\/img_1500x1000uu2023-06-16-18-13-25-1373948.jpg\",\"keywords\":[\"direitos\",\"direitos humanos\",\"habita\u00e7\u00e3o\",\"independ\u00eancia institucional\",\"migra\u00e7\u00e3o\",\"pol\u00edtica\"],\"articleSection\":[\"Justi\u00e7a\"],\"inLanguage\":\"pt-PT\"},{\"@type\":\"WebPage\",\"@id\":\"https:\/\/portaltela.pt\/noticias\/2026\/04\/10\/candidato-a-provedor-defende-independencia-politica-no-parlamento\/\",\"url\":\"https:\/\/portaltela.pt\/noticias\/2026\/04\/10\/candidato-a-provedor-defende-independencia-politica-no-parlamento\/\",\"name\":\"Candidato a Provedor defende independ\u00eancia pol\u00edtica no parlamento - Portal Tela Portugal\",\"isPartOf\":{\"@id\":\"https:\/\/portaltela.pt\/#website\"},\"primaryImageOfPage\":{\"@id\":\"https:\/\/portaltela.pt\/noticias\/2026\/04\/10\/candidato-a-provedor-defende-independencia-politica-no-parlamento\/#primaryimage\"},\"image\":{\"@id\":\"https:\/\/portaltela.pt\/noticias\/2026\/04\/10\/candidato-a-provedor-defende-independencia-politica-no-parlamento\/#primaryimage\"},\"thumbnailUrl\":\"https:\/\/portaltela.pt\/s.01k8rhncp4jt1\/2026\/04\/img_1500x1000uu2023-06-16-18-13-25-1373948.jpg\",\"datePublished\":\"2026-04-10T17:02:21+00:00\",\"author\":{\"@id\":\"https:\/\/portaltela.pt\/#\/schema\/person\/c4278d4a6028830caff9ee44b42d32ed\"},\"breadcrumb\":{\"@id\":\"https:\/\/portaltela.pt\/noticias\/2026\/04\/10\/candidato-a-provedor-defende-independencia-politica-no-parlamento\/#breadcrumb\"},\"inLanguage\":\"pt-PT\",\"potentialAction\":[{\"@type\":\"ReadAction\",\"target\":[\"https:\/\/portaltela.pt\/noticias\/2026\/04\/10\/candidato-a-provedor-defende-independencia-politica-no-parlamento\/\"]}]},{\"@type\":\"ImageObject\",\"inLanguage\":\"pt-PT\",\"@id\":\"https:\/\/portaltela.pt\/noticias\/2026\/04\/10\/candidato-a-provedor-defende-independencia-politica-no-parlamento\/#primaryimage\",\"url\":\"https:\/\/portaltela.pt\/s.01k8rhncp4jt1\/2026\/04\/img_1500x1000uu2023-06-16-18-13-25-1373948.jpg\",\"contentUrl\":\"https:\/\/portaltela.pt\/s.01k8rhncp4jt1\/2026\/04\/img_1500x1000uu2023-06-16-18-13-25-1373948.jpg\",\"width\":796,\"height\":448,\"caption\":\"Tiago Antunes\"},{\"@type\":\"BreadcrumbList\",\"@id\":\"https:\/\/portaltela.pt\/noticias\/2026\/04\/10\/candidato-a-provedor-defende-independencia-politica-no-parlamento\/#breadcrumb\",\"itemListElement\":[{\"@type\":\"ListItem\",\"position\":1,\"name\":\"In\u00edcio\",\"item\":\"https:\/\/portaltela.pt\/\"},{\"@type\":\"ListItem\",\"position\":2,\"name\":\"Candidato a Provedor defende independ\u00eancia pol\u00edtica no parlamento\"}]},{\"@type\":\"WebSite\",\"@id\":\"https:\/\/portaltela.pt\/#website\",\"url\":\"https:\/\/portaltela.pt\/\",\"name\":\"Portal Tela Portugal\",\"description\":\"\",\"potentialAction\":[{\"@type\":\"SearchAction\",\"target\":{\"@type\":\"EntryPoint\",\"urlTemplate\":\"https:\/\/portaltela.pt\/?s={search_term_string}\"},\"query-input\":{\"@type\":\"PropertyValueSpecification\",\"valueRequired\":true,\"valueName\":\"search_term_string\"}}],\"inLanguage\":\"pt-PT\"},{\"@type\":\"Person\",\"@id\":\"https:\/\/portaltela.pt\/#\/schema\/person\/c4278d4a6028830caff9ee44b42d32ed\",\"name\":\"Telinha\",\"image\":{\"@type\":\"ImageObject\",\"inLanguage\":\"pt-PT\",\"@id\":\"https:\/\/portaltela.pt\/s.01k8rhncp4jt1\/2025\/11\/talking-bot-125x125.png\",\"url\":\"https:\/\/portaltela.pt\/s.01k8rhncp4jt1\/2025\/11\/talking-bot-125x125.png\",\"contentUrl\":\"https:\/\/portaltela.pt\/s.01k8rhncp4jt1\/2025\/11\/talking-bot-125x125.png\",\"caption\":\"Telinha\"},\"sameAs\":[\"https:\/\/portaltela.pt\/\"],\"url\":\"https:\/\/portaltela.pt\/por\/367410592786\/\"}]}<\/script>\n<!-- \/ Yoast SEO plugin. -->","yoast_head_json":{"title":"Candidato a Provedor defende independ\u00eancia pol\u00edtica no parlamento - Portal Tela Portugal","robots":{"index":"index","follow":"follow","max-snippet":"max-snippet:-1","max-image-preview":"max-image-preview:large","max-video-preview":"max-video-preview:-1"},"og_locale":"pt_PT","og_type":"article","og_title":"Candidato a Provedor defende independ\u00eancia pol\u00edtica no parlamento - Portal Tela Portugal","og_description":"Tiago Antunes, ex-governante do PS, foi ouvido no parlamento como candidato a Provedor de Justi\u00e7a e rejeitou qualquer falta de independ\u00eancia, afirmando n\u00e3o ter milit\u00e2ncia partid\u00e1ria desde que deixou fun\u00e7\u00f5es governativas. Defende independ\u00eancia pol\u00edtica em rela\u00e7\u00e3o ao Estado e a for\u00e7as pol\u00edticas, sustentando que o Provedor n\u00e3o representa, n\u00e3o aceita ordens e n\u00e3o permite condicionamentos \u00e0 sua atua\u00e7\u00e3o. Foi questionado pelo PSD e pelo Chega sobre a sua independ\u00eancia, enquanto a Iniciativa Liberal criticou o percurso de Antunes, referindo-o como cadastro e associando-o a epis\u00f3dios ligados a Jos\u00e9 S\u00f3crates. Antunes apresentou prioridades do cargo: defender os direitos dos sem voz, combater a pobreza infantil, viol\u00eancia dom\u00e9stica, habita\u00e7\u00e3o, migra\u00e7\u00f5es e monitorizar o cumprimento de pactos de asila\u00e7\u00e3o. A elei\u00e7\u00e3o para Provedor de Justi\u00e7a est\u00e1 marcada para 16 de abril; o cargo est\u00e1 vago desde junho de 2025, quando Maria L\u00facia Amaral assumiu fun\u00e7\u00f5es como ministra da Administra\u00e7\u00e3o Interna.","og_url":"https:\/\/portaltela.pt\/noticias\/2026\/04\/10\/candidato-a-provedor-defende-independencia-politica-no-parlamento\/","og_site_name":"Portal Tela Portugal","article_published_time":"2026-04-10T17:02:21+00:00","author":"Telinha","twitter_card":"summary_large_image","twitter_misc":{"Escrito por":"Telinha","Tempo estimado de leitura":"2 minutos"},"schema":{"@context":"https:\/\/schema.org","@graph":[{"@type":"Article","@id":"https:\/\/portaltela.pt\/noticias\/2026\/04\/10\/candidato-a-provedor-defende-independencia-politica-no-parlamento\/#article","isPartOf":{"@id":"https:\/\/portaltela.pt\/noticias\/2026\/04\/10\/candidato-a-provedor-defende-independencia-politica-no-parlamento\/"},"author":{"name":"Telinha","@id":"https:\/\/portaltela.pt\/#\/schema\/person\/c4278d4a6028830caff9ee44b42d32ed"},"headline":"Candidato a Provedor defende independ\u00eancia pol\u00edtica no parlamento","datePublished":"2026-04-10T17:02:21+00:00","mainEntityOfPage":{"@id":"https:\/\/portaltela.pt\/noticias\/2026\/04\/10\/candidato-a-provedor-defende-independencia-politica-no-parlamento\/"},"wordCount":489,"image":{"@id":"https:\/\/portaltela.pt\/noticias\/2026\/04\/10\/candidato-a-provedor-defende-independencia-politica-no-parlamento\/#primaryimage"},"thumbnailUrl":"https:\/\/portaltela.pt\/s.01k8rhncp4jt1\/2026\/04\/img_1500x1000uu2023-06-16-18-13-25-1373948.jpg","keywords":["direitos","direitos humanos","habita\u00e7\u00e3o","independ\u00eancia institucional","migra\u00e7\u00e3o","pol\u00edtica"],"articleSection":["Justi\u00e7a"],"inLanguage":"pt-PT"},{"@type":"WebPage","@id":"https:\/\/portaltela.pt\/noticias\/2026\/04\/10\/candidato-a-provedor-defende-independencia-politica-no-parlamento\/","url":"https:\/\/portaltela.pt\/noticias\/2026\/04\/10\/candidato-a-provedor-defende-independencia-politica-no-parlamento\/","name":"Candidato a Provedor defende independ\u00eancia pol\u00edtica no parlamento - Portal Tela Portugal","isPartOf":{"@id":"https:\/\/portaltela.pt\/#website"},"primaryImageOfPage":{"@id":"https:\/\/portaltela.pt\/noticias\/2026\/04\/10\/candidato-a-provedor-defende-independencia-politica-no-parlamento\/#primaryimage"},"image":{"@id":"https:\/\/portaltela.pt\/noticias\/2026\/04\/10\/candidato-a-provedor-defende-independencia-politica-no-parlamento\/#primaryimage"},"thumbnailUrl":"https:\/\/portaltela.pt\/s.01k8rhncp4jt1\/2026\/04\/img_1500x1000uu2023-06-16-18-13-25-1373948.jpg","datePublished":"2026-04-10T17:02:21+00:00","author":{"@id":"https:\/\/portaltela.pt\/#\/schema\/person\/c4278d4a6028830caff9ee44b42d32ed"},"breadcrumb":{"@id":"https:\/\/portaltela.pt\/noticias\/2026\/04\/10\/candidato-a-provedor-defende-independencia-politica-no-parlamento\/#breadcrumb"},"inLanguage":"pt-PT","potentialAction":[{"@type":"ReadAction","target":["https:\/\/portaltela.pt\/noticias\/2026\/04\/10\/candidato-a-provedor-defende-independencia-politica-no-parlamento\/"]}]},{"@type":"ImageObject","inLanguage":"pt-PT","@id":"https:\/\/portaltela.pt\/noticias\/2026\/04\/10\/candidato-a-provedor-defende-independencia-politica-no-parlamento\/#primaryimage","url":"https:\/\/portaltela.pt\/s.01k8rhncp4jt1\/2026\/04\/img_1500x1000uu2023-06-16-18-13-25-1373948.jpg","contentUrl":"https:\/\/portaltela.pt\/s.01k8rhncp4jt1\/2026\/04\/img_1500x1000uu2023-06-16-18-13-25-1373948.jpg","width":796,"height":448,"caption":"Tiago Antunes"},{"@type":"BreadcrumbList","@id":"https:\/\/portaltela.pt\/noticias\/2026\/04\/10\/candidato-a-provedor-defende-independencia-politica-no-parlamento\/#breadcrumb","itemListElement":[{"@type":"ListItem","position":1,"name":"In\u00edcio","item":"https:\/\/portaltela.pt\/"},{"@type":"ListItem","position":2,"name":"Candidato a Provedor defende independ\u00eancia pol\u00edtica no parlamento"}]},{"@type":"WebSite","@id":"https:\/\/portaltela.pt\/#website","url":"https:\/\/portaltela.pt\/","name":"Portal Tela Portugal","description":"","potentialAction":[{"@type":"SearchAction","target":{"@type":"EntryPoint","urlTemplate":"https:\/\/portaltela.pt\/?s={search_term_string}"},"query-input":{"@type":"PropertyValueSpecification","valueRequired":true,"valueName":"search_term_string"}}],"inLanguage":"pt-PT"},{"@type":"Person","@id":"https:\/\/portaltela.pt\/#\/schema\/person\/c4278d4a6028830caff9ee44b42d32ed","name":"Telinha","image":{"@type":"ImageObject","inLanguage":"pt-PT","@id":"https:\/\/portaltela.pt\/s.01k8rhncp4jt1\/2025\/11\/talking-bot-125x125.png","url":"https:\/\/portaltela.pt\/s.01k8rhncp4jt1\/2025\/11\/talking-bot-125x125.png","contentUrl":"https:\/\/portaltela.pt\/s.01k8rhncp4jt1\/2025\/11\/talking-bot-125x125.png","caption":"Telinha"},"sameAs":["https:\/\/portaltela.pt\/"],"url":"https:\/\/portaltela.pt\/por\/367410592786\/"}]}},"_links":{"self":[{"href":"https:\/\/portaltela.pt\/api\/wp\/v2\/posts\/439688","targetHints":{"allow":["GET"]}}],"collection":[{"href":"https:\/\/portaltela.pt\/api\/wp\/v2\/posts"}],"about":[{"href":"https:\/\/portaltela.pt\/api\/wp\/v2\/types\/post"}],"author":[{"embeddable":true,"href":"https:\/\/portaltela.pt\/api\/wp\/v2\/users\/2"}],"replies":[{"embeddable":true,"href":"https:\/\/portaltela.pt\/api\/wp\/v2\/comments?post=439688"}],"version-history":[{"count":0,"href":"https:\/\/portaltela.pt\/api\/wp\/v2\/posts\/439688\/revisions"}],"wp:featuredmedia":[{"embeddable":true,"href":"https:\/\/portaltela.pt\/api\/wp\/v2\/media\/439698"}],"wp:attachment":[{"href":"https:\/\/portaltela.pt\/api\/wp\/v2\/media?parent=439688"}],"wp:term":[{"taxonomy":"category","embeddable":true,"href":"https:\/\/portaltela.pt\/api\/wp\/v2\/categories?post=439688"},{"taxonomy":"post_tag","embeddable":true,"href":"https:\/\/portaltela.pt\/api\/wp\/v2\/tags?post=439688"}],"curies":[{"name":"wp","href":"https:\/\/api.w.org\/{rel}","templated":true}]}}