{"id":439685,"date":"2026-04-10T14:02:20","date_gmt":"2026-04-10T17:02:20","guid":{"rendered":"https:\/\/portaltela.pt\/noticias\/2026\/04\/10\/maquinas-ja-funcionam-mas-poucas-garrafas-volta-ainda-nas-prateleiras\/"},"modified":"2026-04-10T14:02:20","modified_gmt":"2026-04-10T17:02:20","slug":"maquinas-ja-funcionam-mas-poucas-garrafas-volta-ainda-nas-prateleiras","status":"publish","type":"post","link":"https:\/\/portaltela.pt\/noticias\/2026\/04\/10\/maquinas-ja-funcionam-mas-poucas-garrafas-volta-ainda-nas-prateleiras\/","title":{"rendered":"M\u00e1quinas j\u00e1 funcionam, mas poucas garrafas &#8216;volta&#8217; ainda nas prateleiras"},"content":{"rendered":"<p>Em Matosinhos, num dos maiores hipermercados do pa\u00eds, as m\u00e1quinas de dep\u00f3sito de 10 c\u00eantimos j\u00e1 funcionam. O sistema de dep\u00f3sito e reembolso (SDR) iniciou-se nesta sexta-feira, mas as garrafas com o s\u00edmbolo volta continuam pouco dispon\u00edveis nas prateleiras.<\/p>\n<p>A ades\u00e3o dos consumidores \u00e9 vis\u00edvel, mas d\u00favidas permanecem, nomeadamente quanto \u00e0 cobran\u00e7a do IVA sobre o valor de dep\u00f3sito. O funcionamento ainda depende da disponibilidade de embalagens eleg\u00edveis na loja.<\/p>\n<p>Uma cliente, Roberta Pistilli, de 55 anos, verificou que as duas garrafas de ch\u00e1 que tinha no carrinho n\u00e3o tinham o s\u00edmbolo volta. Assim, explicou que n\u00e3o seriam devolvidas no imediato e deveriam seguir para o ecoponto amarelo.<\/p>\n<p>Ela acrescentou que j\u00e1 conhece o novo sistema e que existe uma m\u00e1quina perto de casa onde pretende depositar as garrafas quando puder. A expectativa \u00e9 recuperar 10 c\u00eantimos por cada unidade eleg\u00edvel.<\/p>\n<p>Segundo fontes do operador, o SDR est\u00e1 a entrar em funcionamento progressivo, com a implementa\u00e7\u00e3o marcada para diferentes pontos de venda ao longo das pr\u00f3ximas semanas. N\u00e3o foram, no entanto, divulgados n\u00fameros de ades\u00e3o iniciais.<\/p>\n","protected":false},"excerpt":{"rendered":"<ul>\n<li>As m\u00e1quinas de deposito de 10 c\u00eantimos j\u00e1 funcionam, mas ainda h\u00e1 poucas garrafas e latas com o s\u00edmbolo &#8220;volta&#8221; nas prateleiras de um dos maiores hipermercados de Matosinhos.<\/li>\n<li>O sistema de deposito e reembolso come\u00e7ou a operar nesta sexta-feira, contando com alguma familiaridade entre os clientes, mas persiste d\u00favidas sobre o IVA aplicado ao valor de dep\u00f3sito.<\/li>\n<li>A cliente Roberta Pistilli, de 55 anos, levou duas garrafas de ch\u00e1 sem o s\u00edmbolo &#8220;volta&#8221; e explicou que essas embalagens n\u00e3o s\u00e3o eleg\u00edveis para devolu\u00e7\u00e3o.<\/li>\n<li>Ela j\u00e1 sabe que pr\u00f3ximo de casa h\u00e1 uma m\u00e1quina onde, no futuro, depositar\u00e1 as garrafas para recuperar os 10 c\u00eantimos por unidade.<\/li>\n<\/ul>\n","protected":false},"author":2,"featured_media":439693,"comment_status":"closed","ping_status":"closed","sticky":false,"template":"","format":"standard","meta":{"footnotes":""},"categories":[6725,1],"tags":[6115,7767,4991,645],"class_list":["post-439685","post","type-post","status-publish","format-standard","has-post-thumbnail","hentry","category-meio-ambiente","category-noticias","tag-_economia","tag-_meio-ambiente","tag-consumo","tag-residuos"],"yoast_head":"<!-- This site is optimized with the Yoast SEO plugin v27.2 - https:\/\/yoast.com\/product\/yoast-seo-wordpress\/ -->\n<title>M\u00e1quinas j\u00e1 funcionam, mas poucas garrafas &#039;volta&#039; ainda nas prateleiras - Portal Tela Portugal<\/title>\n<meta name=\"robots\" content=\"index, follow, max-snippet:-1, max-image-preview:large, max-video-preview:-1\" \/>\n<meta property=\"og:locale\" content=\"pt_PT\" \/>\n<meta property=\"og:type\" content=\"article\" \/>\n<meta property=\"og:title\" content=\"M\u00e1quinas j\u00e1 funcionam, mas poucas garrafas &#039;volta&#039; ainda nas prateleiras - Portal Tela Portugal\" \/>\n<meta property=\"og:description\" content=\"As m\u00e1quinas de deposito de 10 c\u00eantimos j\u00e1 funcionam, mas ainda h\u00e1 poucas garrafas e latas com o s\u00edmbolo &quot;volta&quot; nas prateleiras de um dos maiores hipermercados de Matosinhos. O sistema de deposito e reembolso come\u00e7ou a operar nesta sexta-feira, contando com alguma familiaridade entre os clientes, mas persiste d\u00favidas sobre o IVA aplicado ao valor de dep\u00f3sito. A cliente Roberta Pistilli, de 55 anos, levou duas garrafas de ch\u00e1 sem o s\u00edmbolo &quot;volta&quot; e explicou que essas embalagens n\u00e3o s\u00e3o eleg\u00edveis para devolu\u00e7\u00e3o. Ela j\u00e1 sabe que pr\u00f3ximo de casa h\u00e1 uma m\u00e1quina onde, no futuro, depositar\u00e1 as garrafas para recuperar os 10 c\u00eantimos por unidade.\" \/>\n<meta property=\"og:url\" content=\"https:\/\/portaltela.pt\/noticias\/2026\/04\/10\/maquinas-ja-funcionam-mas-poucas-garrafas-volta-ainda-nas-prateleiras\/\" \/>\n<meta property=\"og:site_name\" content=\"Portal Tela Portugal\" \/>\n<meta property=\"article:published_time\" content=\"2026-04-10T17:02:20+00:00\" \/>\n<meta name=\"author\" content=\"Telinha\" \/>\n<meta name=\"twitter:card\" content=\"summary_large_image\" \/>\n<meta name=\"twitter:label1\" content=\"Escrito por\" \/>\n\t<meta name=\"twitter:data1\" content=\"Telinha\" \/>\n\t<meta name=\"twitter:label2\" content=\"Tempo estimado de leitura\" \/>\n\t<meta name=\"twitter:data2\" content=\"1 minuto\" \/>\n<script type=\"application\/ld+json\" class=\"yoast-schema-graph\">{\"@context\":\"https:\/\/schema.org\",\"@graph\":[{\"@type\":\"Article\",\"@id\":\"https:\/\/portaltela.pt\/noticias\/2026\/04\/10\/maquinas-ja-funcionam-mas-poucas-garrafas-volta-ainda-nas-prateleiras\/#article\",\"isPartOf\":{\"@id\":\"https:\/\/portaltela.pt\/noticias\/2026\/04\/10\/maquinas-ja-funcionam-mas-poucas-garrafas-volta-ainda-nas-prateleiras\/\"},\"author\":{\"name\":\"Telinha\",\"@id\":\"https:\/\/portaltela.pt\/#\/schema\/person\/c4278d4a6028830caff9ee44b42d32ed\"},\"headline\":\"M\u00e1quinas j\u00e1 funcionam, mas poucas garrafas &#8216;volta&#8217; ainda nas prateleiras\",\"datePublished\":\"2026-04-10T17:02:20+00:00\",\"mainEntityOfPage\":{\"@id\":\"https:\/\/portaltela.pt\/noticias\/2026\/04\/10\/maquinas-ja-funcionam-mas-poucas-garrafas-volta-ainda-nas-prateleiras\/\"},\"wordCount\":205,\"image\":{\"@id\":\"https:\/\/portaltela.pt\/noticias\/2026\/04\/10\/maquinas-ja-funcionam-mas-poucas-garrafas-volta-ainda-nas-prateleiras\/#primaryimage\"},\"thumbnailUrl\":\"https:\/\/portaltela.pt\/s.01k8rhncp4jt1\/2026\/04\/72acda1d-9177-46bf-b7fd-1dfaa1722be4_1200x675.jpg\",\"keywords\":[\"_economia\",\"_meio-ambiente\",\"consumo\",\"res\u00edduos\"],\"articleSection\":[\"Meio Ambiente\",\"Not\u00edcias\"],\"inLanguage\":\"pt-PT\"},{\"@type\":\"WebPage\",\"@id\":\"https:\/\/portaltela.pt\/noticias\/2026\/04\/10\/maquinas-ja-funcionam-mas-poucas-garrafas-volta-ainda-nas-prateleiras\/\",\"url\":\"https:\/\/portaltela.pt\/noticias\/2026\/04\/10\/maquinas-ja-funcionam-mas-poucas-garrafas-volta-ainda-nas-prateleiras\/\",\"name\":\"M\u00e1quinas j\u00e1 funcionam, mas poucas garrafas 'volta' ainda nas prateleiras - Portal Tela Portugal\",\"isPartOf\":{\"@id\":\"https:\/\/portaltela.pt\/#website\"},\"primaryImageOfPage\":{\"@id\":\"https:\/\/portaltela.pt\/noticias\/2026\/04\/10\/maquinas-ja-funcionam-mas-poucas-garrafas-volta-ainda-nas-prateleiras\/#primaryimage\"},\"image\":{\"@id\":\"https:\/\/portaltela.pt\/noticias\/2026\/04\/10\/maquinas-ja-funcionam-mas-poucas-garrafas-volta-ainda-nas-prateleiras\/#primaryimage\"},\"thumbnailUrl\":\"https:\/\/portaltela.pt\/s.01k8rhncp4jt1\/2026\/04\/72acda1d-9177-46bf-b7fd-1dfaa1722be4_1200x675.jpg\",\"datePublished\":\"2026-04-10T17:02:20+00:00\",\"author\":{\"@id\":\"https:\/\/portaltela.pt\/#\/schema\/person\/c4278d4a6028830caff9ee44b42d32ed\"},\"breadcrumb\":{\"@id\":\"https:\/\/portaltela.pt\/noticias\/2026\/04\/10\/maquinas-ja-funcionam-mas-poucas-garrafas-volta-ainda-nas-prateleiras\/#breadcrumb\"},\"inLanguage\":\"pt-PT\",\"potentialAction\":[{\"@type\":\"ReadAction\",\"target\":[\"https:\/\/portaltela.pt\/noticias\/2026\/04\/10\/maquinas-ja-funcionam-mas-poucas-garrafas-volta-ainda-nas-prateleiras\/\"]}]},{\"@type\":\"ImageObject\",\"inLanguage\":\"pt-PT\",\"@id\":\"https:\/\/portaltela.pt\/noticias\/2026\/04\/10\/maquinas-ja-funcionam-mas-poucas-garrafas-volta-ainda-nas-prateleiras\/#primaryimage\",\"url\":\"https:\/\/portaltela.pt\/s.01k8rhncp4jt1\/2026\/04\/72acda1d-9177-46bf-b7fd-1dfaa1722be4_1200x675.jpg\",\"contentUrl\":\"https:\/\/portaltela.pt\/s.01k8rhncp4jt1\/2026\/04\/72acda1d-9177-46bf-b7fd-1dfaa1722be4_1200x675.jpg\",\"width\":796,\"height\":448,\"caption\":\"Photo\"},{\"@type\":\"BreadcrumbList\",\"@id\":\"https:\/\/portaltela.pt\/noticias\/2026\/04\/10\/maquinas-ja-funcionam-mas-poucas-garrafas-volta-ainda-nas-prateleiras\/#breadcrumb\",\"itemListElement\":[{\"@type\":\"ListItem\",\"position\":1,\"name\":\"In\u00edcio\",\"item\":\"https:\/\/portaltela.pt\/\"},{\"@type\":\"ListItem\",\"position\":2,\"name\":\"M\u00e1quinas j\u00e1 funcionam, mas poucas garrafas &#8216;volta&#8217; ainda nas prateleiras\"}]},{\"@type\":\"WebSite\",\"@id\":\"https:\/\/portaltela.pt\/#website\",\"url\":\"https:\/\/portaltela.pt\/\",\"name\":\"Portal Tela Portugal\",\"description\":\"\",\"potentialAction\":[{\"@type\":\"SearchAction\",\"target\":{\"@type\":\"EntryPoint\",\"urlTemplate\":\"https:\/\/portaltela.pt\/?s={search_term_string}\"},\"query-input\":{\"@type\":\"PropertyValueSpecification\",\"valueRequired\":true,\"valueName\":\"search_term_string\"}}],\"inLanguage\":\"pt-PT\"},{\"@type\":\"Person\",\"@id\":\"https:\/\/portaltela.pt\/#\/schema\/person\/c4278d4a6028830caff9ee44b42d32ed\",\"name\":\"Telinha\",\"image\":{\"@type\":\"ImageObject\",\"inLanguage\":\"pt-PT\",\"@id\":\"https:\/\/portaltela.pt\/s.01k8rhncp4jt1\/2025\/11\/talking-bot-125x125.png\",\"url\":\"https:\/\/portaltela.pt\/s.01k8rhncp4jt1\/2025\/11\/talking-bot-125x125.png\",\"contentUrl\":\"https:\/\/portaltela.pt\/s.01k8rhncp4jt1\/2025\/11\/talking-bot-125x125.png\",\"caption\":\"Telinha\"},\"sameAs\":[\"https:\/\/portaltela.pt\/\"],\"url\":\"https:\/\/portaltela.pt\/por\/367410592786\/\"}]}<\/script>\n<!-- \/ Yoast SEO plugin. -->","yoast_head_json":{"title":"M\u00e1quinas j\u00e1 funcionam, mas poucas garrafas 'volta' ainda nas prateleiras - Portal Tela Portugal","robots":{"index":"index","follow":"follow","max-snippet":"max-snippet:-1","max-image-preview":"max-image-preview:large","max-video-preview":"max-video-preview:-1"},"og_locale":"pt_PT","og_type":"article","og_title":"M\u00e1quinas j\u00e1 funcionam, mas poucas garrafas 'volta' ainda nas prateleiras - Portal Tela Portugal","og_description":"As m\u00e1quinas de deposito de 10 c\u00eantimos j\u00e1 funcionam, mas ainda h\u00e1 poucas garrafas e latas com o s\u00edmbolo \"volta\" nas prateleiras de um dos maiores hipermercados de Matosinhos. O sistema de deposito e reembolso come\u00e7ou a operar nesta sexta-feira, contando com alguma familiaridade entre os clientes, mas persiste d\u00favidas sobre o IVA aplicado ao valor de dep\u00f3sito. A cliente Roberta Pistilli, de 55 anos, levou duas garrafas de ch\u00e1 sem o s\u00edmbolo \"volta\" e explicou que essas embalagens n\u00e3o s\u00e3o eleg\u00edveis para devolu\u00e7\u00e3o. Ela j\u00e1 sabe que pr\u00f3ximo de casa h\u00e1 uma m\u00e1quina onde, no futuro, depositar\u00e1 as garrafas para recuperar os 10 c\u00eantimos por unidade.","og_url":"https:\/\/portaltela.pt\/noticias\/2026\/04\/10\/maquinas-ja-funcionam-mas-poucas-garrafas-volta-ainda-nas-prateleiras\/","og_site_name":"Portal Tela Portugal","article_published_time":"2026-04-10T17:02:20+00:00","author":"Telinha","twitter_card":"summary_large_image","twitter_misc":{"Escrito por":"Telinha","Tempo estimado de leitura":"1 minuto"},"schema":{"@context":"https:\/\/schema.org","@graph":[{"@type":"Article","@id":"https:\/\/portaltela.pt\/noticias\/2026\/04\/10\/maquinas-ja-funcionam-mas-poucas-garrafas-volta-ainda-nas-prateleiras\/#article","isPartOf":{"@id":"https:\/\/portaltela.pt\/noticias\/2026\/04\/10\/maquinas-ja-funcionam-mas-poucas-garrafas-volta-ainda-nas-prateleiras\/"},"author":{"name":"Telinha","@id":"https:\/\/portaltela.pt\/#\/schema\/person\/c4278d4a6028830caff9ee44b42d32ed"},"headline":"M\u00e1quinas j\u00e1 funcionam, mas poucas garrafas &#8216;volta&#8217; ainda nas prateleiras","datePublished":"2026-04-10T17:02:20+00:00","mainEntityOfPage":{"@id":"https:\/\/portaltela.pt\/noticias\/2026\/04\/10\/maquinas-ja-funcionam-mas-poucas-garrafas-volta-ainda-nas-prateleiras\/"},"wordCount":205,"image":{"@id":"https:\/\/portaltela.pt\/noticias\/2026\/04\/10\/maquinas-ja-funcionam-mas-poucas-garrafas-volta-ainda-nas-prateleiras\/#primaryimage"},"thumbnailUrl":"https:\/\/portaltela.pt\/s.01k8rhncp4jt1\/2026\/04\/72acda1d-9177-46bf-b7fd-1dfaa1722be4_1200x675.jpg","keywords":["_economia","_meio-ambiente","consumo","res\u00edduos"],"articleSection":["Meio Ambiente","Not\u00edcias"],"inLanguage":"pt-PT"},{"@type":"WebPage","@id":"https:\/\/portaltela.pt\/noticias\/2026\/04\/10\/maquinas-ja-funcionam-mas-poucas-garrafas-volta-ainda-nas-prateleiras\/","url":"https:\/\/portaltela.pt\/noticias\/2026\/04\/10\/maquinas-ja-funcionam-mas-poucas-garrafas-volta-ainda-nas-prateleiras\/","name":"M\u00e1quinas j\u00e1 funcionam, mas poucas garrafas 'volta' ainda nas prateleiras - Portal Tela Portugal","isPartOf":{"@id":"https:\/\/portaltela.pt\/#website"},"primaryImageOfPage":{"@id":"https:\/\/portaltela.pt\/noticias\/2026\/04\/10\/maquinas-ja-funcionam-mas-poucas-garrafas-volta-ainda-nas-prateleiras\/#primaryimage"},"image":{"@id":"https:\/\/portaltela.pt\/noticias\/2026\/04\/10\/maquinas-ja-funcionam-mas-poucas-garrafas-volta-ainda-nas-prateleiras\/#primaryimage"},"thumbnailUrl":"https:\/\/portaltela.pt\/s.01k8rhncp4jt1\/2026\/04\/72acda1d-9177-46bf-b7fd-1dfaa1722be4_1200x675.jpg","datePublished":"2026-04-10T17:02:20+00:00","author":{"@id":"https:\/\/portaltela.pt\/#\/schema\/person\/c4278d4a6028830caff9ee44b42d32ed"},"breadcrumb":{"@id":"https:\/\/portaltela.pt\/noticias\/2026\/04\/10\/maquinas-ja-funcionam-mas-poucas-garrafas-volta-ainda-nas-prateleiras\/#breadcrumb"},"inLanguage":"pt-PT","potentialAction":[{"@type":"ReadAction","target":["https:\/\/portaltela.pt\/noticias\/2026\/04\/10\/maquinas-ja-funcionam-mas-poucas-garrafas-volta-ainda-nas-prateleiras\/"]}]},{"@type":"ImageObject","inLanguage":"pt-PT","@id":"https:\/\/portaltela.pt\/noticias\/2026\/04\/10\/maquinas-ja-funcionam-mas-poucas-garrafas-volta-ainda-nas-prateleiras\/#primaryimage","url":"https:\/\/portaltela.pt\/s.01k8rhncp4jt1\/2026\/04\/72acda1d-9177-46bf-b7fd-1dfaa1722be4_1200x675.jpg","contentUrl":"https:\/\/portaltela.pt\/s.01k8rhncp4jt1\/2026\/04\/72acda1d-9177-46bf-b7fd-1dfaa1722be4_1200x675.jpg","width":796,"height":448,"caption":"Photo"},{"@type":"BreadcrumbList","@id":"https:\/\/portaltela.pt\/noticias\/2026\/04\/10\/maquinas-ja-funcionam-mas-poucas-garrafas-volta-ainda-nas-prateleiras\/#breadcrumb","itemListElement":[{"@type":"ListItem","position":1,"name":"In\u00edcio","item":"https:\/\/portaltela.pt\/"},{"@type":"ListItem","position":2,"name":"M\u00e1quinas j\u00e1 funcionam, mas poucas garrafas &#8216;volta&#8217; ainda nas prateleiras"}]},{"@type":"WebSite","@id":"https:\/\/portaltela.pt\/#website","url":"https:\/\/portaltela.pt\/","name":"Portal Tela Portugal","description":"","potentialAction":[{"@type":"SearchAction","target":{"@type":"EntryPoint","urlTemplate":"https:\/\/portaltela.pt\/?s={search_term_string}"},"query-input":{"@type":"PropertyValueSpecification","valueRequired":true,"valueName":"search_term_string"}}],"inLanguage":"pt-PT"},{"@type":"Person","@id":"https:\/\/portaltela.pt\/#\/schema\/person\/c4278d4a6028830caff9ee44b42d32ed","name":"Telinha","image":{"@type":"ImageObject","inLanguage":"pt-PT","@id":"https:\/\/portaltela.pt\/s.01k8rhncp4jt1\/2025\/11\/talking-bot-125x125.png","url":"https:\/\/portaltela.pt\/s.01k8rhncp4jt1\/2025\/11\/talking-bot-125x125.png","contentUrl":"https:\/\/portaltela.pt\/s.01k8rhncp4jt1\/2025\/11\/talking-bot-125x125.png","caption":"Telinha"},"sameAs":["https:\/\/portaltela.pt\/"],"url":"https:\/\/portaltela.pt\/por\/367410592786\/"}]}},"_links":{"self":[{"href":"https:\/\/portaltela.pt\/api\/wp\/v2\/posts\/439685","targetHints":{"allow":["GET"]}}],"collection":[{"href":"https:\/\/portaltela.pt\/api\/wp\/v2\/posts"}],"about":[{"href":"https:\/\/portaltela.pt\/api\/wp\/v2\/types\/post"}],"author":[{"embeddable":true,"href":"https:\/\/portaltela.pt\/api\/wp\/v2\/users\/2"}],"replies":[{"embeddable":true,"href":"https:\/\/portaltela.pt\/api\/wp\/v2\/comments?post=439685"}],"version-history":[{"count":0,"href":"https:\/\/portaltela.pt\/api\/wp\/v2\/posts\/439685\/revisions"}],"wp:featuredmedia":[{"embeddable":true,"href":"https:\/\/portaltela.pt\/api\/wp\/v2\/media\/439693"}],"wp:attachment":[{"href":"https:\/\/portaltela.pt\/api\/wp\/v2\/media?parent=439685"}],"wp:term":[{"taxonomy":"category","embeddable":true,"href":"https:\/\/portaltela.pt\/api\/wp\/v2\/categories?post=439685"},{"taxonomy":"post_tag","embeddable":true,"href":"https:\/\/portaltela.pt\/api\/wp\/v2\/tags?post=439685"}],"curies":[{"name":"wp","href":"https:\/\/api.w.org\/{rel}","templated":true}]}}