{"id":439680,"date":"2026-04-10T14:02:15","date_gmt":"2026-04-10T17:02:15","guid":{"rendered":"https:\/\/portaltela.pt\/noticias\/2026\/04\/10\/proenca-e-recebido-na-camara-municipal-do-porto\/"},"modified":"2026-04-10T14:02:15","modified_gmt":"2026-04-10T17:02:15","slug":"proenca-e-recebido-na-camara-municipal-do-porto","status":"publish","type":"post","link":"https:\/\/portaltela.pt\/desporto\/futebol\/2026\/04\/10\/proenca-e-recebido-na-camara-municipal-do-porto\/","title":{"rendered":"Proen\u00e7a \u00e9 recebido na C\u00e2mara Municipal do Porto"},"content":{"rendered":"<p>A Federa\u00e7\u00e3o Portuguesa de Futebol foi recebida na C\u00e2mara Municipal do Porto, esta sexta-feira, em ato que incluiu a assinatura de um protocolo de coopera\u00e7\u00e3o entre a FPF, a Associa\u00e7\u00e3o de Futebol do Porto (AF Porto) e a autarquia. O encontro contou com a presen\u00e7a do presidente da FPF, Pedro Proen\u00e7a, do autarca local, Pedro Duarte, e do presidente da AF Porto, Jos\u00e9 Manuel Neves.<\/p>\n<p>Jos\u00e9 Manuel Neves abriu a cerim\u00f3nia, destacando o apoio concreto da C\u00e2mara ao Centro de Forma\u00e7\u00e3o da AF Porto e a vis\u00e3o comum de coopera\u00e7\u00e3o para o futuro. Agradeceu \u00e0 FPF pela lideran\u00e7a e sinalizou orgulho na assinatura do protocolo.<\/p>\n<p>Pedro Proen\u00e7a enfatizou que o protocolo refor\u00e7a a estrat\u00e9gia de descentraliza\u00e7\u00e3o da FPF, apresentando o Porto como palco de iniciativas relevantes para o desenvolvimento do futebol. Sublinhou o car\u00e1ter estrat\u00e9gico da parceria para clubes, atletas e agentes desportivos.<\/p>\n<p>Pedro Duarte encerrou o momento institucional, destacando a import\u00e2ncia para o Porto e para o pa\u00eds. Referiu que a descentraliza\u00e7\u00e3o da atividade da FPF aproxima a institui\u00e7\u00e3o de comunidades, clubes, treinadores, \u00e1rbitros e f\u00e3s.<\/p>\n<h3>Exposi\u00e7\u00e3o itinerante e inaugura\u00e7\u00f5es<\/h3>\n<p>Al\u00e9m da assinatura, inaugurou-se a exposi\u00e7\u00e3o itinerante da FPF, que estar\u00e1 em exibi\u00e7\u00e3o durante a pr\u00f3xima semana. Tamb\u00e9m estava prevista a inaugura\u00e7\u00e3o das novas instala\u00e7\u00f5es da FPF no Porto, associada \u00e0s celebra\u00e7\u00f5es dos 112 anos da federa\u00e7\u00e3o.<\/p>\n","protected":false},"excerpt":{"rendered":"<ul>\n<li>A Federa\u00e7\u00e3o Portuguesa de Futebol foi recebida na C\u00e2mara Municipal do Porto, numa cerim\u00f3nia em que foi assinado um protocolo de coopera\u00e7\u00e3o entre a FPF, a Associa\u00e7\u00e3o de Futebol do Porto e a autarquia.<\/li>\n<li>O presidente da AF Porto, Jos\u00e9 Manuel Neves, elogiou o apoio da c\u00e2mara e destacou o Centro de Forma\u00e7\u00e3o da Associa\u00e7\u00e3o de Futebol do Porto.<\/li>\n<li>O presidente da FPF, Pedro Proen\u00e7a, sublinhou que o protocolo refor\u00e7a a descentraliza\u00e7\u00e3o e a estrat\u00e9gia da federa\u00e7\u00e3o.<\/li>\n<li>O presidente da c\u00e2mara do Porto, Pedro Duarte, destacou a import\u00e2ncia do dia para o Porto e para o pa\u00eds, referindo que a FPF se aproxima da cidade e dos clubes, adeptos e restantes agentes.<\/li>\n<li>Al\u00e9m da assinatura, foi inaugurada a exposi\u00e7\u00e3o itinerante da FPF, com inaugura\u00e7\u00e3o das novas instala\u00e7\u00f5es da federa\u00e7\u00e3o no Porto e a comemora\u00e7\u00e3o dos 112 anos da institui\u00e7\u00e3o, a realizar na pr\u00f3xima semana.<\/li>\n<\/ul>\n","protected":false},"author":2,"featured_media":439682,"comment_status":"closed","ping_status":"closed","sticky":false,"template":"","format":"standard","meta":{"footnotes":""},"categories":[21,24],"tags":[1275,152,6708,2705,32,982],"class_list":["post-439680","post","type-post","status-publish","format-standard","has-post-thumbnail","hentry","category-desporto","category-futebol","tag-descentralizacao-territorial","tag-desporto","tag-exposicao","tag-federacao-portuguesa-de-futebol","tag-futebol","tag-porto"],"yoast_head":"<!-- This site is optimized with the Yoast SEO plugin v27.2 - https:\/\/yoast.com\/product\/yoast-seo-wordpress\/ -->\n<title>Proen\u00e7a \u00e9 recebido na C\u00e2mara Municipal do Porto - Portal Tela Portugal<\/title>\n<meta name=\"robots\" content=\"index, follow, max-snippet:-1, max-image-preview:large, max-video-preview:-1\" \/>\n<meta property=\"og:locale\" content=\"pt_PT\" \/>\n<meta property=\"og:type\" content=\"article\" \/>\n<meta property=\"og:title\" content=\"Proen\u00e7a \u00e9 recebido na C\u00e2mara Municipal do Porto - Portal Tela Portugal\" \/>\n<meta property=\"og:description\" content=\"A Federa\u00e7\u00e3o Portuguesa de Futebol foi recebida na C\u00e2mara Municipal do Porto, numa cerim\u00f3nia em que foi assinado um protocolo de coopera\u00e7\u00e3o entre a FPF, a Associa\u00e7\u00e3o de Futebol do Porto e a autarquia. O presidente da AF Porto, Jos\u00e9 Manuel Neves, elogiou o apoio da c\u00e2mara e destacou o Centro de Forma\u00e7\u00e3o da Associa\u00e7\u00e3o de Futebol do Porto. O presidente da FPF, Pedro Proen\u00e7a, sublinhou que o protocolo refor\u00e7a a descentraliza\u00e7\u00e3o e a estrat\u00e9gia da federa\u00e7\u00e3o. O presidente da c\u00e2mara do Porto, Pedro Duarte, destacou a import\u00e2ncia do dia para o Porto e para o pa\u00eds, referindo que a FPF se aproxima da cidade e dos clubes, adeptos e restantes agentes. Al\u00e9m da assinatura, foi inaugurada a exposi\u00e7\u00e3o itinerante da FPF, com inaugura\u00e7\u00e3o das novas instala\u00e7\u00f5es da federa\u00e7\u00e3o no Porto e a comemora\u00e7\u00e3o dos 112 anos da institui\u00e7\u00e3o, a realizar na pr\u00f3xima semana.\" \/>\n<meta property=\"og:url\" content=\"https:\/\/portaltela.pt\/noticias\/2026\/04\/10\/proenca-e-recebido-na-camara-municipal-do-porto\/\" \/>\n<meta property=\"og:site_name\" content=\"Portal Tela Portugal\" \/>\n<meta property=\"article:published_time\" content=\"2026-04-10T17:02:15+00:00\" \/>\n<meta name=\"author\" content=\"Telinha\" \/>\n<meta name=\"twitter:card\" content=\"summary_large_image\" \/>\n<meta name=\"twitter:label1\" content=\"Escrito por\" \/>\n\t<meta name=\"twitter:data1\" content=\"Telinha\" \/>\n\t<meta name=\"twitter:label2\" content=\"Tempo estimado de leitura\" \/>\n\t<meta name=\"twitter:data2\" content=\"1 minuto\" \/>\n<script type=\"application\/ld+json\" class=\"yoast-schema-graph\">{\"@context\":\"https:\/\/schema.org\",\"@graph\":[{\"@type\":\"Article\",\"@id\":\"https:\/\/portaltela.pt\/noticias\/2026\/04\/10\/proenca-e-recebido-na-camara-municipal-do-porto\/#article\",\"isPartOf\":{\"@id\":\"https:\/\/portaltela.pt\/noticias\/2026\/04\/10\/proenca-e-recebido-na-camara-municipal-do-porto\/\"},\"author\":{\"name\":\"Telinha\",\"@id\":\"https:\/\/portaltela.pt\/#\/schema\/person\/c4278d4a6028830caff9ee44b42d32ed\"},\"headline\":\"Proen\u00e7a \u00e9 recebido na C\u00e2mara Municipal do Porto\",\"datePublished\":\"2026-04-10T17:02:15+00:00\",\"mainEntityOfPage\":{\"@id\":\"https:\/\/portaltela.pt\/noticias\/2026\/04\/10\/proenca-e-recebido-na-camara-municipal-do-porto\/\"},\"wordCount\":259,\"image\":{\"@id\":\"https:\/\/portaltela.pt\/noticias\/2026\/04\/10\/proenca-e-recebido-na-camara-municipal-do-porto\/#primaryimage\"},\"thumbnailUrl\":\"https:\/\/portaltela.pt\/s.01k8rhncp4jt1\/2026\/04\/3d629184-4c4a-47ec-ac89-8a87074557ee_1200x675.jpg\",\"keywords\":[\"descentraliza\u00e7\u00e3o territorial\",\"desporto\",\"exposi\u00e7\u00e3o\",\"Federa\u00e7\u00e3o Portuguesa de Futebol\",\"futebol\",\"Porto\"],\"articleSection\":[\"Desporto\",\"Futebol\"],\"inLanguage\":\"pt-PT\"},{\"@type\":\"WebPage\",\"@id\":\"https:\/\/portaltela.pt\/noticias\/2026\/04\/10\/proenca-e-recebido-na-camara-municipal-do-porto\/\",\"url\":\"https:\/\/portaltela.pt\/noticias\/2026\/04\/10\/proenca-e-recebido-na-camara-municipal-do-porto\/\",\"name\":\"Proen\u00e7a \u00e9 recebido na C\u00e2mara Municipal do Porto - Portal Tela Portugal\",\"isPartOf\":{\"@id\":\"https:\/\/portaltela.pt\/#website\"},\"primaryImageOfPage\":{\"@id\":\"https:\/\/portaltela.pt\/noticias\/2026\/04\/10\/proenca-e-recebido-na-camara-municipal-do-porto\/#primaryimage\"},\"image\":{\"@id\":\"https:\/\/portaltela.pt\/noticias\/2026\/04\/10\/proenca-e-recebido-na-camara-municipal-do-porto\/#primaryimage\"},\"thumbnailUrl\":\"https:\/\/portaltela.pt\/s.01k8rhncp4jt1\/2026\/04\/3d629184-4c4a-47ec-ac89-8a87074557ee_1200x675.jpg\",\"datePublished\":\"2026-04-10T17:02:15+00:00\",\"author\":{\"@id\":\"https:\/\/portaltela.pt\/#\/schema\/person\/c4278d4a6028830caff9ee44b42d32ed\"},\"breadcrumb\":{\"@id\":\"https:\/\/portaltela.pt\/noticias\/2026\/04\/10\/proenca-e-recebido-na-camara-municipal-do-porto\/#breadcrumb\"},\"inLanguage\":\"pt-PT\",\"potentialAction\":[{\"@type\":\"ReadAction\",\"target\":[\"https:\/\/portaltela.pt\/noticias\/2026\/04\/10\/proenca-e-recebido-na-camara-municipal-do-porto\/\"]}]},{\"@type\":\"ImageObject\",\"inLanguage\":\"pt-PT\",\"@id\":\"https:\/\/portaltela.pt\/noticias\/2026\/04\/10\/proenca-e-recebido-na-camara-municipal-do-porto\/#primaryimage\",\"url\":\"https:\/\/portaltela.pt\/s.01k8rhncp4jt1\/2026\/04\/3d629184-4c4a-47ec-ac89-8a87074557ee_1200x675.jpg\",\"contentUrl\":\"https:\/\/portaltela.pt\/s.01k8rhncp4jt1\/2026\/04\/3d629184-4c4a-47ec-ac89-8a87074557ee_1200x675.jpg\",\"width\":796,\"height\":448,\"caption\":\"Presidentes reunidos\"},{\"@type\":\"BreadcrumbList\",\"@id\":\"https:\/\/portaltela.pt\/noticias\/2026\/04\/10\/proenca-e-recebido-na-camara-municipal-do-porto\/#breadcrumb\",\"itemListElement\":[{\"@type\":\"ListItem\",\"position\":1,\"name\":\"In\u00edcio\",\"item\":\"https:\/\/portaltela.pt\/\"},{\"@type\":\"ListItem\",\"position\":2,\"name\":\"Proen\u00e7a \u00e9 recebido na C\u00e2mara Municipal do Porto\"}]},{\"@type\":\"WebSite\",\"@id\":\"https:\/\/portaltela.pt\/#website\",\"url\":\"https:\/\/portaltela.pt\/\",\"name\":\"Portal Tela Portugal\",\"description\":\"\",\"potentialAction\":[{\"@type\":\"SearchAction\",\"target\":{\"@type\":\"EntryPoint\",\"urlTemplate\":\"https:\/\/portaltela.pt\/?s={search_term_string}\"},\"query-input\":{\"@type\":\"PropertyValueSpecification\",\"valueRequired\":true,\"valueName\":\"search_term_string\"}}],\"inLanguage\":\"pt-PT\"},{\"@type\":\"Person\",\"@id\":\"https:\/\/portaltela.pt\/#\/schema\/person\/c4278d4a6028830caff9ee44b42d32ed\",\"name\":\"Telinha\",\"image\":{\"@type\":\"ImageObject\",\"inLanguage\":\"pt-PT\",\"@id\":\"https:\/\/portaltela.pt\/s.01k8rhncp4jt1\/2025\/11\/talking-bot-125x125.png\",\"url\":\"https:\/\/portaltela.pt\/s.01k8rhncp4jt1\/2025\/11\/talking-bot-125x125.png\",\"contentUrl\":\"https:\/\/portaltela.pt\/s.01k8rhncp4jt1\/2025\/11\/talking-bot-125x125.png\",\"caption\":\"Telinha\"},\"sameAs\":[\"https:\/\/portaltela.pt\/\"],\"url\":\"https:\/\/portaltela.pt\/por\/367410592786\/\"}]}<\/script>\n<!-- \/ Yoast SEO plugin. -->","yoast_head_json":{"title":"Proen\u00e7a \u00e9 recebido na C\u00e2mara Municipal do Porto - Portal Tela Portugal","robots":{"index":"index","follow":"follow","max-snippet":"max-snippet:-1","max-image-preview":"max-image-preview:large","max-video-preview":"max-video-preview:-1"},"og_locale":"pt_PT","og_type":"article","og_title":"Proen\u00e7a \u00e9 recebido na C\u00e2mara Municipal do Porto - Portal Tela Portugal","og_description":"A Federa\u00e7\u00e3o Portuguesa de Futebol foi recebida na C\u00e2mara Municipal do Porto, numa cerim\u00f3nia em que foi assinado um protocolo de coopera\u00e7\u00e3o entre a FPF, a Associa\u00e7\u00e3o de Futebol do Porto e a autarquia. O presidente da AF Porto, Jos\u00e9 Manuel Neves, elogiou o apoio da c\u00e2mara e destacou o Centro de Forma\u00e7\u00e3o da Associa\u00e7\u00e3o de Futebol do Porto. O presidente da FPF, Pedro Proen\u00e7a, sublinhou que o protocolo refor\u00e7a a descentraliza\u00e7\u00e3o e a estrat\u00e9gia da federa\u00e7\u00e3o. O presidente da c\u00e2mara do Porto, Pedro Duarte, destacou a import\u00e2ncia do dia para o Porto e para o pa\u00eds, referindo que a FPF se aproxima da cidade e dos clubes, adeptos e restantes agentes. Al\u00e9m da assinatura, foi inaugurada a exposi\u00e7\u00e3o itinerante da FPF, com inaugura\u00e7\u00e3o das novas instala\u00e7\u00f5es da federa\u00e7\u00e3o no Porto e a comemora\u00e7\u00e3o dos 112 anos da institui\u00e7\u00e3o, a realizar na pr\u00f3xima semana.","og_url":"https:\/\/portaltela.pt\/noticias\/2026\/04\/10\/proenca-e-recebido-na-camara-municipal-do-porto\/","og_site_name":"Portal Tela Portugal","article_published_time":"2026-04-10T17:02:15+00:00","author":"Telinha","twitter_card":"summary_large_image","twitter_misc":{"Escrito por":"Telinha","Tempo estimado de leitura":"1 minuto"},"schema":{"@context":"https:\/\/schema.org","@graph":[{"@type":"Article","@id":"https:\/\/portaltela.pt\/noticias\/2026\/04\/10\/proenca-e-recebido-na-camara-municipal-do-porto\/#article","isPartOf":{"@id":"https:\/\/portaltela.pt\/noticias\/2026\/04\/10\/proenca-e-recebido-na-camara-municipal-do-porto\/"},"author":{"name":"Telinha","@id":"https:\/\/portaltela.pt\/#\/schema\/person\/c4278d4a6028830caff9ee44b42d32ed"},"headline":"Proen\u00e7a \u00e9 recebido na C\u00e2mara Municipal do Porto","datePublished":"2026-04-10T17:02:15+00:00","mainEntityOfPage":{"@id":"https:\/\/portaltela.pt\/noticias\/2026\/04\/10\/proenca-e-recebido-na-camara-municipal-do-porto\/"},"wordCount":259,"image":{"@id":"https:\/\/portaltela.pt\/noticias\/2026\/04\/10\/proenca-e-recebido-na-camara-municipal-do-porto\/#primaryimage"},"thumbnailUrl":"https:\/\/portaltela.pt\/s.01k8rhncp4jt1\/2026\/04\/3d629184-4c4a-47ec-ac89-8a87074557ee_1200x675.jpg","keywords":["descentraliza\u00e7\u00e3o territorial","desporto","exposi\u00e7\u00e3o","Federa\u00e7\u00e3o Portuguesa de Futebol","futebol","Porto"],"articleSection":["Desporto","Futebol"],"inLanguage":"pt-PT"},{"@type":"WebPage","@id":"https:\/\/portaltela.pt\/noticias\/2026\/04\/10\/proenca-e-recebido-na-camara-municipal-do-porto\/","url":"https:\/\/portaltela.pt\/noticias\/2026\/04\/10\/proenca-e-recebido-na-camara-municipal-do-porto\/","name":"Proen\u00e7a \u00e9 recebido na C\u00e2mara Municipal do Porto - Portal Tela Portugal","isPartOf":{"@id":"https:\/\/portaltela.pt\/#website"},"primaryImageOfPage":{"@id":"https:\/\/portaltela.pt\/noticias\/2026\/04\/10\/proenca-e-recebido-na-camara-municipal-do-porto\/#primaryimage"},"image":{"@id":"https:\/\/portaltela.pt\/noticias\/2026\/04\/10\/proenca-e-recebido-na-camara-municipal-do-porto\/#primaryimage"},"thumbnailUrl":"https:\/\/portaltela.pt\/s.01k8rhncp4jt1\/2026\/04\/3d629184-4c4a-47ec-ac89-8a87074557ee_1200x675.jpg","datePublished":"2026-04-10T17:02:15+00:00","author":{"@id":"https:\/\/portaltela.pt\/#\/schema\/person\/c4278d4a6028830caff9ee44b42d32ed"},"breadcrumb":{"@id":"https:\/\/portaltela.pt\/noticias\/2026\/04\/10\/proenca-e-recebido-na-camara-municipal-do-porto\/#breadcrumb"},"inLanguage":"pt-PT","potentialAction":[{"@type":"ReadAction","target":["https:\/\/portaltela.pt\/noticias\/2026\/04\/10\/proenca-e-recebido-na-camara-municipal-do-porto\/"]}]},{"@type":"ImageObject","inLanguage":"pt-PT","@id":"https:\/\/portaltela.pt\/noticias\/2026\/04\/10\/proenca-e-recebido-na-camara-municipal-do-porto\/#primaryimage","url":"https:\/\/portaltela.pt\/s.01k8rhncp4jt1\/2026\/04\/3d629184-4c4a-47ec-ac89-8a87074557ee_1200x675.jpg","contentUrl":"https:\/\/portaltela.pt\/s.01k8rhncp4jt1\/2026\/04\/3d629184-4c4a-47ec-ac89-8a87074557ee_1200x675.jpg","width":796,"height":448,"caption":"Presidentes reunidos"},{"@type":"BreadcrumbList","@id":"https:\/\/portaltela.pt\/noticias\/2026\/04\/10\/proenca-e-recebido-na-camara-municipal-do-porto\/#breadcrumb","itemListElement":[{"@type":"ListItem","position":1,"name":"In\u00edcio","item":"https:\/\/portaltela.pt\/"},{"@type":"ListItem","position":2,"name":"Proen\u00e7a \u00e9 recebido na C\u00e2mara Municipal do Porto"}]},{"@type":"WebSite","@id":"https:\/\/portaltela.pt\/#website","url":"https:\/\/portaltela.pt\/","name":"Portal Tela Portugal","description":"","potentialAction":[{"@type":"SearchAction","target":{"@type":"EntryPoint","urlTemplate":"https:\/\/portaltela.pt\/?s={search_term_string}"},"query-input":{"@type":"PropertyValueSpecification","valueRequired":true,"valueName":"search_term_string"}}],"inLanguage":"pt-PT"},{"@type":"Person","@id":"https:\/\/portaltela.pt\/#\/schema\/person\/c4278d4a6028830caff9ee44b42d32ed","name":"Telinha","image":{"@type":"ImageObject","inLanguage":"pt-PT","@id":"https:\/\/portaltela.pt\/s.01k8rhncp4jt1\/2025\/11\/talking-bot-125x125.png","url":"https:\/\/portaltela.pt\/s.01k8rhncp4jt1\/2025\/11\/talking-bot-125x125.png","contentUrl":"https:\/\/portaltela.pt\/s.01k8rhncp4jt1\/2025\/11\/talking-bot-125x125.png","caption":"Telinha"},"sameAs":["https:\/\/portaltela.pt\/"],"url":"https:\/\/portaltela.pt\/por\/367410592786\/"}]}},"_links":{"self":[{"href":"https:\/\/portaltela.pt\/api\/wp\/v2\/posts\/439680","targetHints":{"allow":["GET"]}}],"collection":[{"href":"https:\/\/portaltela.pt\/api\/wp\/v2\/posts"}],"about":[{"href":"https:\/\/portaltela.pt\/api\/wp\/v2\/types\/post"}],"author":[{"embeddable":true,"href":"https:\/\/portaltela.pt\/api\/wp\/v2\/users\/2"}],"replies":[{"embeddable":true,"href":"https:\/\/portaltela.pt\/api\/wp\/v2\/comments?post=439680"}],"version-history":[{"count":0,"href":"https:\/\/portaltela.pt\/api\/wp\/v2\/posts\/439680\/revisions"}],"wp:featuredmedia":[{"embeddable":true,"href":"https:\/\/portaltela.pt\/api\/wp\/v2\/media\/439682"}],"wp:attachment":[{"href":"https:\/\/portaltela.pt\/api\/wp\/v2\/media?parent=439680"}],"wp:term":[{"taxonomy":"category","embeddable":true,"href":"https:\/\/portaltela.pt\/api\/wp\/v2\/categories?post=439680"},{"taxonomy":"post_tag","embeddable":true,"href":"https:\/\/portaltela.pt\/api\/wp\/v2\/tags?post=439680"}],"curies":[{"name":"wp","href":"https:\/\/api.w.org\/{rel}","templated":true}]}}