{"id":439678,"date":"2026-04-10T13:47:39","date_gmt":"2026-04-10T16:47:39","guid":{"rendered":"https:\/\/portaltela.pt\/noticias\/2026\/04\/10\/fpb-e-cm-albufeira-doam-4-198-euros-ao-agrupamento-1389-s-jose-ferreiras\/"},"modified":"2026-04-10T13:47:39","modified_gmt":"2026-04-10T16:47:39","slug":"fpb-e-cm-albufeira-doam-4-198-euros-ao-agrupamento-1389-s-jose-ferreiras","status":"publish","type":"post","link":"https:\/\/portaltela.pt\/desporto\/futebol\/2026\/04\/10\/fpb-e-cm-albufeira-doam-4-198-euros-ao-agrupamento-1389-s-jose-ferreiras\/","title":{"rendered":"FPB e CM Albufeira doam 4.198 euros ao Agrupamento 1389 S. Jos\u00e9-Ferreiras"},"content":{"rendered":"<p>A FPB, em parceria com a C\u00e2mara Municipal de Albufira, entregou um donativo de 4.198 euros ao Agrupamento de Escutas 1389 S. Jos\u00e9 &#8211; Ferreiras. O montante \u00e9 o mais elevado desde a cria\u00e7\u00e3o da iniciativa. A cerim\u00f3nia decorreu na manh\u00e3 de hoje, na sede do agrupamento, em Ferreiras, Albufeira.<\/p>\n<p>A cerim\u00f3nia contou com a presen\u00e7a de Manuel Fernandes, presidente da FPB, e de Rui Cristina, presidente da C\u00e2mara Municipal de Albufeira. O evento recebeu o apoio de treinadores, pais e dirigentes ligados \u00e0 Festa do Basquetebol Juvenil.<\/p>\n<h3>Valores e impacto<\/h3>\n<p>Fernandes afirmou que o objetivo \u00e9 que o basquetebol seja tamb\u00e9m uma escola de valores, com participa\u00e7\u00e3o de atletas e familiares que contribu\u00edram, inclusive al\u00e9m do valor-base. O donativo refor\u00e7a o servi\u00e7o \u00e0 comunidade e a forma\u00e7\u00e3o c\u00edvica dos jovens.<\/p>\n<p>Rui Cristina destacou o papel da Festa do Basquetebol na cidade, que este ano \u00e9 Capital Europeia do Desporto. O autarca sublinhou que o evento promove inclus\u00e3o, educa\u00e7\u00e3o e juventude, para al\u00e9m do desporto em si.<\/p>\n","protected":false},"excerpt":{"rendered":"<ul>\n<li>A FPB e a C\u00e2mara Municipal de Albufeira ofereceram 4.198 euros ao Agrupamento de Escutas 1389 S. Jos\u00e9 &#8211; Ferreiras, o valor mais alto j\u00e1 atribu\u00eddo desde o in\u00edcio da iniciativa.<\/li>\n<li>A cerim\u00f3nia ocorreu na manh\u00e3 de sexta-feira, na sede do agrupamento, em Ferreiras, com a presen\u00e7a de Manuel Fernandes e Rui Cristina.<\/li>\n<li>Manuel Fernandes destacou que a Festa do Basquetebol visa valores como servi\u00e7o \u00e0 comunidade, entreajuda e cidadania, para al\u00e9m do desporto.<\/li>\n<li>Rui Cristina, presidente da C\u00e2mara de Albufeira, sublinhou que, sendo Capital Europeia do Desporto, o evento promove inclus\u00e3o, educa\u00e7\u00e3o, juventude e solidariedade.<\/li>\n<li>A doa\u00e7\u00e3o pretende evidenciar o contributo do basquetebol para a comunidade e reconhecer o trabalho do agrupamento junto dos jovens.<\/li>\n<\/ul>\n","protected":false},"author":2,"featured_media":439679,"comment_status":"closed","ping_status":"closed","sticky":false,"template":"","format":"standard","meta":{"footnotes":""},"categories":[21,24],"tags":[6115,7795,1084,1202,7532,152],"class_list":["post-439678","post","type-post","status-publish","format-standard","has-post-thumbnail","hentry","category-desporto","category-futebol","tag-_economia","tag-_educacao","tag-acao-social","tag-albufeira","tag-capital-europeia-do-desporto-2026","tag-desporto"],"yoast_head":"<!-- This site is optimized with the Yoast SEO plugin v27.2 - https:\/\/yoast.com\/product\/yoast-seo-wordpress\/ -->\n<title>FPB e CM Albufeira doam 4.198 euros ao Agrupamento 1389 S. Jos\u00e9-Ferreiras - Portal Tela Portugal<\/title>\n<meta name=\"robots\" content=\"index, follow, max-snippet:-1, max-image-preview:large, max-video-preview:-1\" \/>\n<meta property=\"og:locale\" content=\"pt_PT\" \/>\n<meta property=\"og:type\" content=\"article\" \/>\n<meta property=\"og:title\" content=\"FPB e CM Albufeira doam 4.198 euros ao Agrupamento 1389 S. Jos\u00e9-Ferreiras - Portal Tela Portugal\" \/>\n<meta property=\"og:description\" content=\"A FPB e a C\u00e2mara Municipal de Albufeira ofereceram 4.198 euros ao Agrupamento de Escutas 1389 S. Jos\u00e9 - Ferreiras, o valor mais alto j\u00e1 atribu\u00eddo desde o in\u00edcio da iniciativa. A cerim\u00f3nia ocorreu na manh\u00e3 de sexta-feira, na sede do agrupamento, em Ferreiras, com a presen\u00e7a de Manuel Fernandes e Rui Cristina. Manuel Fernandes destacou que a Festa do Basquetebol visa valores como servi\u00e7o \u00e0 comunidade, entreajuda e cidadania, para al\u00e9m do desporto. Rui Cristina, presidente da C\u00e2mara de Albufeira, sublinhou que, sendo Capital Europeia do Desporto, o evento promove inclus\u00e3o, educa\u00e7\u00e3o, juventude e solidariedade. A doa\u00e7\u00e3o pretende evidenciar o contributo do basquetebol para a comunidade e reconhecer o trabalho do agrupamento junto dos jovens.\" \/>\n<meta property=\"og:url\" content=\"https:\/\/portaltela.pt\/noticias\/2026\/04\/10\/fpb-e-cm-albufeira-doam-4-198-euros-ao-agrupamento-1389-s-jose-ferreiras\/\" \/>\n<meta property=\"og:site_name\" content=\"Portal Tela Portugal\" \/>\n<meta property=\"article:published_time\" content=\"2026-04-10T16:47:39+00:00\" \/>\n<meta name=\"author\" content=\"Telinha\" \/>\n<meta name=\"twitter:card\" content=\"summary_large_image\" \/>\n<meta name=\"twitter:label1\" content=\"Escrito por\" \/>\n\t<meta name=\"twitter:data1\" content=\"Telinha\" \/>\n\t<meta name=\"twitter:label2\" content=\"Tempo estimado de leitura\" \/>\n\t<meta name=\"twitter:data2\" content=\"1 minuto\" \/>\n<script type=\"application\/ld+json\" class=\"yoast-schema-graph\">{\"@context\":\"https:\/\/schema.org\",\"@graph\":[{\"@type\":\"Article\",\"@id\":\"https:\/\/portaltela.pt\/noticias\/2026\/04\/10\/fpb-e-cm-albufeira-doam-4-198-euros-ao-agrupamento-1389-s-jose-ferreiras\/#article\",\"isPartOf\":{\"@id\":\"https:\/\/portaltela.pt\/noticias\/2026\/04\/10\/fpb-e-cm-albufeira-doam-4-198-euros-ao-agrupamento-1389-s-jose-ferreiras\/\"},\"author\":{\"name\":\"Telinha\",\"@id\":\"https:\/\/portaltela.pt\/#\/schema\/person\/c4278d4a6028830caff9ee44b42d32ed\"},\"headline\":\"FPB e CM Albufeira doam 4.198 euros ao Agrupamento 1389 S. Jos\u00e9-Ferreiras\",\"datePublished\":\"2026-04-10T16:47:39+00:00\",\"mainEntityOfPage\":{\"@id\":\"https:\/\/portaltela.pt\/noticias\/2026\/04\/10\/fpb-e-cm-albufeira-doam-4-198-euros-ao-agrupamento-1389-s-jose-ferreiras\/\"},\"wordCount\":188,\"image\":{\"@id\":\"https:\/\/portaltela.pt\/noticias\/2026\/04\/10\/fpb-e-cm-albufeira-doam-4-198-euros-ao-agrupamento-1389-s-jose-ferreiras\/#primaryimage\"},\"thumbnailUrl\":\"https:\/\/portaltela.pt\/s.01k8rhncp4jt1\/2026\/04\/img_1200x721uu2026-04-10-16-55-04-2432209.jpg\",\"keywords\":[\"_economia\",\"_educa\u00e7\u00e3o\",\"A\u00e7\u00e3o Social\",\"Albufeira\",\"Capital Europeia do Desporto 2026\",\"desporto\"],\"articleSection\":[\"Desporto\",\"Futebol\"],\"inLanguage\":\"pt-PT\"},{\"@type\":\"WebPage\",\"@id\":\"https:\/\/portaltela.pt\/noticias\/2026\/04\/10\/fpb-e-cm-albufeira-doam-4-198-euros-ao-agrupamento-1389-s-jose-ferreiras\/\",\"url\":\"https:\/\/portaltela.pt\/noticias\/2026\/04\/10\/fpb-e-cm-albufeira-doam-4-198-euros-ao-agrupamento-1389-s-jose-ferreiras\/\",\"name\":\"FPB e CM Albufeira doam 4.198 euros ao Agrupamento 1389 S. Jos\u00e9-Ferreiras - Portal Tela Portugal\",\"isPartOf\":{\"@id\":\"https:\/\/portaltela.pt\/#website\"},\"primaryImageOfPage\":{\"@id\":\"https:\/\/portaltela.pt\/noticias\/2026\/04\/10\/fpb-e-cm-albufeira-doam-4-198-euros-ao-agrupamento-1389-s-jose-ferreiras\/#primaryimage\"},\"image\":{\"@id\":\"https:\/\/portaltela.pt\/noticias\/2026\/04\/10\/fpb-e-cm-albufeira-doam-4-198-euros-ao-agrupamento-1389-s-jose-ferreiras\/#primaryimage\"},\"thumbnailUrl\":\"https:\/\/portaltela.pt\/s.01k8rhncp4jt1\/2026\/04\/img_1200x721uu2026-04-10-16-55-04-2432209.jpg\",\"datePublished\":\"2026-04-10T16:47:39+00:00\",\"author\":{\"@id\":\"https:\/\/portaltela.pt\/#\/schema\/person\/c4278d4a6028830caff9ee44b42d32ed\"},\"breadcrumb\":{\"@id\":\"https:\/\/portaltela.pt\/noticias\/2026\/04\/10\/fpb-e-cm-albufeira-doam-4-198-euros-ao-agrupamento-1389-s-jose-ferreiras\/#breadcrumb\"},\"inLanguage\":\"pt-PT\",\"potentialAction\":[{\"@type\":\"ReadAction\",\"target\":[\"https:\/\/portaltela.pt\/noticias\/2026\/04\/10\/fpb-e-cm-albufeira-doam-4-198-euros-ao-agrupamento-1389-s-jose-ferreiras\/\"]}]},{\"@type\":\"ImageObject\",\"inLanguage\":\"pt-PT\",\"@id\":\"https:\/\/portaltela.pt\/noticias\/2026\/04\/10\/fpb-e-cm-albufeira-doam-4-198-euros-ao-agrupamento-1389-s-jose-ferreiras\/#primaryimage\",\"url\":\"https:\/\/portaltela.pt\/s.01k8rhncp4jt1\/2026\/04\/img_1200x721uu2026-04-10-16-55-04-2432209.jpg\",\"contentUrl\":\"https:\/\/portaltela.pt\/s.01k8rhncp4jt1\/2026\/04\/img_1200x721uu2026-04-10-16-55-04-2432209.jpg\",\"width\":1200,\"height\":721,\"caption\":\"Manuel Fernandes e Rui Cristina entregam cheque solid\u00e1rio ao Agrupamento de Escutas 1389 S. Jos\u00e9 - Ferreiras\"},{\"@type\":\"BreadcrumbList\",\"@id\":\"https:\/\/portaltela.pt\/noticias\/2026\/04\/10\/fpb-e-cm-albufeira-doam-4-198-euros-ao-agrupamento-1389-s-jose-ferreiras\/#breadcrumb\",\"itemListElement\":[{\"@type\":\"ListItem\",\"position\":1,\"name\":\"In\u00edcio\",\"item\":\"https:\/\/portaltela.pt\/\"},{\"@type\":\"ListItem\",\"position\":2,\"name\":\"FPB e CM Albufeira doam 4.198 euros ao Agrupamento 1389 S. Jos\u00e9-Ferreiras\"}]},{\"@type\":\"WebSite\",\"@id\":\"https:\/\/portaltela.pt\/#website\",\"url\":\"https:\/\/portaltela.pt\/\",\"name\":\"Portal Tela Portugal\",\"description\":\"\",\"potentialAction\":[{\"@type\":\"SearchAction\",\"target\":{\"@type\":\"EntryPoint\",\"urlTemplate\":\"https:\/\/portaltela.pt\/?s={search_term_string}\"},\"query-input\":{\"@type\":\"PropertyValueSpecification\",\"valueRequired\":true,\"valueName\":\"search_term_string\"}}],\"inLanguage\":\"pt-PT\"},{\"@type\":\"Person\",\"@id\":\"https:\/\/portaltela.pt\/#\/schema\/person\/c4278d4a6028830caff9ee44b42d32ed\",\"name\":\"Telinha\",\"image\":{\"@type\":\"ImageObject\",\"inLanguage\":\"pt-PT\",\"@id\":\"https:\/\/portaltela.pt\/s.01k8rhncp4jt1\/2025\/11\/talking-bot-125x125.png\",\"url\":\"https:\/\/portaltela.pt\/s.01k8rhncp4jt1\/2025\/11\/talking-bot-125x125.png\",\"contentUrl\":\"https:\/\/portaltela.pt\/s.01k8rhncp4jt1\/2025\/11\/talking-bot-125x125.png\",\"caption\":\"Telinha\"},\"sameAs\":[\"https:\/\/portaltela.pt\/\"],\"url\":\"https:\/\/portaltela.pt\/por\/367410592786\/\"}]}<\/script>\n<!-- \/ Yoast SEO plugin. -->","yoast_head_json":{"title":"FPB e CM Albufeira doam 4.198 euros ao Agrupamento 1389 S. Jos\u00e9-Ferreiras - Portal Tela Portugal","robots":{"index":"index","follow":"follow","max-snippet":"max-snippet:-1","max-image-preview":"max-image-preview:large","max-video-preview":"max-video-preview:-1"},"og_locale":"pt_PT","og_type":"article","og_title":"FPB e CM Albufeira doam 4.198 euros ao Agrupamento 1389 S. Jos\u00e9-Ferreiras - Portal Tela Portugal","og_description":"A FPB e a C\u00e2mara Municipal de Albufeira ofereceram 4.198 euros ao Agrupamento de Escutas 1389 S. Jos\u00e9 - Ferreiras, o valor mais alto j\u00e1 atribu\u00eddo desde o in\u00edcio da iniciativa. A cerim\u00f3nia ocorreu na manh\u00e3 de sexta-feira, na sede do agrupamento, em Ferreiras, com a presen\u00e7a de Manuel Fernandes e Rui Cristina. Manuel Fernandes destacou que a Festa do Basquetebol visa valores como servi\u00e7o \u00e0 comunidade, entreajuda e cidadania, para al\u00e9m do desporto. Rui Cristina, presidente da C\u00e2mara de Albufeira, sublinhou que, sendo Capital Europeia do Desporto, o evento promove inclus\u00e3o, educa\u00e7\u00e3o, juventude e solidariedade. A doa\u00e7\u00e3o pretende evidenciar o contributo do basquetebol para a comunidade e reconhecer o trabalho do agrupamento junto dos jovens.","og_url":"https:\/\/portaltela.pt\/noticias\/2026\/04\/10\/fpb-e-cm-albufeira-doam-4-198-euros-ao-agrupamento-1389-s-jose-ferreiras\/","og_site_name":"Portal Tela Portugal","article_published_time":"2026-04-10T16:47:39+00:00","author":"Telinha","twitter_card":"summary_large_image","twitter_misc":{"Escrito por":"Telinha","Tempo estimado de leitura":"1 minuto"},"schema":{"@context":"https:\/\/schema.org","@graph":[{"@type":"Article","@id":"https:\/\/portaltela.pt\/noticias\/2026\/04\/10\/fpb-e-cm-albufeira-doam-4-198-euros-ao-agrupamento-1389-s-jose-ferreiras\/#article","isPartOf":{"@id":"https:\/\/portaltela.pt\/noticias\/2026\/04\/10\/fpb-e-cm-albufeira-doam-4-198-euros-ao-agrupamento-1389-s-jose-ferreiras\/"},"author":{"name":"Telinha","@id":"https:\/\/portaltela.pt\/#\/schema\/person\/c4278d4a6028830caff9ee44b42d32ed"},"headline":"FPB e CM Albufeira doam 4.198 euros ao Agrupamento 1389 S. Jos\u00e9-Ferreiras","datePublished":"2026-04-10T16:47:39+00:00","mainEntityOfPage":{"@id":"https:\/\/portaltela.pt\/noticias\/2026\/04\/10\/fpb-e-cm-albufeira-doam-4-198-euros-ao-agrupamento-1389-s-jose-ferreiras\/"},"wordCount":188,"image":{"@id":"https:\/\/portaltela.pt\/noticias\/2026\/04\/10\/fpb-e-cm-albufeira-doam-4-198-euros-ao-agrupamento-1389-s-jose-ferreiras\/#primaryimage"},"thumbnailUrl":"https:\/\/portaltela.pt\/s.01k8rhncp4jt1\/2026\/04\/img_1200x721uu2026-04-10-16-55-04-2432209.jpg","keywords":["_economia","_educa\u00e7\u00e3o","A\u00e7\u00e3o Social","Albufeira","Capital Europeia do Desporto 2026","desporto"],"articleSection":["Desporto","Futebol"],"inLanguage":"pt-PT"},{"@type":"WebPage","@id":"https:\/\/portaltela.pt\/noticias\/2026\/04\/10\/fpb-e-cm-albufeira-doam-4-198-euros-ao-agrupamento-1389-s-jose-ferreiras\/","url":"https:\/\/portaltela.pt\/noticias\/2026\/04\/10\/fpb-e-cm-albufeira-doam-4-198-euros-ao-agrupamento-1389-s-jose-ferreiras\/","name":"FPB e CM Albufeira doam 4.198 euros ao Agrupamento 1389 S. Jos\u00e9-Ferreiras - Portal Tela Portugal","isPartOf":{"@id":"https:\/\/portaltela.pt\/#website"},"primaryImageOfPage":{"@id":"https:\/\/portaltela.pt\/noticias\/2026\/04\/10\/fpb-e-cm-albufeira-doam-4-198-euros-ao-agrupamento-1389-s-jose-ferreiras\/#primaryimage"},"image":{"@id":"https:\/\/portaltela.pt\/noticias\/2026\/04\/10\/fpb-e-cm-albufeira-doam-4-198-euros-ao-agrupamento-1389-s-jose-ferreiras\/#primaryimage"},"thumbnailUrl":"https:\/\/portaltela.pt\/s.01k8rhncp4jt1\/2026\/04\/img_1200x721uu2026-04-10-16-55-04-2432209.jpg","datePublished":"2026-04-10T16:47:39+00:00","author":{"@id":"https:\/\/portaltela.pt\/#\/schema\/person\/c4278d4a6028830caff9ee44b42d32ed"},"breadcrumb":{"@id":"https:\/\/portaltela.pt\/noticias\/2026\/04\/10\/fpb-e-cm-albufeira-doam-4-198-euros-ao-agrupamento-1389-s-jose-ferreiras\/#breadcrumb"},"inLanguage":"pt-PT","potentialAction":[{"@type":"ReadAction","target":["https:\/\/portaltela.pt\/noticias\/2026\/04\/10\/fpb-e-cm-albufeira-doam-4-198-euros-ao-agrupamento-1389-s-jose-ferreiras\/"]}]},{"@type":"ImageObject","inLanguage":"pt-PT","@id":"https:\/\/portaltela.pt\/noticias\/2026\/04\/10\/fpb-e-cm-albufeira-doam-4-198-euros-ao-agrupamento-1389-s-jose-ferreiras\/#primaryimage","url":"https:\/\/portaltela.pt\/s.01k8rhncp4jt1\/2026\/04\/img_1200x721uu2026-04-10-16-55-04-2432209.jpg","contentUrl":"https:\/\/portaltela.pt\/s.01k8rhncp4jt1\/2026\/04\/img_1200x721uu2026-04-10-16-55-04-2432209.jpg","width":1200,"height":721,"caption":"Manuel Fernandes e Rui Cristina entregam cheque solid\u00e1rio ao Agrupamento de Escutas 1389 S. Jos\u00e9 - Ferreiras"},{"@type":"BreadcrumbList","@id":"https:\/\/portaltela.pt\/noticias\/2026\/04\/10\/fpb-e-cm-albufeira-doam-4-198-euros-ao-agrupamento-1389-s-jose-ferreiras\/#breadcrumb","itemListElement":[{"@type":"ListItem","position":1,"name":"In\u00edcio","item":"https:\/\/portaltela.pt\/"},{"@type":"ListItem","position":2,"name":"FPB e CM Albufeira doam 4.198 euros ao Agrupamento 1389 S. Jos\u00e9-Ferreiras"}]},{"@type":"WebSite","@id":"https:\/\/portaltela.pt\/#website","url":"https:\/\/portaltela.pt\/","name":"Portal Tela Portugal","description":"","potentialAction":[{"@type":"SearchAction","target":{"@type":"EntryPoint","urlTemplate":"https:\/\/portaltela.pt\/?s={search_term_string}"},"query-input":{"@type":"PropertyValueSpecification","valueRequired":true,"valueName":"search_term_string"}}],"inLanguage":"pt-PT"},{"@type":"Person","@id":"https:\/\/portaltela.pt\/#\/schema\/person\/c4278d4a6028830caff9ee44b42d32ed","name":"Telinha","image":{"@type":"ImageObject","inLanguage":"pt-PT","@id":"https:\/\/portaltela.pt\/s.01k8rhncp4jt1\/2025\/11\/talking-bot-125x125.png","url":"https:\/\/portaltela.pt\/s.01k8rhncp4jt1\/2025\/11\/talking-bot-125x125.png","contentUrl":"https:\/\/portaltela.pt\/s.01k8rhncp4jt1\/2025\/11\/talking-bot-125x125.png","caption":"Telinha"},"sameAs":["https:\/\/portaltela.pt\/"],"url":"https:\/\/portaltela.pt\/por\/367410592786\/"}]}},"_links":{"self":[{"href":"https:\/\/portaltela.pt\/api\/wp\/v2\/posts\/439678","targetHints":{"allow":["GET"]}}],"collection":[{"href":"https:\/\/portaltela.pt\/api\/wp\/v2\/posts"}],"about":[{"href":"https:\/\/portaltela.pt\/api\/wp\/v2\/types\/post"}],"author":[{"embeddable":true,"href":"https:\/\/portaltela.pt\/api\/wp\/v2\/users\/2"}],"replies":[{"embeddable":true,"href":"https:\/\/portaltela.pt\/api\/wp\/v2\/comments?post=439678"}],"version-history":[{"count":0,"href":"https:\/\/portaltela.pt\/api\/wp\/v2\/posts\/439678\/revisions"}],"wp:featuredmedia":[{"embeddable":true,"href":"https:\/\/portaltela.pt\/api\/wp\/v2\/media\/439679"}],"wp:attachment":[{"href":"https:\/\/portaltela.pt\/api\/wp\/v2\/media?parent=439678"}],"wp:term":[{"taxonomy":"category","embeddable":true,"href":"https:\/\/portaltela.pt\/api\/wp\/v2\/categories?post=439678"},{"taxonomy":"post_tag","embeddable":true,"href":"https:\/\/portaltela.pt\/api\/wp\/v2\/tags?post=439678"}],"curies":[{"name":"wp","href":"https:\/\/api.w.org\/{rel}","templated":true}]}}