{"id":439676,"date":"2026-04-10T13:47:31","date_gmt":"2026-04-10T16:47:31","guid":{"rendered":"https:\/\/portaltela.pt\/noticias\/2026\/04\/10\/leitura-do-acordao-do-processo-vortex-adiada-pela-segunda-vez\/"},"modified":"2026-04-10T13:47:31","modified_gmt":"2026-04-10T16:47:31","slug":"leitura-do-acordao-do-processo-vortex-adiada-pela-segunda-vez","status":"publish","type":"post","link":"https:\/\/portaltela.pt\/noticias\/2026\/04\/10\/leitura-do-acordao-do-processo-vortex-adiada-pela-segunda-vez\/","title":{"rendered":"Leitura do ac\u00f3rd\u00e3o do processo V\u00f3rtex adiada pela segunda vez"},"content":{"rendered":"<p>O Tribunal da Feira adiou pela segunda vez a leitura do ac\u00f3rd\u00e3o do processo V\u00f3rtex, que envolve dois ex-presidentes da C\u00e2mara de Espinho. A nova audi\u00eancia ficou marcada para 22 de maio, \u00e0s 09h30, no Tribunal de Espinho. A decis\u00e3o foi tomada por o processo exigir mais tempo devido \u00e0 sua dimens\u00e3o.<\/p>\n<p>O ju\u00edz presidente, Carlos Azevedo, explicou que n\u00e3o seria poss\u00edvel realizar a leitura no dia 17, devido \u00e0 complexidade dos autos e a outras tarefas profissionais. A leitura j\u00e1 tinha sido adiada anteriormente, de 20 de mar\u00e7o para 17 de abril, pelo mesmo motivo.<\/p>\n<h3>Contexto do processo<\/h3>\n<p>O processo, que come\u00e7ou a ser julgado a 5 de setembro de 2024, envolve atos de corrup\u00e7\u00e3o alegadamente praticados por Miguel Reis e Pinto Moreira, ex-presidentes da autarquia. Al\u00e9m deles, h\u00e1 seis arguidos adicionais e cinco empresas ligados a projetos imobili\u00e1rios e licenciamentos urban\u00edsticos.<\/p>\n<p>O foco do processo est\u00e1 em projetos de edif\u00edcios multifamiliares e unidades hoteleiras, com potenciais lucros em dezenas de milh\u00f5es de euros. Em 10 de janeiro de 2023, houve a deten\u00e7\u00e3o de Reis, o chefe da Divis\u00e3o de Urbanismo e Ambiente, um arquiteto e dois empres\u00e1rios, por suspeitas de corrup\u00e7\u00e3o e abuso de poderes.<\/p>\n<p>Em julho de 2023, o Minist\u00e9rio P\u00fablico apresentou acusa\u00e7\u00e3o contra oito arguidos e cinco empresas, incluindo Pinto Moreira, antecessor de Reis na C\u00e2mara. Moreira enfrenta acusa\u00e7\u00f5es de corrup\u00e7\u00e3o passiva, tr\u00e1fico de influ\u00eancia e viola\u00e7\u00e3o de regras urban\u00edsticas, entre outras.<\/p>\n<h3>Situa\u00e7\u00e3o atual e pr\u00f3ximos passos<\/h3>\n<p>Segundo o MP, as alega\u00e7\u00f5es apontam para quatro crimes de corrup\u00e7\u00e3o passiva e cinco de prevarica\u00e7\u00e3o contra Reis, e dois crimes de corrup\u00e7\u00e3o passiva, tr\u00e1fico de influ\u00eancia e viola\u00e7\u00e3o urban\u00edstica contra Moreira. O MP tamb\u00e9m pediu condena\u00e7\u00f5es equivalentes a penas entre 5 e 9 anos de pris\u00e3o para os arguidos.<\/p>\n<p>O empres\u00e1rio Francisco Pessegueiro \u00e9 acusado de oito crimes de corrup\u00e7\u00e3o activa, entre outros crimes, com pena pedida entre 3 e 7 anos. Reis e Pessegueiro j\u00e1 estiveram em pris\u00e3o preventiva, mas foram libertados.<\/p>\n","protected":false},"excerpt":{"rendered":"<ul>\n<li>O Tribunal da Feira adiou pela segunda vez a leitura do ac\u00f3rd\u00e3o do processo V\u00f3rtex, marcando-a para 22 de maio, \u00e0s 09h30, no Tribunal de Espinho.<\/li>\n<li>Entre os arguidos est\u00e3o dois ex-presidentes da C\u00e2mara de Espinho, Miguel Reis e Pinto Moreira, envolvidos em alegados atos de corrup\u00e7\u00e3o e prevarica\u00e7\u00e3o relacionados com projetos imobili\u00e1rios e licenciamentos urban\u00edsticos.<\/li>\n<li>A leitura j\u00e1 tinha sido adiada, de 20 de mar\u00e7o para 17 de abril, devido \u00e0 dimens\u00e3o e complexidade dos autos, e voltou a ser adiada por quest\u00f5es de carga de trabalho.<\/li>\n<li>O processo come\u00e7ou a ser julgado em 5 de setembro de 2024 e envolve oito arguidos e cinco empresas, com alega\u00e7\u00f5es de corrup\u00e7\u00e3o ativa e passiva, abuso de poderes e tr\u00e1fico de influ\u00eancias envolvendo dezenas de milh\u00f5es de euros.<\/li>\n<li>O Minist\u00e9rio P\u00fablico pediu condena\u00e7\u00f5es para Reis e Moreira entre cinco e nove anos; o empres\u00e1rio Francisco Pessegueiro \u00e9 acusado de m\u00faltiplos crimes, com penas solicitadas entre tr\u00eas e sete anos.<\/li>\n<\/ul>\n","protected":false},"author":2,"featured_media":439677,"comment_status":"closed","ping_status":"closed","sticky":false,"template":"","format":"standard","meta":{"footnotes":""},"categories":[6815,1],"tags":[5449,83,1839,150,6208,189],"class_list":["post-439676","post","type-post","status-publish","format-standard","has-post-thumbnail","hentry","category-justica","category-noticias","tag-camara-municipal","tag-corrupcao","tag-espinho","tag-habitacao","tag-tribunais","tag-urbanismo"],"yoast_head":"<!-- This site is optimized with the Yoast SEO plugin v27.2 - https:\/\/yoast.com\/product\/yoast-seo-wordpress\/ -->\n<title>Leitura do ac\u00f3rd\u00e3o do processo V\u00f3rtex adiada pela segunda vez - Portal Tela Portugal<\/title>\n<meta name=\"robots\" content=\"index, follow, max-snippet:-1, max-image-preview:large, max-video-preview:-1\" \/>\n<meta property=\"og:locale\" content=\"pt_PT\" \/>\n<meta property=\"og:type\" content=\"article\" \/>\n<meta property=\"og:title\" content=\"Leitura do ac\u00f3rd\u00e3o do processo V\u00f3rtex adiada pela segunda vez - Portal Tela Portugal\" \/>\n<meta property=\"og:description\" content=\"O Tribunal da Feira adiou pela segunda vez a leitura do ac\u00f3rd\u00e3o do processo V\u00f3rtex, marcando-a para 22 de maio, \u00e0s 09h30, no Tribunal de Espinho. Entre os arguidos est\u00e3o dois ex-presidentes da C\u00e2mara de Espinho, Miguel Reis e Pinto Moreira, envolvidos em alegados atos de corrup\u00e7\u00e3o e prevarica\u00e7\u00e3o relacionados com projetos imobili\u00e1rios e licenciamentos urban\u00edsticos. A leitura j\u00e1 tinha sido adiada, de 20 de mar\u00e7o para 17 de abril, devido \u00e0 dimens\u00e3o e complexidade dos autos, e voltou a ser adiada por quest\u00f5es de carga de trabalho. O processo come\u00e7ou a ser julgado em 5 de setembro de 2024 e envolve oito arguidos e cinco empresas, com alega\u00e7\u00f5es de corrup\u00e7\u00e3o ativa e passiva, abuso de poderes e tr\u00e1fico de influ\u00eancias envolvendo dezenas de milh\u00f5es de euros. O Minist\u00e9rio P\u00fablico pediu condena\u00e7\u00f5es para Reis e Moreira entre cinco e nove anos; o empres\u00e1rio Francisco Pessegueiro \u00e9 acusado de m\u00faltiplos crimes, com penas solicitadas entre tr\u00eas e sete anos.\" \/>\n<meta property=\"og:url\" content=\"https:\/\/portaltela.pt\/noticias\/2026\/04\/10\/leitura-do-acordao-do-processo-vortex-adiada-pela-segunda-vez\/\" \/>\n<meta property=\"og:site_name\" content=\"Portal Tela Portugal\" \/>\n<meta property=\"article:published_time\" content=\"2026-04-10T16:47:31+00:00\" \/>\n<meta name=\"author\" content=\"Telinha\" \/>\n<meta name=\"twitter:card\" content=\"summary_large_image\" \/>\n<meta name=\"twitter:label1\" content=\"Escrito por\" \/>\n\t<meta name=\"twitter:data1\" content=\"Telinha\" \/>\n\t<meta name=\"twitter:label2\" content=\"Tempo estimado de leitura\" \/>\n\t<meta name=\"twitter:data2\" content=\"2 minutos\" \/>\n<script type=\"application\/ld+json\" class=\"yoast-schema-graph\">{\"@context\":\"https:\/\/schema.org\",\"@graph\":[{\"@type\":\"Article\",\"@id\":\"https:\/\/portaltela.pt\/noticias\/2026\/04\/10\/leitura-do-acordao-do-processo-vortex-adiada-pela-segunda-vez\/#article\",\"isPartOf\":{\"@id\":\"https:\/\/portaltela.pt\/noticias\/2026\/04\/10\/leitura-do-acordao-do-processo-vortex-adiada-pela-segunda-vez\/\"},\"author\":{\"name\":\"Telinha\",\"@id\":\"https:\/\/portaltela.pt\/#\/schema\/person\/c4278d4a6028830caff9ee44b42d32ed\"},\"headline\":\"Leitura do ac\u00f3rd\u00e3o do processo V\u00f3rtex adiada pela segunda vez\",\"datePublished\":\"2026-04-10T16:47:31+00:00\",\"mainEntityOfPage\":{\"@id\":\"https:\/\/portaltela.pt\/noticias\/2026\/04\/10\/leitura-do-acordao-do-processo-vortex-adiada-pela-segunda-vez\/\"},\"wordCount\":370,\"image\":{\"@id\":\"https:\/\/portaltela.pt\/noticias\/2026\/04\/10\/leitura-do-acordao-do-processo-vortex-adiada-pela-segunda-vez\/#primaryimage\"},\"thumbnailUrl\":\"https:\/\/portaltela.pt\/s.01k8rhncp4jt1\/2026\/04\/img_1500x1000uu2024-09-27-21-13-26-1757344.jpg\",\"keywords\":[\"C\u00e2mara Municipal\",\"corrup\u00e7\u00e3o\",\"Espinho\",\"habita\u00e7\u00e3o\",\"Tribunais\",\"urbanismo\"],\"articleSection\":[\"Justi\u00e7a\",\"Not\u00edcias\"],\"inLanguage\":\"pt-PT\"},{\"@type\":\"WebPage\",\"@id\":\"https:\/\/portaltela.pt\/noticias\/2026\/04\/10\/leitura-do-acordao-do-processo-vortex-adiada-pela-segunda-vez\/\",\"url\":\"https:\/\/portaltela.pt\/noticias\/2026\/04\/10\/leitura-do-acordao-do-processo-vortex-adiada-pela-segunda-vez\/\",\"name\":\"Leitura do ac\u00f3rd\u00e3o do processo V\u00f3rtex adiada pela segunda vez - Portal Tela Portugal\",\"isPartOf\":{\"@id\":\"https:\/\/portaltela.pt\/#website\"},\"primaryImageOfPage\":{\"@id\":\"https:\/\/portaltela.pt\/noticias\/2026\/04\/10\/leitura-do-acordao-do-processo-vortex-adiada-pela-segunda-vez\/#primaryimage\"},\"image\":{\"@id\":\"https:\/\/portaltela.pt\/noticias\/2026\/04\/10\/leitura-do-acordao-do-processo-vortex-adiada-pela-segunda-vez\/#primaryimage\"},\"thumbnailUrl\":\"https:\/\/portaltela.pt\/s.01k8rhncp4jt1\/2026\/04\/img_1500x1000uu2024-09-27-21-13-26-1757344.jpg\",\"datePublished\":\"2026-04-10T16:47:31+00:00\",\"author\":{\"@id\":\"https:\/\/portaltela.pt\/#\/schema\/person\/c4278d4a6028830caff9ee44b42d32ed\"},\"breadcrumb\":{\"@id\":\"https:\/\/portaltela.pt\/noticias\/2026\/04\/10\/leitura-do-acordao-do-processo-vortex-adiada-pela-segunda-vez\/#breadcrumb\"},\"inLanguage\":\"pt-PT\",\"potentialAction\":[{\"@type\":\"ReadAction\",\"target\":[\"https:\/\/portaltela.pt\/noticias\/2026\/04\/10\/leitura-do-acordao-do-processo-vortex-adiada-pela-segunda-vez\/\"]}]},{\"@type\":\"ImageObject\",\"inLanguage\":\"pt-PT\",\"@id\":\"https:\/\/portaltela.pt\/noticias\/2026\/04\/10\/leitura-do-acordao-do-processo-vortex-adiada-pela-segunda-vez\/#primaryimage\",\"url\":\"https:\/\/portaltela.pt\/s.01k8rhncp4jt1\/2026\/04\/img_1500x1000uu2024-09-27-21-13-26-1757344.jpg\",\"contentUrl\":\"https:\/\/portaltela.pt\/s.01k8rhncp4jt1\/2026\/04\/img_1500x1000uu2024-09-27-21-13-26-1757344.jpg\",\"width\":796,\"height\":448,\"caption\":\"Tribunal de Espinho\"},{\"@type\":\"BreadcrumbList\",\"@id\":\"https:\/\/portaltela.pt\/noticias\/2026\/04\/10\/leitura-do-acordao-do-processo-vortex-adiada-pela-segunda-vez\/#breadcrumb\",\"itemListElement\":[{\"@type\":\"ListItem\",\"position\":1,\"name\":\"In\u00edcio\",\"item\":\"https:\/\/portaltela.pt\/\"},{\"@type\":\"ListItem\",\"position\":2,\"name\":\"Leitura do ac\u00f3rd\u00e3o do processo V\u00f3rtex adiada pela segunda vez\"}]},{\"@type\":\"WebSite\",\"@id\":\"https:\/\/portaltela.pt\/#website\",\"url\":\"https:\/\/portaltela.pt\/\",\"name\":\"Portal Tela Portugal\",\"description\":\"\",\"potentialAction\":[{\"@type\":\"SearchAction\",\"target\":{\"@type\":\"EntryPoint\",\"urlTemplate\":\"https:\/\/portaltela.pt\/?s={search_term_string}\"},\"query-input\":{\"@type\":\"PropertyValueSpecification\",\"valueRequired\":true,\"valueName\":\"search_term_string\"}}],\"inLanguage\":\"pt-PT\"},{\"@type\":\"Person\",\"@id\":\"https:\/\/portaltela.pt\/#\/schema\/person\/c4278d4a6028830caff9ee44b42d32ed\",\"name\":\"Telinha\",\"image\":{\"@type\":\"ImageObject\",\"inLanguage\":\"pt-PT\",\"@id\":\"https:\/\/portaltela.pt\/s.01k8rhncp4jt1\/2025\/11\/talking-bot-125x125.png\",\"url\":\"https:\/\/portaltela.pt\/s.01k8rhncp4jt1\/2025\/11\/talking-bot-125x125.png\",\"contentUrl\":\"https:\/\/portaltela.pt\/s.01k8rhncp4jt1\/2025\/11\/talking-bot-125x125.png\",\"caption\":\"Telinha\"},\"sameAs\":[\"https:\/\/portaltela.pt\/\"],\"url\":\"https:\/\/portaltela.pt\/por\/367410592786\/\"}]}<\/script>\n<!-- \/ Yoast SEO plugin. -->","yoast_head_json":{"title":"Leitura do ac\u00f3rd\u00e3o do processo V\u00f3rtex adiada pela segunda vez - Portal Tela Portugal","robots":{"index":"index","follow":"follow","max-snippet":"max-snippet:-1","max-image-preview":"max-image-preview:large","max-video-preview":"max-video-preview:-1"},"og_locale":"pt_PT","og_type":"article","og_title":"Leitura do ac\u00f3rd\u00e3o do processo V\u00f3rtex adiada pela segunda vez - Portal Tela Portugal","og_description":"O Tribunal da Feira adiou pela segunda vez a leitura do ac\u00f3rd\u00e3o do processo V\u00f3rtex, marcando-a para 22 de maio, \u00e0s 09h30, no Tribunal de Espinho. Entre os arguidos est\u00e3o dois ex-presidentes da C\u00e2mara de Espinho, Miguel Reis e Pinto Moreira, envolvidos em alegados atos de corrup\u00e7\u00e3o e prevarica\u00e7\u00e3o relacionados com projetos imobili\u00e1rios e licenciamentos urban\u00edsticos. A leitura j\u00e1 tinha sido adiada, de 20 de mar\u00e7o para 17 de abril, devido \u00e0 dimens\u00e3o e complexidade dos autos, e voltou a ser adiada por quest\u00f5es de carga de trabalho. O processo come\u00e7ou a ser julgado em 5 de setembro de 2024 e envolve oito arguidos e cinco empresas, com alega\u00e7\u00f5es de corrup\u00e7\u00e3o ativa e passiva, abuso de poderes e tr\u00e1fico de influ\u00eancias envolvendo dezenas de milh\u00f5es de euros. O Minist\u00e9rio P\u00fablico pediu condena\u00e7\u00f5es para Reis e Moreira entre cinco e nove anos; o empres\u00e1rio Francisco Pessegueiro \u00e9 acusado de m\u00faltiplos crimes, com penas solicitadas entre tr\u00eas e sete anos.","og_url":"https:\/\/portaltela.pt\/noticias\/2026\/04\/10\/leitura-do-acordao-do-processo-vortex-adiada-pela-segunda-vez\/","og_site_name":"Portal Tela Portugal","article_published_time":"2026-04-10T16:47:31+00:00","author":"Telinha","twitter_card":"summary_large_image","twitter_misc":{"Escrito por":"Telinha","Tempo estimado de leitura":"2 minutos"},"schema":{"@context":"https:\/\/schema.org","@graph":[{"@type":"Article","@id":"https:\/\/portaltela.pt\/noticias\/2026\/04\/10\/leitura-do-acordao-do-processo-vortex-adiada-pela-segunda-vez\/#article","isPartOf":{"@id":"https:\/\/portaltela.pt\/noticias\/2026\/04\/10\/leitura-do-acordao-do-processo-vortex-adiada-pela-segunda-vez\/"},"author":{"name":"Telinha","@id":"https:\/\/portaltela.pt\/#\/schema\/person\/c4278d4a6028830caff9ee44b42d32ed"},"headline":"Leitura do ac\u00f3rd\u00e3o do processo V\u00f3rtex adiada pela segunda vez","datePublished":"2026-04-10T16:47:31+00:00","mainEntityOfPage":{"@id":"https:\/\/portaltela.pt\/noticias\/2026\/04\/10\/leitura-do-acordao-do-processo-vortex-adiada-pela-segunda-vez\/"},"wordCount":370,"image":{"@id":"https:\/\/portaltela.pt\/noticias\/2026\/04\/10\/leitura-do-acordao-do-processo-vortex-adiada-pela-segunda-vez\/#primaryimage"},"thumbnailUrl":"https:\/\/portaltela.pt\/s.01k8rhncp4jt1\/2026\/04\/img_1500x1000uu2024-09-27-21-13-26-1757344.jpg","keywords":["C\u00e2mara Municipal","corrup\u00e7\u00e3o","Espinho","habita\u00e7\u00e3o","Tribunais","urbanismo"],"articleSection":["Justi\u00e7a","Not\u00edcias"],"inLanguage":"pt-PT"},{"@type":"WebPage","@id":"https:\/\/portaltela.pt\/noticias\/2026\/04\/10\/leitura-do-acordao-do-processo-vortex-adiada-pela-segunda-vez\/","url":"https:\/\/portaltela.pt\/noticias\/2026\/04\/10\/leitura-do-acordao-do-processo-vortex-adiada-pela-segunda-vez\/","name":"Leitura do ac\u00f3rd\u00e3o do processo V\u00f3rtex adiada pela segunda vez - Portal Tela Portugal","isPartOf":{"@id":"https:\/\/portaltela.pt\/#website"},"primaryImageOfPage":{"@id":"https:\/\/portaltela.pt\/noticias\/2026\/04\/10\/leitura-do-acordao-do-processo-vortex-adiada-pela-segunda-vez\/#primaryimage"},"image":{"@id":"https:\/\/portaltela.pt\/noticias\/2026\/04\/10\/leitura-do-acordao-do-processo-vortex-adiada-pela-segunda-vez\/#primaryimage"},"thumbnailUrl":"https:\/\/portaltela.pt\/s.01k8rhncp4jt1\/2026\/04\/img_1500x1000uu2024-09-27-21-13-26-1757344.jpg","datePublished":"2026-04-10T16:47:31+00:00","author":{"@id":"https:\/\/portaltela.pt\/#\/schema\/person\/c4278d4a6028830caff9ee44b42d32ed"},"breadcrumb":{"@id":"https:\/\/portaltela.pt\/noticias\/2026\/04\/10\/leitura-do-acordao-do-processo-vortex-adiada-pela-segunda-vez\/#breadcrumb"},"inLanguage":"pt-PT","potentialAction":[{"@type":"ReadAction","target":["https:\/\/portaltela.pt\/noticias\/2026\/04\/10\/leitura-do-acordao-do-processo-vortex-adiada-pela-segunda-vez\/"]}]},{"@type":"ImageObject","inLanguage":"pt-PT","@id":"https:\/\/portaltela.pt\/noticias\/2026\/04\/10\/leitura-do-acordao-do-processo-vortex-adiada-pela-segunda-vez\/#primaryimage","url":"https:\/\/portaltela.pt\/s.01k8rhncp4jt1\/2026\/04\/img_1500x1000uu2024-09-27-21-13-26-1757344.jpg","contentUrl":"https:\/\/portaltela.pt\/s.01k8rhncp4jt1\/2026\/04\/img_1500x1000uu2024-09-27-21-13-26-1757344.jpg","width":796,"height":448,"caption":"Tribunal de Espinho"},{"@type":"BreadcrumbList","@id":"https:\/\/portaltela.pt\/noticias\/2026\/04\/10\/leitura-do-acordao-do-processo-vortex-adiada-pela-segunda-vez\/#breadcrumb","itemListElement":[{"@type":"ListItem","position":1,"name":"In\u00edcio","item":"https:\/\/portaltela.pt\/"},{"@type":"ListItem","position":2,"name":"Leitura do ac\u00f3rd\u00e3o do processo V\u00f3rtex adiada pela segunda vez"}]},{"@type":"WebSite","@id":"https:\/\/portaltela.pt\/#website","url":"https:\/\/portaltela.pt\/","name":"Portal Tela Portugal","description":"","potentialAction":[{"@type":"SearchAction","target":{"@type":"EntryPoint","urlTemplate":"https:\/\/portaltela.pt\/?s={search_term_string}"},"query-input":{"@type":"PropertyValueSpecification","valueRequired":true,"valueName":"search_term_string"}}],"inLanguage":"pt-PT"},{"@type":"Person","@id":"https:\/\/portaltela.pt\/#\/schema\/person\/c4278d4a6028830caff9ee44b42d32ed","name":"Telinha","image":{"@type":"ImageObject","inLanguage":"pt-PT","@id":"https:\/\/portaltela.pt\/s.01k8rhncp4jt1\/2025\/11\/talking-bot-125x125.png","url":"https:\/\/portaltela.pt\/s.01k8rhncp4jt1\/2025\/11\/talking-bot-125x125.png","contentUrl":"https:\/\/portaltela.pt\/s.01k8rhncp4jt1\/2025\/11\/talking-bot-125x125.png","caption":"Telinha"},"sameAs":["https:\/\/portaltela.pt\/"],"url":"https:\/\/portaltela.pt\/por\/367410592786\/"}]}},"_links":{"self":[{"href":"https:\/\/portaltela.pt\/api\/wp\/v2\/posts\/439676","targetHints":{"allow":["GET"]}}],"collection":[{"href":"https:\/\/portaltela.pt\/api\/wp\/v2\/posts"}],"about":[{"href":"https:\/\/portaltela.pt\/api\/wp\/v2\/types\/post"}],"author":[{"embeddable":true,"href":"https:\/\/portaltela.pt\/api\/wp\/v2\/users\/2"}],"replies":[{"embeddable":true,"href":"https:\/\/portaltela.pt\/api\/wp\/v2\/comments?post=439676"}],"version-history":[{"count":0,"href":"https:\/\/portaltela.pt\/api\/wp\/v2\/posts\/439676\/revisions"}],"wp:featuredmedia":[{"embeddable":true,"href":"https:\/\/portaltela.pt\/api\/wp\/v2\/media\/439677"}],"wp:attachment":[{"href":"https:\/\/portaltela.pt\/api\/wp\/v2\/media?parent=439676"}],"wp:term":[{"taxonomy":"category","embeddable":true,"href":"https:\/\/portaltela.pt\/api\/wp\/v2\/categories?post=439676"},{"taxonomy":"post_tag","embeddable":true,"href":"https:\/\/portaltela.pt\/api\/wp\/v2\/tags?post=439676"}],"curies":[{"name":"wp","href":"https:\/\/api.w.org\/{rel}","templated":true}]}}