{"id":439671,"date":"2026-04-10T13:47:29","date_gmt":"2026-04-10T16:47:29","guid":{"rendered":"https:\/\/portaltela.pt\/noticias\/2026\/04\/10\/centenario-de-isabel-ii-celebrado-pelo-estilo-no-palacio-de-buckingham\/"},"modified":"2026-04-10T13:47:29","modified_gmt":"2026-04-10T16:47:29","slug":"centenario-de-isabel-ii-celebrado-pelo-estilo-no-palacio-de-buckingham","status":"publish","type":"post","link":"https:\/\/portaltela.pt\/noticias\/2026\/04\/10\/centenario-de-isabel-ii-celebrado-pelo-estilo-no-palacio-de-buckingham\/","title":{"rendered":"Centen\u00e1rio de Isabel II celebrado pelo estilo no Pal\u00e1cio de Buckingham"},"content":{"rendered":"<p>Centen\u00e1rio de Isabel II celebra-se com exposi\u00e7\u00e3o de moda no Pal\u00e1cio de Buckingham. A mostra, intitulada Rainha Isabel II: A sua vida em estilo, re\u00fane mais de 300 pe\u00e7as que percorrem d\u00e9cadas da monarca mais duradoura da hist\u00f3ria brit\u00e2nica, desde 1926 at\u00e9 ao Jubileu de Platina em 2022. A curadoria destaca os bastidores do vestir da soberana.<\/p>\n<p>A exposi\u00e7\u00e3o, aberta na King\u2019s Gallery, fica no Pal\u00e1cio de Buckingham at\u00e9 18 de Outubro. O conjunto de pe\u00e7as abrange vestidos, acess\u00f3rios e desenhos, muitos nunca vistos em p\u00fablico, mostrando a evolu\u00e7\u00e3o do guarda-roupa ao longo de quase um s\u00e9culo.<\/p>\n<h3>O que est\u00e1 em foco<\/h3>\n<p>A mostra destaca o vestido de baptismo da princesa, o vestido de noiva de 1947 de Norman Hartnell e o vestido da coroa\u00e7\u00e3o de 1953. O conjunto da noiva \u00e9 bordado a p\u00e9rolas e simboliza o renascer p\u00f3s segunda guerra. Hartnell desenhou ainda o traje da cerim\u00f3nia, j\u00e1 que Isabel II ascendeu ao trono em 1952.<\/p>\n<h3>Contexto hist\u00f3rico e impacto<\/h3>\n<p>A exposi\u00e7\u00e3o tra\u00e7a a evolu\u00e7\u00e3o da moda brit\u00e2nica e o papel da realeza como imagem p\u00fablica. Detalhes de cor e design mostram como o guarda-roupa serviu para comunicar mensagens diplom\u00e1ticas em visitas de Estado e ocasi\u00f5es oficiais. O relat\u00f3rio inclui refer\u00eancias \u00e0 audi\u00eancia televisiva hist\u00f3rica da coroa\u00e7\u00e3o.<\/p>\n<h3>Perspetivas e curadoria<\/h3>\n<p>A curadora Caroline de Guitaut descreve a mostra como uma celebra\u00e7\u00e3o do estilo brit\u00e2nico e do legado da rainha no mundo da moda. A sele\u00e7\u00e3o encadeia pe\u00e7as marcantes com exemplos de como a costura nacional ganhou proje\u00e7\u00e3o internacional ao longo das d\u00e9cadas.<\/p>\n<h3>Outras informa\u00e7\u00f5es<\/h3>\n<p>A exposi\u00e7\u00e3o funciona diariamente no Buckingham Palace. O bilhete para adultos est\u00e1 cotado em 22 libras. Paralelamente, os apartamentos privados de Isabel II ficar\u00e3o abertos ao p\u00fablico no Pal\u00e1cio de Holyroodhouse, em Edimburgo, entre 21 de Maio e 10 de Setembro.<\/p>\n","protected":false},"excerpt":{"rendered":"<ul>\n<li>Buckingham Palace inaugura a celebra\u00e7\u00e3o do centen\u00e1rio de Isabel II com a exposi\u00e7\u00e3o Rainha Isabel II: A sua vida em estilo, reunindo mais de 300 pe\u00e7as do seu guarda-roupa.<\/li>\n<li>A mostra01 percorre quase todas as d\u00e9cadas de vida da monarca, desde o nascimento em 1926 at\u00e9 ao Jubileu de Platina em 2022, incluindo pe\u00e7as nunca antes vistas.<\/li>\n<li>Destacam-se o vestido de casamento de 1947, desenhado por Norman Hartnell, e o vestido da coroa\u00e7\u00e3o de 1953, ambos com bordados e s\u00edmbolos das na\u00e7\u00f5es da Commonwealth.<\/li>\n<li>A curadora real enfatiza o estilo tipicamente brit\u00e2nico da rainha e o uso estrat\u00e9gico da cor para tornar Isabel II vis\u00edvel, al\u00e9m de destacar acess\u00f3rios como o colar de p\u00e9rolas e a bolsa Launer.<\/li>\n<li>A exposi\u00e7\u00e3o fica na King\u2019s Gallery at\u00e9 18 de outubro, com bilhetes a 22 libras para adultos; as celebra\u00e7\u00f5es tamb\u00e9m incluem os apartamentos privados de Holyroodhouse, abertos entre 21 de maio e 10 de setembro.<\/li>\n<\/ul>\n","protected":false},"author":2,"featured_media":439674,"comment_status":"closed","ping_status":"closed","sticky":false,"template":"","format":"standard","meta":{"footnotes":""},"categories":[7375,1],"tags":[7756,299,3428,135,5751,2111],"class_list":["post-439671","post","type-post","status-publish","format-standard","has-post-thumbnail","hentry","category-cultura","category-noticias","tag-_cultura","tag-historia","tag-isabel-ii","tag-moda","tag-museus-e-arquivos","tag-reino-unido"],"yoast_head":"<!-- This site is optimized with the Yoast SEO plugin v27.2 - https:\/\/yoast.com\/product\/yoast-seo-wordpress\/ -->\n<title>Centen\u00e1rio de Isabel II celebrado pelo estilo no Pal\u00e1cio de Buckingham - Portal Tela Portugal<\/title>\n<meta name=\"robots\" content=\"index, follow, max-snippet:-1, max-image-preview:large, max-video-preview:-1\" \/>\n<meta property=\"og:locale\" content=\"pt_PT\" \/>\n<meta property=\"og:type\" content=\"article\" \/>\n<meta property=\"og:title\" content=\"Centen\u00e1rio de Isabel II celebrado pelo estilo no Pal\u00e1cio de Buckingham - Portal Tela Portugal\" \/>\n<meta property=\"og:description\" content=\"Buckingham Palace inaugura a celebra\u00e7\u00e3o do centen\u00e1rio de Isabel II com a exposi\u00e7\u00e3o Rainha Isabel II: A sua vida em estilo, reunindo mais de 300 pe\u00e7as do seu guarda-roupa. A mostra01 percorre quase todas as d\u00e9cadas de vida da monarca, desde o nascimento em 1926 at\u00e9 ao Jubileu de Platina em 2022, incluindo pe\u00e7as nunca antes vistas. Destacam-se o vestido de casamento de 1947, desenhado por Norman Hartnell, e o vestido da coroa\u00e7\u00e3o de 1953, ambos com bordados e s\u00edmbolos das na\u00e7\u00f5es da Commonwealth. A curadora real enfatiza o estilo tipicamente brit\u00e2nico da rainha e o uso estrat\u00e9gico da cor para tornar Isabel II vis\u00edvel, al\u00e9m de destacar acess\u00f3rios como o colar de p\u00e9rolas e a bolsa Launer. A exposi\u00e7\u00e3o fica na King\u2019s Gallery at\u00e9 18 de outubro, com bilhetes a 22 libras para adultos; as celebra\u00e7\u00f5es tamb\u00e9m incluem os apartamentos privados de Holyroodhouse, abertos entre 21 de maio e 10 de setembro.\" \/>\n<meta property=\"og:url\" content=\"https:\/\/portaltela.pt\/noticias\/2026\/04\/10\/centenario-de-isabel-ii-celebrado-pelo-estilo-no-palacio-de-buckingham\/\" \/>\n<meta property=\"og:site_name\" content=\"Portal Tela Portugal\" \/>\n<meta property=\"article:published_time\" content=\"2026-04-10T16:47:29+00:00\" \/>\n<meta name=\"author\" content=\"Telinha\" \/>\n<meta name=\"twitter:card\" content=\"summary_large_image\" \/>\n<meta name=\"twitter:label1\" content=\"Escrito por\" \/>\n\t<meta name=\"twitter:data1\" content=\"Telinha\" \/>\n\t<meta name=\"twitter:label2\" content=\"Tempo estimado de leitura\" \/>\n\t<meta name=\"twitter:data2\" content=\"2 minutos\" \/>\n<script type=\"application\/ld+json\" class=\"yoast-schema-graph\">{\"@context\":\"https:\/\/schema.org\",\"@graph\":[{\"@type\":\"Article\",\"@id\":\"https:\/\/portaltela.pt\/noticias\/2026\/04\/10\/centenario-de-isabel-ii-celebrado-pelo-estilo-no-palacio-de-buckingham\/#article\",\"isPartOf\":{\"@id\":\"https:\/\/portaltela.pt\/noticias\/2026\/04\/10\/centenario-de-isabel-ii-celebrado-pelo-estilo-no-palacio-de-buckingham\/\"},\"author\":{\"name\":\"Telinha\",\"@id\":\"https:\/\/portaltela.pt\/#\/schema\/person\/c4278d4a6028830caff9ee44b42d32ed\"},\"headline\":\"Centen\u00e1rio de Isabel II celebrado pelo estilo no Pal\u00e1cio de Buckingham\",\"datePublished\":\"2026-04-10T16:47:29+00:00\",\"mainEntityOfPage\":{\"@id\":\"https:\/\/portaltela.pt\/noticias\/2026\/04\/10\/centenario-de-isabel-ii-celebrado-pelo-estilo-no-palacio-de-buckingham\/\"},\"wordCount\":342,\"image\":{\"@id\":\"https:\/\/portaltela.pt\/noticias\/2026\/04\/10\/centenario-de-isabel-ii-celebrado-pelo-estilo-no-palacio-de-buckingham\/#primaryimage\"},\"thumbnailUrl\":\"https:\/\/portaltela.pt\/s.01k8rhncp4jt1\/2026\/04\/2080537.jpg\",\"keywords\":[\"_cultura\",\"hist\u00f3ria\",\"Isabel II\",\"moda\",\"museus e arquivos\",\"Reino Unido\"],\"articleSection\":[\"Cultura\",\"Not\u00edcias\"],\"inLanguage\":\"pt-PT\"},{\"@type\":\"WebPage\",\"@id\":\"https:\/\/portaltela.pt\/noticias\/2026\/04\/10\/centenario-de-isabel-ii-celebrado-pelo-estilo-no-palacio-de-buckingham\/\",\"url\":\"https:\/\/portaltela.pt\/noticias\/2026\/04\/10\/centenario-de-isabel-ii-celebrado-pelo-estilo-no-palacio-de-buckingham\/\",\"name\":\"Centen\u00e1rio de Isabel II celebrado pelo estilo no Pal\u00e1cio de Buckingham - Portal Tela Portugal\",\"isPartOf\":{\"@id\":\"https:\/\/portaltela.pt\/#website\"},\"primaryImageOfPage\":{\"@id\":\"https:\/\/portaltela.pt\/noticias\/2026\/04\/10\/centenario-de-isabel-ii-celebrado-pelo-estilo-no-palacio-de-buckingham\/#primaryimage\"},\"image\":{\"@id\":\"https:\/\/portaltela.pt\/noticias\/2026\/04\/10\/centenario-de-isabel-ii-celebrado-pelo-estilo-no-palacio-de-buckingham\/#primaryimage\"},\"thumbnailUrl\":\"https:\/\/portaltela.pt\/s.01k8rhncp4jt1\/2026\/04\/2080537.jpg\",\"datePublished\":\"2026-04-10T16:47:29+00:00\",\"author\":{\"@id\":\"https:\/\/portaltela.pt\/#\/schema\/person\/c4278d4a6028830caff9ee44b42d32ed\"},\"breadcrumb\":{\"@id\":\"https:\/\/portaltela.pt\/noticias\/2026\/04\/10\/centenario-de-isabel-ii-celebrado-pelo-estilo-no-palacio-de-buckingham\/#breadcrumb\"},\"inLanguage\":\"pt-PT\",\"potentialAction\":[{\"@type\":\"ReadAction\",\"target\":[\"https:\/\/portaltela.pt\/noticias\/2026\/04\/10\/centenario-de-isabel-ii-celebrado-pelo-estilo-no-palacio-de-buckingham\/\"]}]},{\"@type\":\"ImageObject\",\"inLanguage\":\"pt-PT\",\"@id\":\"https:\/\/portaltela.pt\/noticias\/2026\/04\/10\/centenario-de-isabel-ii-celebrado-pelo-estilo-no-palacio-de-buckingham\/#primaryimage\",\"url\":\"https:\/\/portaltela.pt\/s.01k8rhncp4jt1\/2026\/04\/2080537.jpg\",\"contentUrl\":\"https:\/\/portaltela.pt\/s.01k8rhncp4jt1\/2026\/04\/2080537.jpg\",\"width\":796,\"height\":448,\"caption\":\"O vestido de noiva de Isabel II de 1947 \u00e9 um dos maiores destaques da exposi\u00e7\u00e3o\"},{\"@type\":\"BreadcrumbList\",\"@id\":\"https:\/\/portaltela.pt\/noticias\/2026\/04\/10\/centenario-de-isabel-ii-celebrado-pelo-estilo-no-palacio-de-buckingham\/#breadcrumb\",\"itemListElement\":[{\"@type\":\"ListItem\",\"position\":1,\"name\":\"In\u00edcio\",\"item\":\"https:\/\/portaltela.pt\/\"},{\"@type\":\"ListItem\",\"position\":2,\"name\":\"Centen\u00e1rio de Isabel II celebrado pelo estilo no Pal\u00e1cio de Buckingham\"}]},{\"@type\":\"WebSite\",\"@id\":\"https:\/\/portaltela.pt\/#website\",\"url\":\"https:\/\/portaltela.pt\/\",\"name\":\"Portal Tela Portugal\",\"description\":\"\",\"potentialAction\":[{\"@type\":\"SearchAction\",\"target\":{\"@type\":\"EntryPoint\",\"urlTemplate\":\"https:\/\/portaltela.pt\/?s={search_term_string}\"},\"query-input\":{\"@type\":\"PropertyValueSpecification\",\"valueRequired\":true,\"valueName\":\"search_term_string\"}}],\"inLanguage\":\"pt-PT\"},{\"@type\":\"Person\",\"@id\":\"https:\/\/portaltela.pt\/#\/schema\/person\/c4278d4a6028830caff9ee44b42d32ed\",\"name\":\"Telinha\",\"image\":{\"@type\":\"ImageObject\",\"inLanguage\":\"pt-PT\",\"@id\":\"https:\/\/portaltela.pt\/s.01k8rhncp4jt1\/2025\/11\/talking-bot-125x125.png\",\"url\":\"https:\/\/portaltela.pt\/s.01k8rhncp4jt1\/2025\/11\/talking-bot-125x125.png\",\"contentUrl\":\"https:\/\/portaltela.pt\/s.01k8rhncp4jt1\/2025\/11\/talking-bot-125x125.png\",\"caption\":\"Telinha\"},\"sameAs\":[\"https:\/\/portaltela.pt\/\"],\"url\":\"https:\/\/portaltela.pt\/por\/367410592786\/\"}]}<\/script>\n<!-- \/ Yoast SEO plugin. -->","yoast_head_json":{"title":"Centen\u00e1rio de Isabel II celebrado pelo estilo no Pal\u00e1cio de Buckingham - Portal Tela Portugal","robots":{"index":"index","follow":"follow","max-snippet":"max-snippet:-1","max-image-preview":"max-image-preview:large","max-video-preview":"max-video-preview:-1"},"og_locale":"pt_PT","og_type":"article","og_title":"Centen\u00e1rio de Isabel II celebrado pelo estilo no Pal\u00e1cio de Buckingham - Portal Tela Portugal","og_description":"Buckingham Palace inaugura a celebra\u00e7\u00e3o do centen\u00e1rio de Isabel II com a exposi\u00e7\u00e3o Rainha Isabel II: A sua vida em estilo, reunindo mais de 300 pe\u00e7as do seu guarda-roupa. A mostra01 percorre quase todas as d\u00e9cadas de vida da monarca, desde o nascimento em 1926 at\u00e9 ao Jubileu de Platina em 2022, incluindo pe\u00e7as nunca antes vistas. Destacam-se o vestido de casamento de 1947, desenhado por Norman Hartnell, e o vestido da coroa\u00e7\u00e3o de 1953, ambos com bordados e s\u00edmbolos das na\u00e7\u00f5es da Commonwealth. A curadora real enfatiza o estilo tipicamente brit\u00e2nico da rainha e o uso estrat\u00e9gico da cor para tornar Isabel II vis\u00edvel, al\u00e9m de destacar acess\u00f3rios como o colar de p\u00e9rolas e a bolsa Launer. A exposi\u00e7\u00e3o fica na King\u2019s Gallery at\u00e9 18 de outubro, com bilhetes a 22 libras para adultos; as celebra\u00e7\u00f5es tamb\u00e9m incluem os apartamentos privados de Holyroodhouse, abertos entre 21 de maio e 10 de setembro.","og_url":"https:\/\/portaltela.pt\/noticias\/2026\/04\/10\/centenario-de-isabel-ii-celebrado-pelo-estilo-no-palacio-de-buckingham\/","og_site_name":"Portal Tela Portugal","article_published_time":"2026-04-10T16:47:29+00:00","author":"Telinha","twitter_card":"summary_large_image","twitter_misc":{"Escrito por":"Telinha","Tempo estimado de leitura":"2 minutos"},"schema":{"@context":"https:\/\/schema.org","@graph":[{"@type":"Article","@id":"https:\/\/portaltela.pt\/noticias\/2026\/04\/10\/centenario-de-isabel-ii-celebrado-pelo-estilo-no-palacio-de-buckingham\/#article","isPartOf":{"@id":"https:\/\/portaltela.pt\/noticias\/2026\/04\/10\/centenario-de-isabel-ii-celebrado-pelo-estilo-no-palacio-de-buckingham\/"},"author":{"name":"Telinha","@id":"https:\/\/portaltela.pt\/#\/schema\/person\/c4278d4a6028830caff9ee44b42d32ed"},"headline":"Centen\u00e1rio de Isabel II celebrado pelo estilo no Pal\u00e1cio de Buckingham","datePublished":"2026-04-10T16:47:29+00:00","mainEntityOfPage":{"@id":"https:\/\/portaltela.pt\/noticias\/2026\/04\/10\/centenario-de-isabel-ii-celebrado-pelo-estilo-no-palacio-de-buckingham\/"},"wordCount":342,"image":{"@id":"https:\/\/portaltela.pt\/noticias\/2026\/04\/10\/centenario-de-isabel-ii-celebrado-pelo-estilo-no-palacio-de-buckingham\/#primaryimage"},"thumbnailUrl":"https:\/\/portaltela.pt\/s.01k8rhncp4jt1\/2026\/04\/2080537.jpg","keywords":["_cultura","hist\u00f3ria","Isabel II","moda","museus e arquivos","Reino Unido"],"articleSection":["Cultura","Not\u00edcias"],"inLanguage":"pt-PT"},{"@type":"WebPage","@id":"https:\/\/portaltela.pt\/noticias\/2026\/04\/10\/centenario-de-isabel-ii-celebrado-pelo-estilo-no-palacio-de-buckingham\/","url":"https:\/\/portaltela.pt\/noticias\/2026\/04\/10\/centenario-de-isabel-ii-celebrado-pelo-estilo-no-palacio-de-buckingham\/","name":"Centen\u00e1rio de Isabel II celebrado pelo estilo no Pal\u00e1cio de Buckingham - Portal Tela Portugal","isPartOf":{"@id":"https:\/\/portaltela.pt\/#website"},"primaryImageOfPage":{"@id":"https:\/\/portaltela.pt\/noticias\/2026\/04\/10\/centenario-de-isabel-ii-celebrado-pelo-estilo-no-palacio-de-buckingham\/#primaryimage"},"image":{"@id":"https:\/\/portaltela.pt\/noticias\/2026\/04\/10\/centenario-de-isabel-ii-celebrado-pelo-estilo-no-palacio-de-buckingham\/#primaryimage"},"thumbnailUrl":"https:\/\/portaltela.pt\/s.01k8rhncp4jt1\/2026\/04\/2080537.jpg","datePublished":"2026-04-10T16:47:29+00:00","author":{"@id":"https:\/\/portaltela.pt\/#\/schema\/person\/c4278d4a6028830caff9ee44b42d32ed"},"breadcrumb":{"@id":"https:\/\/portaltela.pt\/noticias\/2026\/04\/10\/centenario-de-isabel-ii-celebrado-pelo-estilo-no-palacio-de-buckingham\/#breadcrumb"},"inLanguage":"pt-PT","potentialAction":[{"@type":"ReadAction","target":["https:\/\/portaltela.pt\/noticias\/2026\/04\/10\/centenario-de-isabel-ii-celebrado-pelo-estilo-no-palacio-de-buckingham\/"]}]},{"@type":"ImageObject","inLanguage":"pt-PT","@id":"https:\/\/portaltela.pt\/noticias\/2026\/04\/10\/centenario-de-isabel-ii-celebrado-pelo-estilo-no-palacio-de-buckingham\/#primaryimage","url":"https:\/\/portaltela.pt\/s.01k8rhncp4jt1\/2026\/04\/2080537.jpg","contentUrl":"https:\/\/portaltela.pt\/s.01k8rhncp4jt1\/2026\/04\/2080537.jpg","width":796,"height":448,"caption":"O vestido de noiva de Isabel II de 1947 \u00e9 um dos maiores destaques da exposi\u00e7\u00e3o"},{"@type":"BreadcrumbList","@id":"https:\/\/portaltela.pt\/noticias\/2026\/04\/10\/centenario-de-isabel-ii-celebrado-pelo-estilo-no-palacio-de-buckingham\/#breadcrumb","itemListElement":[{"@type":"ListItem","position":1,"name":"In\u00edcio","item":"https:\/\/portaltela.pt\/"},{"@type":"ListItem","position":2,"name":"Centen\u00e1rio de Isabel II celebrado pelo estilo no Pal\u00e1cio de Buckingham"}]},{"@type":"WebSite","@id":"https:\/\/portaltela.pt\/#website","url":"https:\/\/portaltela.pt\/","name":"Portal Tela Portugal","description":"","potentialAction":[{"@type":"SearchAction","target":{"@type":"EntryPoint","urlTemplate":"https:\/\/portaltela.pt\/?s={search_term_string}"},"query-input":{"@type":"PropertyValueSpecification","valueRequired":true,"valueName":"search_term_string"}}],"inLanguage":"pt-PT"},{"@type":"Person","@id":"https:\/\/portaltela.pt\/#\/schema\/person\/c4278d4a6028830caff9ee44b42d32ed","name":"Telinha","image":{"@type":"ImageObject","inLanguage":"pt-PT","@id":"https:\/\/portaltela.pt\/s.01k8rhncp4jt1\/2025\/11\/talking-bot-125x125.png","url":"https:\/\/portaltela.pt\/s.01k8rhncp4jt1\/2025\/11\/talking-bot-125x125.png","contentUrl":"https:\/\/portaltela.pt\/s.01k8rhncp4jt1\/2025\/11\/talking-bot-125x125.png","caption":"Telinha"},"sameAs":["https:\/\/portaltela.pt\/"],"url":"https:\/\/portaltela.pt\/por\/367410592786\/"}]}},"_links":{"self":[{"href":"https:\/\/portaltela.pt\/api\/wp\/v2\/posts\/439671","targetHints":{"allow":["GET"]}}],"collection":[{"href":"https:\/\/portaltela.pt\/api\/wp\/v2\/posts"}],"about":[{"href":"https:\/\/portaltela.pt\/api\/wp\/v2\/types\/post"}],"author":[{"embeddable":true,"href":"https:\/\/portaltela.pt\/api\/wp\/v2\/users\/2"}],"replies":[{"embeddable":true,"href":"https:\/\/portaltela.pt\/api\/wp\/v2\/comments?post=439671"}],"version-history":[{"count":0,"href":"https:\/\/portaltela.pt\/api\/wp\/v2\/posts\/439671\/revisions"}],"wp:featuredmedia":[{"embeddable":true,"href":"https:\/\/portaltela.pt\/api\/wp\/v2\/media\/439674"}],"wp:attachment":[{"href":"https:\/\/portaltela.pt\/api\/wp\/v2\/media?parent=439671"}],"wp:term":[{"taxonomy":"category","embeddable":true,"href":"https:\/\/portaltela.pt\/api\/wp\/v2\/categories?post=439671"},{"taxonomy":"post_tag","embeddable":true,"href":"https:\/\/portaltela.pt\/api\/wp\/v2\/tags?post=439671"}],"curies":[{"name":"wp","href":"https:\/\/api.w.org\/{rel}","templated":true}]}}