{"id":439670,"date":"2026-04-10T13:47:27","date_gmt":"2026-04-10T16:47:27","guid":{"rendered":"https:\/\/portaltela.pt\/noticias\/2026\/04\/10\/presidente-de-clube-espanhol-persegue-jogadores-muculmanos-com-presunto\/"},"modified":"2026-04-10T13:47:27","modified_gmt":"2026-04-10T16:47:27","slug":"presidente-de-clube-espanhol-persegue-jogadores-muculmanos-com-presunto","status":"publish","type":"post","link":"https:\/\/portaltela.pt\/desporto\/futebol\/2026\/04\/10\/presidente-de-clube-espanhol-persegue-jogadores-muculmanos-com-presunto\/","title":{"rendered":"Presidente de clube espanhol persegue jogadores mu\u00e7ulmanos com presunto"},"content":{"rendered":"<p>O presidente do CDC Moscard\u00f3, clube da Segunda Federaci\u00f3n espanhola, \u00e9 alvo de controv\u00e9rsia ap\u00f3s um v\u00eddeo publicado nas redes sociais. Nele, Javi Poves aparece a perseguir jogadores mu\u00e7ulmanos da equipa com uma pata de presunto ib\u00e9rico, num tom que alguns interpretaram como provoca\u00e7\u00e3o racista.<\/p>\n<p>A grava\u00e7\u00e3o, partilhada para promover o pr\u00f3ximo jogo, gerou cr\u00edticas por alegada islamofobia. Poves \u00e9 visto como uma das figuras mais pol\u00e9micas do futebol espanhol, e o v\u00eddeo reacendeu o debate sobre comportamentos de dirigentes no desporto. N\u00e3o h\u00e1 confirma\u00e7\u00e3o p\u00fablica de san\u00e7\u00f5es ou de resposta institucional at\u00e9 ao momento.<\/p>\n","protected":false},"excerpt":{"rendered":"<ul>\n<li>O presidente do CDC Moscard\u00f3, Javi Poves, \u00e9 uma das figuras mais controversas do futebol espanhol.<\/li>\n<li>Um v\u00eddeo partilhado nas redes sociais como apelo \u00e0 presen\u00e7a no pr\u00f3ximo jogo mostra Poves perseguindo jogadores mu\u00e7ulmanos com uma pata de presunto, gritando &#8220;come jam\u00f3n&#8221;.<\/li>\n<li>A a\u00e7\u00e3o foi apresentada como humor, mas foi interpretada como demonstra\u00e7\u00e3o de racismo e islamofobia.<\/li>\n<li>O epis\u00f3dio ocorreu num clube da Segunda Federaci\u00f3n espanhola, a quarta divis\u00e3o, onde o Moscard\u00f3 compete.<\/li>\n<li>A publica\u00e7\u00e3o gerou cr\u00edticas por parte de adeptos e organiza\u00e7\u00f5es que contestam apresenta\u00e7\u00f5es de humilha\u00e7\u00e3o ou preconceito com base na religi\u00e3o.<\/li>\n<\/ul>\n","protected":false},"author":2,"featured_media":439675,"comment_status":"closed","ping_status":"closed","sticky":false,"template":"","format":"standard","meta":{"footnotes":""},"categories":[21,24],"tags":[152,2031,32,7685,30,6032],"class_list":["post-439670","post","type-post","status-publish","format-standard","has-post-thumbnail","hentry","category-desporto","category-futebol","tag-desporto","tag-espanha","tag-futebol","tag-islamofobos","tag-presidente","tag-racismo"],"yoast_head":"<!-- This site is optimized with the Yoast SEO plugin v27.2 - https:\/\/yoast.com\/product\/yoast-seo-wordpress\/ -->\n<title>Presidente de clube espanhol persegue jogadores mu\u00e7ulmanos com presunto - Portal Tela Portugal<\/title>\n<meta name=\"robots\" content=\"index, follow, max-snippet:-1, max-image-preview:large, max-video-preview:-1\" \/>\n<meta property=\"og:locale\" content=\"pt_PT\" \/>\n<meta property=\"og:type\" content=\"article\" \/>\n<meta property=\"og:title\" content=\"Presidente de clube espanhol persegue jogadores mu\u00e7ulmanos com presunto - Portal Tela Portugal\" \/>\n<meta property=\"og:description\" content=\"O presidente do CDC Moscard\u00f3, Javi Poves, \u00e9 uma das figuras mais controversas do futebol espanhol. Um v\u00eddeo partilhado nas redes sociais como apelo \u00e0 presen\u00e7a no pr\u00f3ximo jogo mostra Poves perseguindo jogadores mu\u00e7ulmanos com uma pata de presunto, gritando &quot;come jam\u00f3n&quot;. A a\u00e7\u00e3o foi apresentada como humor, mas foi interpretada como demonstra\u00e7\u00e3o de racismo e islamofobia. O epis\u00f3dio ocorreu num clube da Segunda Federaci\u00f3n espanhola, a quarta divis\u00e3o, onde o Moscard\u00f3 compete. A publica\u00e7\u00e3o gerou cr\u00edticas por parte de adeptos e organiza\u00e7\u00f5es que contestam apresenta\u00e7\u00f5es de humilha\u00e7\u00e3o ou preconceito com base na religi\u00e3o.\" \/>\n<meta property=\"og:url\" content=\"https:\/\/portaltela.pt\/noticias\/2026\/04\/10\/presidente-de-clube-espanhol-persegue-jogadores-muculmanos-com-presunto\/\" \/>\n<meta property=\"og:site_name\" content=\"Portal Tela Portugal\" \/>\n<meta property=\"article:published_time\" content=\"2026-04-10T16:47:27+00:00\" \/>\n<meta name=\"author\" content=\"Telinha\" \/>\n<meta name=\"twitter:card\" content=\"summary_large_image\" \/>\n<meta name=\"twitter:label1\" content=\"Escrito por\" \/>\n\t<meta name=\"twitter:data1\" content=\"Telinha\" \/>\n\t<meta name=\"twitter:label2\" content=\"Tempo estimado de leitura\" \/>\n\t<meta name=\"twitter:data2\" content=\"1 minuto\" \/>\n<script type=\"application\/ld+json\" class=\"yoast-schema-graph\">{\"@context\":\"https:\/\/schema.org\",\"@graph\":[{\"@type\":\"Article\",\"@id\":\"https:\/\/portaltela.pt\/noticias\/2026\/04\/10\/presidente-de-clube-espanhol-persegue-jogadores-muculmanos-com-presunto\/#article\",\"isPartOf\":{\"@id\":\"https:\/\/portaltela.pt\/noticias\/2026\/04\/10\/presidente-de-clube-espanhol-persegue-jogadores-muculmanos-com-presunto\/\"},\"author\":{\"name\":\"Telinha\",\"@id\":\"https:\/\/portaltela.pt\/#\/schema\/person\/c4278d4a6028830caff9ee44b42d32ed\"},\"headline\":\"Presidente de clube espanhol persegue jogadores mu\u00e7ulmanos com presunto\",\"datePublished\":\"2026-04-10T16:47:27+00:00\",\"mainEntityOfPage\":{\"@id\":\"https:\/\/portaltela.pt\/noticias\/2026\/04\/10\/presidente-de-clube-espanhol-persegue-jogadores-muculmanos-com-presunto\/\"},\"wordCount\":119,\"image\":{\"@id\":\"https:\/\/portaltela.pt\/noticias\/2026\/04\/10\/presidente-de-clube-espanhol-persegue-jogadores-muculmanos-com-presunto\/#primaryimage\"},\"thumbnailUrl\":\"https:\/\/portaltela.pt\/s.01k8rhncp4jt1\/2026\/04\/img_1200x721uu2026-04-10-17-41-52-2432219.jpg\",\"keywords\":[\"desporto\",\"Espanha\",\"futebol\",\"islam\u00f3fobos\",\"presidente\",\"racismo\"],\"articleSection\":[\"Desporto\",\"Futebol\"],\"inLanguage\":\"pt-PT\"},{\"@type\":\"WebPage\",\"@id\":\"https:\/\/portaltela.pt\/noticias\/2026\/04\/10\/presidente-de-clube-espanhol-persegue-jogadores-muculmanos-com-presunto\/\",\"url\":\"https:\/\/portaltela.pt\/noticias\/2026\/04\/10\/presidente-de-clube-espanhol-persegue-jogadores-muculmanos-com-presunto\/\",\"name\":\"Presidente de clube espanhol persegue jogadores mu\u00e7ulmanos com presunto - Portal Tela Portugal\",\"isPartOf\":{\"@id\":\"https:\/\/portaltela.pt\/#website\"},\"primaryImageOfPage\":{\"@id\":\"https:\/\/portaltela.pt\/noticias\/2026\/04\/10\/presidente-de-clube-espanhol-persegue-jogadores-muculmanos-com-presunto\/#primaryimage\"},\"image\":{\"@id\":\"https:\/\/portaltela.pt\/noticias\/2026\/04\/10\/presidente-de-clube-espanhol-persegue-jogadores-muculmanos-com-presunto\/#primaryimage\"},\"thumbnailUrl\":\"https:\/\/portaltela.pt\/s.01k8rhncp4jt1\/2026\/04\/img_1200x721uu2026-04-10-17-41-52-2432219.jpg\",\"datePublished\":\"2026-04-10T16:47:27+00:00\",\"author\":{\"@id\":\"https:\/\/portaltela.pt\/#\/schema\/person\/c4278d4a6028830caff9ee44b42d32ed\"},\"breadcrumb\":{\"@id\":\"https:\/\/portaltela.pt\/noticias\/2026\/04\/10\/presidente-de-clube-espanhol-persegue-jogadores-muculmanos-com-presunto\/#breadcrumb\"},\"inLanguage\":\"pt-PT\",\"potentialAction\":[{\"@type\":\"ReadAction\",\"target\":[\"https:\/\/portaltela.pt\/noticias\/2026\/04\/10\/presidente-de-clube-espanhol-persegue-jogadores-muculmanos-com-presunto\/\"]}]},{\"@type\":\"ImageObject\",\"inLanguage\":\"pt-PT\",\"@id\":\"https:\/\/portaltela.pt\/noticias\/2026\/04\/10\/presidente-de-clube-espanhol-persegue-jogadores-muculmanos-com-presunto\/#primaryimage\",\"url\":\"https:\/\/portaltela.pt\/s.01k8rhncp4jt1\/2026\/04\/img_1200x721uu2026-04-10-17-41-52-2432219.jpg\",\"contentUrl\":\"https:\/\/portaltela.pt\/s.01k8rhncp4jt1\/2026\/04\/img_1200x721uu2026-04-10-17-41-52-2432219.jpg\",\"width\":796,\"height\":448,\"caption\":\"Photo\"},{\"@type\":\"BreadcrumbList\",\"@id\":\"https:\/\/portaltela.pt\/noticias\/2026\/04\/10\/presidente-de-clube-espanhol-persegue-jogadores-muculmanos-com-presunto\/#breadcrumb\",\"itemListElement\":[{\"@type\":\"ListItem\",\"position\":1,\"name\":\"In\u00edcio\",\"item\":\"https:\/\/portaltela.pt\/\"},{\"@type\":\"ListItem\",\"position\":2,\"name\":\"Presidente de clube espanhol persegue jogadores mu\u00e7ulmanos com presunto\"}]},{\"@type\":\"WebSite\",\"@id\":\"https:\/\/portaltela.pt\/#website\",\"url\":\"https:\/\/portaltela.pt\/\",\"name\":\"Portal Tela Portugal\",\"description\":\"\",\"potentialAction\":[{\"@type\":\"SearchAction\",\"target\":{\"@type\":\"EntryPoint\",\"urlTemplate\":\"https:\/\/portaltela.pt\/?s={search_term_string}\"},\"query-input\":{\"@type\":\"PropertyValueSpecification\",\"valueRequired\":true,\"valueName\":\"search_term_string\"}}],\"inLanguage\":\"pt-PT\"},{\"@type\":\"Person\",\"@id\":\"https:\/\/portaltela.pt\/#\/schema\/person\/c4278d4a6028830caff9ee44b42d32ed\",\"name\":\"Telinha\",\"image\":{\"@type\":\"ImageObject\",\"inLanguage\":\"pt-PT\",\"@id\":\"https:\/\/portaltela.pt\/s.01k8rhncp4jt1\/2025\/11\/talking-bot-125x125.png\",\"url\":\"https:\/\/portaltela.pt\/s.01k8rhncp4jt1\/2025\/11\/talking-bot-125x125.png\",\"contentUrl\":\"https:\/\/portaltela.pt\/s.01k8rhncp4jt1\/2025\/11\/talking-bot-125x125.png\",\"caption\":\"Telinha\"},\"sameAs\":[\"https:\/\/portaltela.pt\/\"],\"url\":\"https:\/\/portaltela.pt\/por\/367410592786\/\"}]}<\/script>\n<!-- \/ Yoast SEO plugin. -->","yoast_head_json":{"title":"Presidente de clube espanhol persegue jogadores mu\u00e7ulmanos com presunto - Portal Tela Portugal","robots":{"index":"index","follow":"follow","max-snippet":"max-snippet:-1","max-image-preview":"max-image-preview:large","max-video-preview":"max-video-preview:-1"},"og_locale":"pt_PT","og_type":"article","og_title":"Presidente de clube espanhol persegue jogadores mu\u00e7ulmanos com presunto - Portal Tela Portugal","og_description":"O presidente do CDC Moscard\u00f3, Javi Poves, \u00e9 uma das figuras mais controversas do futebol espanhol. Um v\u00eddeo partilhado nas redes sociais como apelo \u00e0 presen\u00e7a no pr\u00f3ximo jogo mostra Poves perseguindo jogadores mu\u00e7ulmanos com uma pata de presunto, gritando \"come jam\u00f3n\". A a\u00e7\u00e3o foi apresentada como humor, mas foi interpretada como demonstra\u00e7\u00e3o de racismo e islamofobia. O epis\u00f3dio ocorreu num clube da Segunda Federaci\u00f3n espanhola, a quarta divis\u00e3o, onde o Moscard\u00f3 compete. A publica\u00e7\u00e3o gerou cr\u00edticas por parte de adeptos e organiza\u00e7\u00f5es que contestam apresenta\u00e7\u00f5es de humilha\u00e7\u00e3o ou preconceito com base na religi\u00e3o.","og_url":"https:\/\/portaltela.pt\/noticias\/2026\/04\/10\/presidente-de-clube-espanhol-persegue-jogadores-muculmanos-com-presunto\/","og_site_name":"Portal Tela Portugal","article_published_time":"2026-04-10T16:47:27+00:00","author":"Telinha","twitter_card":"summary_large_image","twitter_misc":{"Escrito por":"Telinha","Tempo estimado de leitura":"1 minuto"},"schema":{"@context":"https:\/\/schema.org","@graph":[{"@type":"Article","@id":"https:\/\/portaltela.pt\/noticias\/2026\/04\/10\/presidente-de-clube-espanhol-persegue-jogadores-muculmanos-com-presunto\/#article","isPartOf":{"@id":"https:\/\/portaltela.pt\/noticias\/2026\/04\/10\/presidente-de-clube-espanhol-persegue-jogadores-muculmanos-com-presunto\/"},"author":{"name":"Telinha","@id":"https:\/\/portaltela.pt\/#\/schema\/person\/c4278d4a6028830caff9ee44b42d32ed"},"headline":"Presidente de clube espanhol persegue jogadores mu\u00e7ulmanos com presunto","datePublished":"2026-04-10T16:47:27+00:00","mainEntityOfPage":{"@id":"https:\/\/portaltela.pt\/noticias\/2026\/04\/10\/presidente-de-clube-espanhol-persegue-jogadores-muculmanos-com-presunto\/"},"wordCount":119,"image":{"@id":"https:\/\/portaltela.pt\/noticias\/2026\/04\/10\/presidente-de-clube-espanhol-persegue-jogadores-muculmanos-com-presunto\/#primaryimage"},"thumbnailUrl":"https:\/\/portaltela.pt\/s.01k8rhncp4jt1\/2026\/04\/img_1200x721uu2026-04-10-17-41-52-2432219.jpg","keywords":["desporto","Espanha","futebol","islam\u00f3fobos","presidente","racismo"],"articleSection":["Desporto","Futebol"],"inLanguage":"pt-PT"},{"@type":"WebPage","@id":"https:\/\/portaltela.pt\/noticias\/2026\/04\/10\/presidente-de-clube-espanhol-persegue-jogadores-muculmanos-com-presunto\/","url":"https:\/\/portaltela.pt\/noticias\/2026\/04\/10\/presidente-de-clube-espanhol-persegue-jogadores-muculmanos-com-presunto\/","name":"Presidente de clube espanhol persegue jogadores mu\u00e7ulmanos com presunto - Portal Tela Portugal","isPartOf":{"@id":"https:\/\/portaltela.pt\/#website"},"primaryImageOfPage":{"@id":"https:\/\/portaltela.pt\/noticias\/2026\/04\/10\/presidente-de-clube-espanhol-persegue-jogadores-muculmanos-com-presunto\/#primaryimage"},"image":{"@id":"https:\/\/portaltela.pt\/noticias\/2026\/04\/10\/presidente-de-clube-espanhol-persegue-jogadores-muculmanos-com-presunto\/#primaryimage"},"thumbnailUrl":"https:\/\/portaltela.pt\/s.01k8rhncp4jt1\/2026\/04\/img_1200x721uu2026-04-10-17-41-52-2432219.jpg","datePublished":"2026-04-10T16:47:27+00:00","author":{"@id":"https:\/\/portaltela.pt\/#\/schema\/person\/c4278d4a6028830caff9ee44b42d32ed"},"breadcrumb":{"@id":"https:\/\/portaltela.pt\/noticias\/2026\/04\/10\/presidente-de-clube-espanhol-persegue-jogadores-muculmanos-com-presunto\/#breadcrumb"},"inLanguage":"pt-PT","potentialAction":[{"@type":"ReadAction","target":["https:\/\/portaltela.pt\/noticias\/2026\/04\/10\/presidente-de-clube-espanhol-persegue-jogadores-muculmanos-com-presunto\/"]}]},{"@type":"ImageObject","inLanguage":"pt-PT","@id":"https:\/\/portaltela.pt\/noticias\/2026\/04\/10\/presidente-de-clube-espanhol-persegue-jogadores-muculmanos-com-presunto\/#primaryimage","url":"https:\/\/portaltela.pt\/s.01k8rhncp4jt1\/2026\/04\/img_1200x721uu2026-04-10-17-41-52-2432219.jpg","contentUrl":"https:\/\/portaltela.pt\/s.01k8rhncp4jt1\/2026\/04\/img_1200x721uu2026-04-10-17-41-52-2432219.jpg","width":796,"height":448,"caption":"Photo"},{"@type":"BreadcrumbList","@id":"https:\/\/portaltela.pt\/noticias\/2026\/04\/10\/presidente-de-clube-espanhol-persegue-jogadores-muculmanos-com-presunto\/#breadcrumb","itemListElement":[{"@type":"ListItem","position":1,"name":"In\u00edcio","item":"https:\/\/portaltela.pt\/"},{"@type":"ListItem","position":2,"name":"Presidente de clube espanhol persegue jogadores mu\u00e7ulmanos com presunto"}]},{"@type":"WebSite","@id":"https:\/\/portaltela.pt\/#website","url":"https:\/\/portaltela.pt\/","name":"Portal Tela Portugal","description":"","potentialAction":[{"@type":"SearchAction","target":{"@type":"EntryPoint","urlTemplate":"https:\/\/portaltela.pt\/?s={search_term_string}"},"query-input":{"@type":"PropertyValueSpecification","valueRequired":true,"valueName":"search_term_string"}}],"inLanguage":"pt-PT"},{"@type":"Person","@id":"https:\/\/portaltela.pt\/#\/schema\/person\/c4278d4a6028830caff9ee44b42d32ed","name":"Telinha","image":{"@type":"ImageObject","inLanguage":"pt-PT","@id":"https:\/\/portaltela.pt\/s.01k8rhncp4jt1\/2025\/11\/talking-bot-125x125.png","url":"https:\/\/portaltela.pt\/s.01k8rhncp4jt1\/2025\/11\/talking-bot-125x125.png","contentUrl":"https:\/\/portaltela.pt\/s.01k8rhncp4jt1\/2025\/11\/talking-bot-125x125.png","caption":"Telinha"},"sameAs":["https:\/\/portaltela.pt\/"],"url":"https:\/\/portaltela.pt\/por\/367410592786\/"}]}},"_links":{"self":[{"href":"https:\/\/portaltela.pt\/api\/wp\/v2\/posts\/439670","targetHints":{"allow":["GET"]}}],"collection":[{"href":"https:\/\/portaltela.pt\/api\/wp\/v2\/posts"}],"about":[{"href":"https:\/\/portaltela.pt\/api\/wp\/v2\/types\/post"}],"author":[{"embeddable":true,"href":"https:\/\/portaltela.pt\/api\/wp\/v2\/users\/2"}],"replies":[{"embeddable":true,"href":"https:\/\/portaltela.pt\/api\/wp\/v2\/comments?post=439670"}],"version-history":[{"count":0,"href":"https:\/\/portaltela.pt\/api\/wp\/v2\/posts\/439670\/revisions"}],"wp:featuredmedia":[{"embeddable":true,"href":"https:\/\/portaltela.pt\/api\/wp\/v2\/media\/439675"}],"wp:attachment":[{"href":"https:\/\/portaltela.pt\/api\/wp\/v2\/media?parent=439670"}],"wp:term":[{"taxonomy":"category","embeddable":true,"href":"https:\/\/portaltela.pt\/api\/wp\/v2\/categories?post=439670"},{"taxonomy":"post_tag","embeddable":true,"href":"https:\/\/portaltela.pt\/api\/wp\/v2\/tags?post=439670"}],"curies":[{"name":"wp","href":"https:\/\/api.w.org\/{rel}","templated":true}]}}