{"id":439666,"date":"2026-04-10T13:47:24","date_gmt":"2026-04-10T16:47:24","guid":{"rendered":"https:\/\/portaltela.pt\/noticias\/2026\/04\/10\/senhorio-morto-por-inquilino-era-vereador-na-camara-da-marinha-grande\/"},"modified":"2026-04-10T13:47:24","modified_gmt":"2026-04-10T16:47:24","slug":"senhorio-morto-por-inquilino-era-vereador-na-camara-da-marinha-grande","status":"publish","type":"post","link":"https:\/\/portaltela.pt\/justica\/2026\/04\/10\/senhorio-morto-por-inquilino-era-vereador-na-camara-da-marinha-grande\/","title":{"rendered":"Senhorio morto por inquilino era vereador na C\u00e2mara da Marinha Grande"},"content":{"rendered":"<p>O senhorio da Marinha Grande, Carlos Logrado, foi morto, num caso que envolve um inquilino, na Avenida da Liberdade. O incidente ocorreu recentemente e est\u00e1 a ser investigado pelas autoridades competentes, que j\u00e1 recolhem depoimentos e per\u00edcias t\u00e9cnicas.<\/p>\n<p>Logrado, de 63 anos, era empres\u00e1rio com atua\u00e7\u00e3o em v\u00e1rias \u00e1reas e foi vereador na C\u00e2mara Municipal da Marinha Grande entre 2013 e 2017. O ex-autarca participava ativamente no movimento independente +Concelho, do qual foi fundador e pelo qual disputou as aut\u00e1rquicas.<\/p>\n<p>O inquilino, com cerca de 60 anos, ter\u00e1 aceite o despejo por n\u00e3o concordar com o aumento da renda para quase o dobro. Ap\u00f3s o ataque com uma faca, o homem ter\u00e1-se atirado do s\u00e9timo andar do apartamento. O corpo foi encontrado no terra\u00e7o de um piso inferior; Logrado encontrava-se j\u00e1 sem vida no interior do im\u00f3vel.<\/p>\n<h3>Rea\u00e7\u00e3o da C\u00e2mara e pr\u00f3ximos passos<\/h3>\n<p>O Munic\u00edpio da Marinha Grande publicou uma nota de pesar, destacando o percurso do ex-vereador como empres\u00e1rio e cidad\u00e3o empenhado na vida p\u00fablica. A autarquia anunciou ainda um dia de luto municipal durante as cerim\u00f3nias f\u00fanebres, cuja data ainda n\u00e3o est\u00e1 marcada.<\/p>\n<p>A Pol\u00edcia Judici\u00e1ria dever\u00e1 continuar as dilig\u00eancias para apurar as circunst\u00e2ncias do caso, incluindo o motivo do conflito relacionado com a renda. A investiga\u00e7\u00e3o est\u00e1 a procurar confirmar responsabilidades e o que motivou a trag\u00e9dia.<\/p>\n","protected":false},"excerpt":{"rendered":"<ul>\n<li>Carlos Logrado, empres\u00e1rio de 63 anos, foi o senhorio e esteve vereador na C\u00e2mara da Marinha Grande de 2013 a 2017.<\/li>\n<li>Foi fundador do movimento independente +Concelho e ganhou as aut\u00e1rquicas de 2013, sendo eleito pela primeira vez nessa elei\u00e7\u00e3o.<\/li>\n<li>O Munic\u00edpio da Marinha Grande anunciou um dia de luto municipal durante as cerim\u00f3nias f\u00fanebres, em sinal de respeito pela mem\u00f3ria do ex-autoridade.<\/li>\n<li>O inquilino, que estava em vias de despejo por n\u00e3o aceitar o aumento de renda para quase o dobro, ter\u00e1 atingido Logrado com uma faca e ter\u00e1 atirado-se do s\u00e9timo andar da Avenida da Liberdade.<\/li>\n<li>O corpo do inquilino foi encontrado no terra\u00e7o de um piso inferior, e Logrado encontrava-se no interior do apartamento no momento do incidente.<\/li>\n<\/ul>\n","protected":false},"author":2,"featured_media":439672,"comment_status":"closed","ping_status":"closed","sticky":false,"template":"","format":"standard","meta":{"footnotes":""},"categories":[6907,6815],"tags":[5618,144,147,150,1345],"class_list":["post-439666","post","type-post","status-publish","format-standard","has-post-thumbnail","hentry","category-crime","category-justica","tag-a-marinha","tag-concelho","tag-crime","tag-habitacao","tag-homicidio"],"yoast_head":"<!-- This site is optimized with the Yoast SEO plugin v27.2 - https:\/\/yoast.com\/product\/yoast-seo-wordpress\/ -->\n<title>Senhorio morto por inquilino era vereador na C\u00e2mara da Marinha Grande - Portal Tela Portugal<\/title>\n<meta name=\"robots\" content=\"index, follow, max-snippet:-1, max-image-preview:large, max-video-preview:-1\" \/>\n<meta property=\"og:locale\" content=\"pt_PT\" \/>\n<meta property=\"og:type\" content=\"article\" \/>\n<meta property=\"og:title\" content=\"Senhorio morto por inquilino era vereador na C\u00e2mara da Marinha Grande - Portal Tela Portugal\" \/>\n<meta property=\"og:description\" content=\"Carlos Logrado, empres\u00e1rio de 63 anos, foi o senhorio e esteve vereador na C\u00e2mara da Marinha Grande de 2013 a 2017. Foi fundador do movimento independente +Concelho e ganhou as aut\u00e1rquicas de 2013, sendo eleito pela primeira vez nessa elei\u00e7\u00e3o. O Munic\u00edpio da Marinha Grande anunciou um dia de luto municipal durante as cerim\u00f3nias f\u00fanebres, em sinal de respeito pela mem\u00f3ria do ex-autoridade. O inquilino, que estava em vias de despejo por n\u00e3o aceitar o aumento de renda para quase o dobro, ter\u00e1 atingido Logrado com uma faca e ter\u00e1 atirado-se do s\u00e9timo andar da Avenida da Liberdade. O corpo do inquilino foi encontrado no terra\u00e7o de um piso inferior, e Logrado encontrava-se no interior do apartamento no momento do incidente.\" \/>\n<meta property=\"og:url\" content=\"https:\/\/portaltela.pt\/noticias\/2026\/04\/10\/senhorio-morto-por-inquilino-era-vereador-na-camara-da-marinha-grande\/\" \/>\n<meta property=\"og:site_name\" content=\"Portal Tela Portugal\" \/>\n<meta property=\"article:published_time\" content=\"2026-04-10T16:47:24+00:00\" \/>\n<meta name=\"author\" content=\"Telinha\" \/>\n<meta name=\"twitter:card\" content=\"summary_large_image\" \/>\n<meta name=\"twitter:label1\" content=\"Escrito por\" \/>\n\t<meta name=\"twitter:data1\" content=\"Telinha\" \/>\n\t<meta name=\"twitter:label2\" content=\"Tempo estimado de leitura\" \/>\n\t<meta name=\"twitter:data2\" content=\"1 minuto\" \/>\n<script type=\"application\/ld+json\" class=\"yoast-schema-graph\">{\"@context\":\"https:\/\/schema.org\",\"@graph\":[{\"@type\":\"Article\",\"@id\":\"https:\/\/portaltela.pt\/noticias\/2026\/04\/10\/senhorio-morto-por-inquilino-era-vereador-na-camara-da-marinha-grande\/#article\",\"isPartOf\":{\"@id\":\"https:\/\/portaltela.pt\/noticias\/2026\/04\/10\/senhorio-morto-por-inquilino-era-vereador-na-camara-da-marinha-grande\/\"},\"author\":{\"name\":\"Telinha\",\"@id\":\"https:\/\/portaltela.pt\/#\/schema\/person\/c4278d4a6028830caff9ee44b42d32ed\"},\"headline\":\"Senhorio morto por inquilino era vereador na C\u00e2mara da Marinha Grande\",\"datePublished\":\"2026-04-10T16:47:24+00:00\",\"mainEntityOfPage\":{\"@id\":\"https:\/\/portaltela.pt\/noticias\/2026\/04\/10\/senhorio-morto-por-inquilino-era-vereador-na-camara-da-marinha-grande\/\"},\"wordCount\":257,\"image\":{\"@id\":\"https:\/\/portaltela.pt\/noticias\/2026\/04\/10\/senhorio-morto-por-inquilino-era-vereador-na-camara-da-marinha-grande\/#primaryimage\"},\"thumbnailUrl\":\"https:\/\/portaltela.pt\/s.01k8rhncp4jt1\/2026\/04\/image-614.jpg\",\"keywords\":[\"A Marinha\",\"concelho\",\"crime\",\"habita\u00e7\u00e3o\",\"homic\u00eddio\"],\"articleSection\":[\"Crime\",\"Justi\u00e7a\"],\"inLanguage\":\"pt-PT\"},{\"@type\":\"WebPage\",\"@id\":\"https:\/\/portaltela.pt\/noticias\/2026\/04\/10\/senhorio-morto-por-inquilino-era-vereador-na-camara-da-marinha-grande\/\",\"url\":\"https:\/\/portaltela.pt\/noticias\/2026\/04\/10\/senhorio-morto-por-inquilino-era-vereador-na-camara-da-marinha-grande\/\",\"name\":\"Senhorio morto por inquilino era vereador na C\u00e2mara da Marinha Grande - Portal Tela Portugal\",\"isPartOf\":{\"@id\":\"https:\/\/portaltela.pt\/#website\"},\"primaryImageOfPage\":{\"@id\":\"https:\/\/portaltela.pt\/noticias\/2026\/04\/10\/senhorio-morto-por-inquilino-era-vereador-na-camara-da-marinha-grande\/#primaryimage\"},\"image\":{\"@id\":\"https:\/\/portaltela.pt\/noticias\/2026\/04\/10\/senhorio-morto-por-inquilino-era-vereador-na-camara-da-marinha-grande\/#primaryimage\"},\"thumbnailUrl\":\"https:\/\/portaltela.pt\/s.01k8rhncp4jt1\/2026\/04\/image-614.jpg\",\"datePublished\":\"2026-04-10T16:47:24+00:00\",\"author\":{\"@id\":\"https:\/\/portaltela.pt\/#\/schema\/person\/c4278d4a6028830caff9ee44b42d32ed\"},\"breadcrumb\":{\"@id\":\"https:\/\/portaltela.pt\/noticias\/2026\/04\/10\/senhorio-morto-por-inquilino-era-vereador-na-camara-da-marinha-grande\/#breadcrumb\"},\"inLanguage\":\"pt-PT\",\"potentialAction\":[{\"@type\":\"ReadAction\",\"target\":[\"https:\/\/portaltela.pt\/noticias\/2026\/04\/10\/senhorio-morto-por-inquilino-era-vereador-na-camara-da-marinha-grande\/\"]}]},{\"@type\":\"ImageObject\",\"inLanguage\":\"pt-PT\",\"@id\":\"https:\/\/portaltela.pt\/noticias\/2026\/04\/10\/senhorio-morto-por-inquilino-era-vereador-na-camara-da-marinha-grande\/#primaryimage\",\"url\":\"https:\/\/portaltela.pt\/s.01k8rhncp4jt1\/2026\/04\/image-614.jpg\",\"contentUrl\":\"https:\/\/portaltela.pt\/s.01k8rhncp4jt1\/2026\/04\/image-614.jpg\",\"width\":796,\"height\":448,\"caption\":\"Carlos Logrado tinha 63 anos\"},{\"@type\":\"BreadcrumbList\",\"@id\":\"https:\/\/portaltela.pt\/noticias\/2026\/04\/10\/senhorio-morto-por-inquilino-era-vereador-na-camara-da-marinha-grande\/#breadcrumb\",\"itemListElement\":[{\"@type\":\"ListItem\",\"position\":1,\"name\":\"In\u00edcio\",\"item\":\"https:\/\/portaltela.pt\/\"},{\"@type\":\"ListItem\",\"position\":2,\"name\":\"Senhorio morto por inquilino era vereador na C\u00e2mara da Marinha Grande\"}]},{\"@type\":\"WebSite\",\"@id\":\"https:\/\/portaltela.pt\/#website\",\"url\":\"https:\/\/portaltela.pt\/\",\"name\":\"Portal Tela Portugal\",\"description\":\"\",\"potentialAction\":[{\"@type\":\"SearchAction\",\"target\":{\"@type\":\"EntryPoint\",\"urlTemplate\":\"https:\/\/portaltela.pt\/?s={search_term_string}\"},\"query-input\":{\"@type\":\"PropertyValueSpecification\",\"valueRequired\":true,\"valueName\":\"search_term_string\"}}],\"inLanguage\":\"pt-PT\"},{\"@type\":\"Person\",\"@id\":\"https:\/\/portaltela.pt\/#\/schema\/person\/c4278d4a6028830caff9ee44b42d32ed\",\"name\":\"Telinha\",\"image\":{\"@type\":\"ImageObject\",\"inLanguage\":\"pt-PT\",\"@id\":\"https:\/\/portaltela.pt\/s.01k8rhncp4jt1\/2025\/11\/talking-bot-125x125.png\",\"url\":\"https:\/\/portaltela.pt\/s.01k8rhncp4jt1\/2025\/11\/talking-bot-125x125.png\",\"contentUrl\":\"https:\/\/portaltela.pt\/s.01k8rhncp4jt1\/2025\/11\/talking-bot-125x125.png\",\"caption\":\"Telinha\"},\"sameAs\":[\"https:\/\/portaltela.pt\/\"],\"url\":\"https:\/\/portaltela.pt\/por\/367410592786\/\"}]}<\/script>\n<!-- \/ Yoast SEO plugin. -->","yoast_head_json":{"title":"Senhorio morto por inquilino era vereador na C\u00e2mara da Marinha Grande - Portal Tela Portugal","robots":{"index":"index","follow":"follow","max-snippet":"max-snippet:-1","max-image-preview":"max-image-preview:large","max-video-preview":"max-video-preview:-1"},"og_locale":"pt_PT","og_type":"article","og_title":"Senhorio morto por inquilino era vereador na C\u00e2mara da Marinha Grande - Portal Tela Portugal","og_description":"Carlos Logrado, empres\u00e1rio de 63 anos, foi o senhorio e esteve vereador na C\u00e2mara da Marinha Grande de 2013 a 2017. Foi fundador do movimento independente +Concelho e ganhou as aut\u00e1rquicas de 2013, sendo eleito pela primeira vez nessa elei\u00e7\u00e3o. O Munic\u00edpio da Marinha Grande anunciou um dia de luto municipal durante as cerim\u00f3nias f\u00fanebres, em sinal de respeito pela mem\u00f3ria do ex-autoridade. O inquilino, que estava em vias de despejo por n\u00e3o aceitar o aumento de renda para quase o dobro, ter\u00e1 atingido Logrado com uma faca e ter\u00e1 atirado-se do s\u00e9timo andar da Avenida da Liberdade. O corpo do inquilino foi encontrado no terra\u00e7o de um piso inferior, e Logrado encontrava-se no interior do apartamento no momento do incidente.","og_url":"https:\/\/portaltela.pt\/noticias\/2026\/04\/10\/senhorio-morto-por-inquilino-era-vereador-na-camara-da-marinha-grande\/","og_site_name":"Portal Tela Portugal","article_published_time":"2026-04-10T16:47:24+00:00","author":"Telinha","twitter_card":"summary_large_image","twitter_misc":{"Escrito por":"Telinha","Tempo estimado de leitura":"1 minuto"},"schema":{"@context":"https:\/\/schema.org","@graph":[{"@type":"Article","@id":"https:\/\/portaltela.pt\/noticias\/2026\/04\/10\/senhorio-morto-por-inquilino-era-vereador-na-camara-da-marinha-grande\/#article","isPartOf":{"@id":"https:\/\/portaltela.pt\/noticias\/2026\/04\/10\/senhorio-morto-por-inquilino-era-vereador-na-camara-da-marinha-grande\/"},"author":{"name":"Telinha","@id":"https:\/\/portaltela.pt\/#\/schema\/person\/c4278d4a6028830caff9ee44b42d32ed"},"headline":"Senhorio morto por inquilino era vereador na C\u00e2mara da Marinha Grande","datePublished":"2026-04-10T16:47:24+00:00","mainEntityOfPage":{"@id":"https:\/\/portaltela.pt\/noticias\/2026\/04\/10\/senhorio-morto-por-inquilino-era-vereador-na-camara-da-marinha-grande\/"},"wordCount":257,"image":{"@id":"https:\/\/portaltela.pt\/noticias\/2026\/04\/10\/senhorio-morto-por-inquilino-era-vereador-na-camara-da-marinha-grande\/#primaryimage"},"thumbnailUrl":"https:\/\/portaltela.pt\/s.01k8rhncp4jt1\/2026\/04\/image-614.jpg","keywords":["A Marinha","concelho","crime","habita\u00e7\u00e3o","homic\u00eddio"],"articleSection":["Crime","Justi\u00e7a"],"inLanguage":"pt-PT"},{"@type":"WebPage","@id":"https:\/\/portaltela.pt\/noticias\/2026\/04\/10\/senhorio-morto-por-inquilino-era-vereador-na-camara-da-marinha-grande\/","url":"https:\/\/portaltela.pt\/noticias\/2026\/04\/10\/senhorio-morto-por-inquilino-era-vereador-na-camara-da-marinha-grande\/","name":"Senhorio morto por inquilino era vereador na C\u00e2mara da Marinha Grande - Portal Tela Portugal","isPartOf":{"@id":"https:\/\/portaltela.pt\/#website"},"primaryImageOfPage":{"@id":"https:\/\/portaltela.pt\/noticias\/2026\/04\/10\/senhorio-morto-por-inquilino-era-vereador-na-camara-da-marinha-grande\/#primaryimage"},"image":{"@id":"https:\/\/portaltela.pt\/noticias\/2026\/04\/10\/senhorio-morto-por-inquilino-era-vereador-na-camara-da-marinha-grande\/#primaryimage"},"thumbnailUrl":"https:\/\/portaltela.pt\/s.01k8rhncp4jt1\/2026\/04\/image-614.jpg","datePublished":"2026-04-10T16:47:24+00:00","author":{"@id":"https:\/\/portaltela.pt\/#\/schema\/person\/c4278d4a6028830caff9ee44b42d32ed"},"breadcrumb":{"@id":"https:\/\/portaltela.pt\/noticias\/2026\/04\/10\/senhorio-morto-por-inquilino-era-vereador-na-camara-da-marinha-grande\/#breadcrumb"},"inLanguage":"pt-PT","potentialAction":[{"@type":"ReadAction","target":["https:\/\/portaltela.pt\/noticias\/2026\/04\/10\/senhorio-morto-por-inquilino-era-vereador-na-camara-da-marinha-grande\/"]}]},{"@type":"ImageObject","inLanguage":"pt-PT","@id":"https:\/\/portaltela.pt\/noticias\/2026\/04\/10\/senhorio-morto-por-inquilino-era-vereador-na-camara-da-marinha-grande\/#primaryimage","url":"https:\/\/portaltela.pt\/s.01k8rhncp4jt1\/2026\/04\/image-614.jpg","contentUrl":"https:\/\/portaltela.pt\/s.01k8rhncp4jt1\/2026\/04\/image-614.jpg","width":796,"height":448,"caption":"Carlos Logrado tinha 63 anos"},{"@type":"BreadcrumbList","@id":"https:\/\/portaltela.pt\/noticias\/2026\/04\/10\/senhorio-morto-por-inquilino-era-vereador-na-camara-da-marinha-grande\/#breadcrumb","itemListElement":[{"@type":"ListItem","position":1,"name":"In\u00edcio","item":"https:\/\/portaltela.pt\/"},{"@type":"ListItem","position":2,"name":"Senhorio morto por inquilino era vereador na C\u00e2mara da Marinha Grande"}]},{"@type":"WebSite","@id":"https:\/\/portaltela.pt\/#website","url":"https:\/\/portaltela.pt\/","name":"Portal Tela Portugal","description":"","potentialAction":[{"@type":"SearchAction","target":{"@type":"EntryPoint","urlTemplate":"https:\/\/portaltela.pt\/?s={search_term_string}"},"query-input":{"@type":"PropertyValueSpecification","valueRequired":true,"valueName":"search_term_string"}}],"inLanguage":"pt-PT"},{"@type":"Person","@id":"https:\/\/portaltela.pt\/#\/schema\/person\/c4278d4a6028830caff9ee44b42d32ed","name":"Telinha","image":{"@type":"ImageObject","inLanguage":"pt-PT","@id":"https:\/\/portaltela.pt\/s.01k8rhncp4jt1\/2025\/11\/talking-bot-125x125.png","url":"https:\/\/portaltela.pt\/s.01k8rhncp4jt1\/2025\/11\/talking-bot-125x125.png","contentUrl":"https:\/\/portaltela.pt\/s.01k8rhncp4jt1\/2025\/11\/talking-bot-125x125.png","caption":"Telinha"},"sameAs":["https:\/\/portaltela.pt\/"],"url":"https:\/\/portaltela.pt\/por\/367410592786\/"}]}},"_links":{"self":[{"href":"https:\/\/portaltela.pt\/api\/wp\/v2\/posts\/439666","targetHints":{"allow":["GET"]}}],"collection":[{"href":"https:\/\/portaltela.pt\/api\/wp\/v2\/posts"}],"about":[{"href":"https:\/\/portaltela.pt\/api\/wp\/v2\/types\/post"}],"author":[{"embeddable":true,"href":"https:\/\/portaltela.pt\/api\/wp\/v2\/users\/2"}],"replies":[{"embeddable":true,"href":"https:\/\/portaltela.pt\/api\/wp\/v2\/comments?post=439666"}],"version-history":[{"count":0,"href":"https:\/\/portaltela.pt\/api\/wp\/v2\/posts\/439666\/revisions"}],"wp:featuredmedia":[{"embeddable":true,"href":"https:\/\/portaltela.pt\/api\/wp\/v2\/media\/439672"}],"wp:attachment":[{"href":"https:\/\/portaltela.pt\/api\/wp\/v2\/media?parent=439666"}],"wp:term":[{"taxonomy":"category","embeddable":true,"href":"https:\/\/portaltela.pt\/api\/wp\/v2\/categories?post=439666"},{"taxonomy":"post_tag","embeddable":true,"href":"https:\/\/portaltela.pt\/api\/wp\/v2\/tags?post=439666"}],"curies":[{"name":"wp","href":"https:\/\/api.w.org\/{rel}","templated":true}]}}