{"id":439665,"date":"2026-04-10T13:47:23","date_gmt":"2026-04-10T16:47:23","guid":{"rendered":"https:\/\/portaltela.pt\/noticias\/2026\/04\/10\/porto-matosinhos-wave-series-arranca-este-mes-nas-praias-da-frente-atlantica\/"},"modified":"2026-04-10T13:47:23","modified_gmt":"2026-04-10T16:47:23","slug":"porto-matosinhos-wave-series-arranca-este-mes-nas-praias-da-frente-atlantica","status":"publish","type":"post","link":"https:\/\/portaltela.pt\/desporto\/futebol\/2026\/04\/10\/porto-matosinhos-wave-series-arranca-este-mes-nas-praias-da-frente-atlantica\/","title":{"rendered":"Porto &amp; Matosinhos Wave Series arranca este m\u00eas nas praias da Frente Atl\u00e2ntica"},"content":{"rendered":"<p>A 12.\u00aa edi\u00e7\u00e3o do Porto&amp;Matosinhos Wave Series arranca este m\u00eas nas praias da Frente Atl\u00e2ntica, de 24 a 26 de abril. A segunda etapa da Liga MEO Surf &#8211; Go Chill Porto Pro realiza-se no Norte, apurando os candidatos ao t\u00edtulo nacional na categoria Open.<\/p>\n<p>O evento \u00e9 organizado pela Onda Pura Surf Center, em colabora\u00e7\u00e3o com as C\u00e2maras Municipais do Porto e de Matosinhos, com o apoio t\u00e9cnico da Federa\u00e7\u00e3o Portuguesa de Surf. A organiza\u00e7\u00e3o refor\u00e7a o car\u00e1ter competitivo e formativo da prova.<\/p>\n<h3>Novidades desta edi\u00e7\u00e3o<\/h3>\n<p>Entre as novidades, destaca-se a inclus\u00e3o de uma etapa do Titan Trophy, competi\u00e7\u00e3o multidisciplinar entre surf e bodyboard, com v\u00e1rias categorias para jovens e atletas experientes.<\/p>\n<p>A Praia da Luz, no Porto, regressa ao cartaz, renovando a tradi\u00e7\u00e3o de surf na regi\u00e3o e potenciando o desenvolvimento de novos talentos. A novidade tamb\u00e9m inclui uma prova de surfski.<\/p>\n<h3>Provas e modalidades<\/h3>\n<p>Mant\u00eam-se as etapas do Campeonato Nacional de Longboard e do Circuito Regional de Surf do Norte. Pela primeira vez, chega ao Porto a 510 Cup by Nelo \u2013 Surfski Challenge, levando a modalidade \u00e0s praias de Matosinhos.<\/p>\n","protected":false},"excerpt":{"rendered":"<ul>\n<li>A 12.\u00aa edi\u00e7\u00e3o do Porto&amp;Matosinhos Wave Series est\u00e1 prestes a arrancar, reafirmando-se como um dos principais circuitos de desportos de ondas em Portugal.<\/li>\n<li>O evento \u00e9 organizado pela Onda Pura Surf Center, em parceria com as C\u00e2maras Municipais do Porto e de Matosinhos, com apoio t\u00e9cnico da Federa\u00e7\u00e3o Portuguesa de Surf.<\/li>\n<li>O programa come\u00e7a nos dias 24, 25 e 26 de abril com a segunda etapa da Liga MEO Surf &#8211; Go Chill Porto Pro, abrindo a luta pelo t\u00edtulo nacional na categoria Open.<\/li>\n<li>Entre as novidades est\u00e1 a inclus\u00e3o de uma etapa do Titan Trophy, prova multidisciplinar que envolve surf e bodyboard, com v\u00e1rias categorias.<\/li>\n<li>A edi\u00e7\u00e3o traz a Praia da Luz, no Porto, de volta ao cartaz e estreia uma prova de surfski, a Cr\u00e9dito Agr\u00edcola 510 Cup by Nelo &#8211; Surfski Challenge; voltam as etapas do Campeonato Nacional de Longboard e do Circuito Regional de Surf do Norte.<\/li>\n<\/ul>\n","protected":false},"author":2,"featured_media":439673,"comment_status":"closed","ping_status":"closed","sticky":false,"template":"","format":"standard","meta":{"footnotes":""},"categories":[21,24],"tags":[7767,152,1786,1709,982,1014],"class_list":["post-439665","post","type-post","status-publish","format-standard","has-post-thumbnail","hentry","category-desporto","category-futebol","tag-_meio-ambiente","tag-desporto","tag-liga","tag-matosinhos","tag-porto","tag-portugal"],"yoast_head":"<!-- This site is optimized with the Yoast SEO plugin v27.2 - https:\/\/yoast.com\/product\/yoast-seo-wordpress\/ -->\n<title>Porto &amp; Matosinhos Wave Series arranca este m\u00eas nas praias da Frente Atl\u00e2ntica - Portal Tela Portugal<\/title>\n<meta name=\"robots\" content=\"index, follow, max-snippet:-1, max-image-preview:large, max-video-preview:-1\" \/>\n<meta property=\"og:locale\" content=\"pt_PT\" \/>\n<meta property=\"og:type\" content=\"article\" \/>\n<meta property=\"og:title\" content=\"Porto &amp; Matosinhos Wave Series arranca este m\u00eas nas praias da Frente Atl\u00e2ntica - Portal Tela Portugal\" \/>\n<meta property=\"og:description\" content=\"A 12.\u00aa edi\u00e7\u00e3o do Porto&amp;Matosinhos Wave Series est\u00e1 prestes a arrancar, reafirmando-se como um dos principais circuitos de desportos de ondas em Portugal. O evento \u00e9 organizado pela Onda Pura Surf Center, em parceria com as C\u00e2maras Municipais do Porto e de Matosinhos, com apoio t\u00e9cnico da Federa\u00e7\u00e3o Portuguesa de Surf. O programa come\u00e7a nos dias 24, 25 e 26 de abril com a segunda etapa da Liga MEO Surf - Go Chill Porto Pro, abrindo a luta pelo t\u00edtulo nacional na categoria Open. Entre as novidades est\u00e1 a inclus\u00e3o de uma etapa do Titan Trophy, prova multidisciplinar que envolve surf e bodyboard, com v\u00e1rias categorias. A edi\u00e7\u00e3o traz a Praia da Luz, no Porto, de volta ao cartaz e estreia uma prova de surfski, a Cr\u00e9dito Agr\u00edcola 510 Cup by Nelo - Surfski Challenge; voltam as etapas do Campeonato Nacional de Longboard e do Circuito Regional de Surf do Norte.\" \/>\n<meta property=\"og:url\" content=\"https:\/\/portaltela.pt\/noticias\/2026\/04\/10\/porto-matosinhos-wave-series-arranca-este-mes-nas-praias-da-frente-atlantica\/\" \/>\n<meta property=\"og:site_name\" content=\"Portal Tela Portugal\" \/>\n<meta property=\"article:published_time\" content=\"2026-04-10T16:47:23+00:00\" \/>\n<meta name=\"author\" content=\"Telinha\" \/>\n<meta name=\"twitter:card\" content=\"summary_large_image\" \/>\n<meta name=\"twitter:label1\" content=\"Escrito por\" \/>\n\t<meta name=\"twitter:data1\" content=\"Telinha\" \/>\n\t<meta name=\"twitter:label2\" content=\"Tempo estimado de leitura\" \/>\n\t<meta name=\"twitter:data2\" content=\"1 minuto\" \/>\n<script type=\"application\/ld+json\" class=\"yoast-schema-graph\">{\"@context\":\"https:\/\/schema.org\",\"@graph\":[{\"@type\":\"Article\",\"@id\":\"https:\/\/portaltela.pt\/noticias\/2026\/04\/10\/porto-matosinhos-wave-series-arranca-este-mes-nas-praias-da-frente-atlantica\/#article\",\"isPartOf\":{\"@id\":\"https:\/\/portaltela.pt\/noticias\/2026\/04\/10\/porto-matosinhos-wave-series-arranca-este-mes-nas-praias-da-frente-atlantica\/\"},\"author\":{\"name\":\"Telinha\",\"@id\":\"https:\/\/portaltela.pt\/#\/schema\/person\/c4278d4a6028830caff9ee44b42d32ed\"},\"headline\":\"Porto &amp; Matosinhos Wave Series arranca este m\u00eas nas praias da Frente Atl\u00e2ntica\",\"datePublished\":\"2026-04-10T16:47:23+00:00\",\"mainEntityOfPage\":{\"@id\":\"https:\/\/portaltela.pt\/noticias\/2026\/04\/10\/porto-matosinhos-wave-series-arranca-este-mes-nas-praias-da-frente-atlantica\/\"},\"wordCount\":214,\"image\":{\"@id\":\"https:\/\/portaltela.pt\/noticias\/2026\/04\/10\/porto-matosinhos-wave-series-arranca-este-mes-nas-praias-da-frente-atlantica\/#primaryimage\"},\"thumbnailUrl\":\"https:\/\/portaltela.pt\/s.01k8rhncp4jt1\/2026\/04\/image-614.jpg\",\"keywords\":[\"_meio-ambiente\",\"desporto\",\"Liga\",\"Matosinhos\",\"Porto\",\"Portugal\"],\"articleSection\":[\"Desporto\",\"Futebol\"],\"inLanguage\":\"pt-PT\"},{\"@type\":\"WebPage\",\"@id\":\"https:\/\/portaltela.pt\/noticias\/2026\/04\/10\/porto-matosinhos-wave-series-arranca-este-mes-nas-praias-da-frente-atlantica\/\",\"url\":\"https:\/\/portaltela.pt\/noticias\/2026\/04\/10\/porto-matosinhos-wave-series-arranca-este-mes-nas-praias-da-frente-atlantica\/\",\"name\":\"Porto &amp; Matosinhos Wave Series arranca este m\u00eas nas praias da Frente Atl\u00e2ntica - Portal Tela Portugal\",\"isPartOf\":{\"@id\":\"https:\/\/portaltela.pt\/#website\"},\"primaryImageOfPage\":{\"@id\":\"https:\/\/portaltela.pt\/noticias\/2026\/04\/10\/porto-matosinhos-wave-series-arranca-este-mes-nas-praias-da-frente-atlantica\/#primaryimage\"},\"image\":{\"@id\":\"https:\/\/portaltela.pt\/noticias\/2026\/04\/10\/porto-matosinhos-wave-series-arranca-este-mes-nas-praias-da-frente-atlantica\/#primaryimage\"},\"thumbnailUrl\":\"https:\/\/portaltela.pt\/s.01k8rhncp4jt1\/2026\/04\/image-614.jpg\",\"datePublished\":\"2026-04-10T16:47:23+00:00\",\"author\":{\"@id\":\"https:\/\/portaltela.pt\/#\/schema\/person\/c4278d4a6028830caff9ee44b42d32ed\"},\"breadcrumb\":{\"@id\":\"https:\/\/portaltela.pt\/noticias\/2026\/04\/10\/porto-matosinhos-wave-series-arranca-este-mes-nas-praias-da-frente-atlantica\/#breadcrumb\"},\"inLanguage\":\"pt-PT\",\"potentialAction\":[{\"@type\":\"ReadAction\",\"target\":[\"https:\/\/portaltela.pt\/noticias\/2026\/04\/10\/porto-matosinhos-wave-series-arranca-este-mes-nas-praias-da-frente-atlantica\/\"]}]},{\"@type\":\"ImageObject\",\"inLanguage\":\"pt-PT\",\"@id\":\"https:\/\/portaltela.pt\/noticias\/2026\/04\/10\/porto-matosinhos-wave-series-arranca-este-mes-nas-praias-da-frente-atlantica\/#primaryimage\",\"url\":\"https:\/\/portaltela.pt\/s.01k8rhncp4jt1\/2026\/04\/image-614.jpg\",\"contentUrl\":\"https:\/\/portaltela.pt\/s.01k8rhncp4jt1\/2026\/04\/image-614.jpg\",\"width\":796,\"height\":448,\"caption\":\"Competi\u00e7\u00e3o inclui novidades\"},{\"@type\":\"BreadcrumbList\",\"@id\":\"https:\/\/portaltela.pt\/noticias\/2026\/04\/10\/porto-matosinhos-wave-series-arranca-este-mes-nas-praias-da-frente-atlantica\/#breadcrumb\",\"itemListElement\":[{\"@type\":\"ListItem\",\"position\":1,\"name\":\"In\u00edcio\",\"item\":\"https:\/\/portaltela.pt\/\"},{\"@type\":\"ListItem\",\"position\":2,\"name\":\"Porto &amp; Matosinhos Wave Series arranca este m\u00eas nas praias da Frente Atl\u00e2ntica\"}]},{\"@type\":\"WebSite\",\"@id\":\"https:\/\/portaltela.pt\/#website\",\"url\":\"https:\/\/portaltela.pt\/\",\"name\":\"Portal Tela Portugal\",\"description\":\"\",\"potentialAction\":[{\"@type\":\"SearchAction\",\"target\":{\"@type\":\"EntryPoint\",\"urlTemplate\":\"https:\/\/portaltela.pt\/?s={search_term_string}\"},\"query-input\":{\"@type\":\"PropertyValueSpecification\",\"valueRequired\":true,\"valueName\":\"search_term_string\"}}],\"inLanguage\":\"pt-PT\"},{\"@type\":\"Person\",\"@id\":\"https:\/\/portaltela.pt\/#\/schema\/person\/c4278d4a6028830caff9ee44b42d32ed\",\"name\":\"Telinha\",\"image\":{\"@type\":\"ImageObject\",\"inLanguage\":\"pt-PT\",\"@id\":\"https:\/\/portaltela.pt\/s.01k8rhncp4jt1\/2025\/11\/talking-bot-125x125.png\",\"url\":\"https:\/\/portaltela.pt\/s.01k8rhncp4jt1\/2025\/11\/talking-bot-125x125.png\",\"contentUrl\":\"https:\/\/portaltela.pt\/s.01k8rhncp4jt1\/2025\/11\/talking-bot-125x125.png\",\"caption\":\"Telinha\"},\"sameAs\":[\"https:\/\/portaltela.pt\/\"],\"url\":\"https:\/\/portaltela.pt\/por\/367410592786\/\"}]}<\/script>\n<!-- \/ Yoast SEO plugin. -->","yoast_head_json":{"title":"Porto &amp; Matosinhos Wave Series arranca este m\u00eas nas praias da Frente Atl\u00e2ntica - Portal Tela Portugal","robots":{"index":"index","follow":"follow","max-snippet":"max-snippet:-1","max-image-preview":"max-image-preview:large","max-video-preview":"max-video-preview:-1"},"og_locale":"pt_PT","og_type":"article","og_title":"Porto &amp; Matosinhos Wave Series arranca este m\u00eas nas praias da Frente Atl\u00e2ntica - Portal Tela Portugal","og_description":"A 12.\u00aa edi\u00e7\u00e3o do Porto&amp;Matosinhos Wave Series est\u00e1 prestes a arrancar, reafirmando-se como um dos principais circuitos de desportos de ondas em Portugal. O evento \u00e9 organizado pela Onda Pura Surf Center, em parceria com as C\u00e2maras Municipais do Porto e de Matosinhos, com apoio t\u00e9cnico da Federa\u00e7\u00e3o Portuguesa de Surf. O programa come\u00e7a nos dias 24, 25 e 26 de abril com a segunda etapa da Liga MEO Surf - Go Chill Porto Pro, abrindo a luta pelo t\u00edtulo nacional na categoria Open. Entre as novidades est\u00e1 a inclus\u00e3o de uma etapa do Titan Trophy, prova multidisciplinar que envolve surf e bodyboard, com v\u00e1rias categorias. A edi\u00e7\u00e3o traz a Praia da Luz, no Porto, de volta ao cartaz e estreia uma prova de surfski, a Cr\u00e9dito Agr\u00edcola 510 Cup by Nelo - Surfski Challenge; voltam as etapas do Campeonato Nacional de Longboard e do Circuito Regional de Surf do Norte.","og_url":"https:\/\/portaltela.pt\/noticias\/2026\/04\/10\/porto-matosinhos-wave-series-arranca-este-mes-nas-praias-da-frente-atlantica\/","og_site_name":"Portal Tela Portugal","article_published_time":"2026-04-10T16:47:23+00:00","author":"Telinha","twitter_card":"summary_large_image","twitter_misc":{"Escrito por":"Telinha","Tempo estimado de leitura":"1 minuto"},"schema":{"@context":"https:\/\/schema.org","@graph":[{"@type":"Article","@id":"https:\/\/portaltela.pt\/noticias\/2026\/04\/10\/porto-matosinhos-wave-series-arranca-este-mes-nas-praias-da-frente-atlantica\/#article","isPartOf":{"@id":"https:\/\/portaltela.pt\/noticias\/2026\/04\/10\/porto-matosinhos-wave-series-arranca-este-mes-nas-praias-da-frente-atlantica\/"},"author":{"name":"Telinha","@id":"https:\/\/portaltela.pt\/#\/schema\/person\/c4278d4a6028830caff9ee44b42d32ed"},"headline":"Porto &amp; Matosinhos Wave Series arranca este m\u00eas nas praias da Frente Atl\u00e2ntica","datePublished":"2026-04-10T16:47:23+00:00","mainEntityOfPage":{"@id":"https:\/\/portaltela.pt\/noticias\/2026\/04\/10\/porto-matosinhos-wave-series-arranca-este-mes-nas-praias-da-frente-atlantica\/"},"wordCount":214,"image":{"@id":"https:\/\/portaltela.pt\/noticias\/2026\/04\/10\/porto-matosinhos-wave-series-arranca-este-mes-nas-praias-da-frente-atlantica\/#primaryimage"},"thumbnailUrl":"https:\/\/portaltela.pt\/s.01k8rhncp4jt1\/2026\/04\/image-614.jpg","keywords":["_meio-ambiente","desporto","Liga","Matosinhos","Porto","Portugal"],"articleSection":["Desporto","Futebol"],"inLanguage":"pt-PT"},{"@type":"WebPage","@id":"https:\/\/portaltela.pt\/noticias\/2026\/04\/10\/porto-matosinhos-wave-series-arranca-este-mes-nas-praias-da-frente-atlantica\/","url":"https:\/\/portaltela.pt\/noticias\/2026\/04\/10\/porto-matosinhos-wave-series-arranca-este-mes-nas-praias-da-frente-atlantica\/","name":"Porto &amp; Matosinhos Wave Series arranca este m\u00eas nas praias da Frente Atl\u00e2ntica - Portal Tela Portugal","isPartOf":{"@id":"https:\/\/portaltela.pt\/#website"},"primaryImageOfPage":{"@id":"https:\/\/portaltela.pt\/noticias\/2026\/04\/10\/porto-matosinhos-wave-series-arranca-este-mes-nas-praias-da-frente-atlantica\/#primaryimage"},"image":{"@id":"https:\/\/portaltela.pt\/noticias\/2026\/04\/10\/porto-matosinhos-wave-series-arranca-este-mes-nas-praias-da-frente-atlantica\/#primaryimage"},"thumbnailUrl":"https:\/\/portaltela.pt\/s.01k8rhncp4jt1\/2026\/04\/image-614.jpg","datePublished":"2026-04-10T16:47:23+00:00","author":{"@id":"https:\/\/portaltela.pt\/#\/schema\/person\/c4278d4a6028830caff9ee44b42d32ed"},"breadcrumb":{"@id":"https:\/\/portaltela.pt\/noticias\/2026\/04\/10\/porto-matosinhos-wave-series-arranca-este-mes-nas-praias-da-frente-atlantica\/#breadcrumb"},"inLanguage":"pt-PT","potentialAction":[{"@type":"ReadAction","target":["https:\/\/portaltela.pt\/noticias\/2026\/04\/10\/porto-matosinhos-wave-series-arranca-este-mes-nas-praias-da-frente-atlantica\/"]}]},{"@type":"ImageObject","inLanguage":"pt-PT","@id":"https:\/\/portaltela.pt\/noticias\/2026\/04\/10\/porto-matosinhos-wave-series-arranca-este-mes-nas-praias-da-frente-atlantica\/#primaryimage","url":"https:\/\/portaltela.pt\/s.01k8rhncp4jt1\/2026\/04\/image-614.jpg","contentUrl":"https:\/\/portaltela.pt\/s.01k8rhncp4jt1\/2026\/04\/image-614.jpg","width":796,"height":448,"caption":"Competi\u00e7\u00e3o inclui novidades"},{"@type":"BreadcrumbList","@id":"https:\/\/portaltela.pt\/noticias\/2026\/04\/10\/porto-matosinhos-wave-series-arranca-este-mes-nas-praias-da-frente-atlantica\/#breadcrumb","itemListElement":[{"@type":"ListItem","position":1,"name":"In\u00edcio","item":"https:\/\/portaltela.pt\/"},{"@type":"ListItem","position":2,"name":"Porto &amp; Matosinhos Wave Series arranca este m\u00eas nas praias da Frente Atl\u00e2ntica"}]},{"@type":"WebSite","@id":"https:\/\/portaltela.pt\/#website","url":"https:\/\/portaltela.pt\/","name":"Portal Tela Portugal","description":"","potentialAction":[{"@type":"SearchAction","target":{"@type":"EntryPoint","urlTemplate":"https:\/\/portaltela.pt\/?s={search_term_string}"},"query-input":{"@type":"PropertyValueSpecification","valueRequired":true,"valueName":"search_term_string"}}],"inLanguage":"pt-PT"},{"@type":"Person","@id":"https:\/\/portaltela.pt\/#\/schema\/person\/c4278d4a6028830caff9ee44b42d32ed","name":"Telinha","image":{"@type":"ImageObject","inLanguage":"pt-PT","@id":"https:\/\/portaltela.pt\/s.01k8rhncp4jt1\/2025\/11\/talking-bot-125x125.png","url":"https:\/\/portaltela.pt\/s.01k8rhncp4jt1\/2025\/11\/talking-bot-125x125.png","contentUrl":"https:\/\/portaltela.pt\/s.01k8rhncp4jt1\/2025\/11\/talking-bot-125x125.png","caption":"Telinha"},"sameAs":["https:\/\/portaltela.pt\/"],"url":"https:\/\/portaltela.pt\/por\/367410592786\/"}]}},"_links":{"self":[{"href":"https:\/\/portaltela.pt\/api\/wp\/v2\/posts\/439665","targetHints":{"allow":["GET"]}}],"collection":[{"href":"https:\/\/portaltela.pt\/api\/wp\/v2\/posts"}],"about":[{"href":"https:\/\/portaltela.pt\/api\/wp\/v2\/types\/post"}],"author":[{"embeddable":true,"href":"https:\/\/portaltela.pt\/api\/wp\/v2\/users\/2"}],"replies":[{"embeddable":true,"href":"https:\/\/portaltela.pt\/api\/wp\/v2\/comments?post=439665"}],"version-history":[{"count":0,"href":"https:\/\/portaltela.pt\/api\/wp\/v2\/posts\/439665\/revisions"}],"wp:featuredmedia":[{"embeddable":true,"href":"https:\/\/portaltela.pt\/api\/wp\/v2\/media\/439673"}],"wp:attachment":[{"href":"https:\/\/portaltela.pt\/api\/wp\/v2\/media?parent=439665"}],"wp:term":[{"taxonomy":"category","embeddable":true,"href":"https:\/\/portaltela.pt\/api\/wp\/v2\/categories?post=439665"},{"taxonomy":"post_tag","embeddable":true,"href":"https:\/\/portaltela.pt\/api\/wp\/v2\/tags?post=439665"}],"curies":[{"name":"wp","href":"https:\/\/api.w.org\/{rel}","templated":true}]}}