{"id":439662,"date":"2026-04-10T13:47:20","date_gmt":"2026-04-10T16:47:20","guid":{"rendered":"https:\/\/portaltela.pt\/noticias\/2026\/04\/10\/associacoes-de-classe-reunem-se-no-sindicato-dos-jogadores\/"},"modified":"2026-04-10T13:47:20","modified_gmt":"2026-04-10T16:47:20","slug":"associacoes-de-classe-reunem-se-no-sindicato-dos-jogadores","status":"publish","type":"post","link":"https:\/\/portaltela.pt\/desporto\/futebol\/2026\/04\/10\/associacoes-de-classe-reunem-se-no-sindicato-dos-jogadores\/","title":{"rendered":"Associa\u00e7\u00f5es de classe re\u00fanem-se no Sindicato dos Jogadores"},"content":{"rendered":"<p>Decorreu nesta quinta-feira, 9 de abril, uma reuni\u00e3o entre representantes das associa\u00e7\u00f5es de classe \u2014 jogadores, treinadores, \u00e1rbitros, dirigentes e enfermeiros \u2014 nas instala\u00e7\u00f5es do Sindicato dos Jogadores, em Lisboa. O encontro teve car\u00e1ter de trabalho, com foco em coopera\u00e7\u00e3o e defesa de interesses.<\/p>\n<p>Participaram na sess\u00e3o Joaquim Evangelista (presidente do Sindicato dos Jogadores), Henrique Calisto (presidente da ANTTF), Jos\u00e9 Borges (presidente da Associa\u00e7\u00e3o Portuguesa de \u00c1rbitros de Futebol), Diamantino Gon\u00e7alves (presidente da ANDF) e Carlos Alberto Morais (presidente da ANED Massagistas e Enfermeiros Desportivos).<\/p>\n<p>Foram analisadas prioridades de cada organiza\u00e7\u00e3o e possibilidades de coopera\u00e7\u00e3o institucional, bem como projetos a desenvolver para os associados. O objetivo \u00e9 alinhar a\u00e7\u00f5es entre as diferentes \u00e1reas do futebol portugu\u00eas.<\/p>\n<h3>Temas discutidos<\/h3>\n<p>A reuni\u00e3o abordou quest\u00f5es relevantes para o panorama atual do futebol em Portugal, incluindo \u00e1reas de atua\u00e7\u00e3o conjunta, prioridades de defesa de interesses e potenciais iniciativas futuras. O encontro serviu para estabelecer nexos entre as associa\u00e7\u00f5es presentes.<\/p>\n","protected":false},"excerpt":{"rendered":"<ul>\n<li>Reuni\u00e3o realizada a 9 de abril, nas instala\u00e7\u00f5es do Sindicato dos Jogadores, em Lisboa, com representantes de associa\u00e7\u00f5es de classe ligadas a futebol.<\/li>\n<li>Presentes: Joaquim Evangelista (presidente do Sindicato dos Jogadores), Henrique Calisto (Associa\u00e7\u00e3o Nacional dos Treinadores de Futebol), Jos\u00e9 Borges (Associa\u00e7\u00e3o Portuguesa de \u00c1rbitros de Futebol), Diamantino Gon\u00e7alves (Associa\u00e7\u00e3o Nacional dos Dirigentes de Futebol) e Carlos Alberto Morais (Associa\u00e7\u00e3o Nacional de Enfermeiros Desportivos e Massagistas de Futebol, Futsal e Praia).<\/li>\n<li>Os temas discutidos focaram as quest\u00f5es atuais do futebol portugu\u00eas e as prioridades de cada organiza\u00e7\u00e3o na defesa dos interesses dos associados.<\/li>\n<li>Foi ainda abordada a coopera\u00e7\u00e3o institucional entre as entidades e poss\u00edveis projetos a desenvolver.<\/li>\n<\/ul>\n","protected":false},"author":2,"featured_media":439667,"comment_status":"closed","ping_status":"closed","sticky":false,"template":"","format":"standard","meta":{"footnotes":""},"categories":[21,24],"tags":[6920,679,4654,1748,4308,32],"class_list":["post-439662","post","type-post","status-publish","format-standard","has-post-thumbnail","hentry","category-desporto","category-futebol","tag-arbitros","tag-associacoes","tag-cooperacao-institucional","tag-dirigentes","tag-enfermeiros","tag-futebol"],"yoast_head":"<!-- This site is optimized with the Yoast SEO plugin v27.2 - https:\/\/yoast.com\/product\/yoast-seo-wordpress\/ -->\n<title>Associa\u00e7\u00f5es de classe re\u00fanem-se no Sindicato dos Jogadores - Portal Tela Portugal<\/title>\n<meta name=\"robots\" content=\"index, follow, max-snippet:-1, max-image-preview:large, max-video-preview:-1\" \/>\n<meta property=\"og:locale\" content=\"pt_PT\" \/>\n<meta property=\"og:type\" content=\"article\" \/>\n<meta property=\"og:title\" content=\"Associa\u00e7\u00f5es de classe re\u00fanem-se no Sindicato dos Jogadores - Portal Tela Portugal\" \/>\n<meta property=\"og:description\" content=\"Reuni\u00e3o realizada a 9 de abril, nas instala\u00e7\u00f5es do Sindicato dos Jogadores, em Lisboa, com representantes de associa\u00e7\u00f5es de classe ligadas a futebol. Presentes: Joaquim Evangelista (presidente do Sindicato dos Jogadores), Henrique Calisto (Associa\u00e7\u00e3o Nacional dos Treinadores de Futebol), Jos\u00e9 Borges (Associa\u00e7\u00e3o Portuguesa de \u00c1rbitros de Futebol), Diamantino Gon\u00e7alves (Associa\u00e7\u00e3o Nacional dos Dirigentes de Futebol) e Carlos Alberto Morais (Associa\u00e7\u00e3o Nacional de Enfermeiros Desportivos e Massagistas de Futebol, Futsal e Praia). Os temas discutidos focaram as quest\u00f5es atuais do futebol portugu\u00eas e as prioridades de cada organiza\u00e7\u00e3o na defesa dos interesses dos associados. Foi ainda abordada a coopera\u00e7\u00e3o institucional entre as entidades e poss\u00edveis projetos a desenvolver.\" \/>\n<meta property=\"og:url\" content=\"https:\/\/portaltela.pt\/noticias\/2026\/04\/10\/associacoes-de-classe-reunem-se-no-sindicato-dos-jogadores\/\" \/>\n<meta property=\"og:site_name\" content=\"Portal Tela Portugal\" \/>\n<meta property=\"article:published_time\" content=\"2026-04-10T16:47:20+00:00\" \/>\n<meta name=\"author\" content=\"Telinha\" \/>\n<meta name=\"twitter:card\" content=\"summary_large_image\" \/>\n<meta name=\"twitter:label1\" content=\"Escrito por\" \/>\n\t<meta name=\"twitter:data1\" content=\"Telinha\" \/>\n\t<meta name=\"twitter:label2\" content=\"Tempo estimado de leitura\" \/>\n\t<meta name=\"twitter:data2\" content=\"1 minuto\" \/>\n<script type=\"application\/ld+json\" class=\"yoast-schema-graph\">{\"@context\":\"https:\/\/schema.org\",\"@graph\":[{\"@type\":\"Article\",\"@id\":\"https:\/\/portaltela.pt\/noticias\/2026\/04\/10\/associacoes-de-classe-reunem-se-no-sindicato-dos-jogadores\/#article\",\"isPartOf\":{\"@id\":\"https:\/\/portaltela.pt\/noticias\/2026\/04\/10\/associacoes-de-classe-reunem-se-no-sindicato-dos-jogadores\/\"},\"author\":{\"name\":\"Telinha\",\"@id\":\"https:\/\/portaltela.pt\/#\/schema\/person\/c4278d4a6028830caff9ee44b42d32ed\"},\"headline\":\"Associa\u00e7\u00f5es de classe re\u00fanem-se no Sindicato dos Jogadores\",\"datePublished\":\"2026-04-10T16:47:20+00:00\",\"mainEntityOfPage\":{\"@id\":\"https:\/\/portaltela.pt\/noticias\/2026\/04\/10\/associacoes-de-classe-reunem-se-no-sindicato-dos-jogadores\/\"},\"wordCount\":177,\"image\":{\"@id\":\"https:\/\/portaltela.pt\/noticias\/2026\/04\/10\/associacoes-de-classe-reunem-se-no-sindicato-dos-jogadores\/#primaryimage\"},\"thumbnailUrl\":\"https:\/\/portaltela.pt\/s.01k8rhncp4jt1\/2026\/04\/img_920x518uu2026-04-10-17-00-24-2432212-im-639114372589371580.jpg\",\"keywords\":[\"\u00e1rbitros\",\"associa\u00e7\u00f5es\",\"coopera\u00e7\u00e3o institucional\",\"Dirigentes\",\"enfermeiros\",\"futebol\"],\"articleSection\":[\"Desporto\",\"Futebol\"],\"inLanguage\":\"pt-PT\"},{\"@type\":\"WebPage\",\"@id\":\"https:\/\/portaltela.pt\/noticias\/2026\/04\/10\/associacoes-de-classe-reunem-se-no-sindicato-dos-jogadores\/\",\"url\":\"https:\/\/portaltela.pt\/noticias\/2026\/04\/10\/associacoes-de-classe-reunem-se-no-sindicato-dos-jogadores\/\",\"name\":\"Associa\u00e7\u00f5es de classe re\u00fanem-se no Sindicato dos Jogadores - Portal Tela Portugal\",\"isPartOf\":{\"@id\":\"https:\/\/portaltela.pt\/#website\"},\"primaryImageOfPage\":{\"@id\":\"https:\/\/portaltela.pt\/noticias\/2026\/04\/10\/associacoes-de-classe-reunem-se-no-sindicato-dos-jogadores\/#primaryimage\"},\"image\":{\"@id\":\"https:\/\/portaltela.pt\/noticias\/2026\/04\/10\/associacoes-de-classe-reunem-se-no-sindicato-dos-jogadores\/#primaryimage\"},\"thumbnailUrl\":\"https:\/\/portaltela.pt\/s.01k8rhncp4jt1\/2026\/04\/img_920x518uu2026-04-10-17-00-24-2432212-im-639114372589371580.jpg\",\"datePublished\":\"2026-04-10T16:47:20+00:00\",\"author\":{\"@id\":\"https:\/\/portaltela.pt\/#\/schema\/person\/c4278d4a6028830caff9ee44b42d32ed\"},\"breadcrumb\":{\"@id\":\"https:\/\/portaltela.pt\/noticias\/2026\/04\/10\/associacoes-de-classe-reunem-se-no-sindicato-dos-jogadores\/#breadcrumb\"},\"inLanguage\":\"pt-PT\",\"potentialAction\":[{\"@type\":\"ReadAction\",\"target\":[\"https:\/\/portaltela.pt\/noticias\/2026\/04\/10\/associacoes-de-classe-reunem-se-no-sindicato-dos-jogadores\/\"]}]},{\"@type\":\"ImageObject\",\"inLanguage\":\"pt-PT\",\"@id\":\"https:\/\/portaltela.pt\/noticias\/2026\/04\/10\/associacoes-de-classe-reunem-se-no-sindicato-dos-jogadores\/#primaryimage\",\"url\":\"https:\/\/portaltela.pt\/s.01k8rhncp4jt1\/2026\/04\/img_920x518uu2026-04-10-17-00-24-2432212-im-639114372589371580.jpg\",\"contentUrl\":\"https:\/\/portaltela.pt\/s.01k8rhncp4jt1\/2026\/04\/img_920x518uu2026-04-10-17-00-24-2432212-im-639114372589371580.jpg\",\"width\":796,\"height\":448,\"caption\":\"Sindicato dos Jogadores re\u00fane associa\u00e7\u00f5es para debater coopera\u00e7\u00e3o\"},{\"@type\":\"BreadcrumbList\",\"@id\":\"https:\/\/portaltela.pt\/noticias\/2026\/04\/10\/associacoes-de-classe-reunem-se-no-sindicato-dos-jogadores\/#breadcrumb\",\"itemListElement\":[{\"@type\":\"ListItem\",\"position\":1,\"name\":\"In\u00edcio\",\"item\":\"https:\/\/portaltela.pt\/\"},{\"@type\":\"ListItem\",\"position\":2,\"name\":\"Associa\u00e7\u00f5es de classe re\u00fanem-se no Sindicato dos Jogadores\"}]},{\"@type\":\"WebSite\",\"@id\":\"https:\/\/portaltela.pt\/#website\",\"url\":\"https:\/\/portaltela.pt\/\",\"name\":\"Portal Tela Portugal\",\"description\":\"\",\"potentialAction\":[{\"@type\":\"SearchAction\",\"target\":{\"@type\":\"EntryPoint\",\"urlTemplate\":\"https:\/\/portaltela.pt\/?s={search_term_string}\"},\"query-input\":{\"@type\":\"PropertyValueSpecification\",\"valueRequired\":true,\"valueName\":\"search_term_string\"}}],\"inLanguage\":\"pt-PT\"},{\"@type\":\"Person\",\"@id\":\"https:\/\/portaltela.pt\/#\/schema\/person\/c4278d4a6028830caff9ee44b42d32ed\",\"name\":\"Telinha\",\"image\":{\"@type\":\"ImageObject\",\"inLanguage\":\"pt-PT\",\"@id\":\"https:\/\/portaltela.pt\/s.01k8rhncp4jt1\/2025\/11\/talking-bot-125x125.png\",\"url\":\"https:\/\/portaltela.pt\/s.01k8rhncp4jt1\/2025\/11\/talking-bot-125x125.png\",\"contentUrl\":\"https:\/\/portaltela.pt\/s.01k8rhncp4jt1\/2025\/11\/talking-bot-125x125.png\",\"caption\":\"Telinha\"},\"sameAs\":[\"https:\/\/portaltela.pt\/\"],\"url\":\"https:\/\/portaltela.pt\/por\/367410592786\/\"}]}<\/script>\n<!-- \/ Yoast SEO plugin. -->","yoast_head_json":{"title":"Associa\u00e7\u00f5es de classe re\u00fanem-se no Sindicato dos Jogadores - Portal Tela Portugal","robots":{"index":"index","follow":"follow","max-snippet":"max-snippet:-1","max-image-preview":"max-image-preview:large","max-video-preview":"max-video-preview:-1"},"og_locale":"pt_PT","og_type":"article","og_title":"Associa\u00e7\u00f5es de classe re\u00fanem-se no Sindicato dos Jogadores - Portal Tela Portugal","og_description":"Reuni\u00e3o realizada a 9 de abril, nas instala\u00e7\u00f5es do Sindicato dos Jogadores, em Lisboa, com representantes de associa\u00e7\u00f5es de classe ligadas a futebol. Presentes: Joaquim Evangelista (presidente do Sindicato dos Jogadores), Henrique Calisto (Associa\u00e7\u00e3o Nacional dos Treinadores de Futebol), Jos\u00e9 Borges (Associa\u00e7\u00e3o Portuguesa de \u00c1rbitros de Futebol), Diamantino Gon\u00e7alves (Associa\u00e7\u00e3o Nacional dos Dirigentes de Futebol) e Carlos Alberto Morais (Associa\u00e7\u00e3o Nacional de Enfermeiros Desportivos e Massagistas de Futebol, Futsal e Praia). Os temas discutidos focaram as quest\u00f5es atuais do futebol portugu\u00eas e as prioridades de cada organiza\u00e7\u00e3o na defesa dos interesses dos associados. Foi ainda abordada a coopera\u00e7\u00e3o institucional entre as entidades e poss\u00edveis projetos a desenvolver.","og_url":"https:\/\/portaltela.pt\/noticias\/2026\/04\/10\/associacoes-de-classe-reunem-se-no-sindicato-dos-jogadores\/","og_site_name":"Portal Tela Portugal","article_published_time":"2026-04-10T16:47:20+00:00","author":"Telinha","twitter_card":"summary_large_image","twitter_misc":{"Escrito por":"Telinha","Tempo estimado de leitura":"1 minuto"},"schema":{"@context":"https:\/\/schema.org","@graph":[{"@type":"Article","@id":"https:\/\/portaltela.pt\/noticias\/2026\/04\/10\/associacoes-de-classe-reunem-se-no-sindicato-dos-jogadores\/#article","isPartOf":{"@id":"https:\/\/portaltela.pt\/noticias\/2026\/04\/10\/associacoes-de-classe-reunem-se-no-sindicato-dos-jogadores\/"},"author":{"name":"Telinha","@id":"https:\/\/portaltela.pt\/#\/schema\/person\/c4278d4a6028830caff9ee44b42d32ed"},"headline":"Associa\u00e7\u00f5es de classe re\u00fanem-se no Sindicato dos Jogadores","datePublished":"2026-04-10T16:47:20+00:00","mainEntityOfPage":{"@id":"https:\/\/portaltela.pt\/noticias\/2026\/04\/10\/associacoes-de-classe-reunem-se-no-sindicato-dos-jogadores\/"},"wordCount":177,"image":{"@id":"https:\/\/portaltela.pt\/noticias\/2026\/04\/10\/associacoes-de-classe-reunem-se-no-sindicato-dos-jogadores\/#primaryimage"},"thumbnailUrl":"https:\/\/portaltela.pt\/s.01k8rhncp4jt1\/2026\/04\/img_920x518uu2026-04-10-17-00-24-2432212-im-639114372589371580.jpg","keywords":["\u00e1rbitros","associa\u00e7\u00f5es","coopera\u00e7\u00e3o institucional","Dirigentes","enfermeiros","futebol"],"articleSection":["Desporto","Futebol"],"inLanguage":"pt-PT"},{"@type":"WebPage","@id":"https:\/\/portaltela.pt\/noticias\/2026\/04\/10\/associacoes-de-classe-reunem-se-no-sindicato-dos-jogadores\/","url":"https:\/\/portaltela.pt\/noticias\/2026\/04\/10\/associacoes-de-classe-reunem-se-no-sindicato-dos-jogadores\/","name":"Associa\u00e7\u00f5es de classe re\u00fanem-se no Sindicato dos Jogadores - Portal Tela Portugal","isPartOf":{"@id":"https:\/\/portaltela.pt\/#website"},"primaryImageOfPage":{"@id":"https:\/\/portaltela.pt\/noticias\/2026\/04\/10\/associacoes-de-classe-reunem-se-no-sindicato-dos-jogadores\/#primaryimage"},"image":{"@id":"https:\/\/portaltela.pt\/noticias\/2026\/04\/10\/associacoes-de-classe-reunem-se-no-sindicato-dos-jogadores\/#primaryimage"},"thumbnailUrl":"https:\/\/portaltela.pt\/s.01k8rhncp4jt1\/2026\/04\/img_920x518uu2026-04-10-17-00-24-2432212-im-639114372589371580.jpg","datePublished":"2026-04-10T16:47:20+00:00","author":{"@id":"https:\/\/portaltela.pt\/#\/schema\/person\/c4278d4a6028830caff9ee44b42d32ed"},"breadcrumb":{"@id":"https:\/\/portaltela.pt\/noticias\/2026\/04\/10\/associacoes-de-classe-reunem-se-no-sindicato-dos-jogadores\/#breadcrumb"},"inLanguage":"pt-PT","potentialAction":[{"@type":"ReadAction","target":["https:\/\/portaltela.pt\/noticias\/2026\/04\/10\/associacoes-de-classe-reunem-se-no-sindicato-dos-jogadores\/"]}]},{"@type":"ImageObject","inLanguage":"pt-PT","@id":"https:\/\/portaltela.pt\/noticias\/2026\/04\/10\/associacoes-de-classe-reunem-se-no-sindicato-dos-jogadores\/#primaryimage","url":"https:\/\/portaltela.pt\/s.01k8rhncp4jt1\/2026\/04\/img_920x518uu2026-04-10-17-00-24-2432212-im-639114372589371580.jpg","contentUrl":"https:\/\/portaltela.pt\/s.01k8rhncp4jt1\/2026\/04\/img_920x518uu2026-04-10-17-00-24-2432212-im-639114372589371580.jpg","width":796,"height":448,"caption":"Sindicato dos Jogadores re\u00fane associa\u00e7\u00f5es para debater coopera\u00e7\u00e3o"},{"@type":"BreadcrumbList","@id":"https:\/\/portaltela.pt\/noticias\/2026\/04\/10\/associacoes-de-classe-reunem-se-no-sindicato-dos-jogadores\/#breadcrumb","itemListElement":[{"@type":"ListItem","position":1,"name":"In\u00edcio","item":"https:\/\/portaltela.pt\/"},{"@type":"ListItem","position":2,"name":"Associa\u00e7\u00f5es de classe re\u00fanem-se no Sindicato dos Jogadores"}]},{"@type":"WebSite","@id":"https:\/\/portaltela.pt\/#website","url":"https:\/\/portaltela.pt\/","name":"Portal Tela Portugal","description":"","potentialAction":[{"@type":"SearchAction","target":{"@type":"EntryPoint","urlTemplate":"https:\/\/portaltela.pt\/?s={search_term_string}"},"query-input":{"@type":"PropertyValueSpecification","valueRequired":true,"valueName":"search_term_string"}}],"inLanguage":"pt-PT"},{"@type":"Person","@id":"https:\/\/portaltela.pt\/#\/schema\/person\/c4278d4a6028830caff9ee44b42d32ed","name":"Telinha","image":{"@type":"ImageObject","inLanguage":"pt-PT","@id":"https:\/\/portaltela.pt\/s.01k8rhncp4jt1\/2025\/11\/talking-bot-125x125.png","url":"https:\/\/portaltela.pt\/s.01k8rhncp4jt1\/2025\/11\/talking-bot-125x125.png","contentUrl":"https:\/\/portaltela.pt\/s.01k8rhncp4jt1\/2025\/11\/talking-bot-125x125.png","caption":"Telinha"},"sameAs":["https:\/\/portaltela.pt\/"],"url":"https:\/\/portaltela.pt\/por\/367410592786\/"}]}},"_links":{"self":[{"href":"https:\/\/portaltela.pt\/api\/wp\/v2\/posts\/439662","targetHints":{"allow":["GET"]}}],"collection":[{"href":"https:\/\/portaltela.pt\/api\/wp\/v2\/posts"}],"about":[{"href":"https:\/\/portaltela.pt\/api\/wp\/v2\/types\/post"}],"author":[{"embeddable":true,"href":"https:\/\/portaltela.pt\/api\/wp\/v2\/users\/2"}],"replies":[{"embeddable":true,"href":"https:\/\/portaltela.pt\/api\/wp\/v2\/comments?post=439662"}],"version-history":[{"count":0,"href":"https:\/\/portaltela.pt\/api\/wp\/v2\/posts\/439662\/revisions"}],"wp:featuredmedia":[{"embeddable":true,"href":"https:\/\/portaltela.pt\/api\/wp\/v2\/media\/439667"}],"wp:attachment":[{"href":"https:\/\/portaltela.pt\/api\/wp\/v2\/media?parent=439662"}],"wp:term":[{"taxonomy":"category","embeddable":true,"href":"https:\/\/portaltela.pt\/api\/wp\/v2\/categories?post=439662"},{"taxonomy":"post_tag","embeddable":true,"href":"https:\/\/portaltela.pt\/api\/wp\/v2\/tags?post=439662"}],"curies":[{"name":"wp","href":"https:\/\/api.w.org\/{rel}","templated":true}]}}