{"id":439647,"date":"2026-04-10T13:32:15","date_gmt":"2026-04-10T16:32:15","guid":{"rendered":"https:\/\/portaltela.pt\/noticias\/2026\/04\/10\/portugal-relativamente-protegido-de-crise-de-abastecimento-afirma-ministra\/"},"modified":"2026-04-10T13:32:15","modified_gmt":"2026-04-10T16:32:15","slug":"portugal-relativamente-protegido-de-crise-de-abastecimento-afirma-ministra","status":"publish","type":"post","link":"https:\/\/portaltela.pt\/renovaveis\/2026\/04\/10\/portugal-relativamente-protegido-de-crise-de-abastecimento-afirma-ministra\/","title":{"rendered":"Portugal relativamente protegido de crise de abastecimento, afirma ministra"},"content":{"rendered":"<p>Portugal est\u00e1 relativamente protegido de uma crise de abastecimento energ\u00e9tico, segundo a ministra do Ambiente e Energia, Maria da Gra\u00e7a Carvalho. A garantia foi feita aos jornalistas durante o lan\u00e7amento do Sistema de Dep\u00f3sito e Reembolso.<\/p>\n<p>A ministra destacou que mais de 80% da eletricidade \u00e9 proveniente de renov\u00e1veis, o que aumenta a resili\u00eancia do sistema. O peso das renov\u00e1veis reduz o impacto do g\u00e1s nos pre\u00e7os da eletricidade.<\/p>\n<p>O gas\u00f3leo de origem gas no fornecimento tem hoje papel mais limitado. A gest\u00e3o da crise energ\u00e9ticas n\u00e3o depende tanto do g\u00e1s como no passado, afirmou a governante.<\/p>\n<h3>Diversifica\u00e7\u00e3o de fornecedores<\/h3>\n<p>Portugal apresenta uma rede de fornecedores diversificada, com liga\u00e7\u00f5es ao Atl\u00e2ntico e menos exposi\u00e7\u00e3o geopol\u00edtica. Entre os parceiros est\u00e3o os Estados Unidos, Brasil e Nig\u00e9ria; a Arg\u00e9lia encontra-se fora de zonas de conflito.<\/p>\n<p>A exist\u00eancia de reservas e uma refinaria em funcionamento tamb\u00e9m contribuem para a seguran\u00e7a energ\u00e9tica interna, refor\u00e7ou a ministra.<\/p>\n<p>Al\u00e9m disso, a infraestrutura ib\u00e9rica de importa\u00e7\u00e3o de g\u00e1s aumenta a margem de resposta em caso de disrup\u00e7\u00f5es, com v\u00e1rios pontos de entrada e portos entre Portugal e Espanha.<\/p>\n<p>No plano econ\u00f3mico, Carvalho reconheceu que o pa\u00eds continua exposto ao pre\u00e7o global da energia, mesmo com o refor\u00e7o da oferta. N\u00e3o h\u00e1, contudo, previs\u00e3o de uma crise energ\u00e9tica nos termos da UE, partindo a premissa de entendimento geopol\u00edtico nos pr\u00f3ximos dias.<\/p>\n","protected":false},"excerpt":{"rendered":"<ul>\n<li>Portugal est\u00e1 relativamente protegido de uma crise de abastecimento energ\u00e9tico, gra\u00e7as a mais de 80% de energia el\u00e9ctrica proveniente de renov\u00e1veis e \u00e0 diversifica\u00e7\u00e3o de fornecedores.<\/li>\n<li>O g\u00e1s tem um papel menos determinante no pre\u00e7o da eletricidade, ao contr\u00e1rio do que ocorreu na crise de 2022.<\/li>\n<li>O fornecimento de g\u00e1s natural e petr\u00f3leo est\u00e1 menos exposto ao risco geopol\u00edtico, com fornecedores principalmente no Atl\u00e2ntico (Estados Unidos, Brasil, Nig\u00e9ria) e sem envolvimento direto da Arg\u00e9lia em zonas de conflito.<\/li>\n<li>A exist\u00eancia de reservas e uma refinaria interna conferem maior confian\u00e7a no abastecimento, complementadas por uma infraestrutura ib\u00e9rica de importa\u00e7\u00e3o de g\u00e1s com v\u00e1rios portos.<\/li>\n<li>Mesmo assim, Portugal permanece exposto aos pre\u00e7os globais de energia, e n\u00e3o se antecipa uma crise energ\u00e9tica nos termos da Uni\u00e3o Europeia, dependendo de potenciais acordos geopol\u00edticos nos pr\u00f3ximos dias.<\/li>\n<\/ul>\n","protected":false},"author":2,"featured_media":439648,"comment_status":"closed","ping_status":"closed","sticky":false,"template":"","format":"standard","meta":{"footnotes":""},"categories":[6806,7382],"tags":[6115,7775,7767,3603],"class_list":["post-439647","post","type-post","status-publish","format-standard","has-post-thumbnail","hentry","category-energia","category-renovaveis","tag-_economia","tag-_energia","tag-_meio-ambiente","tag-energias-renovaveis"],"yoast_head":"<!-- This site is optimized with the Yoast SEO plugin v27.2 - https:\/\/yoast.com\/product\/yoast-seo-wordpress\/ -->\n<title>Portugal relativamente protegido de crise de abastecimento, afirma ministra - Portal Tela Portugal<\/title>\n<meta name=\"robots\" content=\"index, follow, max-snippet:-1, max-image-preview:large, max-video-preview:-1\" \/>\n<meta property=\"og:locale\" content=\"pt_PT\" \/>\n<meta property=\"og:type\" content=\"article\" \/>\n<meta property=\"og:title\" content=\"Portugal relativamente protegido de crise de abastecimento, afirma ministra - Portal Tela Portugal\" \/>\n<meta property=\"og:description\" content=\"Portugal est\u00e1 relativamente protegido de uma crise de abastecimento energ\u00e9tico, gra\u00e7as a mais de 80% de energia el\u00e9ctrica proveniente de renov\u00e1veis e \u00e0 diversifica\u00e7\u00e3o de fornecedores. O g\u00e1s tem um papel menos determinante no pre\u00e7o da eletricidade, ao contr\u00e1rio do que ocorreu na crise de 2022. O fornecimento de g\u00e1s natural e petr\u00f3leo est\u00e1 menos exposto ao risco geopol\u00edtico, com fornecedores principalmente no Atl\u00e2ntico (Estados Unidos, Brasil, Nig\u00e9ria) e sem envolvimento direto da Arg\u00e9lia em zonas de conflito. A exist\u00eancia de reservas e uma refinaria interna conferem maior confian\u00e7a no abastecimento, complementadas por uma infraestrutura ib\u00e9rica de importa\u00e7\u00e3o de g\u00e1s com v\u00e1rios portos. Mesmo assim, Portugal permanece exposto aos pre\u00e7os globais de energia, e n\u00e3o se antecipa uma crise energ\u00e9tica nos termos da Uni\u00e3o Europeia, dependendo de potenciais acordos geopol\u00edticos nos pr\u00f3ximos dias.\" \/>\n<meta property=\"og:url\" content=\"https:\/\/portaltela.pt\/noticias\/2026\/04\/10\/portugal-relativamente-protegido-de-crise-de-abastecimento-afirma-ministra\/\" \/>\n<meta property=\"og:site_name\" content=\"Portal Tela Portugal\" \/>\n<meta property=\"article:published_time\" content=\"2026-04-10T16:32:15+00:00\" \/>\n<meta name=\"author\" content=\"Telinha\" \/>\n<meta name=\"twitter:card\" content=\"summary_large_image\" \/>\n<meta name=\"twitter:label1\" content=\"Escrito por\" \/>\n\t<meta name=\"twitter:data1\" content=\"Telinha\" \/>\n\t<meta name=\"twitter:label2\" content=\"Tempo estimado de leitura\" \/>\n\t<meta name=\"twitter:data2\" content=\"1 minuto\" \/>\n<script type=\"application\/ld+json\" class=\"yoast-schema-graph\">{\"@context\":\"https:\/\/schema.org\",\"@graph\":[{\"@type\":\"Article\",\"@id\":\"https:\/\/portaltela.pt\/noticias\/2026\/04\/10\/portugal-relativamente-protegido-de-crise-de-abastecimento-afirma-ministra\/#article\",\"isPartOf\":{\"@id\":\"https:\/\/portaltela.pt\/noticias\/2026\/04\/10\/portugal-relativamente-protegido-de-crise-de-abastecimento-afirma-ministra\/\"},\"author\":{\"name\":\"Telinha\",\"@id\":\"https:\/\/portaltela.pt\/#\/schema\/person\/c4278d4a6028830caff9ee44b42d32ed\"},\"headline\":\"Portugal relativamente protegido de crise de abastecimento, afirma ministra\",\"datePublished\":\"2026-04-10T16:32:15+00:00\",\"mainEntityOfPage\":{\"@id\":\"https:\/\/portaltela.pt\/noticias\/2026\/04\/10\/portugal-relativamente-protegido-de-crise-de-abastecimento-afirma-ministra\/\"},\"wordCount\":272,\"image\":{\"@id\":\"https:\/\/portaltela.pt\/noticias\/2026\/04\/10\/portugal-relativamente-protegido-de-crise-de-abastecimento-afirma-ministra\/#primaryimage\"},\"thumbnailUrl\":\"https:\/\/portaltela.pt\/s.01k8rhncp4jt1\/2026\/04\/img_920x518uu2026-04-10-17-28-13-2432218.jpg\",\"keywords\":[\"_economia\",\"_energia\",\"_meio-ambiente\",\"energias renov\u00e1veis\"],\"articleSection\":[\"Energia\",\"Renov\u00e1veis\"],\"inLanguage\":\"pt-PT\"},{\"@type\":\"WebPage\",\"@id\":\"https:\/\/portaltela.pt\/noticias\/2026\/04\/10\/portugal-relativamente-protegido-de-crise-de-abastecimento-afirma-ministra\/\",\"url\":\"https:\/\/portaltela.pt\/noticias\/2026\/04\/10\/portugal-relativamente-protegido-de-crise-de-abastecimento-afirma-ministra\/\",\"name\":\"Portugal relativamente protegido de crise de abastecimento, afirma ministra - Portal Tela Portugal\",\"isPartOf\":{\"@id\":\"https:\/\/portaltela.pt\/#website\"},\"primaryImageOfPage\":{\"@id\":\"https:\/\/portaltela.pt\/noticias\/2026\/04\/10\/portugal-relativamente-protegido-de-crise-de-abastecimento-afirma-ministra\/#primaryimage\"},\"image\":{\"@id\":\"https:\/\/portaltela.pt\/noticias\/2026\/04\/10\/portugal-relativamente-protegido-de-crise-de-abastecimento-afirma-ministra\/#primaryimage\"},\"thumbnailUrl\":\"https:\/\/portaltela.pt\/s.01k8rhncp4jt1\/2026\/04\/img_920x518uu2026-04-10-17-28-13-2432218.jpg\",\"datePublished\":\"2026-04-10T16:32:15+00:00\",\"author\":{\"@id\":\"https:\/\/portaltela.pt\/#\/schema\/person\/c4278d4a6028830caff9ee44b42d32ed\"},\"breadcrumb\":{\"@id\":\"https:\/\/portaltela.pt\/noticias\/2026\/04\/10\/portugal-relativamente-protegido-de-crise-de-abastecimento-afirma-ministra\/#breadcrumb\"},\"inLanguage\":\"pt-PT\",\"potentialAction\":[{\"@type\":\"ReadAction\",\"target\":[\"https:\/\/portaltela.pt\/noticias\/2026\/04\/10\/portugal-relativamente-protegido-de-crise-de-abastecimento-afirma-ministra\/\"]}]},{\"@type\":\"ImageObject\",\"inLanguage\":\"pt-PT\",\"@id\":\"https:\/\/portaltela.pt\/noticias\/2026\/04\/10\/portugal-relativamente-protegido-de-crise-de-abastecimento-afirma-ministra\/#primaryimage\",\"url\":\"https:\/\/portaltela.pt\/s.01k8rhncp4jt1\/2026\/04\/img_920x518uu2026-04-10-17-28-13-2432218.jpg\",\"contentUrl\":\"https:\/\/portaltela.pt\/s.01k8rhncp4jt1\/2026\/04\/img_920x518uu2026-04-10-17-28-13-2432218.jpg\",\"width\":796,\"height\":448,\"caption\":\"Maria da Gra\u00e7a Carvalho\"},{\"@type\":\"BreadcrumbList\",\"@id\":\"https:\/\/portaltela.pt\/noticias\/2026\/04\/10\/portugal-relativamente-protegido-de-crise-de-abastecimento-afirma-ministra\/#breadcrumb\",\"itemListElement\":[{\"@type\":\"ListItem\",\"position\":1,\"name\":\"In\u00edcio\",\"item\":\"https:\/\/portaltela.pt\/\"},{\"@type\":\"ListItem\",\"position\":2,\"name\":\"Portugal relativamente protegido de crise de abastecimento, afirma ministra\"}]},{\"@type\":\"WebSite\",\"@id\":\"https:\/\/portaltela.pt\/#website\",\"url\":\"https:\/\/portaltela.pt\/\",\"name\":\"Portal Tela Portugal\",\"description\":\"\",\"potentialAction\":[{\"@type\":\"SearchAction\",\"target\":{\"@type\":\"EntryPoint\",\"urlTemplate\":\"https:\/\/portaltela.pt\/?s={search_term_string}\"},\"query-input\":{\"@type\":\"PropertyValueSpecification\",\"valueRequired\":true,\"valueName\":\"search_term_string\"}}],\"inLanguage\":\"pt-PT\"},{\"@type\":\"Person\",\"@id\":\"https:\/\/portaltela.pt\/#\/schema\/person\/c4278d4a6028830caff9ee44b42d32ed\",\"name\":\"Telinha\",\"image\":{\"@type\":\"ImageObject\",\"inLanguage\":\"pt-PT\",\"@id\":\"https:\/\/portaltela.pt\/s.01k8rhncp4jt1\/2025\/11\/talking-bot-125x125.png\",\"url\":\"https:\/\/portaltela.pt\/s.01k8rhncp4jt1\/2025\/11\/talking-bot-125x125.png\",\"contentUrl\":\"https:\/\/portaltela.pt\/s.01k8rhncp4jt1\/2025\/11\/talking-bot-125x125.png\",\"caption\":\"Telinha\"},\"sameAs\":[\"https:\/\/portaltela.pt\/\"],\"url\":\"https:\/\/portaltela.pt\/por\/367410592786\/\"}]}<\/script>\n<!-- \/ Yoast SEO plugin. -->","yoast_head_json":{"title":"Portugal relativamente protegido de crise de abastecimento, afirma ministra - Portal Tela Portugal","robots":{"index":"index","follow":"follow","max-snippet":"max-snippet:-1","max-image-preview":"max-image-preview:large","max-video-preview":"max-video-preview:-1"},"og_locale":"pt_PT","og_type":"article","og_title":"Portugal relativamente protegido de crise de abastecimento, afirma ministra - Portal Tela Portugal","og_description":"Portugal est\u00e1 relativamente protegido de uma crise de abastecimento energ\u00e9tico, gra\u00e7as a mais de 80% de energia el\u00e9ctrica proveniente de renov\u00e1veis e \u00e0 diversifica\u00e7\u00e3o de fornecedores. O g\u00e1s tem um papel menos determinante no pre\u00e7o da eletricidade, ao contr\u00e1rio do que ocorreu na crise de 2022. O fornecimento de g\u00e1s natural e petr\u00f3leo est\u00e1 menos exposto ao risco geopol\u00edtico, com fornecedores principalmente no Atl\u00e2ntico (Estados Unidos, Brasil, Nig\u00e9ria) e sem envolvimento direto da Arg\u00e9lia em zonas de conflito. A exist\u00eancia de reservas e uma refinaria interna conferem maior confian\u00e7a no abastecimento, complementadas por uma infraestrutura ib\u00e9rica de importa\u00e7\u00e3o de g\u00e1s com v\u00e1rios portos. Mesmo assim, Portugal permanece exposto aos pre\u00e7os globais de energia, e n\u00e3o se antecipa uma crise energ\u00e9tica nos termos da Uni\u00e3o Europeia, dependendo de potenciais acordos geopol\u00edticos nos pr\u00f3ximos dias.","og_url":"https:\/\/portaltela.pt\/noticias\/2026\/04\/10\/portugal-relativamente-protegido-de-crise-de-abastecimento-afirma-ministra\/","og_site_name":"Portal Tela Portugal","article_published_time":"2026-04-10T16:32:15+00:00","author":"Telinha","twitter_card":"summary_large_image","twitter_misc":{"Escrito por":"Telinha","Tempo estimado de leitura":"1 minuto"},"schema":{"@context":"https:\/\/schema.org","@graph":[{"@type":"Article","@id":"https:\/\/portaltela.pt\/noticias\/2026\/04\/10\/portugal-relativamente-protegido-de-crise-de-abastecimento-afirma-ministra\/#article","isPartOf":{"@id":"https:\/\/portaltela.pt\/noticias\/2026\/04\/10\/portugal-relativamente-protegido-de-crise-de-abastecimento-afirma-ministra\/"},"author":{"name":"Telinha","@id":"https:\/\/portaltela.pt\/#\/schema\/person\/c4278d4a6028830caff9ee44b42d32ed"},"headline":"Portugal relativamente protegido de crise de abastecimento, afirma ministra","datePublished":"2026-04-10T16:32:15+00:00","mainEntityOfPage":{"@id":"https:\/\/portaltela.pt\/noticias\/2026\/04\/10\/portugal-relativamente-protegido-de-crise-de-abastecimento-afirma-ministra\/"},"wordCount":272,"image":{"@id":"https:\/\/portaltela.pt\/noticias\/2026\/04\/10\/portugal-relativamente-protegido-de-crise-de-abastecimento-afirma-ministra\/#primaryimage"},"thumbnailUrl":"https:\/\/portaltela.pt\/s.01k8rhncp4jt1\/2026\/04\/img_920x518uu2026-04-10-17-28-13-2432218.jpg","keywords":["_economia","_energia","_meio-ambiente","energias renov\u00e1veis"],"articleSection":["Energia","Renov\u00e1veis"],"inLanguage":"pt-PT"},{"@type":"WebPage","@id":"https:\/\/portaltela.pt\/noticias\/2026\/04\/10\/portugal-relativamente-protegido-de-crise-de-abastecimento-afirma-ministra\/","url":"https:\/\/portaltela.pt\/noticias\/2026\/04\/10\/portugal-relativamente-protegido-de-crise-de-abastecimento-afirma-ministra\/","name":"Portugal relativamente protegido de crise de abastecimento, afirma ministra - Portal Tela Portugal","isPartOf":{"@id":"https:\/\/portaltela.pt\/#website"},"primaryImageOfPage":{"@id":"https:\/\/portaltela.pt\/noticias\/2026\/04\/10\/portugal-relativamente-protegido-de-crise-de-abastecimento-afirma-ministra\/#primaryimage"},"image":{"@id":"https:\/\/portaltela.pt\/noticias\/2026\/04\/10\/portugal-relativamente-protegido-de-crise-de-abastecimento-afirma-ministra\/#primaryimage"},"thumbnailUrl":"https:\/\/portaltela.pt\/s.01k8rhncp4jt1\/2026\/04\/img_920x518uu2026-04-10-17-28-13-2432218.jpg","datePublished":"2026-04-10T16:32:15+00:00","author":{"@id":"https:\/\/portaltela.pt\/#\/schema\/person\/c4278d4a6028830caff9ee44b42d32ed"},"breadcrumb":{"@id":"https:\/\/portaltela.pt\/noticias\/2026\/04\/10\/portugal-relativamente-protegido-de-crise-de-abastecimento-afirma-ministra\/#breadcrumb"},"inLanguage":"pt-PT","potentialAction":[{"@type":"ReadAction","target":["https:\/\/portaltela.pt\/noticias\/2026\/04\/10\/portugal-relativamente-protegido-de-crise-de-abastecimento-afirma-ministra\/"]}]},{"@type":"ImageObject","inLanguage":"pt-PT","@id":"https:\/\/portaltela.pt\/noticias\/2026\/04\/10\/portugal-relativamente-protegido-de-crise-de-abastecimento-afirma-ministra\/#primaryimage","url":"https:\/\/portaltela.pt\/s.01k8rhncp4jt1\/2026\/04\/img_920x518uu2026-04-10-17-28-13-2432218.jpg","contentUrl":"https:\/\/portaltela.pt\/s.01k8rhncp4jt1\/2026\/04\/img_920x518uu2026-04-10-17-28-13-2432218.jpg","width":796,"height":448,"caption":"Maria da Gra\u00e7a Carvalho"},{"@type":"BreadcrumbList","@id":"https:\/\/portaltela.pt\/noticias\/2026\/04\/10\/portugal-relativamente-protegido-de-crise-de-abastecimento-afirma-ministra\/#breadcrumb","itemListElement":[{"@type":"ListItem","position":1,"name":"In\u00edcio","item":"https:\/\/portaltela.pt\/"},{"@type":"ListItem","position":2,"name":"Portugal relativamente protegido de crise de abastecimento, afirma ministra"}]},{"@type":"WebSite","@id":"https:\/\/portaltela.pt\/#website","url":"https:\/\/portaltela.pt\/","name":"Portal Tela Portugal","description":"","potentialAction":[{"@type":"SearchAction","target":{"@type":"EntryPoint","urlTemplate":"https:\/\/portaltela.pt\/?s={search_term_string}"},"query-input":{"@type":"PropertyValueSpecification","valueRequired":true,"valueName":"search_term_string"}}],"inLanguage":"pt-PT"},{"@type":"Person","@id":"https:\/\/portaltela.pt\/#\/schema\/person\/c4278d4a6028830caff9ee44b42d32ed","name":"Telinha","image":{"@type":"ImageObject","inLanguage":"pt-PT","@id":"https:\/\/portaltela.pt\/s.01k8rhncp4jt1\/2025\/11\/talking-bot-125x125.png","url":"https:\/\/portaltela.pt\/s.01k8rhncp4jt1\/2025\/11\/talking-bot-125x125.png","contentUrl":"https:\/\/portaltela.pt\/s.01k8rhncp4jt1\/2025\/11\/talking-bot-125x125.png","caption":"Telinha"},"sameAs":["https:\/\/portaltela.pt\/"],"url":"https:\/\/portaltela.pt\/por\/367410592786\/"}]}},"_links":{"self":[{"href":"https:\/\/portaltela.pt\/api\/wp\/v2\/posts\/439647","targetHints":{"allow":["GET"]}}],"collection":[{"href":"https:\/\/portaltela.pt\/api\/wp\/v2\/posts"}],"about":[{"href":"https:\/\/portaltela.pt\/api\/wp\/v2\/types\/post"}],"author":[{"embeddable":true,"href":"https:\/\/portaltela.pt\/api\/wp\/v2\/users\/2"}],"replies":[{"embeddable":true,"href":"https:\/\/portaltela.pt\/api\/wp\/v2\/comments?post=439647"}],"version-history":[{"count":0,"href":"https:\/\/portaltela.pt\/api\/wp\/v2\/posts\/439647\/revisions"}],"wp:featuredmedia":[{"embeddable":true,"href":"https:\/\/portaltela.pt\/api\/wp\/v2\/media\/439648"}],"wp:attachment":[{"href":"https:\/\/portaltela.pt\/api\/wp\/v2\/media?parent=439647"}],"wp:term":[{"taxonomy":"category","embeddable":true,"href":"https:\/\/portaltela.pt\/api\/wp\/v2\/categories?post=439647"},{"taxonomy":"post_tag","embeddable":true,"href":"https:\/\/portaltela.pt\/api\/wp\/v2\/tags?post=439647"}],"curies":[{"name":"wp","href":"https:\/\/api.w.org\/{rel}","templated":true}]}}