{"id":439646,"date":"2026-04-10T13:32:15","date_gmt":"2026-04-10T16:32:15","guid":{"rendered":"https:\/\/portaltela.pt\/noticias\/2026\/04\/10\/predio-atingido-por-incendio-em-despiste-fica-sem-condicoes-de-habitabilidade\/"},"modified":"2026-04-10T13:32:15","modified_gmt":"2026-04-10T16:32:15","slug":"predio-atingido-por-incendio-em-despiste-fica-sem-condicoes-de-habitabilidade","status":"publish","type":"post","link":"https:\/\/portaltela.pt\/acidentes\/2026\/04\/10\/predio-atingido-por-incendio-em-despiste-fica-sem-condicoes-de-habitabilidade\/","title":{"rendered":"Pr\u00e9dio atingido por inc\u00eandio em despiste fica sem condi\u00e7\u00f5es de habitabilidade"},"content":{"rendered":"<p>O inc\u00eandio ocorrido na Avenida S\u00e1 da Bandeira, em Coimbra, foi seguido de um despiste que tirou a vida a dois jovens. Elementos da Prote\u00e7\u00e3o Civil da C\u00e2mara Municipal de Coimbra realizaram, nesta sexta-feira, uma vistoria t\u00e9cnica ao pr\u00e9dio afetado.<\/p>\n<p>O edif\u00edcio residencial e comercial ficou sem condi\u00e7\u00f5es de habitabilidade, embora n\u00e3o tenha ocorrido danos estruturais nem risco de derrocada. A avalia\u00e7\u00e3o confirmou a necessidade de remo\u00e7\u00e3o de ocupantes.<\/p>\n<p>O caso segue para os tr\u00e2mites legais com as seguradoras envolvidas. As autoridades v\u00e3o manter a investiga\u00e7\u00e3o sobre o acidente que vitimou Bruno Paredes e Hugo Meneses, com aut\u00f3psias pendentes para os respetivos funerais.<\/p>\n<h3>Vistoria e estado do pr\u00e9dio<\/h3>\n<p>A inspe\u00e7\u00e3o t\u00e9cnica confirmou o estado do im\u00f3vel e as medidas de seguran\u00e7a aplicadas no local. N\u00e3o foram apontados riscos adicionais ao redor da estrutura nem amea\u00e7a de desabar.<\/p>\n<h3>Investiga\u00e7\u00f5es e pr\u00f3ximos passos<\/h3>\n<p>As autoridades dever\u00e3o consolidar os resultados da vistoria com as ap\u00f3lices de seguro e dados periciais. As fam\u00edlias aguardam os desfechos das aut\u00f3psias e os encaminhamentos legais.<\/p>\n","protected":false},"excerpt":{"rendered":"<ul>\n<li>Elementos da Prote\u00e7\u00e3o Civil da C\u00e2mara Municipal de Coimbra realizaram uma vistoria t\u00e9cnica ao pr\u00e9dio afetado pelo inc\u00eandio.<\/li>\n<li>O edif\u00edcio ficou sem condi\u00e7\u00f5es de habitabilidade, mas n\u00e3o apresenta danos estruturais nem risco de derrocada.<\/li>\n<li>O caso seguir\u00e1 os tr\u00e2mites legais com as seguradoras envolvidas.<\/li>\n<li>As autoridades v\u00e3o continuar a investigar o despiste que tirou a vida a Bruno Paredes e Hugo Meneses.<\/li>\n<li>Aguarda-se a realiza\u00e7\u00e3o das aut\u00f3psias para que as fam\u00edlias avancem com os funerais.<\/li>\n<\/ul>\n","protected":false},"author":2,"featured_media":439649,"comment_status":"closed","ping_status":"closed","sticky":false,"template":"","format":"standard","meta":{"footnotes":""},"categories":[6849],"tags":[5487,1070,150,1438,215,3416],"class_list":["post-439646","post","type-post","status-publish","format-standard","has-post-thumbnail","hentry","category-acidentes","tag-acidente","tag-coimbra","tag-habitacao","tag-incendio","tag-investigacao","tag-seguro"],"yoast_head":"<!-- This site is optimized with the Yoast SEO plugin v27.2 - https:\/\/yoast.com\/product\/yoast-seo-wordpress\/ -->\n<title>Pr\u00e9dio atingido por inc\u00eandio em despiste fica sem condi\u00e7\u00f5es de habitabilidade - Portal Tela Portugal<\/title>\n<meta name=\"robots\" content=\"index, follow, max-snippet:-1, max-image-preview:large, max-video-preview:-1\" \/>\n<meta property=\"og:locale\" content=\"pt_PT\" \/>\n<meta property=\"og:type\" content=\"article\" \/>\n<meta property=\"og:title\" content=\"Pr\u00e9dio atingido por inc\u00eandio em despiste fica sem condi\u00e7\u00f5es de habitabilidade - Portal Tela Portugal\" \/>\n<meta property=\"og:description\" content=\"Elementos da Prote\u00e7\u00e3o Civil da C\u00e2mara Municipal de Coimbra realizaram uma vistoria t\u00e9cnica ao pr\u00e9dio afetado pelo inc\u00eandio. O edif\u00edcio ficou sem condi\u00e7\u00f5es de habitabilidade, mas n\u00e3o apresenta danos estruturais nem risco de derrocada. O caso seguir\u00e1 os tr\u00e2mites legais com as seguradoras envolvidas. As autoridades v\u00e3o continuar a investigar o despiste que tirou a vida a Bruno Paredes e Hugo Meneses. Aguarda-se a realiza\u00e7\u00e3o das aut\u00f3psias para que as fam\u00edlias avancem com os funerais.\" \/>\n<meta property=\"og:url\" content=\"https:\/\/portaltela.pt\/noticias\/2026\/04\/10\/predio-atingido-por-incendio-em-despiste-fica-sem-condicoes-de-habitabilidade\/\" \/>\n<meta property=\"og:site_name\" content=\"Portal Tela Portugal\" \/>\n<meta property=\"article:published_time\" content=\"2026-04-10T16:32:15+00:00\" \/>\n<meta name=\"author\" content=\"Telinha\" \/>\n<meta name=\"twitter:card\" content=\"summary_large_image\" \/>\n<meta name=\"twitter:label1\" content=\"Escrito por\" \/>\n\t<meta name=\"twitter:data1\" content=\"Telinha\" \/>\n\t<meta name=\"twitter:label2\" content=\"Tempo estimado de leitura\" \/>\n\t<meta name=\"twitter:data2\" content=\"1 minuto\" \/>\n<script type=\"application\/ld+json\" class=\"yoast-schema-graph\">{\"@context\":\"https:\/\/schema.org\",\"@graph\":[{\"@type\":\"Article\",\"@id\":\"https:\/\/portaltela.pt\/noticias\/2026\/04\/10\/predio-atingido-por-incendio-em-despiste-fica-sem-condicoes-de-habitabilidade\/#article\",\"isPartOf\":{\"@id\":\"https:\/\/portaltela.pt\/noticias\/2026\/04\/10\/predio-atingido-por-incendio-em-despiste-fica-sem-condicoes-de-habitabilidade\/\"},\"author\":{\"name\":\"Telinha\",\"@id\":\"https:\/\/portaltela.pt\/#\/schema\/person\/c4278d4a6028830caff9ee44b42d32ed\"},\"headline\":\"Pr\u00e9dio atingido por inc\u00eandio em despiste fica sem condi\u00e7\u00f5es de habitabilidade\",\"datePublished\":\"2026-04-10T16:32:15+00:00\",\"mainEntityOfPage\":{\"@id\":\"https:\/\/portaltela.pt\/noticias\/2026\/04\/10\/predio-atingido-por-incendio-em-despiste-fica-sem-condicoes-de-habitabilidade\/\"},\"wordCount\":209,\"image\":{\"@id\":\"https:\/\/portaltela.pt\/noticias\/2026\/04\/10\/predio-atingido-por-incendio-em-despiste-fica-sem-condicoes-de-habitabilidade\/#primaryimage\"},\"thumbnailUrl\":\"https:\/\/portaltela.pt\/s.01k8rhncp4jt1\/2026\/04\/img_1280x721uu2026-04-10-16-53-58-2277717.jpg\",\"keywords\":[\"acidente\",\"Coimbra\",\"habita\u00e7\u00e3o\",\"inc\u00eandio\",\"investiga\u00e7\u00e3o\",\"Seguro\"],\"articleSection\":[\"Acidentes\"],\"inLanguage\":\"pt-PT\"},{\"@type\":\"WebPage\",\"@id\":\"https:\/\/portaltela.pt\/noticias\/2026\/04\/10\/predio-atingido-por-incendio-em-despiste-fica-sem-condicoes-de-habitabilidade\/\",\"url\":\"https:\/\/portaltela.pt\/noticias\/2026\/04\/10\/predio-atingido-por-incendio-em-despiste-fica-sem-condicoes-de-habitabilidade\/\",\"name\":\"Pr\u00e9dio atingido por inc\u00eandio em despiste fica sem condi\u00e7\u00f5es de habitabilidade - Portal Tela Portugal\",\"isPartOf\":{\"@id\":\"https:\/\/portaltela.pt\/#website\"},\"primaryImageOfPage\":{\"@id\":\"https:\/\/portaltela.pt\/noticias\/2026\/04\/10\/predio-atingido-por-incendio-em-despiste-fica-sem-condicoes-de-habitabilidade\/#primaryimage\"},\"image\":{\"@id\":\"https:\/\/portaltela.pt\/noticias\/2026\/04\/10\/predio-atingido-por-incendio-em-despiste-fica-sem-condicoes-de-habitabilidade\/#primaryimage\"},\"thumbnailUrl\":\"https:\/\/portaltela.pt\/s.01k8rhncp4jt1\/2026\/04\/img_1280x721uu2026-04-10-16-53-58-2277717.jpg\",\"datePublished\":\"2026-04-10T16:32:15+00:00\",\"author\":{\"@id\":\"https:\/\/portaltela.pt\/#\/schema\/person\/c4278d4a6028830caff9ee44b42d32ed\"},\"breadcrumb\":{\"@id\":\"https:\/\/portaltela.pt\/noticias\/2026\/04\/10\/predio-atingido-por-incendio-em-despiste-fica-sem-condicoes-de-habitabilidade\/#breadcrumb\"},\"inLanguage\":\"pt-PT\",\"potentialAction\":[{\"@type\":\"ReadAction\",\"target\":[\"https:\/\/portaltela.pt\/noticias\/2026\/04\/10\/predio-atingido-por-incendio-em-despiste-fica-sem-condicoes-de-habitabilidade\/\"]}]},{\"@type\":\"ImageObject\",\"inLanguage\":\"pt-PT\",\"@id\":\"https:\/\/portaltela.pt\/noticias\/2026\/04\/10\/predio-atingido-por-incendio-em-despiste-fica-sem-condicoes-de-habitabilidade\/#primaryimage\",\"url\":\"https:\/\/portaltela.pt\/s.01k8rhncp4jt1\/2026\/04\/img_1280x721uu2026-04-10-16-53-58-2277717.jpg\",\"contentUrl\":\"https:\/\/portaltela.pt\/s.01k8rhncp4jt1\/2026\/04\/img_1280x721uu2026-04-10-16-53-58-2277717.jpg\",\"width\":796,\"height\":448,\"caption\":\"Vistoria t\u00e9cnica ao pr\u00e9dio afetado pelo despiste mortal em Coimbra\"},{\"@type\":\"BreadcrumbList\",\"@id\":\"https:\/\/portaltela.pt\/noticias\/2026\/04\/10\/predio-atingido-por-incendio-em-despiste-fica-sem-condicoes-de-habitabilidade\/#breadcrumb\",\"itemListElement\":[{\"@type\":\"ListItem\",\"position\":1,\"name\":\"In\u00edcio\",\"item\":\"https:\/\/portaltela.pt\/\"},{\"@type\":\"ListItem\",\"position\":2,\"name\":\"Pr\u00e9dio atingido por inc\u00eandio em despiste fica sem condi\u00e7\u00f5es de habitabilidade\"}]},{\"@type\":\"WebSite\",\"@id\":\"https:\/\/portaltela.pt\/#website\",\"url\":\"https:\/\/portaltela.pt\/\",\"name\":\"Portal Tela Portugal\",\"description\":\"\",\"potentialAction\":[{\"@type\":\"SearchAction\",\"target\":{\"@type\":\"EntryPoint\",\"urlTemplate\":\"https:\/\/portaltela.pt\/?s={search_term_string}\"},\"query-input\":{\"@type\":\"PropertyValueSpecification\",\"valueRequired\":true,\"valueName\":\"search_term_string\"}}],\"inLanguage\":\"pt-PT\"},{\"@type\":\"Person\",\"@id\":\"https:\/\/portaltela.pt\/#\/schema\/person\/c4278d4a6028830caff9ee44b42d32ed\",\"name\":\"Telinha\",\"image\":{\"@type\":\"ImageObject\",\"inLanguage\":\"pt-PT\",\"@id\":\"https:\/\/portaltela.pt\/s.01k8rhncp4jt1\/2025\/11\/talking-bot-125x125.png\",\"url\":\"https:\/\/portaltela.pt\/s.01k8rhncp4jt1\/2025\/11\/talking-bot-125x125.png\",\"contentUrl\":\"https:\/\/portaltela.pt\/s.01k8rhncp4jt1\/2025\/11\/talking-bot-125x125.png\",\"caption\":\"Telinha\"},\"sameAs\":[\"https:\/\/portaltela.pt\/\"],\"url\":\"https:\/\/portaltela.pt\/por\/367410592786\/\"}]}<\/script>\n<!-- \/ Yoast SEO plugin. -->","yoast_head_json":{"title":"Pr\u00e9dio atingido por inc\u00eandio em despiste fica sem condi\u00e7\u00f5es de habitabilidade - Portal Tela Portugal","robots":{"index":"index","follow":"follow","max-snippet":"max-snippet:-1","max-image-preview":"max-image-preview:large","max-video-preview":"max-video-preview:-1"},"og_locale":"pt_PT","og_type":"article","og_title":"Pr\u00e9dio atingido por inc\u00eandio em despiste fica sem condi\u00e7\u00f5es de habitabilidade - Portal Tela Portugal","og_description":"Elementos da Prote\u00e7\u00e3o Civil da C\u00e2mara Municipal de Coimbra realizaram uma vistoria t\u00e9cnica ao pr\u00e9dio afetado pelo inc\u00eandio. O edif\u00edcio ficou sem condi\u00e7\u00f5es de habitabilidade, mas n\u00e3o apresenta danos estruturais nem risco de derrocada. O caso seguir\u00e1 os tr\u00e2mites legais com as seguradoras envolvidas. As autoridades v\u00e3o continuar a investigar o despiste que tirou a vida a Bruno Paredes e Hugo Meneses. Aguarda-se a realiza\u00e7\u00e3o das aut\u00f3psias para que as fam\u00edlias avancem com os funerais.","og_url":"https:\/\/portaltela.pt\/noticias\/2026\/04\/10\/predio-atingido-por-incendio-em-despiste-fica-sem-condicoes-de-habitabilidade\/","og_site_name":"Portal Tela Portugal","article_published_time":"2026-04-10T16:32:15+00:00","author":"Telinha","twitter_card":"summary_large_image","twitter_misc":{"Escrito por":"Telinha","Tempo estimado de leitura":"1 minuto"},"schema":{"@context":"https:\/\/schema.org","@graph":[{"@type":"Article","@id":"https:\/\/portaltela.pt\/noticias\/2026\/04\/10\/predio-atingido-por-incendio-em-despiste-fica-sem-condicoes-de-habitabilidade\/#article","isPartOf":{"@id":"https:\/\/portaltela.pt\/noticias\/2026\/04\/10\/predio-atingido-por-incendio-em-despiste-fica-sem-condicoes-de-habitabilidade\/"},"author":{"name":"Telinha","@id":"https:\/\/portaltela.pt\/#\/schema\/person\/c4278d4a6028830caff9ee44b42d32ed"},"headline":"Pr\u00e9dio atingido por inc\u00eandio em despiste fica sem condi\u00e7\u00f5es de habitabilidade","datePublished":"2026-04-10T16:32:15+00:00","mainEntityOfPage":{"@id":"https:\/\/portaltela.pt\/noticias\/2026\/04\/10\/predio-atingido-por-incendio-em-despiste-fica-sem-condicoes-de-habitabilidade\/"},"wordCount":209,"image":{"@id":"https:\/\/portaltela.pt\/noticias\/2026\/04\/10\/predio-atingido-por-incendio-em-despiste-fica-sem-condicoes-de-habitabilidade\/#primaryimage"},"thumbnailUrl":"https:\/\/portaltela.pt\/s.01k8rhncp4jt1\/2026\/04\/img_1280x721uu2026-04-10-16-53-58-2277717.jpg","keywords":["acidente","Coimbra","habita\u00e7\u00e3o","inc\u00eandio","investiga\u00e7\u00e3o","Seguro"],"articleSection":["Acidentes"],"inLanguage":"pt-PT"},{"@type":"WebPage","@id":"https:\/\/portaltela.pt\/noticias\/2026\/04\/10\/predio-atingido-por-incendio-em-despiste-fica-sem-condicoes-de-habitabilidade\/","url":"https:\/\/portaltela.pt\/noticias\/2026\/04\/10\/predio-atingido-por-incendio-em-despiste-fica-sem-condicoes-de-habitabilidade\/","name":"Pr\u00e9dio atingido por inc\u00eandio em despiste fica sem condi\u00e7\u00f5es de habitabilidade - Portal Tela Portugal","isPartOf":{"@id":"https:\/\/portaltela.pt\/#website"},"primaryImageOfPage":{"@id":"https:\/\/portaltela.pt\/noticias\/2026\/04\/10\/predio-atingido-por-incendio-em-despiste-fica-sem-condicoes-de-habitabilidade\/#primaryimage"},"image":{"@id":"https:\/\/portaltela.pt\/noticias\/2026\/04\/10\/predio-atingido-por-incendio-em-despiste-fica-sem-condicoes-de-habitabilidade\/#primaryimage"},"thumbnailUrl":"https:\/\/portaltela.pt\/s.01k8rhncp4jt1\/2026\/04\/img_1280x721uu2026-04-10-16-53-58-2277717.jpg","datePublished":"2026-04-10T16:32:15+00:00","author":{"@id":"https:\/\/portaltela.pt\/#\/schema\/person\/c4278d4a6028830caff9ee44b42d32ed"},"breadcrumb":{"@id":"https:\/\/portaltela.pt\/noticias\/2026\/04\/10\/predio-atingido-por-incendio-em-despiste-fica-sem-condicoes-de-habitabilidade\/#breadcrumb"},"inLanguage":"pt-PT","potentialAction":[{"@type":"ReadAction","target":["https:\/\/portaltela.pt\/noticias\/2026\/04\/10\/predio-atingido-por-incendio-em-despiste-fica-sem-condicoes-de-habitabilidade\/"]}]},{"@type":"ImageObject","inLanguage":"pt-PT","@id":"https:\/\/portaltela.pt\/noticias\/2026\/04\/10\/predio-atingido-por-incendio-em-despiste-fica-sem-condicoes-de-habitabilidade\/#primaryimage","url":"https:\/\/portaltela.pt\/s.01k8rhncp4jt1\/2026\/04\/img_1280x721uu2026-04-10-16-53-58-2277717.jpg","contentUrl":"https:\/\/portaltela.pt\/s.01k8rhncp4jt1\/2026\/04\/img_1280x721uu2026-04-10-16-53-58-2277717.jpg","width":796,"height":448,"caption":"Vistoria t\u00e9cnica ao pr\u00e9dio afetado pelo despiste mortal em Coimbra"},{"@type":"BreadcrumbList","@id":"https:\/\/portaltela.pt\/noticias\/2026\/04\/10\/predio-atingido-por-incendio-em-despiste-fica-sem-condicoes-de-habitabilidade\/#breadcrumb","itemListElement":[{"@type":"ListItem","position":1,"name":"In\u00edcio","item":"https:\/\/portaltela.pt\/"},{"@type":"ListItem","position":2,"name":"Pr\u00e9dio atingido por inc\u00eandio em despiste fica sem condi\u00e7\u00f5es de habitabilidade"}]},{"@type":"WebSite","@id":"https:\/\/portaltela.pt\/#website","url":"https:\/\/portaltela.pt\/","name":"Portal Tela Portugal","description":"","potentialAction":[{"@type":"SearchAction","target":{"@type":"EntryPoint","urlTemplate":"https:\/\/portaltela.pt\/?s={search_term_string}"},"query-input":{"@type":"PropertyValueSpecification","valueRequired":true,"valueName":"search_term_string"}}],"inLanguage":"pt-PT"},{"@type":"Person","@id":"https:\/\/portaltela.pt\/#\/schema\/person\/c4278d4a6028830caff9ee44b42d32ed","name":"Telinha","image":{"@type":"ImageObject","inLanguage":"pt-PT","@id":"https:\/\/portaltela.pt\/s.01k8rhncp4jt1\/2025\/11\/talking-bot-125x125.png","url":"https:\/\/portaltela.pt\/s.01k8rhncp4jt1\/2025\/11\/talking-bot-125x125.png","contentUrl":"https:\/\/portaltela.pt\/s.01k8rhncp4jt1\/2025\/11\/talking-bot-125x125.png","caption":"Telinha"},"sameAs":["https:\/\/portaltela.pt\/"],"url":"https:\/\/portaltela.pt\/por\/367410592786\/"}]}},"_links":{"self":[{"href":"https:\/\/portaltela.pt\/api\/wp\/v2\/posts\/439646","targetHints":{"allow":["GET"]}}],"collection":[{"href":"https:\/\/portaltela.pt\/api\/wp\/v2\/posts"}],"about":[{"href":"https:\/\/portaltela.pt\/api\/wp\/v2\/types\/post"}],"author":[{"embeddable":true,"href":"https:\/\/portaltela.pt\/api\/wp\/v2\/users\/2"}],"replies":[{"embeddable":true,"href":"https:\/\/portaltela.pt\/api\/wp\/v2\/comments?post=439646"}],"version-history":[{"count":0,"href":"https:\/\/portaltela.pt\/api\/wp\/v2\/posts\/439646\/revisions"}],"wp:featuredmedia":[{"embeddable":true,"href":"https:\/\/portaltela.pt\/api\/wp\/v2\/media\/439649"}],"wp:attachment":[{"href":"https:\/\/portaltela.pt\/api\/wp\/v2\/media?parent=439646"}],"wp:term":[{"taxonomy":"category","embeddable":true,"href":"https:\/\/portaltela.pt\/api\/wp\/v2\/categories?post=439646"},{"taxonomy":"post_tag","embeddable":true,"href":"https:\/\/portaltela.pt\/api\/wp\/v2\/tags?post=439646"}],"curies":[{"name":"wp","href":"https:\/\/api.w.org\/{rel}","templated":true}]}}