{"id":439622,"date":"2026-04-10T13:17:06","date_gmt":"2026-04-10T16:17:06","guid":{"rendered":"https:\/\/portaltela.pt\/noticias\/2026\/04\/10\/mulher-gravemente-ferida-num-despiste-de-mota-no-geres\/"},"modified":"2026-04-10T13:17:06","modified_gmt":"2026-04-10T16:17:06","slug":"mulher-gravemente-ferida-num-despiste-de-mota-no-geres","status":"publish","type":"post","link":"https:\/\/portaltela.pt\/acidentes\/2026\/04\/10\/mulher-gravemente-ferida-num-despiste-de-mota-no-geres\/","title":{"rendered":"Mulher gravemente ferida num despiste de mota no Ger\u00eas"},"content":{"rendered":"<p>Um despiste de mota provocou ferimentos graves numa mulher, na freguesia de Covide, Terras de Bouro, no Ger\u00eas, ao in\u00edcio da tarde desta sexta-feira. O acidente ocorreu na estrada florestal que liga a Vila do Ger\u00eas \u00e0s freguesias de Ger\u00eas e Covide, entre o Penedo da Caled\u00f3nia e as Curvas do S\u00e3o Bento, por volta das 12h45.<\/p>\n<p>O homem que seguia na moto com a companheira sofreu ferimentos ligeiros. Devido \u00e0 gravidade dos ferimentos da mulher, foi acionado de imediato um helic\u00f3ptero do INEM com equipa de medicina e de enfermagem, ap\u00f3s a chegada da VMER do Hospital Central de Braga.<\/p>\n<p>Os Bombeiros Volunt\u00e1rios de Terras de Bouro responderam \u00e0 ocorr\u00eancia, com o segundo-comandante Lino Oliveira a coordenar as opera\u00e7\u00f5es de socorro e salvamento. O aparatoso incidente contou ainda com a presen\u00e7a de elementos da GNR na gest\u00e3o da ocorr\u00eancia.<\/p>\n<h3>Interven\u00e7\u00e3o de emerg\u00eancia<\/h3>\n<p>O helic\u00f3ptero medicalizado aterrou no Campo de Futebol da Pereira, na freguesia de Vilar da Veiga. A opera\u00e7\u00e3o envolveu a atua\u00e7\u00e3o de equipas de socorro no local, com apoio da GNR para assegurar a seguran\u00e7a da \u00e1rea.<\/p>\n","protected":false},"excerpt":{"rendered":"<ul>\n<li>Um despiste de mota na estrada florestal entre Vila do Ger\u00eas e as freguesias do Ger\u00eas e Covide, entre o Penedo da Caled\u00f3nia e as Curvas do S\u00e3o Bento, ocorreu ao in\u00edcio da tarde desta sexta-feira, deixando uma mulher gravemente ferida.<\/li>\n<li>O homem que seguia na mota com a companheira sofreu ferimentos ligeiros.<\/li>\n<li>Devido \u00e0 gravidade, foi acionado de imediato um helic\u00f3ptero do Instituto Nacional de Emerg\u00eancia M\u00e9dica (INEM) com equipa de medicina e de enfermagem, seguido da Viatura M\u00e9dica de Emerg\u00eancia e Reanima\u00e7\u00e3o (VMER) do Hospital Central de Braga.<\/li>\n<li>A primeira interven\u00e7\u00e3o ficou a cargo dos Bombeiros Volunt\u00e1rios de Terras de Bouro, chefiados pelo segundo-comandante da corpora\u00e7\u00e3o, Lino Oliveira.<\/li>\n<li>O helic\u00f3ptero medicalizado aterrou no Campo de Futebol da Pereira, na freguesia de Vilar da Veiga, com a GNR a tomar conta da ocorr\u00eancia.<\/li>\n<\/ul>\n","protected":false},"author":2,"featured_media":439629,"comment_status":"closed","ping_status":"closed","sticky":false,"template":"","format":"standard","meta":{"footnotes":""},"categories":[6849],"tags":[5487,4169,971,1660,7865,4462],"class_list":["post-439622","post","type-post","status-publish","format-standard","has-post-thumbnail","hentry","category-acidentes","tag-acidente","tag-acidente-rodoviario","tag-bombeiros","tag-geres","tag-terras-de-bouro","tag-vmer"],"yoast_head":"<!-- This site is optimized with the Yoast SEO plugin v27.2 - https:\/\/yoast.com\/product\/yoast-seo-wordpress\/ -->\n<title>Mulher gravemente ferida num despiste de mota no Ger\u00eas - Portal Tela Portugal<\/title>\n<meta name=\"robots\" content=\"index, follow, max-snippet:-1, max-image-preview:large, max-video-preview:-1\" \/>\n<meta property=\"og:locale\" content=\"pt_PT\" \/>\n<meta property=\"og:type\" content=\"article\" \/>\n<meta property=\"og:title\" content=\"Mulher gravemente ferida num despiste de mota no Ger\u00eas - Portal Tela Portugal\" \/>\n<meta property=\"og:description\" content=\"Um despiste de mota na estrada florestal entre Vila do Ger\u00eas e as freguesias do Ger\u00eas e Covide, entre o Penedo da Caled\u00f3nia e as Curvas do S\u00e3o Bento, ocorreu ao in\u00edcio da tarde desta sexta-feira, deixando uma mulher gravemente ferida. O homem que seguia na mota com a companheira sofreu ferimentos ligeiros. Devido \u00e0 gravidade, foi acionado de imediato um helic\u00f3ptero do Instituto Nacional de Emerg\u00eancia M\u00e9dica (INEM) com equipa de medicina e de enfermagem, seguido da Viatura M\u00e9dica de Emerg\u00eancia e Reanima\u00e7\u00e3o (VMER) do Hospital Central de Braga. A primeira interven\u00e7\u00e3o ficou a cargo dos Bombeiros Volunt\u00e1rios de Terras de Bouro, chefiados pelo segundo-comandante da corpora\u00e7\u00e3o, Lino Oliveira. O helic\u00f3ptero medicalizado aterrou no Campo de Futebol da Pereira, na freguesia de Vilar da Veiga, com a GNR a tomar conta da ocorr\u00eancia.\" \/>\n<meta property=\"og:url\" content=\"https:\/\/portaltela.pt\/noticias\/2026\/04\/10\/mulher-gravemente-ferida-num-despiste-de-mota-no-geres\/\" \/>\n<meta property=\"og:site_name\" content=\"Portal Tela Portugal\" \/>\n<meta property=\"article:published_time\" content=\"2026-04-10T16:17:06+00:00\" \/>\n<meta name=\"author\" content=\"Telinha\" \/>\n<meta name=\"twitter:card\" content=\"summary_large_image\" \/>\n<meta name=\"twitter:label1\" content=\"Escrito por\" \/>\n\t<meta name=\"twitter:data1\" content=\"Telinha\" \/>\n\t<meta name=\"twitter:label2\" content=\"Tempo estimado de leitura\" \/>\n\t<meta name=\"twitter:data2\" content=\"1 minuto\" \/>\n<script type=\"application\/ld+json\" class=\"yoast-schema-graph\">{\"@context\":\"https:\/\/schema.org\",\"@graph\":[{\"@type\":\"Article\",\"@id\":\"https:\/\/portaltela.pt\/noticias\/2026\/04\/10\/mulher-gravemente-ferida-num-despiste-de-mota-no-geres\/#article\",\"isPartOf\":{\"@id\":\"https:\/\/portaltela.pt\/noticias\/2026\/04\/10\/mulher-gravemente-ferida-num-despiste-de-mota-no-geres\/\"},\"author\":{\"name\":\"Telinha\",\"@id\":\"https:\/\/portaltela.pt\/#\/schema\/person\/c4278d4a6028830caff9ee44b42d32ed\"},\"headline\":\"Mulher gravemente ferida num despiste de mota no Ger\u00eas\",\"datePublished\":\"2026-04-10T16:17:06+00:00\",\"mainEntityOfPage\":{\"@id\":\"https:\/\/portaltela.pt\/noticias\/2026\/04\/10\/mulher-gravemente-ferida-num-despiste-de-mota-no-geres\/\"},\"wordCount\":208,\"image\":{\"@id\":\"https:\/\/portaltela.pt\/noticias\/2026\/04\/10\/mulher-gravemente-ferida-num-despiste-de-mota-no-geres\/#primaryimage\"},\"thumbnailUrl\":\"https:\/\/portaltela.pt\/s.01k8rhncp4jt1\/2026\/04\/image-611.jpg\",\"keywords\":[\"acidente\",\"acidente rodovi\u00e1rio\",\"bombeiros\",\"Ger\u00eas\",\"Terras de Bouro\",\"VMER\"],\"articleSection\":[\"Acidentes\"],\"inLanguage\":\"pt-PT\"},{\"@type\":\"WebPage\",\"@id\":\"https:\/\/portaltela.pt\/noticias\/2026\/04\/10\/mulher-gravemente-ferida-num-despiste-de-mota-no-geres\/\",\"url\":\"https:\/\/portaltela.pt\/noticias\/2026\/04\/10\/mulher-gravemente-ferida-num-despiste-de-mota-no-geres\/\",\"name\":\"Mulher gravemente ferida num despiste de mota no Ger\u00eas - Portal Tela Portugal\",\"isPartOf\":{\"@id\":\"https:\/\/portaltela.pt\/#website\"},\"primaryImageOfPage\":{\"@id\":\"https:\/\/portaltela.pt\/noticias\/2026\/04\/10\/mulher-gravemente-ferida-num-despiste-de-mota-no-geres\/#primaryimage\"},\"image\":{\"@id\":\"https:\/\/portaltela.pt\/noticias\/2026\/04\/10\/mulher-gravemente-ferida-num-despiste-de-mota-no-geres\/#primaryimage\"},\"thumbnailUrl\":\"https:\/\/portaltela.pt\/s.01k8rhncp4jt1\/2026\/04\/image-611.jpg\",\"datePublished\":\"2026-04-10T16:17:06+00:00\",\"author\":{\"@id\":\"https:\/\/portaltela.pt\/#\/schema\/person\/c4278d4a6028830caff9ee44b42d32ed\"},\"breadcrumb\":{\"@id\":\"https:\/\/portaltela.pt\/noticias\/2026\/04\/10\/mulher-gravemente-ferida-num-despiste-de-mota-no-geres\/#breadcrumb\"},\"inLanguage\":\"pt-PT\",\"potentialAction\":[{\"@type\":\"ReadAction\",\"target\":[\"https:\/\/portaltela.pt\/noticias\/2026\/04\/10\/mulher-gravemente-ferida-num-despiste-de-mota-no-geres\/\"]}]},{\"@type\":\"ImageObject\",\"inLanguage\":\"pt-PT\",\"@id\":\"https:\/\/portaltela.pt\/noticias\/2026\/04\/10\/mulher-gravemente-ferida-num-despiste-de-mota-no-geres\/#primaryimage\",\"url\":\"https:\/\/portaltela.pt\/s.01k8rhncp4jt1\/2026\/04\/image-611.jpg\",\"contentUrl\":\"https:\/\/portaltela.pt\/s.01k8rhncp4jt1\/2026\/04\/image-611.jpg\",\"width\":796,\"height\":448,\"caption\":\"O helic\u00f3ptero medicalizado aterrou no Campo de Futebol da Pereira\"},{\"@type\":\"BreadcrumbList\",\"@id\":\"https:\/\/portaltela.pt\/noticias\/2026\/04\/10\/mulher-gravemente-ferida-num-despiste-de-mota-no-geres\/#breadcrumb\",\"itemListElement\":[{\"@type\":\"ListItem\",\"position\":1,\"name\":\"In\u00edcio\",\"item\":\"https:\/\/portaltela.pt\/\"},{\"@type\":\"ListItem\",\"position\":2,\"name\":\"Mulher gravemente ferida num despiste de mota no Ger\u00eas\"}]},{\"@type\":\"WebSite\",\"@id\":\"https:\/\/portaltela.pt\/#website\",\"url\":\"https:\/\/portaltela.pt\/\",\"name\":\"Portal Tela Portugal\",\"description\":\"\",\"potentialAction\":[{\"@type\":\"SearchAction\",\"target\":{\"@type\":\"EntryPoint\",\"urlTemplate\":\"https:\/\/portaltela.pt\/?s={search_term_string}\"},\"query-input\":{\"@type\":\"PropertyValueSpecification\",\"valueRequired\":true,\"valueName\":\"search_term_string\"}}],\"inLanguage\":\"pt-PT\"},{\"@type\":\"Person\",\"@id\":\"https:\/\/portaltela.pt\/#\/schema\/person\/c4278d4a6028830caff9ee44b42d32ed\",\"name\":\"Telinha\",\"image\":{\"@type\":\"ImageObject\",\"inLanguage\":\"pt-PT\",\"@id\":\"https:\/\/portaltela.pt\/s.01k8rhncp4jt1\/2025\/11\/talking-bot-125x125.png\",\"url\":\"https:\/\/portaltela.pt\/s.01k8rhncp4jt1\/2025\/11\/talking-bot-125x125.png\",\"contentUrl\":\"https:\/\/portaltela.pt\/s.01k8rhncp4jt1\/2025\/11\/talking-bot-125x125.png\",\"caption\":\"Telinha\"},\"sameAs\":[\"https:\/\/portaltela.pt\/\"],\"url\":\"https:\/\/portaltela.pt\/por\/367410592786\/\"}]}<\/script>\n<!-- \/ Yoast SEO plugin. -->","yoast_head_json":{"title":"Mulher gravemente ferida num despiste de mota no Ger\u00eas - Portal Tela Portugal","robots":{"index":"index","follow":"follow","max-snippet":"max-snippet:-1","max-image-preview":"max-image-preview:large","max-video-preview":"max-video-preview:-1"},"og_locale":"pt_PT","og_type":"article","og_title":"Mulher gravemente ferida num despiste de mota no Ger\u00eas - Portal Tela Portugal","og_description":"Um despiste de mota na estrada florestal entre Vila do Ger\u00eas e as freguesias do Ger\u00eas e Covide, entre o Penedo da Caled\u00f3nia e as Curvas do S\u00e3o Bento, ocorreu ao in\u00edcio da tarde desta sexta-feira, deixando uma mulher gravemente ferida. O homem que seguia na mota com a companheira sofreu ferimentos ligeiros. Devido \u00e0 gravidade, foi acionado de imediato um helic\u00f3ptero do Instituto Nacional de Emerg\u00eancia M\u00e9dica (INEM) com equipa de medicina e de enfermagem, seguido da Viatura M\u00e9dica de Emerg\u00eancia e Reanima\u00e7\u00e3o (VMER) do Hospital Central de Braga. A primeira interven\u00e7\u00e3o ficou a cargo dos Bombeiros Volunt\u00e1rios de Terras de Bouro, chefiados pelo segundo-comandante da corpora\u00e7\u00e3o, Lino Oliveira. O helic\u00f3ptero medicalizado aterrou no Campo de Futebol da Pereira, na freguesia de Vilar da Veiga, com a GNR a tomar conta da ocorr\u00eancia.","og_url":"https:\/\/portaltela.pt\/noticias\/2026\/04\/10\/mulher-gravemente-ferida-num-despiste-de-mota-no-geres\/","og_site_name":"Portal Tela Portugal","article_published_time":"2026-04-10T16:17:06+00:00","author":"Telinha","twitter_card":"summary_large_image","twitter_misc":{"Escrito por":"Telinha","Tempo estimado de leitura":"1 minuto"},"schema":{"@context":"https:\/\/schema.org","@graph":[{"@type":"Article","@id":"https:\/\/portaltela.pt\/noticias\/2026\/04\/10\/mulher-gravemente-ferida-num-despiste-de-mota-no-geres\/#article","isPartOf":{"@id":"https:\/\/portaltela.pt\/noticias\/2026\/04\/10\/mulher-gravemente-ferida-num-despiste-de-mota-no-geres\/"},"author":{"name":"Telinha","@id":"https:\/\/portaltela.pt\/#\/schema\/person\/c4278d4a6028830caff9ee44b42d32ed"},"headline":"Mulher gravemente ferida num despiste de mota no Ger\u00eas","datePublished":"2026-04-10T16:17:06+00:00","mainEntityOfPage":{"@id":"https:\/\/portaltela.pt\/noticias\/2026\/04\/10\/mulher-gravemente-ferida-num-despiste-de-mota-no-geres\/"},"wordCount":208,"image":{"@id":"https:\/\/portaltela.pt\/noticias\/2026\/04\/10\/mulher-gravemente-ferida-num-despiste-de-mota-no-geres\/#primaryimage"},"thumbnailUrl":"https:\/\/portaltela.pt\/s.01k8rhncp4jt1\/2026\/04\/image-611.jpg","keywords":["acidente","acidente rodovi\u00e1rio","bombeiros","Ger\u00eas","Terras de Bouro","VMER"],"articleSection":["Acidentes"],"inLanguage":"pt-PT"},{"@type":"WebPage","@id":"https:\/\/portaltela.pt\/noticias\/2026\/04\/10\/mulher-gravemente-ferida-num-despiste-de-mota-no-geres\/","url":"https:\/\/portaltela.pt\/noticias\/2026\/04\/10\/mulher-gravemente-ferida-num-despiste-de-mota-no-geres\/","name":"Mulher gravemente ferida num despiste de mota no Ger\u00eas - Portal Tela Portugal","isPartOf":{"@id":"https:\/\/portaltela.pt\/#website"},"primaryImageOfPage":{"@id":"https:\/\/portaltela.pt\/noticias\/2026\/04\/10\/mulher-gravemente-ferida-num-despiste-de-mota-no-geres\/#primaryimage"},"image":{"@id":"https:\/\/portaltela.pt\/noticias\/2026\/04\/10\/mulher-gravemente-ferida-num-despiste-de-mota-no-geres\/#primaryimage"},"thumbnailUrl":"https:\/\/portaltela.pt\/s.01k8rhncp4jt1\/2026\/04\/image-611.jpg","datePublished":"2026-04-10T16:17:06+00:00","author":{"@id":"https:\/\/portaltela.pt\/#\/schema\/person\/c4278d4a6028830caff9ee44b42d32ed"},"breadcrumb":{"@id":"https:\/\/portaltela.pt\/noticias\/2026\/04\/10\/mulher-gravemente-ferida-num-despiste-de-mota-no-geres\/#breadcrumb"},"inLanguage":"pt-PT","potentialAction":[{"@type":"ReadAction","target":["https:\/\/portaltela.pt\/noticias\/2026\/04\/10\/mulher-gravemente-ferida-num-despiste-de-mota-no-geres\/"]}]},{"@type":"ImageObject","inLanguage":"pt-PT","@id":"https:\/\/portaltela.pt\/noticias\/2026\/04\/10\/mulher-gravemente-ferida-num-despiste-de-mota-no-geres\/#primaryimage","url":"https:\/\/portaltela.pt\/s.01k8rhncp4jt1\/2026\/04\/image-611.jpg","contentUrl":"https:\/\/portaltela.pt\/s.01k8rhncp4jt1\/2026\/04\/image-611.jpg","width":796,"height":448,"caption":"O helic\u00f3ptero medicalizado aterrou no Campo de Futebol da Pereira"},{"@type":"BreadcrumbList","@id":"https:\/\/portaltela.pt\/noticias\/2026\/04\/10\/mulher-gravemente-ferida-num-despiste-de-mota-no-geres\/#breadcrumb","itemListElement":[{"@type":"ListItem","position":1,"name":"In\u00edcio","item":"https:\/\/portaltela.pt\/"},{"@type":"ListItem","position":2,"name":"Mulher gravemente ferida num despiste de mota no Ger\u00eas"}]},{"@type":"WebSite","@id":"https:\/\/portaltela.pt\/#website","url":"https:\/\/portaltela.pt\/","name":"Portal Tela Portugal","description":"","potentialAction":[{"@type":"SearchAction","target":{"@type":"EntryPoint","urlTemplate":"https:\/\/portaltela.pt\/?s={search_term_string}"},"query-input":{"@type":"PropertyValueSpecification","valueRequired":true,"valueName":"search_term_string"}}],"inLanguage":"pt-PT"},{"@type":"Person","@id":"https:\/\/portaltela.pt\/#\/schema\/person\/c4278d4a6028830caff9ee44b42d32ed","name":"Telinha","image":{"@type":"ImageObject","inLanguage":"pt-PT","@id":"https:\/\/portaltela.pt\/s.01k8rhncp4jt1\/2025\/11\/talking-bot-125x125.png","url":"https:\/\/portaltela.pt\/s.01k8rhncp4jt1\/2025\/11\/talking-bot-125x125.png","contentUrl":"https:\/\/portaltela.pt\/s.01k8rhncp4jt1\/2025\/11\/talking-bot-125x125.png","caption":"Telinha"},"sameAs":["https:\/\/portaltela.pt\/"],"url":"https:\/\/portaltela.pt\/por\/367410592786\/"}]}},"_links":{"self":[{"href":"https:\/\/portaltela.pt\/api\/wp\/v2\/posts\/439622","targetHints":{"allow":["GET"]}}],"collection":[{"href":"https:\/\/portaltela.pt\/api\/wp\/v2\/posts"}],"about":[{"href":"https:\/\/portaltela.pt\/api\/wp\/v2\/types\/post"}],"author":[{"embeddable":true,"href":"https:\/\/portaltela.pt\/api\/wp\/v2\/users\/2"}],"replies":[{"embeddable":true,"href":"https:\/\/portaltela.pt\/api\/wp\/v2\/comments?post=439622"}],"version-history":[{"count":0,"href":"https:\/\/portaltela.pt\/api\/wp\/v2\/posts\/439622\/revisions"}],"wp:featuredmedia":[{"embeddable":true,"href":"https:\/\/portaltela.pt\/api\/wp\/v2\/media\/439629"}],"wp:attachment":[{"href":"https:\/\/portaltela.pt\/api\/wp\/v2\/media?parent=439622"}],"wp:term":[{"taxonomy":"category","embeddable":true,"href":"https:\/\/portaltela.pt\/api\/wp\/v2\/categories?post=439622"},{"taxonomy":"post_tag","embeddable":true,"href":"https:\/\/portaltela.pt\/api\/wp\/v2\/tags?post=439622"}],"curies":[{"name":"wp","href":"https:\/\/api.w.org\/{rel}","templated":true}]}}