{"id":439614,"date":"2026-04-10T13:02:48","date_gmt":"2026-04-10T16:02:48","guid":{"rendered":"https:\/\/portaltela.pt\/noticias\/2026\/04\/10\/guardiola-admite-magoa-com-bernardo-silva\/"},"modified":"2026-04-10T13:02:48","modified_gmt":"2026-04-10T16:02:48","slug":"guardiola-admite-magoa-com-bernardo-silva","status":"publish","type":"post","link":"https:\/\/portaltela.pt\/desporto\/futebol\/2026\/04\/10\/guardiola-admite-magoa-com-bernardo-silva\/","title":{"rendered":"Guardiola admite m\u00e1goa com Bernardo Silva"},"content":{"rendered":"<p>Pep Guardiola mostrou m\u00e1goa pela poss\u00edvel sa\u00edda de Bernardo Silva do Manchester City no final da presente temporada. O t\u00e9cnico assumiu desconforto durante a confer\u00eancia de imprensa anterior ao jogo com o Chelsea, na Premier League, revelando que adoraria que o jogador permanecesse.<\/p>\n<p>O adjunto Pep Lijnders j\u00e1 tinha admitido publicamente que Bernardo n\u00e3o renovaria o contrato no ver\u00e3o. Guardiola explicou que a decis\u00e3o cabe ao jogador e que ainda n\u00e3o teve qualquer comunica\u00e7\u00e3o oficial a esse respeito.<\/p>\n<h3>Situa\u00e7\u00e3o de Bernardo Silva<\/h3>\n<p>Guardiola afirmou que a contrata\u00e7\u00e3o de Bernardo foi incr\u00edvel para o clube e que ele gostaria que o meio-campo terminasse a carreira no City. Contudo, n\u00e3o sabe o que Bernardo vai decidir, refor\u00e7ando a ideia de que \u201ca decis\u00e3o \u00e9 dele\u201d.<\/p>\n<p>O t\u00e9cnico recordou ainda que Bernardo tem sido uma das melhores aquisi\u00e7\u00f5es do City desde que chegou ao Monaco h\u00e1 nove anos. O internacional portugu\u00eas cumpre hoje o 450.\u00ba jogo pela equipa, com 76 golos marcados.<\/p>\n<h3>Contexto e perspetivas de mercado<\/h3>\n<p>Bernardo Silva tem sido associado a transfer\u00eancias para Barcelona, Juventus, Fenerbah\u00e7e ou Ar\u00e1bia Saudita. Guardiola explicou que o jogador continua a ser um elemento competitivo, com o \u201cfogo\u201d dentro, especialmente nos momentos mais dif\u00edceis. Lijnders, na semana anterior, j\u00e1 apontara a dificuldade de substituir Bernardo e desejou uma boa despedida aos seis jogos que restam.<\/p>\n","protected":false},"excerpt":{"rendered":"<ul>\n<li>Pep Guardiola mostrou descontentamento com a poss\u00edvel sa\u00edda de Bernardo Silva no final da presente temporada, ap\u00f3s o vice-treinador Pep Lijnders indicar que o contrato n\u00e3o ser\u00e1 renovado.<\/li>\n<li>O treinador espanhol afirmou que adoraria que Bernardo permanecesse no Manchester City, mas a decis\u00e3o cabe ao jogador.<\/li>\n<li>Guardiola disse ter ficado zangado por Bernardo n\u00e3o ter informado, ainda h\u00e1 um m\u00eas, qual seria a sua decis\u00e3o.<\/li>\n<li>Bernardo Silva contabiliza 450 jogos pelo City e 76 golos desde que chegou ao clube proveniente do Monaco, h\u00e1 nove anos.<\/li>\n<li>O v\u00ednculo de Bernardo tem sido associado a transfer\u00eancias para Barcelona, Juventus, Fenerbah\u00e7e ou Ar\u00e1bia Saudita, entre outros interessados.<\/li>\n<\/ul>\n","protected":false},"author":2,"featured_media":439615,"comment_status":"closed","ping_status":"closed","sticky":false,"template":"","format":"standard","meta":{"footnotes":""},"categories":[21,24],"tags":[1016,2587,5217,32,1983,50],"class_list":["post-439614","post","type-post","status-publish","format-standard","has-post-thumbnail","hentry","category-desporto","category-futebol","tag-arabia-saudita","tag-barcelona","tag-fenerbahce","tag-futebol","tag-juventus","tag-mercado-da-bola"],"yoast_head":"<!-- This site is optimized with the Yoast SEO plugin v27.2 - https:\/\/yoast.com\/product\/yoast-seo-wordpress\/ -->\n<title>Guardiola admite m\u00e1goa com Bernardo Silva - Portal Tela Portugal<\/title>\n<meta name=\"robots\" content=\"index, follow, max-snippet:-1, max-image-preview:large, max-video-preview:-1\" \/>\n<meta property=\"og:locale\" content=\"pt_PT\" \/>\n<meta property=\"og:type\" content=\"article\" \/>\n<meta property=\"og:title\" content=\"Guardiola admite m\u00e1goa com Bernardo Silva - Portal Tela Portugal\" \/>\n<meta property=\"og:description\" content=\"Pep Guardiola mostrou descontentamento com a poss\u00edvel sa\u00edda de Bernardo Silva no final da presente temporada, ap\u00f3s o vice-treinador Pep Lijnders indicar que o contrato n\u00e3o ser\u00e1 renovado. O treinador espanhol afirmou que adoraria que Bernardo permanecesse no Manchester City, mas a decis\u00e3o cabe ao jogador. Guardiola disse ter ficado zangado por Bernardo n\u00e3o ter informado, ainda h\u00e1 um m\u00eas, qual seria a sua decis\u00e3o. Bernardo Silva contabiliza 450 jogos pelo City e 76 golos desde que chegou ao clube proveniente do Monaco, h\u00e1 nove anos. O v\u00ednculo de Bernardo tem sido associado a transfer\u00eancias para Barcelona, Juventus, Fenerbah\u00e7e ou Ar\u00e1bia Saudita, entre outros interessados.\" \/>\n<meta property=\"og:url\" content=\"https:\/\/portaltela.pt\/noticias\/2026\/04\/10\/guardiola-admite-magoa-com-bernardo-silva\/\" \/>\n<meta property=\"og:site_name\" content=\"Portal Tela Portugal\" \/>\n<meta property=\"article:published_time\" content=\"2026-04-10T16:02:48+00:00\" \/>\n<meta name=\"author\" content=\"Telinha\" \/>\n<meta name=\"twitter:card\" content=\"summary_large_image\" \/>\n<meta name=\"twitter:label1\" content=\"Escrito por\" \/>\n\t<meta name=\"twitter:data1\" content=\"Telinha\" \/>\n\t<meta name=\"twitter:label2\" content=\"Tempo estimado de leitura\" \/>\n\t<meta name=\"twitter:data2\" content=\"1 minuto\" \/>\n<script type=\"application\/ld+json\" class=\"yoast-schema-graph\">{\"@context\":\"https:\/\/schema.org\",\"@graph\":[{\"@type\":\"Article\",\"@id\":\"https:\/\/portaltela.pt\/noticias\/2026\/04\/10\/guardiola-admite-magoa-com-bernardo-silva\/#article\",\"isPartOf\":{\"@id\":\"https:\/\/portaltela.pt\/noticias\/2026\/04\/10\/guardiola-admite-magoa-com-bernardo-silva\/\"},\"author\":{\"name\":\"Telinha\",\"@id\":\"https:\/\/portaltela.pt\/#\/schema\/person\/c4278d4a6028830caff9ee44b42d32ed\"},\"headline\":\"Guardiola admite m\u00e1goa com Bernardo Silva\",\"datePublished\":\"2026-04-10T16:02:48+00:00\",\"mainEntityOfPage\":{\"@id\":\"https:\/\/portaltela.pt\/noticias\/2026\/04\/10\/guardiola-admite-magoa-com-bernardo-silva\/\"},\"wordCount\":246,\"image\":{\"@id\":\"https:\/\/portaltela.pt\/noticias\/2026\/04\/10\/guardiola-admite-magoa-com-bernardo-silva\/#primaryimage\"},\"thumbnailUrl\":\"https:\/\/portaltela.pt\/s.01k8rhncp4jt1\/2026\/04\/img_920x518uu2026-04-10-16-49-31-2432206-im-639114366985512342.jpg\",\"keywords\":[\"Ar\u00e1bia Saudita\",\"Barcelona\",\"Fenerbah\u00e7e\",\"futebol\",\"Juventus\",\"mercado da bola\"],\"articleSection\":[\"Desporto\",\"Futebol\"],\"inLanguage\":\"pt-PT\"},{\"@type\":\"WebPage\",\"@id\":\"https:\/\/portaltela.pt\/noticias\/2026\/04\/10\/guardiola-admite-magoa-com-bernardo-silva\/\",\"url\":\"https:\/\/portaltela.pt\/noticias\/2026\/04\/10\/guardiola-admite-magoa-com-bernardo-silva\/\",\"name\":\"Guardiola admite m\u00e1goa com Bernardo Silva - Portal Tela Portugal\",\"isPartOf\":{\"@id\":\"https:\/\/portaltela.pt\/#website\"},\"primaryImageOfPage\":{\"@id\":\"https:\/\/portaltela.pt\/noticias\/2026\/04\/10\/guardiola-admite-magoa-com-bernardo-silva\/#primaryimage\"},\"image\":{\"@id\":\"https:\/\/portaltela.pt\/noticias\/2026\/04\/10\/guardiola-admite-magoa-com-bernardo-silva\/#primaryimage\"},\"thumbnailUrl\":\"https:\/\/portaltela.pt\/s.01k8rhncp4jt1\/2026\/04\/img_920x518uu2026-04-10-16-49-31-2432206-im-639114366985512342.jpg\",\"datePublished\":\"2026-04-10T16:02:48+00:00\",\"author\":{\"@id\":\"https:\/\/portaltela.pt\/#\/schema\/person\/c4278d4a6028830caff9ee44b42d32ed\"},\"breadcrumb\":{\"@id\":\"https:\/\/portaltela.pt\/noticias\/2026\/04\/10\/guardiola-admite-magoa-com-bernardo-silva\/#breadcrumb\"},\"inLanguage\":\"pt-PT\",\"potentialAction\":[{\"@type\":\"ReadAction\",\"target\":[\"https:\/\/portaltela.pt\/noticias\/2026\/04\/10\/guardiola-admite-magoa-com-bernardo-silva\/\"]}]},{\"@type\":\"ImageObject\",\"inLanguage\":\"pt-PT\",\"@id\":\"https:\/\/portaltela.pt\/noticias\/2026\/04\/10\/guardiola-admite-magoa-com-bernardo-silva\/#primaryimage\",\"url\":\"https:\/\/portaltela.pt\/s.01k8rhncp4jt1\/2026\/04\/img_920x518uu2026-04-10-16-49-31-2432206-im-639114366985512342.jpg\",\"contentUrl\":\"https:\/\/portaltela.pt\/s.01k8rhncp4jt1\/2026\/04\/img_920x518uu2026-04-10-16-49-31-2432206-im-639114366985512342.jpg\",\"width\":796,\"height\":448,\"caption\":\"Guardiola expressa descontentamento com Bernardo Silva face a poss\u00edvel sa\u00edda\"},{\"@type\":\"BreadcrumbList\",\"@id\":\"https:\/\/portaltela.pt\/noticias\/2026\/04\/10\/guardiola-admite-magoa-com-bernardo-silva\/#breadcrumb\",\"itemListElement\":[{\"@type\":\"ListItem\",\"position\":1,\"name\":\"In\u00edcio\",\"item\":\"https:\/\/portaltela.pt\/\"},{\"@type\":\"ListItem\",\"position\":2,\"name\":\"Guardiola admite m\u00e1goa com Bernardo Silva\"}]},{\"@type\":\"WebSite\",\"@id\":\"https:\/\/portaltela.pt\/#website\",\"url\":\"https:\/\/portaltela.pt\/\",\"name\":\"Portal Tela Portugal\",\"description\":\"\",\"potentialAction\":[{\"@type\":\"SearchAction\",\"target\":{\"@type\":\"EntryPoint\",\"urlTemplate\":\"https:\/\/portaltela.pt\/?s={search_term_string}\"},\"query-input\":{\"@type\":\"PropertyValueSpecification\",\"valueRequired\":true,\"valueName\":\"search_term_string\"}}],\"inLanguage\":\"pt-PT\"},{\"@type\":\"Person\",\"@id\":\"https:\/\/portaltela.pt\/#\/schema\/person\/c4278d4a6028830caff9ee44b42d32ed\",\"name\":\"Telinha\",\"image\":{\"@type\":\"ImageObject\",\"inLanguage\":\"pt-PT\",\"@id\":\"https:\/\/portaltela.pt\/s.01k8rhncp4jt1\/2025\/11\/talking-bot-125x125.png\",\"url\":\"https:\/\/portaltela.pt\/s.01k8rhncp4jt1\/2025\/11\/talking-bot-125x125.png\",\"contentUrl\":\"https:\/\/portaltela.pt\/s.01k8rhncp4jt1\/2025\/11\/talking-bot-125x125.png\",\"caption\":\"Telinha\"},\"sameAs\":[\"https:\/\/portaltela.pt\/\"],\"url\":\"https:\/\/portaltela.pt\/por\/367410592786\/\"}]}<\/script>\n<!-- \/ Yoast SEO plugin. -->","yoast_head_json":{"title":"Guardiola admite m\u00e1goa com Bernardo Silva - Portal Tela Portugal","robots":{"index":"index","follow":"follow","max-snippet":"max-snippet:-1","max-image-preview":"max-image-preview:large","max-video-preview":"max-video-preview:-1"},"og_locale":"pt_PT","og_type":"article","og_title":"Guardiola admite m\u00e1goa com Bernardo Silva - Portal Tela Portugal","og_description":"Pep Guardiola mostrou descontentamento com a poss\u00edvel sa\u00edda de Bernardo Silva no final da presente temporada, ap\u00f3s o vice-treinador Pep Lijnders indicar que o contrato n\u00e3o ser\u00e1 renovado. O treinador espanhol afirmou que adoraria que Bernardo permanecesse no Manchester City, mas a decis\u00e3o cabe ao jogador. Guardiola disse ter ficado zangado por Bernardo n\u00e3o ter informado, ainda h\u00e1 um m\u00eas, qual seria a sua decis\u00e3o. Bernardo Silva contabiliza 450 jogos pelo City e 76 golos desde que chegou ao clube proveniente do Monaco, h\u00e1 nove anos. O v\u00ednculo de Bernardo tem sido associado a transfer\u00eancias para Barcelona, Juventus, Fenerbah\u00e7e ou Ar\u00e1bia Saudita, entre outros interessados.","og_url":"https:\/\/portaltela.pt\/noticias\/2026\/04\/10\/guardiola-admite-magoa-com-bernardo-silva\/","og_site_name":"Portal Tela Portugal","article_published_time":"2026-04-10T16:02:48+00:00","author":"Telinha","twitter_card":"summary_large_image","twitter_misc":{"Escrito por":"Telinha","Tempo estimado de leitura":"1 minuto"},"schema":{"@context":"https:\/\/schema.org","@graph":[{"@type":"Article","@id":"https:\/\/portaltela.pt\/noticias\/2026\/04\/10\/guardiola-admite-magoa-com-bernardo-silva\/#article","isPartOf":{"@id":"https:\/\/portaltela.pt\/noticias\/2026\/04\/10\/guardiola-admite-magoa-com-bernardo-silva\/"},"author":{"name":"Telinha","@id":"https:\/\/portaltela.pt\/#\/schema\/person\/c4278d4a6028830caff9ee44b42d32ed"},"headline":"Guardiola admite m\u00e1goa com Bernardo Silva","datePublished":"2026-04-10T16:02:48+00:00","mainEntityOfPage":{"@id":"https:\/\/portaltela.pt\/noticias\/2026\/04\/10\/guardiola-admite-magoa-com-bernardo-silva\/"},"wordCount":246,"image":{"@id":"https:\/\/portaltela.pt\/noticias\/2026\/04\/10\/guardiola-admite-magoa-com-bernardo-silva\/#primaryimage"},"thumbnailUrl":"https:\/\/portaltela.pt\/s.01k8rhncp4jt1\/2026\/04\/img_920x518uu2026-04-10-16-49-31-2432206-im-639114366985512342.jpg","keywords":["Ar\u00e1bia Saudita","Barcelona","Fenerbah\u00e7e","futebol","Juventus","mercado da bola"],"articleSection":["Desporto","Futebol"],"inLanguage":"pt-PT"},{"@type":"WebPage","@id":"https:\/\/portaltela.pt\/noticias\/2026\/04\/10\/guardiola-admite-magoa-com-bernardo-silva\/","url":"https:\/\/portaltela.pt\/noticias\/2026\/04\/10\/guardiola-admite-magoa-com-bernardo-silva\/","name":"Guardiola admite m\u00e1goa com Bernardo Silva - Portal Tela Portugal","isPartOf":{"@id":"https:\/\/portaltela.pt\/#website"},"primaryImageOfPage":{"@id":"https:\/\/portaltela.pt\/noticias\/2026\/04\/10\/guardiola-admite-magoa-com-bernardo-silva\/#primaryimage"},"image":{"@id":"https:\/\/portaltela.pt\/noticias\/2026\/04\/10\/guardiola-admite-magoa-com-bernardo-silva\/#primaryimage"},"thumbnailUrl":"https:\/\/portaltela.pt\/s.01k8rhncp4jt1\/2026\/04\/img_920x518uu2026-04-10-16-49-31-2432206-im-639114366985512342.jpg","datePublished":"2026-04-10T16:02:48+00:00","author":{"@id":"https:\/\/portaltela.pt\/#\/schema\/person\/c4278d4a6028830caff9ee44b42d32ed"},"breadcrumb":{"@id":"https:\/\/portaltela.pt\/noticias\/2026\/04\/10\/guardiola-admite-magoa-com-bernardo-silva\/#breadcrumb"},"inLanguage":"pt-PT","potentialAction":[{"@type":"ReadAction","target":["https:\/\/portaltela.pt\/noticias\/2026\/04\/10\/guardiola-admite-magoa-com-bernardo-silva\/"]}]},{"@type":"ImageObject","inLanguage":"pt-PT","@id":"https:\/\/portaltela.pt\/noticias\/2026\/04\/10\/guardiola-admite-magoa-com-bernardo-silva\/#primaryimage","url":"https:\/\/portaltela.pt\/s.01k8rhncp4jt1\/2026\/04\/img_920x518uu2026-04-10-16-49-31-2432206-im-639114366985512342.jpg","contentUrl":"https:\/\/portaltela.pt\/s.01k8rhncp4jt1\/2026\/04\/img_920x518uu2026-04-10-16-49-31-2432206-im-639114366985512342.jpg","width":796,"height":448,"caption":"Guardiola expressa descontentamento com Bernardo Silva face a poss\u00edvel sa\u00edda"},{"@type":"BreadcrumbList","@id":"https:\/\/portaltela.pt\/noticias\/2026\/04\/10\/guardiola-admite-magoa-com-bernardo-silva\/#breadcrumb","itemListElement":[{"@type":"ListItem","position":1,"name":"In\u00edcio","item":"https:\/\/portaltela.pt\/"},{"@type":"ListItem","position":2,"name":"Guardiola admite m\u00e1goa com Bernardo Silva"}]},{"@type":"WebSite","@id":"https:\/\/portaltela.pt\/#website","url":"https:\/\/portaltela.pt\/","name":"Portal Tela Portugal","description":"","potentialAction":[{"@type":"SearchAction","target":{"@type":"EntryPoint","urlTemplate":"https:\/\/portaltela.pt\/?s={search_term_string}"},"query-input":{"@type":"PropertyValueSpecification","valueRequired":true,"valueName":"search_term_string"}}],"inLanguage":"pt-PT"},{"@type":"Person","@id":"https:\/\/portaltela.pt\/#\/schema\/person\/c4278d4a6028830caff9ee44b42d32ed","name":"Telinha","image":{"@type":"ImageObject","inLanguage":"pt-PT","@id":"https:\/\/portaltela.pt\/s.01k8rhncp4jt1\/2025\/11\/talking-bot-125x125.png","url":"https:\/\/portaltela.pt\/s.01k8rhncp4jt1\/2025\/11\/talking-bot-125x125.png","contentUrl":"https:\/\/portaltela.pt\/s.01k8rhncp4jt1\/2025\/11\/talking-bot-125x125.png","caption":"Telinha"},"sameAs":["https:\/\/portaltela.pt\/"],"url":"https:\/\/portaltela.pt\/por\/367410592786\/"}]}},"_links":{"self":[{"href":"https:\/\/portaltela.pt\/api\/wp\/v2\/posts\/439614","targetHints":{"allow":["GET"]}}],"collection":[{"href":"https:\/\/portaltela.pt\/api\/wp\/v2\/posts"}],"about":[{"href":"https:\/\/portaltela.pt\/api\/wp\/v2\/types\/post"}],"author":[{"embeddable":true,"href":"https:\/\/portaltela.pt\/api\/wp\/v2\/users\/2"}],"replies":[{"embeddable":true,"href":"https:\/\/portaltela.pt\/api\/wp\/v2\/comments?post=439614"}],"version-history":[{"count":0,"href":"https:\/\/portaltela.pt\/api\/wp\/v2\/posts\/439614\/revisions"}],"wp:featuredmedia":[{"embeddable":true,"href":"https:\/\/portaltela.pt\/api\/wp\/v2\/media\/439615"}],"wp:attachment":[{"href":"https:\/\/portaltela.pt\/api\/wp\/v2\/media?parent=439614"}],"wp:term":[{"taxonomy":"category","embeddable":true,"href":"https:\/\/portaltela.pt\/api\/wp\/v2\/categories?post=439614"},{"taxonomy":"post_tag","embeddable":true,"href":"https:\/\/portaltela.pt\/api\/wp\/v2\/tags?post=439614"}],"curies":[{"name":"wp","href":"https:\/\/api.w.org\/{rel}","templated":true}]}}