{"id":439612,"date":"2026-04-10T13:02:41","date_gmt":"2026-04-10T16:02:41","guid":{"rendered":"https:\/\/portaltela.pt\/noticias\/2026\/04\/10\/pt-es-e-ma-assinam-acordo-para-agilizar-incidentes-no-mundial-2030\/"},"modified":"2026-04-10T13:02:41","modified_gmt":"2026-04-10T16:02:41","slug":"pt-es-e-ma-assinam-acordo-para-agilizar-incidentes-no-mundial-2030","status":"publish","type":"post","link":"https:\/\/portaltela.pt\/desporto\/copa-do-mundo\/2026\/04\/10\/pt-es-e-ma-assinam-acordo-para-agilizar-incidentes-no-mundial-2030\/","title":{"rendered":"PT, ES e MA assinam acordo para agilizar incidentes no Mundial 2030"},"content":{"rendered":"<p>Portugal, Espanha e Marrocos assinaram em Rabat um memorando de entendimento para agilizar a coopera\u00e7\u00e3o judicial durante o Mundial de 2030, com o objetivo de resolver de forma r\u00e1pida incidentes e lit\u00edgios comerciais ligados \u00e0 organiza\u00e7\u00e3o do evento.<\/p>\n<p>O acordo foi assinado pela ministra da Justi\u00e7a de Portugal, Rita Alarc\u00e3o J\u00fadice, e pelos seus hom\u00f3logos espanhol, F\u00e9lix Bola\u00f1os, e marroquino, Abdellatif Ouahbi. O ato ocorreu durante a reuni\u00e3o entre os tr\u00eas governos.<\/p>\n<p>Pretende criar uma comiss\u00e3o conjunta para acelerar processos judiciais no terreno e facilitar a coordena\u00e7\u00e3o internacional r\u00e1pida, com base na troca de informa\u00e7\u00f5es e em procedimentos de emerg\u00eancia, tanto na esfera penal como na c\u00edvel.<\/p>\n<h3>Detalhes operacionais<\/h3>\n<p>A coopera\u00e7\u00e3o prev\u00ea processamento in situ de ocorr\u00eancias e uma estrutura de coordena\u00e7\u00e3o que ter\u00e1 a troca de dados entre as autoridades competentes para acelerar a resolu\u00e7\u00e3o de controv\u00e9rsias envolvendo entidades ligadas ao evento.<\/p>\n<p>Os respons\u00e1veis destacaram a natureza estrat\u00e9gica da iniciativa, que visa assegurar uma resposta eficiente a eventuais incidentes jur\u00eddicos durante o Mundial, mantendo a fluidez administrativa entre os pa\u00edses.<\/p>\n<p>O Mundial de 2030 ser\u00e1 organizado de forma conjunta pelos tr\u00eas pa\u00edses, e inclui tr\u00eas jogos inaugurais previstos para a Am\u00e9rica do Sul, como parte das marcas comemorativas do centen\u00e1rio da competi\u00e7\u00e3o.<\/p>\n","protected":false},"excerpt":{"rendered":"<ul>\n<li>Portugal, Espanha e Marrocos assinam em Rabat um memorando de entendimento para acelerar a coopera\u00e7\u00e3o judicial durante o Mundial 2030.<\/li>\n<li>O acordo, assinado pela ministra da Justi\u00e7a portuguesa Rita Alarc\u00e3o J\u00fadice e pelos hom\u00f3logos F\u00e9lix Bola\u00f1os e Abdellatif Ouahbi, cria uma comiss\u00e3o conjunta para acelerar processos &#8220;in situ&#8221; e uma coordena\u00e7\u00e3o internacional r\u00e1pida.<\/li>\n<li>A coopera\u00e7\u00e3o abrange ocorr\u00eancias desportivas e disputas comerciais entre entidades envolvidas na organiza\u00e7\u00e3o, com procedimentos de emerg\u00eancia nos \u00e2mbitos penal e civil.<\/li>\n<li>Rita Alarc\u00e3o J\u00fadice afirmou que a iniciativa \u00e9 estrat\u00e9gica e pode servir de exemplo mundial, destacando a coopera\u00e7\u00e3o entre os tr\u00eas pa\u00edses.<\/li>\n<li>O Mundial de 2030 ser\u00e1 organizado por Portugal, Espanha e Marrocos, com tr\u00eas jogos inaugurais previstos para a Am\u00e9rica do Sul para assinalar o centen\u00e1rio.<\/li>\n<\/ul>\n","protected":false},"author":2,"featured_media":439613,"comment_status":"closed","ping_status":"closed","sticky":false,"template":"","format":"standard","meta":{"footnotes":""},"categories":[6695,21],"tags":[7755,256,3034,2031,1015,1014],"class_list":["post-439612","post","type-post","status-publish","format-standard","has-post-thumbnail","hentry","category-copa-do-mundo","category-desporto","tag-_futebol","tag-cooperacao-internacional","tag-direito-internacional","tag-espanha","tag-marrocos","tag-portugal"],"yoast_head":"<!-- This site is optimized with the Yoast SEO plugin v27.2 - https:\/\/yoast.com\/product\/yoast-seo-wordpress\/ -->\n<title>PT, ES e MA assinam acordo para agilizar incidentes no Mundial 2030 - Portal Tela Portugal<\/title>\n<meta name=\"robots\" content=\"index, follow, max-snippet:-1, max-image-preview:large, max-video-preview:-1\" \/>\n<meta property=\"og:locale\" content=\"pt_PT\" \/>\n<meta property=\"og:type\" content=\"article\" \/>\n<meta property=\"og:title\" content=\"PT, ES e MA assinam acordo para agilizar incidentes no Mundial 2030 - Portal Tela Portugal\" \/>\n<meta property=\"og:description\" content=\"Portugal, Espanha e Marrocos assinam em Rabat um memorando de entendimento para acelerar a coopera\u00e7\u00e3o judicial durante o Mundial 2030. O acordo, assinado pela ministra da Justi\u00e7a portuguesa Rita Alarc\u00e3o J\u00fadice e pelos hom\u00f3logos F\u00e9lix Bola\u00f1os e Abdellatif Ouahbi, cria uma comiss\u00e3o conjunta para acelerar processos &quot;in situ&quot; e uma coordena\u00e7\u00e3o internacional r\u00e1pida. A coopera\u00e7\u00e3o abrange ocorr\u00eancias desportivas e disputas comerciais entre entidades envolvidas na organiza\u00e7\u00e3o, com procedimentos de emerg\u00eancia nos \u00e2mbitos penal e civil. Rita Alarc\u00e3o J\u00fadice afirmou que a iniciativa \u00e9 estrat\u00e9gica e pode servir de exemplo mundial, destacando a coopera\u00e7\u00e3o entre os tr\u00eas pa\u00edses. O Mundial de 2030 ser\u00e1 organizado por Portugal, Espanha e Marrocos, com tr\u00eas jogos inaugurais previstos para a Am\u00e9rica do Sul para assinalar o centen\u00e1rio.\" \/>\n<meta property=\"og:url\" content=\"https:\/\/portaltela.pt\/noticias\/2026\/04\/10\/pt-es-e-ma-assinam-acordo-para-agilizar-incidentes-no-mundial-2030\/\" \/>\n<meta property=\"og:site_name\" content=\"Portal Tela Portugal\" \/>\n<meta property=\"article:published_time\" content=\"2026-04-10T16:02:41+00:00\" \/>\n<meta name=\"author\" content=\"Telinha\" \/>\n<meta name=\"twitter:card\" content=\"summary_large_image\" \/>\n<meta name=\"twitter:label1\" content=\"Escrito por\" \/>\n\t<meta name=\"twitter:data1\" content=\"Telinha\" \/>\n\t<meta name=\"twitter:label2\" content=\"Tempo estimado de leitura\" \/>\n\t<meta name=\"twitter:data2\" content=\"1 minuto\" \/>\n<script type=\"application\/ld+json\" class=\"yoast-schema-graph\">{\"@context\":\"https:\/\/schema.org\",\"@graph\":[{\"@type\":\"Article\",\"@id\":\"https:\/\/portaltela.pt\/noticias\/2026\/04\/10\/pt-es-e-ma-assinam-acordo-para-agilizar-incidentes-no-mundial-2030\/#article\",\"isPartOf\":{\"@id\":\"https:\/\/portaltela.pt\/noticias\/2026\/04\/10\/pt-es-e-ma-assinam-acordo-para-agilizar-incidentes-no-mundial-2030\/\"},\"author\":{\"name\":\"Telinha\",\"@id\":\"https:\/\/portaltela.pt\/#\/schema\/person\/c4278d4a6028830caff9ee44b42d32ed\"},\"headline\":\"PT, ES e MA assinam acordo para agilizar incidentes no Mundial 2030\",\"datePublished\":\"2026-04-10T16:02:41+00:00\",\"mainEntityOfPage\":{\"@id\":\"https:\/\/portaltela.pt\/noticias\/2026\/04\/10\/pt-es-e-ma-assinam-acordo-para-agilizar-incidentes-no-mundial-2030\/\"},\"wordCount\":244,\"image\":{\"@id\":\"https:\/\/portaltela.pt\/noticias\/2026\/04\/10\/pt-es-e-ma-assinam-acordo-para-agilizar-incidentes-no-mundial-2030\/#primaryimage\"},\"thumbnailUrl\":\"https:\/\/portaltela.pt\/s.01k8rhncp4jt1\/2026\/04\/img_920x518uu2025-09-25-20-56-15-2392012.jpg\",\"keywords\":[\"_futebol\",\"coopera\u00e7\u00e3o internacional\",\"direito internacional\",\"Espanha\",\"Marrocos\",\"Portugal\"],\"articleSection\":[\"Copa do Mundo\",\"Desporto\"],\"inLanguage\":\"pt-PT\"},{\"@type\":\"WebPage\",\"@id\":\"https:\/\/portaltela.pt\/noticias\/2026\/04\/10\/pt-es-e-ma-assinam-acordo-para-agilizar-incidentes-no-mundial-2030\/\",\"url\":\"https:\/\/portaltela.pt\/noticias\/2026\/04\/10\/pt-es-e-ma-assinam-acordo-para-agilizar-incidentes-no-mundial-2030\/\",\"name\":\"PT, ES e MA assinam acordo para agilizar incidentes no Mundial 2030 - Portal Tela Portugal\",\"isPartOf\":{\"@id\":\"https:\/\/portaltela.pt\/#website\"},\"primaryImageOfPage\":{\"@id\":\"https:\/\/portaltela.pt\/noticias\/2026\/04\/10\/pt-es-e-ma-assinam-acordo-para-agilizar-incidentes-no-mundial-2030\/#primaryimage\"},\"image\":{\"@id\":\"https:\/\/portaltela.pt\/noticias\/2026\/04\/10\/pt-es-e-ma-assinam-acordo-para-agilizar-incidentes-no-mundial-2030\/#primaryimage\"},\"thumbnailUrl\":\"https:\/\/portaltela.pt\/s.01k8rhncp4jt1\/2026\/04\/img_920x518uu2025-09-25-20-56-15-2392012.jpg\",\"datePublished\":\"2026-04-10T16:02:41+00:00\",\"author\":{\"@id\":\"https:\/\/portaltela.pt\/#\/schema\/person\/c4278d4a6028830caff9ee44b42d32ed\"},\"breadcrumb\":{\"@id\":\"https:\/\/portaltela.pt\/noticias\/2026\/04\/10\/pt-es-e-ma-assinam-acordo-para-agilizar-incidentes-no-mundial-2030\/#breadcrumb\"},\"inLanguage\":\"pt-PT\",\"potentialAction\":[{\"@type\":\"ReadAction\",\"target\":[\"https:\/\/portaltela.pt\/noticias\/2026\/04\/10\/pt-es-e-ma-assinam-acordo-para-agilizar-incidentes-no-mundial-2030\/\"]}]},{\"@type\":\"ImageObject\",\"inLanguage\":\"pt-PT\",\"@id\":\"https:\/\/portaltela.pt\/noticias\/2026\/04\/10\/pt-es-e-ma-assinam-acordo-para-agilizar-incidentes-no-mundial-2030\/#primaryimage\",\"url\":\"https:\/\/portaltela.pt\/s.01k8rhncp4jt1\/2026\/04\/img_920x518uu2025-09-25-20-56-15-2392012.jpg\",\"contentUrl\":\"https:\/\/portaltela.pt\/s.01k8rhncp4jt1\/2026\/04\/img_920x518uu2025-09-25-20-56-15-2392012.jpg\",\"width\":796,\"height\":448,\"caption\":\"Portugal, Espanha e Marrocos assinam acordo para agilizar resolu\u00e7\u00e3o de incidentes no Mundial 2030\"},{\"@type\":\"BreadcrumbList\",\"@id\":\"https:\/\/portaltela.pt\/noticias\/2026\/04\/10\/pt-es-e-ma-assinam-acordo-para-agilizar-incidentes-no-mundial-2030\/#breadcrumb\",\"itemListElement\":[{\"@type\":\"ListItem\",\"position\":1,\"name\":\"In\u00edcio\",\"item\":\"https:\/\/portaltela.pt\/\"},{\"@type\":\"ListItem\",\"position\":2,\"name\":\"PT, ES e MA assinam acordo para agilizar incidentes no Mundial 2030\"}]},{\"@type\":\"WebSite\",\"@id\":\"https:\/\/portaltela.pt\/#website\",\"url\":\"https:\/\/portaltela.pt\/\",\"name\":\"Portal Tela Portugal\",\"description\":\"\",\"potentialAction\":[{\"@type\":\"SearchAction\",\"target\":{\"@type\":\"EntryPoint\",\"urlTemplate\":\"https:\/\/portaltela.pt\/?s={search_term_string}\"},\"query-input\":{\"@type\":\"PropertyValueSpecification\",\"valueRequired\":true,\"valueName\":\"search_term_string\"}}],\"inLanguage\":\"pt-PT\"},{\"@type\":\"Person\",\"@id\":\"https:\/\/portaltela.pt\/#\/schema\/person\/c4278d4a6028830caff9ee44b42d32ed\",\"name\":\"Telinha\",\"image\":{\"@type\":\"ImageObject\",\"inLanguage\":\"pt-PT\",\"@id\":\"https:\/\/portaltela.pt\/s.01k8rhncp4jt1\/2025\/11\/talking-bot-125x125.png\",\"url\":\"https:\/\/portaltela.pt\/s.01k8rhncp4jt1\/2025\/11\/talking-bot-125x125.png\",\"contentUrl\":\"https:\/\/portaltela.pt\/s.01k8rhncp4jt1\/2025\/11\/talking-bot-125x125.png\",\"caption\":\"Telinha\"},\"sameAs\":[\"https:\/\/portaltela.pt\/\"],\"url\":\"https:\/\/portaltela.pt\/por\/367410592786\/\"}]}<\/script>\n<!-- \/ Yoast SEO plugin. -->","yoast_head_json":{"title":"PT, ES e MA assinam acordo para agilizar incidentes no Mundial 2030 - Portal Tela Portugal","robots":{"index":"index","follow":"follow","max-snippet":"max-snippet:-1","max-image-preview":"max-image-preview:large","max-video-preview":"max-video-preview:-1"},"og_locale":"pt_PT","og_type":"article","og_title":"PT, ES e MA assinam acordo para agilizar incidentes no Mundial 2030 - Portal Tela Portugal","og_description":"Portugal, Espanha e Marrocos assinam em Rabat um memorando de entendimento para acelerar a coopera\u00e7\u00e3o judicial durante o Mundial 2030. O acordo, assinado pela ministra da Justi\u00e7a portuguesa Rita Alarc\u00e3o J\u00fadice e pelos hom\u00f3logos F\u00e9lix Bola\u00f1os e Abdellatif Ouahbi, cria uma comiss\u00e3o conjunta para acelerar processos \"in situ\" e uma coordena\u00e7\u00e3o internacional r\u00e1pida. A coopera\u00e7\u00e3o abrange ocorr\u00eancias desportivas e disputas comerciais entre entidades envolvidas na organiza\u00e7\u00e3o, com procedimentos de emerg\u00eancia nos \u00e2mbitos penal e civil. Rita Alarc\u00e3o J\u00fadice afirmou que a iniciativa \u00e9 estrat\u00e9gica e pode servir de exemplo mundial, destacando a coopera\u00e7\u00e3o entre os tr\u00eas pa\u00edses. O Mundial de 2030 ser\u00e1 organizado por Portugal, Espanha e Marrocos, com tr\u00eas jogos inaugurais previstos para a Am\u00e9rica do Sul para assinalar o centen\u00e1rio.","og_url":"https:\/\/portaltela.pt\/noticias\/2026\/04\/10\/pt-es-e-ma-assinam-acordo-para-agilizar-incidentes-no-mundial-2030\/","og_site_name":"Portal Tela Portugal","article_published_time":"2026-04-10T16:02:41+00:00","author":"Telinha","twitter_card":"summary_large_image","twitter_misc":{"Escrito por":"Telinha","Tempo estimado de leitura":"1 minuto"},"schema":{"@context":"https:\/\/schema.org","@graph":[{"@type":"Article","@id":"https:\/\/portaltela.pt\/noticias\/2026\/04\/10\/pt-es-e-ma-assinam-acordo-para-agilizar-incidentes-no-mundial-2030\/#article","isPartOf":{"@id":"https:\/\/portaltela.pt\/noticias\/2026\/04\/10\/pt-es-e-ma-assinam-acordo-para-agilizar-incidentes-no-mundial-2030\/"},"author":{"name":"Telinha","@id":"https:\/\/portaltela.pt\/#\/schema\/person\/c4278d4a6028830caff9ee44b42d32ed"},"headline":"PT, ES e MA assinam acordo para agilizar incidentes no Mundial 2030","datePublished":"2026-04-10T16:02:41+00:00","mainEntityOfPage":{"@id":"https:\/\/portaltela.pt\/noticias\/2026\/04\/10\/pt-es-e-ma-assinam-acordo-para-agilizar-incidentes-no-mundial-2030\/"},"wordCount":244,"image":{"@id":"https:\/\/portaltela.pt\/noticias\/2026\/04\/10\/pt-es-e-ma-assinam-acordo-para-agilizar-incidentes-no-mundial-2030\/#primaryimage"},"thumbnailUrl":"https:\/\/portaltela.pt\/s.01k8rhncp4jt1\/2026\/04\/img_920x518uu2025-09-25-20-56-15-2392012.jpg","keywords":["_futebol","coopera\u00e7\u00e3o internacional","direito internacional","Espanha","Marrocos","Portugal"],"articleSection":["Copa do Mundo","Desporto"],"inLanguage":"pt-PT"},{"@type":"WebPage","@id":"https:\/\/portaltela.pt\/noticias\/2026\/04\/10\/pt-es-e-ma-assinam-acordo-para-agilizar-incidentes-no-mundial-2030\/","url":"https:\/\/portaltela.pt\/noticias\/2026\/04\/10\/pt-es-e-ma-assinam-acordo-para-agilizar-incidentes-no-mundial-2030\/","name":"PT, ES e MA assinam acordo para agilizar incidentes no Mundial 2030 - Portal Tela Portugal","isPartOf":{"@id":"https:\/\/portaltela.pt\/#website"},"primaryImageOfPage":{"@id":"https:\/\/portaltela.pt\/noticias\/2026\/04\/10\/pt-es-e-ma-assinam-acordo-para-agilizar-incidentes-no-mundial-2030\/#primaryimage"},"image":{"@id":"https:\/\/portaltela.pt\/noticias\/2026\/04\/10\/pt-es-e-ma-assinam-acordo-para-agilizar-incidentes-no-mundial-2030\/#primaryimage"},"thumbnailUrl":"https:\/\/portaltela.pt\/s.01k8rhncp4jt1\/2026\/04\/img_920x518uu2025-09-25-20-56-15-2392012.jpg","datePublished":"2026-04-10T16:02:41+00:00","author":{"@id":"https:\/\/portaltela.pt\/#\/schema\/person\/c4278d4a6028830caff9ee44b42d32ed"},"breadcrumb":{"@id":"https:\/\/portaltela.pt\/noticias\/2026\/04\/10\/pt-es-e-ma-assinam-acordo-para-agilizar-incidentes-no-mundial-2030\/#breadcrumb"},"inLanguage":"pt-PT","potentialAction":[{"@type":"ReadAction","target":["https:\/\/portaltela.pt\/noticias\/2026\/04\/10\/pt-es-e-ma-assinam-acordo-para-agilizar-incidentes-no-mundial-2030\/"]}]},{"@type":"ImageObject","inLanguage":"pt-PT","@id":"https:\/\/portaltela.pt\/noticias\/2026\/04\/10\/pt-es-e-ma-assinam-acordo-para-agilizar-incidentes-no-mundial-2030\/#primaryimage","url":"https:\/\/portaltela.pt\/s.01k8rhncp4jt1\/2026\/04\/img_920x518uu2025-09-25-20-56-15-2392012.jpg","contentUrl":"https:\/\/portaltela.pt\/s.01k8rhncp4jt1\/2026\/04\/img_920x518uu2025-09-25-20-56-15-2392012.jpg","width":796,"height":448,"caption":"Portugal, Espanha e Marrocos assinam acordo para agilizar resolu\u00e7\u00e3o de incidentes no Mundial 2030"},{"@type":"BreadcrumbList","@id":"https:\/\/portaltela.pt\/noticias\/2026\/04\/10\/pt-es-e-ma-assinam-acordo-para-agilizar-incidentes-no-mundial-2030\/#breadcrumb","itemListElement":[{"@type":"ListItem","position":1,"name":"In\u00edcio","item":"https:\/\/portaltela.pt\/"},{"@type":"ListItem","position":2,"name":"PT, ES e MA assinam acordo para agilizar incidentes no Mundial 2030"}]},{"@type":"WebSite","@id":"https:\/\/portaltela.pt\/#website","url":"https:\/\/portaltela.pt\/","name":"Portal Tela Portugal","description":"","potentialAction":[{"@type":"SearchAction","target":{"@type":"EntryPoint","urlTemplate":"https:\/\/portaltela.pt\/?s={search_term_string}"},"query-input":{"@type":"PropertyValueSpecification","valueRequired":true,"valueName":"search_term_string"}}],"inLanguage":"pt-PT"},{"@type":"Person","@id":"https:\/\/portaltela.pt\/#\/schema\/person\/c4278d4a6028830caff9ee44b42d32ed","name":"Telinha","image":{"@type":"ImageObject","inLanguage":"pt-PT","@id":"https:\/\/portaltela.pt\/s.01k8rhncp4jt1\/2025\/11\/talking-bot-125x125.png","url":"https:\/\/portaltela.pt\/s.01k8rhncp4jt1\/2025\/11\/talking-bot-125x125.png","contentUrl":"https:\/\/portaltela.pt\/s.01k8rhncp4jt1\/2025\/11\/talking-bot-125x125.png","caption":"Telinha"},"sameAs":["https:\/\/portaltela.pt\/"],"url":"https:\/\/portaltela.pt\/por\/367410592786\/"}]}},"_links":{"self":[{"href":"https:\/\/portaltela.pt\/api\/wp\/v2\/posts\/439612","targetHints":{"allow":["GET"]}}],"collection":[{"href":"https:\/\/portaltela.pt\/api\/wp\/v2\/posts"}],"about":[{"href":"https:\/\/portaltela.pt\/api\/wp\/v2\/types\/post"}],"author":[{"embeddable":true,"href":"https:\/\/portaltela.pt\/api\/wp\/v2\/users\/2"}],"replies":[{"embeddable":true,"href":"https:\/\/portaltela.pt\/api\/wp\/v2\/comments?post=439612"}],"version-history":[{"count":0,"href":"https:\/\/portaltela.pt\/api\/wp\/v2\/posts\/439612\/revisions"}],"wp:featuredmedia":[{"embeddable":true,"href":"https:\/\/portaltela.pt\/api\/wp\/v2\/media\/439613"}],"wp:attachment":[{"href":"https:\/\/portaltela.pt\/api\/wp\/v2\/media?parent=439612"}],"wp:term":[{"taxonomy":"category","embeddable":true,"href":"https:\/\/portaltela.pt\/api\/wp\/v2\/categories?post=439612"},{"taxonomy":"post_tag","embeddable":true,"href":"https:\/\/portaltela.pt\/api\/wp\/v2\/tags?post=439612"}],"curies":[{"name":"wp","href":"https:\/\/api.w.org\/{rel}","templated":true}]}}