{"id":439603,"date":"2026-04-10T13:02:28","date_gmt":"2026-04-10T16:02:28","guid":{"rendered":"https:\/\/portaltela.pt\/noticias\/2026\/04\/10\/sistema-de-controlo-fronteirico-reduz-idade-para-portas-eletronicas\/"},"modified":"2026-04-10T13:02:28","modified_gmt":"2026-04-10T16:02:28","slug":"sistema-de-controlo-fronteirico-reduz-idade-para-portas-eletronicas","status":"publish","type":"post","link":"https:\/\/portaltela.pt\/internacionais\/2026\/04\/10\/sistema-de-controlo-fronteirico-reduz-idade-para-portas-eletronicas\/","title":{"rendered":"Sistema de controlo fronteiri\u00e7o reduz idade para portas eletr\u00f3nicas"},"content":{"rendered":"<p>O novo Sistema Europeu de Entrada\/Sa\u00edda (EES) para cidad\u00e3os extra\u2011UE entrou em pleno funcionamento esta sexta-feira. A novidade inclui a redu\u00e7\u00e3o da idade m\u00ednima para usar as portas eletr\u00f3nicas para 16 anos e melhorias que visam maior fluidez. Os e\u2011gates passam a estar dispon\u00edveis para mais viajantes.<\/p>\n<p>Segundo o Sistema de Seguran\u00e7a Interna (SSI), as mudan\u00e7as aumentam o conjunto de nacionalidades eleg\u00edveis para as portas eletr\u00f3nicas. Nas chegadas, passam de oito para 13; nas partidas, de 10 para 23. A idade m\u00ednima desceu de 18 para 16 anos, e passa a aceitar o t\u00edtulo de resid\u00eancia de estrangeiros residentes em Portugal.<\/p>\n<p>Foi tamb\u00e9m lan\u00e7ada uma aplica\u00e7\u00e3o m\u00f3vel europeia chamada Travel to Europe, integrada no sistema de controlo de fronteiras. A app permite o pr\u00e9\u2011registo at\u00e9 72 horas antes da viagem e gera um QR Code com os dados do passageiro.<\/p>\n<p>O EES funciona a partir desta sexta-feira a 100%, ap\u00f3s um per\u00edodo faseado de implementa\u00e7\u00e3o na UE. Durante seis meses, a fun\u00e7\u00e3o podia ser suspensa em alturas de maior movimento, mas a suspens\u00e3o total termina com a entrada total em vigor.<\/p>\n<p>A Comiss\u00e3o Europeia informou que o objetivo \u00e9 acelerar controlos nos aeroportos ap\u00f3s o registo digital. Os viajantes devem beneficiar de tempos de espera reduzidos e da utiliza\u00e7\u00e3o de e\u2011gates e sistemas autom\u00e1ticos no tr\u00e2nsito pela fronteira.<\/p>\n<p>O SSI acrescenta ainda que o sistema aumenta o rigor no controlo migrat\u00f3rio. A dete\u00e7\u00e3o autom\u00e1tica de perman\u00eancias irregulares e de sa\u00eddas n\u00e3o registadas passa a fazer parte das capacidades de controlo, visando maior conformidade.<\/p>\n","protected":false},"excerpt":{"rendered":"<ul>\n<li>O Sistema Europeu de Entrada\/Sa\u00edda (EES) entrou plenamente em vigor na Uni\u00e3o Europeia nesta sexta-feira, com funcionamento 100% em todos os aeroportos e fronteiras.<\/li>\n<li>A idade m\u00ednima para usar as portas eletr\u00f3nicas (e-gates) foi reduzida de 18 para 16 anos.<\/li>\n<li>O n\u00famero de nacionalidades eleg\u00edveis para as e-gates aumentou, passando de oito para treze nas chegadas e de dez para vinte\u2011tr\u00eas nas partidas.<\/li>\n<li>Passa a ser permitido o uso do t\u00edtulo de resid\u00eancia para cidad\u00e3os estrangeiros residentes em Portugal, facilitando o controlo para residentes.<\/li>\n<li>Foi lan\u00e7ada a aplica\u00e7\u00e3o m\u00f3vel europeia Travel to Europe, que permite pr\u00e9-registo at\u00e9 72 horas antes da viagem e gera um c\u00f3digo QR com os dados do passageiro.<\/li>\n<\/ul>\n","protected":false},"author":2,"featured_media":439606,"comment_status":"closed","ping_status":"closed","sticky":false,"template":"","format":"standard","meta":{"footnotes":""},"categories":[6912],"tags":[4002,3238,4781,1456,250,6037],"class_list":["post-439603","post","type-post","status-publish","format-standard","has-post-thumbnail","hentry","category-internacionais","tag-fronteiras","tag-fronteiras-internacionais","tag-identidade-digital-verificavel","tag-migracao","tag-seguranca-publica","tag-viagens-internacionais"],"yoast_head":"<!-- This site is optimized with the Yoast SEO plugin v27.2 - https:\/\/yoast.com\/product\/yoast-seo-wordpress\/ -->\n<title>Sistema de controlo fronteiri\u00e7o reduz idade para portas eletr\u00f3nicas - Portal Tela Portugal<\/title>\n<meta name=\"robots\" content=\"index, follow, max-snippet:-1, max-image-preview:large, max-video-preview:-1\" \/>\n<meta property=\"og:locale\" content=\"pt_PT\" \/>\n<meta property=\"og:type\" content=\"article\" \/>\n<meta property=\"og:title\" content=\"Sistema de controlo fronteiri\u00e7o reduz idade para portas eletr\u00f3nicas - Portal Tela Portugal\" \/>\n<meta property=\"og:description\" content=\"O Sistema Europeu de Entrada\/Sa\u00edda (EES) entrou plenamente em vigor na Uni\u00e3o Europeia nesta sexta-feira, com funcionamento 100% em todos os aeroportos e fronteiras. A idade m\u00ednima para usar as portas eletr\u00f3nicas (e-gates) foi reduzida de 18 para 16 anos. O n\u00famero de nacionalidades eleg\u00edveis para as e-gates aumentou, passando de oito para treze nas chegadas e de dez para vinte\u2011tr\u00eas nas partidas. Passa a ser permitido o uso do t\u00edtulo de resid\u00eancia para cidad\u00e3os estrangeiros residentes em Portugal, facilitando o controlo para residentes. Foi lan\u00e7ada a aplica\u00e7\u00e3o m\u00f3vel europeia Travel to Europe, que permite pr\u00e9-registo at\u00e9 72 horas antes da viagem e gera um c\u00f3digo QR com os dados do passageiro.\" \/>\n<meta property=\"og:url\" content=\"https:\/\/portaltela.pt\/noticias\/2026\/04\/10\/sistema-de-controlo-fronteirico-reduz-idade-para-portas-eletronicas\/\" \/>\n<meta property=\"og:site_name\" content=\"Portal Tela Portugal\" \/>\n<meta property=\"article:published_time\" content=\"2026-04-10T16:02:28+00:00\" \/>\n<meta name=\"author\" content=\"Telinha\" \/>\n<meta name=\"twitter:card\" content=\"summary_large_image\" \/>\n<meta name=\"twitter:label1\" content=\"Escrito por\" \/>\n\t<meta name=\"twitter:data1\" content=\"Telinha\" \/>\n\t<meta name=\"twitter:label2\" content=\"Tempo estimado de leitura\" \/>\n\t<meta name=\"twitter:data2\" content=\"1 minuto\" \/>\n<script type=\"application\/ld+json\" class=\"yoast-schema-graph\">{\"@context\":\"https:\/\/schema.org\",\"@graph\":[{\"@type\":\"Article\",\"@id\":\"https:\/\/portaltela.pt\/noticias\/2026\/04\/10\/sistema-de-controlo-fronteirico-reduz-idade-para-portas-eletronicas\/#article\",\"isPartOf\":{\"@id\":\"https:\/\/portaltela.pt\/noticias\/2026\/04\/10\/sistema-de-controlo-fronteirico-reduz-idade-para-portas-eletronicas\/\"},\"author\":{\"name\":\"Telinha\",\"@id\":\"https:\/\/portaltela.pt\/#\/schema\/person\/c4278d4a6028830caff9ee44b42d32ed\"},\"headline\":\"Sistema de controlo fronteiri\u00e7o reduz idade para portas eletr\u00f3nicas\",\"datePublished\":\"2026-04-10T16:02:28+00:00\",\"mainEntityOfPage\":{\"@id\":\"https:\/\/portaltela.pt\/noticias\/2026\/04\/10\/sistema-de-controlo-fronteirico-reduz-idade-para-portas-eletronicas\/\"},\"wordCount\":293,\"image\":{\"@id\":\"https:\/\/portaltela.pt\/noticias\/2026\/04\/10\/sistema-de-controlo-fronteirico-reduz-idade-para-portas-eletronicas\/#primaryimage\"},\"thumbnailUrl\":\"https:\/\/portaltela.pt\/s.01k8rhncp4jt1\/2026\/04\/img_1500x1000uu2025-07-31-09-37-31-2226219.jpg\",\"keywords\":[\"fronteiras\",\"fronteiras internacionais\",\"identidade digital verific\u00e1vel\",\"migra\u00e7\u00e3o\",\"seguran\u00e7a p\u00fablica\",\"viagens internacionais\"],\"articleSection\":[\"Internacionais\"],\"inLanguage\":\"pt-PT\"},{\"@type\":\"WebPage\",\"@id\":\"https:\/\/portaltela.pt\/noticias\/2026\/04\/10\/sistema-de-controlo-fronteirico-reduz-idade-para-portas-eletronicas\/\",\"url\":\"https:\/\/portaltela.pt\/noticias\/2026\/04\/10\/sistema-de-controlo-fronteirico-reduz-idade-para-portas-eletronicas\/\",\"name\":\"Sistema de controlo fronteiri\u00e7o reduz idade para portas eletr\u00f3nicas - Portal Tela Portugal\",\"isPartOf\":{\"@id\":\"https:\/\/portaltela.pt\/#website\"},\"primaryImageOfPage\":{\"@id\":\"https:\/\/portaltela.pt\/noticias\/2026\/04\/10\/sistema-de-controlo-fronteirico-reduz-idade-para-portas-eletronicas\/#primaryimage\"},\"image\":{\"@id\":\"https:\/\/portaltela.pt\/noticias\/2026\/04\/10\/sistema-de-controlo-fronteirico-reduz-idade-para-portas-eletronicas\/#primaryimage\"},\"thumbnailUrl\":\"https:\/\/portaltela.pt\/s.01k8rhncp4jt1\/2026\/04\/img_1500x1000uu2025-07-31-09-37-31-2226219.jpg\",\"datePublished\":\"2026-04-10T16:02:28+00:00\",\"author\":{\"@id\":\"https:\/\/portaltela.pt\/#\/schema\/person\/c4278d4a6028830caff9ee44b42d32ed\"},\"breadcrumb\":{\"@id\":\"https:\/\/portaltela.pt\/noticias\/2026\/04\/10\/sistema-de-controlo-fronteirico-reduz-idade-para-portas-eletronicas\/#breadcrumb\"},\"inLanguage\":\"pt-PT\",\"potentialAction\":[{\"@type\":\"ReadAction\",\"target\":[\"https:\/\/portaltela.pt\/noticias\/2026\/04\/10\/sistema-de-controlo-fronteirico-reduz-idade-para-portas-eletronicas\/\"]}]},{\"@type\":\"ImageObject\",\"inLanguage\":\"pt-PT\",\"@id\":\"https:\/\/portaltela.pt\/noticias\/2026\/04\/10\/sistema-de-controlo-fronteirico-reduz-idade-para-portas-eletronicas\/#primaryimage\",\"url\":\"https:\/\/portaltela.pt\/s.01k8rhncp4jt1\/2026\/04\/img_1500x1000uu2025-07-31-09-37-31-2226219.jpg\",\"contentUrl\":\"https:\/\/portaltela.pt\/s.01k8rhncp4jt1\/2026\/04\/img_1500x1000uu2025-07-31-09-37-31-2226219.jpg\",\"width\":796,\"height\":448,\"caption\":\"Controlo inteligente nos aeroportos\"},{\"@type\":\"BreadcrumbList\",\"@id\":\"https:\/\/portaltela.pt\/noticias\/2026\/04\/10\/sistema-de-controlo-fronteirico-reduz-idade-para-portas-eletronicas\/#breadcrumb\",\"itemListElement\":[{\"@type\":\"ListItem\",\"position\":1,\"name\":\"In\u00edcio\",\"item\":\"https:\/\/portaltela.pt\/\"},{\"@type\":\"ListItem\",\"position\":2,\"name\":\"Sistema de controlo fronteiri\u00e7o reduz idade para portas eletr\u00f3nicas\"}]},{\"@type\":\"WebSite\",\"@id\":\"https:\/\/portaltela.pt\/#website\",\"url\":\"https:\/\/portaltela.pt\/\",\"name\":\"Portal Tela Portugal\",\"description\":\"\",\"potentialAction\":[{\"@type\":\"SearchAction\",\"target\":{\"@type\":\"EntryPoint\",\"urlTemplate\":\"https:\/\/portaltela.pt\/?s={search_term_string}\"},\"query-input\":{\"@type\":\"PropertyValueSpecification\",\"valueRequired\":true,\"valueName\":\"search_term_string\"}}],\"inLanguage\":\"pt-PT\"},{\"@type\":\"Person\",\"@id\":\"https:\/\/portaltela.pt\/#\/schema\/person\/c4278d4a6028830caff9ee44b42d32ed\",\"name\":\"Telinha\",\"image\":{\"@type\":\"ImageObject\",\"inLanguage\":\"pt-PT\",\"@id\":\"https:\/\/portaltela.pt\/s.01k8rhncp4jt1\/2025\/11\/talking-bot-125x125.png\",\"url\":\"https:\/\/portaltela.pt\/s.01k8rhncp4jt1\/2025\/11\/talking-bot-125x125.png\",\"contentUrl\":\"https:\/\/portaltela.pt\/s.01k8rhncp4jt1\/2025\/11\/talking-bot-125x125.png\",\"caption\":\"Telinha\"},\"sameAs\":[\"https:\/\/portaltela.pt\/\"],\"url\":\"https:\/\/portaltela.pt\/por\/367410592786\/\"}]}<\/script>\n<!-- \/ Yoast SEO plugin. -->","yoast_head_json":{"title":"Sistema de controlo fronteiri\u00e7o reduz idade para portas eletr\u00f3nicas - Portal Tela Portugal","robots":{"index":"index","follow":"follow","max-snippet":"max-snippet:-1","max-image-preview":"max-image-preview:large","max-video-preview":"max-video-preview:-1"},"og_locale":"pt_PT","og_type":"article","og_title":"Sistema de controlo fronteiri\u00e7o reduz idade para portas eletr\u00f3nicas - Portal Tela Portugal","og_description":"O Sistema Europeu de Entrada\/Sa\u00edda (EES) entrou plenamente em vigor na Uni\u00e3o Europeia nesta sexta-feira, com funcionamento 100% em todos os aeroportos e fronteiras. A idade m\u00ednima para usar as portas eletr\u00f3nicas (e-gates) foi reduzida de 18 para 16 anos. O n\u00famero de nacionalidades eleg\u00edveis para as e-gates aumentou, passando de oito para treze nas chegadas e de dez para vinte\u2011tr\u00eas nas partidas. Passa a ser permitido o uso do t\u00edtulo de resid\u00eancia para cidad\u00e3os estrangeiros residentes em Portugal, facilitando o controlo para residentes. Foi lan\u00e7ada a aplica\u00e7\u00e3o m\u00f3vel europeia Travel to Europe, que permite pr\u00e9-registo at\u00e9 72 horas antes da viagem e gera um c\u00f3digo QR com os dados do passageiro.","og_url":"https:\/\/portaltela.pt\/noticias\/2026\/04\/10\/sistema-de-controlo-fronteirico-reduz-idade-para-portas-eletronicas\/","og_site_name":"Portal Tela Portugal","article_published_time":"2026-04-10T16:02:28+00:00","author":"Telinha","twitter_card":"summary_large_image","twitter_misc":{"Escrito por":"Telinha","Tempo estimado de leitura":"1 minuto"},"schema":{"@context":"https:\/\/schema.org","@graph":[{"@type":"Article","@id":"https:\/\/portaltela.pt\/noticias\/2026\/04\/10\/sistema-de-controlo-fronteirico-reduz-idade-para-portas-eletronicas\/#article","isPartOf":{"@id":"https:\/\/portaltela.pt\/noticias\/2026\/04\/10\/sistema-de-controlo-fronteirico-reduz-idade-para-portas-eletronicas\/"},"author":{"name":"Telinha","@id":"https:\/\/portaltela.pt\/#\/schema\/person\/c4278d4a6028830caff9ee44b42d32ed"},"headline":"Sistema de controlo fronteiri\u00e7o reduz idade para portas eletr\u00f3nicas","datePublished":"2026-04-10T16:02:28+00:00","mainEntityOfPage":{"@id":"https:\/\/portaltela.pt\/noticias\/2026\/04\/10\/sistema-de-controlo-fronteirico-reduz-idade-para-portas-eletronicas\/"},"wordCount":293,"image":{"@id":"https:\/\/portaltela.pt\/noticias\/2026\/04\/10\/sistema-de-controlo-fronteirico-reduz-idade-para-portas-eletronicas\/#primaryimage"},"thumbnailUrl":"https:\/\/portaltela.pt\/s.01k8rhncp4jt1\/2026\/04\/img_1500x1000uu2025-07-31-09-37-31-2226219.jpg","keywords":["fronteiras","fronteiras internacionais","identidade digital verific\u00e1vel","migra\u00e7\u00e3o","seguran\u00e7a p\u00fablica","viagens internacionais"],"articleSection":["Internacionais"],"inLanguage":"pt-PT"},{"@type":"WebPage","@id":"https:\/\/portaltela.pt\/noticias\/2026\/04\/10\/sistema-de-controlo-fronteirico-reduz-idade-para-portas-eletronicas\/","url":"https:\/\/portaltela.pt\/noticias\/2026\/04\/10\/sistema-de-controlo-fronteirico-reduz-idade-para-portas-eletronicas\/","name":"Sistema de controlo fronteiri\u00e7o reduz idade para portas eletr\u00f3nicas - Portal Tela Portugal","isPartOf":{"@id":"https:\/\/portaltela.pt\/#website"},"primaryImageOfPage":{"@id":"https:\/\/portaltela.pt\/noticias\/2026\/04\/10\/sistema-de-controlo-fronteirico-reduz-idade-para-portas-eletronicas\/#primaryimage"},"image":{"@id":"https:\/\/portaltela.pt\/noticias\/2026\/04\/10\/sistema-de-controlo-fronteirico-reduz-idade-para-portas-eletronicas\/#primaryimage"},"thumbnailUrl":"https:\/\/portaltela.pt\/s.01k8rhncp4jt1\/2026\/04\/img_1500x1000uu2025-07-31-09-37-31-2226219.jpg","datePublished":"2026-04-10T16:02:28+00:00","author":{"@id":"https:\/\/portaltela.pt\/#\/schema\/person\/c4278d4a6028830caff9ee44b42d32ed"},"breadcrumb":{"@id":"https:\/\/portaltela.pt\/noticias\/2026\/04\/10\/sistema-de-controlo-fronteirico-reduz-idade-para-portas-eletronicas\/#breadcrumb"},"inLanguage":"pt-PT","potentialAction":[{"@type":"ReadAction","target":["https:\/\/portaltela.pt\/noticias\/2026\/04\/10\/sistema-de-controlo-fronteirico-reduz-idade-para-portas-eletronicas\/"]}]},{"@type":"ImageObject","inLanguage":"pt-PT","@id":"https:\/\/portaltela.pt\/noticias\/2026\/04\/10\/sistema-de-controlo-fronteirico-reduz-idade-para-portas-eletronicas\/#primaryimage","url":"https:\/\/portaltela.pt\/s.01k8rhncp4jt1\/2026\/04\/img_1500x1000uu2025-07-31-09-37-31-2226219.jpg","contentUrl":"https:\/\/portaltela.pt\/s.01k8rhncp4jt1\/2026\/04\/img_1500x1000uu2025-07-31-09-37-31-2226219.jpg","width":796,"height":448,"caption":"Controlo inteligente nos aeroportos"},{"@type":"BreadcrumbList","@id":"https:\/\/portaltela.pt\/noticias\/2026\/04\/10\/sistema-de-controlo-fronteirico-reduz-idade-para-portas-eletronicas\/#breadcrumb","itemListElement":[{"@type":"ListItem","position":1,"name":"In\u00edcio","item":"https:\/\/portaltela.pt\/"},{"@type":"ListItem","position":2,"name":"Sistema de controlo fronteiri\u00e7o reduz idade para portas eletr\u00f3nicas"}]},{"@type":"WebSite","@id":"https:\/\/portaltela.pt\/#website","url":"https:\/\/portaltela.pt\/","name":"Portal Tela Portugal","description":"","potentialAction":[{"@type":"SearchAction","target":{"@type":"EntryPoint","urlTemplate":"https:\/\/portaltela.pt\/?s={search_term_string}"},"query-input":{"@type":"PropertyValueSpecification","valueRequired":true,"valueName":"search_term_string"}}],"inLanguage":"pt-PT"},{"@type":"Person","@id":"https:\/\/portaltela.pt\/#\/schema\/person\/c4278d4a6028830caff9ee44b42d32ed","name":"Telinha","image":{"@type":"ImageObject","inLanguage":"pt-PT","@id":"https:\/\/portaltela.pt\/s.01k8rhncp4jt1\/2025\/11\/talking-bot-125x125.png","url":"https:\/\/portaltela.pt\/s.01k8rhncp4jt1\/2025\/11\/talking-bot-125x125.png","contentUrl":"https:\/\/portaltela.pt\/s.01k8rhncp4jt1\/2025\/11\/talking-bot-125x125.png","caption":"Telinha"},"sameAs":["https:\/\/portaltela.pt\/"],"url":"https:\/\/portaltela.pt\/por\/367410592786\/"}]}},"_links":{"self":[{"href":"https:\/\/portaltela.pt\/api\/wp\/v2\/posts\/439603","targetHints":{"allow":["GET"]}}],"collection":[{"href":"https:\/\/portaltela.pt\/api\/wp\/v2\/posts"}],"about":[{"href":"https:\/\/portaltela.pt\/api\/wp\/v2\/types\/post"}],"author":[{"embeddable":true,"href":"https:\/\/portaltela.pt\/api\/wp\/v2\/users\/2"}],"replies":[{"embeddable":true,"href":"https:\/\/portaltela.pt\/api\/wp\/v2\/comments?post=439603"}],"version-history":[{"count":0,"href":"https:\/\/portaltela.pt\/api\/wp\/v2\/posts\/439603\/revisions"}],"wp:featuredmedia":[{"embeddable":true,"href":"https:\/\/portaltela.pt\/api\/wp\/v2\/media\/439606"}],"wp:attachment":[{"href":"https:\/\/portaltela.pt\/api\/wp\/v2\/media?parent=439603"}],"wp:term":[{"taxonomy":"category","embeddable":true,"href":"https:\/\/portaltela.pt\/api\/wp\/v2\/categories?post=439603"},{"taxonomy":"post_tag","embeddable":true,"href":"https:\/\/portaltela.pt\/api\/wp\/v2\/tags?post=439603"}],"curies":[{"name":"wp","href":"https:\/\/api.w.org\/{rel}","templated":true}]}}