{"id":439591,"date":"2026-04-10T13:02:14","date_gmt":"2026-04-10T16:02:14","guid":{"rendered":"https:\/\/portaltela.pt\/noticias\/2026\/04\/10\/paul-seixas-vence-lipowitz-no-sprint-e-soma-3-vitorias-na-volta-ao-pais-basco\/"},"modified":"2026-04-10T13:02:14","modified_gmt":"2026-04-10T16:02:14","slug":"paul-seixas-vence-lipowitz-no-sprint-e-soma-3-vitorias-na-volta-ao-pais-basco","status":"publish","type":"post","link":"https:\/\/portaltela.pt\/desporto\/futebol\/2026\/04\/10\/paul-seixas-vence-lipowitz-no-sprint-e-soma-3-vitorias-na-volta-ao-pais-basco\/","title":{"rendered":"Paul Seixas vence Lipowitz no sprint e soma 3 vit\u00f3rias na Volta ao Pa\u00eds Basco"},"content":{"rendered":"<p>No final da 5.\u00aa etapa da Volta ao Pa\u00eds Basco, Paul Seixas (Decathlon) soma a 3.\u00aa vit\u00f3ria e amplia a vantagem no topo da classifica\u00e7\u00e3o geral. O prod\u00edgio franc\u00eas est\u00e1 a 2 minutos e 30 segundos do 2.\u00ba classificado, Florian Lipowitz (RedBull).<\/p>\n<p>Na tirada de 176,2 quil\u00f3metros, em Eibar, o alem\u00e3o Lipowitz testou Seixas na pen\u00faltima subida do dia. Contudo, o jovem de 19 anos respondeu com firmeza e venceu o sprint a dois, consolidando a lideran\u00e7a.<\/p>\n<p>Este s\u00e1bado realiza-se a \u00faltima etapa, com mais 6 contagens de montanha (4 de 3.\u00aa categoria e 2 de 2.\u00aa). A vencer, Paul Seixas poder\u00e1 tornar-se no novo vencedor da prova do World Tour, sucedendo a Jo\u00e3o Almeida.<\/p>\n<p>A corrida manteve o ritmo alto ao longo do dia, com 7 contagens de montanha no est\u00e1gio. A figura dominante foi, contudo, Seixas, que manteve a diferen\u00e7a na frente da classifica\u00e7\u00e3o geral.<\/p>\n<p>Amanh\u00e3, os corredores disputam a derradeira tirada. A expectativa recai sobre a estrat\u00e9gia da equipa de Seixas e a rea\u00e7\u00e3o de Lipowitz, que luta pelo segundo posto na geral. A conclus\u00e3o da prova est\u00e1 pr\u00f3xima.<\/p>\n","protected":false},"excerpt":{"rendered":"<ul>\n<li>Paul Seixas (Decathlon) conquistou a terceira vit\u00f3ria na 5.\u00aa etapa da Volta ao Pa\u00eds Basco, aumentando a vantagem para o segundo classificado.<\/li>\n<li>Florian Lipowitz (RedBull) \u00e9 o 2.\u00ba colocado, a 2 minutos e 30 segundos do prod\u00edgio franc\u00eas.<\/li>\n<li>Na pen\u00faltima subida, Lipowitz testou Seixas, mas o jovem de 19 anos respondeu com for\u00e7a no sprint final em Eibar, ap\u00f3s 176,2 quil\u00f3metros.<\/li>\n<li>A etapa contou com sete contagens de montanha, concluindo-se com o sprint a dois entre Seixas e Lipowitz.<\/li>\n<li>A \u00faltima etapa, no s\u00e1bado, tem mais seis contagens de montanha e dever\u00e1 confirmar Seixas como poss\u00edvel vencedor da prova.<\/li>\n<\/ul>\n","protected":false},"author":2,"featured_media":439594,"comment_status":"closed","ping_status":"closed","sticky":false,"template":"","format":"standard","meta":{"footnotes":""},"categories":[21,24],"tags":[923,2463,152,81,7864,5902],"class_list":["post-439591","post","type-post","status-publish","format-standard","has-post-thumbnail","hentry","category-desporto","category-futebol","tag-ciclismo","tag-competicao-internacional","tag-desporto","tag-internacionais","tag-seixas","tag-world-tour"],"yoast_head":"<!-- This site is optimized with the Yoast SEO plugin v27.2 - https:\/\/yoast.com\/product\/yoast-seo-wordpress\/ -->\n<title>Paul Seixas vence Lipowitz no sprint e soma 3 vit\u00f3rias na Volta ao Pa\u00eds Basco - Portal Tela Portugal<\/title>\n<meta name=\"robots\" content=\"index, follow, max-snippet:-1, max-image-preview:large, max-video-preview:-1\" \/>\n<meta property=\"og:locale\" content=\"pt_PT\" \/>\n<meta property=\"og:type\" content=\"article\" \/>\n<meta property=\"og:title\" content=\"Paul Seixas vence Lipowitz no sprint e soma 3 vit\u00f3rias na Volta ao Pa\u00eds Basco - Portal Tela Portugal\" \/>\n<meta property=\"og:description\" content=\"Paul Seixas (Decathlon) conquistou a terceira vit\u00f3ria na 5.\u00aa etapa da Volta ao Pa\u00eds Basco, aumentando a vantagem para o segundo classificado. Florian Lipowitz (RedBull) \u00e9 o 2.\u00ba colocado, a 2 minutos e 30 segundos do prod\u00edgio franc\u00eas. Na pen\u00faltima subida, Lipowitz testou Seixas, mas o jovem de 19 anos respondeu com for\u00e7a no sprint final em Eibar, ap\u00f3s 176,2 quil\u00f3metros. A etapa contou com sete contagens de montanha, concluindo-se com o sprint a dois entre Seixas e Lipowitz. A \u00faltima etapa, no s\u00e1bado, tem mais seis contagens de montanha e dever\u00e1 confirmar Seixas como poss\u00edvel vencedor da prova.\" \/>\n<meta property=\"og:url\" content=\"https:\/\/portaltela.pt\/noticias\/2026\/04\/10\/paul-seixas-vence-lipowitz-no-sprint-e-soma-3-vitorias-na-volta-ao-pais-basco\/\" \/>\n<meta property=\"og:site_name\" content=\"Portal Tela Portugal\" \/>\n<meta property=\"article:published_time\" content=\"2026-04-10T16:02:14+00:00\" \/>\n<meta name=\"author\" content=\"Telinha\" \/>\n<meta name=\"twitter:card\" content=\"summary_large_image\" \/>\n<meta name=\"twitter:label1\" content=\"Escrito por\" \/>\n\t<meta name=\"twitter:data1\" content=\"Telinha\" \/>\n\t<meta name=\"twitter:label2\" content=\"Tempo estimado de leitura\" \/>\n\t<meta name=\"twitter:data2\" content=\"1 minuto\" \/>\n<script type=\"application\/ld+json\" class=\"yoast-schema-graph\">{\"@context\":\"https:\/\/schema.org\",\"@graph\":[{\"@type\":\"Article\",\"@id\":\"https:\/\/portaltela.pt\/noticias\/2026\/04\/10\/paul-seixas-vence-lipowitz-no-sprint-e-soma-3-vitorias-na-volta-ao-pais-basco\/#article\",\"isPartOf\":{\"@id\":\"https:\/\/portaltela.pt\/noticias\/2026\/04\/10\/paul-seixas-vence-lipowitz-no-sprint-e-soma-3-vitorias-na-volta-ao-pais-basco\/\"},\"author\":{\"name\":\"Telinha\",\"@id\":\"https:\/\/portaltela.pt\/#\/schema\/person\/c4278d4a6028830caff9ee44b42d32ed\"},\"headline\":\"Paul Seixas vence Lipowitz no sprint e soma 3 vit\u00f3rias na Volta ao Pa\u00eds Basco\",\"datePublished\":\"2026-04-10T16:02:14+00:00\",\"mainEntityOfPage\":{\"@id\":\"https:\/\/portaltela.pt\/noticias\/2026\/04\/10\/paul-seixas-vence-lipowitz-no-sprint-e-soma-3-vitorias-na-volta-ao-pais-basco\/\"},\"wordCount\":203,\"image\":{\"@id\":\"https:\/\/portaltela.pt\/noticias\/2026\/04\/10\/paul-seixas-vence-lipowitz-no-sprint-e-soma-3-vitorias-na-volta-ao-pais-basco\/#primaryimage\"},\"thumbnailUrl\":\"https:\/\/portaltela.pt\/s.01k8rhncp4jt1\/2026\/04\/img_920x518uu2026-04-10-16-52-32-2432208-im-639114367711262346.jpg\",\"keywords\":[\"ciclismo\",\"competi\u00e7\u00e3o internacional\",\"desporto\",\"internacionais\",\"Seixas\",\"World Tour\"],\"articleSection\":[\"Desporto\",\"Futebol\"],\"inLanguage\":\"pt-PT\"},{\"@type\":\"WebPage\",\"@id\":\"https:\/\/portaltela.pt\/noticias\/2026\/04\/10\/paul-seixas-vence-lipowitz-no-sprint-e-soma-3-vitorias-na-volta-ao-pais-basco\/\",\"url\":\"https:\/\/portaltela.pt\/noticias\/2026\/04\/10\/paul-seixas-vence-lipowitz-no-sprint-e-soma-3-vitorias-na-volta-ao-pais-basco\/\",\"name\":\"Paul Seixas vence Lipowitz no sprint e soma 3 vit\u00f3rias na Volta ao Pa\u00eds Basco - Portal Tela Portugal\",\"isPartOf\":{\"@id\":\"https:\/\/portaltela.pt\/#website\"},\"primaryImageOfPage\":{\"@id\":\"https:\/\/portaltela.pt\/noticias\/2026\/04\/10\/paul-seixas-vence-lipowitz-no-sprint-e-soma-3-vitorias-na-volta-ao-pais-basco\/#primaryimage\"},\"image\":{\"@id\":\"https:\/\/portaltela.pt\/noticias\/2026\/04\/10\/paul-seixas-vence-lipowitz-no-sprint-e-soma-3-vitorias-na-volta-ao-pais-basco\/#primaryimage\"},\"thumbnailUrl\":\"https:\/\/portaltela.pt\/s.01k8rhncp4jt1\/2026\/04\/img_920x518uu2026-04-10-16-52-32-2432208-im-639114367711262346.jpg\",\"datePublished\":\"2026-04-10T16:02:14+00:00\",\"author\":{\"@id\":\"https:\/\/portaltela.pt\/#\/schema\/person\/c4278d4a6028830caff9ee44b42d32ed\"},\"breadcrumb\":{\"@id\":\"https:\/\/portaltela.pt\/noticias\/2026\/04\/10\/paul-seixas-vence-lipowitz-no-sprint-e-soma-3-vitorias-na-volta-ao-pais-basco\/#breadcrumb\"},\"inLanguage\":\"pt-PT\",\"potentialAction\":[{\"@type\":\"ReadAction\",\"target\":[\"https:\/\/portaltela.pt\/noticias\/2026\/04\/10\/paul-seixas-vence-lipowitz-no-sprint-e-soma-3-vitorias-na-volta-ao-pais-basco\/\"]}]},{\"@type\":\"ImageObject\",\"inLanguage\":\"pt-PT\",\"@id\":\"https:\/\/portaltela.pt\/noticias\/2026\/04\/10\/paul-seixas-vence-lipowitz-no-sprint-e-soma-3-vitorias-na-volta-ao-pais-basco\/#primaryimage\",\"url\":\"https:\/\/portaltela.pt\/s.01k8rhncp4jt1\/2026\/04\/img_920x518uu2026-04-10-16-52-32-2432208-im-639114367711262346.jpg\",\"contentUrl\":\"https:\/\/portaltela.pt\/s.01k8rhncp4jt1\/2026\/04\/img_920x518uu2026-04-10-16-52-32-2432208-im-639114367711262346.jpg\",\"width\":796,\"height\":448,\"caption\":\"Paul Seixas continua a dominar a Itzulia\"},{\"@type\":\"BreadcrumbList\",\"@id\":\"https:\/\/portaltela.pt\/noticias\/2026\/04\/10\/paul-seixas-vence-lipowitz-no-sprint-e-soma-3-vitorias-na-volta-ao-pais-basco\/#breadcrumb\",\"itemListElement\":[{\"@type\":\"ListItem\",\"position\":1,\"name\":\"In\u00edcio\",\"item\":\"https:\/\/portaltela.pt\/\"},{\"@type\":\"ListItem\",\"position\":2,\"name\":\"Paul Seixas vence Lipowitz no sprint e soma 3 vit\u00f3rias na Volta ao Pa\u00eds Basco\"}]},{\"@type\":\"WebSite\",\"@id\":\"https:\/\/portaltela.pt\/#website\",\"url\":\"https:\/\/portaltela.pt\/\",\"name\":\"Portal Tela Portugal\",\"description\":\"\",\"potentialAction\":[{\"@type\":\"SearchAction\",\"target\":{\"@type\":\"EntryPoint\",\"urlTemplate\":\"https:\/\/portaltela.pt\/?s={search_term_string}\"},\"query-input\":{\"@type\":\"PropertyValueSpecification\",\"valueRequired\":true,\"valueName\":\"search_term_string\"}}],\"inLanguage\":\"pt-PT\"},{\"@type\":\"Person\",\"@id\":\"https:\/\/portaltela.pt\/#\/schema\/person\/c4278d4a6028830caff9ee44b42d32ed\",\"name\":\"Telinha\",\"image\":{\"@type\":\"ImageObject\",\"inLanguage\":\"pt-PT\",\"@id\":\"https:\/\/portaltela.pt\/s.01k8rhncp4jt1\/2025\/11\/talking-bot-125x125.png\",\"url\":\"https:\/\/portaltela.pt\/s.01k8rhncp4jt1\/2025\/11\/talking-bot-125x125.png\",\"contentUrl\":\"https:\/\/portaltela.pt\/s.01k8rhncp4jt1\/2025\/11\/talking-bot-125x125.png\",\"caption\":\"Telinha\"},\"sameAs\":[\"https:\/\/portaltela.pt\/\"],\"url\":\"https:\/\/portaltela.pt\/por\/367410592786\/\"}]}<\/script>\n<!-- \/ Yoast SEO plugin. -->","yoast_head_json":{"title":"Paul Seixas vence Lipowitz no sprint e soma 3 vit\u00f3rias na Volta ao Pa\u00eds Basco - Portal Tela Portugal","robots":{"index":"index","follow":"follow","max-snippet":"max-snippet:-1","max-image-preview":"max-image-preview:large","max-video-preview":"max-video-preview:-1"},"og_locale":"pt_PT","og_type":"article","og_title":"Paul Seixas vence Lipowitz no sprint e soma 3 vit\u00f3rias na Volta ao Pa\u00eds Basco - Portal Tela Portugal","og_description":"Paul Seixas (Decathlon) conquistou a terceira vit\u00f3ria na 5.\u00aa etapa da Volta ao Pa\u00eds Basco, aumentando a vantagem para o segundo classificado. Florian Lipowitz (RedBull) \u00e9 o 2.\u00ba colocado, a 2 minutos e 30 segundos do prod\u00edgio franc\u00eas. Na pen\u00faltima subida, Lipowitz testou Seixas, mas o jovem de 19 anos respondeu com for\u00e7a no sprint final em Eibar, ap\u00f3s 176,2 quil\u00f3metros. A etapa contou com sete contagens de montanha, concluindo-se com o sprint a dois entre Seixas e Lipowitz. A \u00faltima etapa, no s\u00e1bado, tem mais seis contagens de montanha e dever\u00e1 confirmar Seixas como poss\u00edvel vencedor da prova.","og_url":"https:\/\/portaltela.pt\/noticias\/2026\/04\/10\/paul-seixas-vence-lipowitz-no-sprint-e-soma-3-vitorias-na-volta-ao-pais-basco\/","og_site_name":"Portal Tela Portugal","article_published_time":"2026-04-10T16:02:14+00:00","author":"Telinha","twitter_card":"summary_large_image","twitter_misc":{"Escrito por":"Telinha","Tempo estimado de leitura":"1 minuto"},"schema":{"@context":"https:\/\/schema.org","@graph":[{"@type":"Article","@id":"https:\/\/portaltela.pt\/noticias\/2026\/04\/10\/paul-seixas-vence-lipowitz-no-sprint-e-soma-3-vitorias-na-volta-ao-pais-basco\/#article","isPartOf":{"@id":"https:\/\/portaltela.pt\/noticias\/2026\/04\/10\/paul-seixas-vence-lipowitz-no-sprint-e-soma-3-vitorias-na-volta-ao-pais-basco\/"},"author":{"name":"Telinha","@id":"https:\/\/portaltela.pt\/#\/schema\/person\/c4278d4a6028830caff9ee44b42d32ed"},"headline":"Paul Seixas vence Lipowitz no sprint e soma 3 vit\u00f3rias na Volta ao Pa\u00eds Basco","datePublished":"2026-04-10T16:02:14+00:00","mainEntityOfPage":{"@id":"https:\/\/portaltela.pt\/noticias\/2026\/04\/10\/paul-seixas-vence-lipowitz-no-sprint-e-soma-3-vitorias-na-volta-ao-pais-basco\/"},"wordCount":203,"image":{"@id":"https:\/\/portaltela.pt\/noticias\/2026\/04\/10\/paul-seixas-vence-lipowitz-no-sprint-e-soma-3-vitorias-na-volta-ao-pais-basco\/#primaryimage"},"thumbnailUrl":"https:\/\/portaltela.pt\/s.01k8rhncp4jt1\/2026\/04\/img_920x518uu2026-04-10-16-52-32-2432208-im-639114367711262346.jpg","keywords":["ciclismo","competi\u00e7\u00e3o internacional","desporto","internacionais","Seixas","World Tour"],"articleSection":["Desporto","Futebol"],"inLanguage":"pt-PT"},{"@type":"WebPage","@id":"https:\/\/portaltela.pt\/noticias\/2026\/04\/10\/paul-seixas-vence-lipowitz-no-sprint-e-soma-3-vitorias-na-volta-ao-pais-basco\/","url":"https:\/\/portaltela.pt\/noticias\/2026\/04\/10\/paul-seixas-vence-lipowitz-no-sprint-e-soma-3-vitorias-na-volta-ao-pais-basco\/","name":"Paul Seixas vence Lipowitz no sprint e soma 3 vit\u00f3rias na Volta ao Pa\u00eds Basco - Portal Tela Portugal","isPartOf":{"@id":"https:\/\/portaltela.pt\/#website"},"primaryImageOfPage":{"@id":"https:\/\/portaltela.pt\/noticias\/2026\/04\/10\/paul-seixas-vence-lipowitz-no-sprint-e-soma-3-vitorias-na-volta-ao-pais-basco\/#primaryimage"},"image":{"@id":"https:\/\/portaltela.pt\/noticias\/2026\/04\/10\/paul-seixas-vence-lipowitz-no-sprint-e-soma-3-vitorias-na-volta-ao-pais-basco\/#primaryimage"},"thumbnailUrl":"https:\/\/portaltela.pt\/s.01k8rhncp4jt1\/2026\/04\/img_920x518uu2026-04-10-16-52-32-2432208-im-639114367711262346.jpg","datePublished":"2026-04-10T16:02:14+00:00","author":{"@id":"https:\/\/portaltela.pt\/#\/schema\/person\/c4278d4a6028830caff9ee44b42d32ed"},"breadcrumb":{"@id":"https:\/\/portaltela.pt\/noticias\/2026\/04\/10\/paul-seixas-vence-lipowitz-no-sprint-e-soma-3-vitorias-na-volta-ao-pais-basco\/#breadcrumb"},"inLanguage":"pt-PT","potentialAction":[{"@type":"ReadAction","target":["https:\/\/portaltela.pt\/noticias\/2026\/04\/10\/paul-seixas-vence-lipowitz-no-sprint-e-soma-3-vitorias-na-volta-ao-pais-basco\/"]}]},{"@type":"ImageObject","inLanguage":"pt-PT","@id":"https:\/\/portaltela.pt\/noticias\/2026\/04\/10\/paul-seixas-vence-lipowitz-no-sprint-e-soma-3-vitorias-na-volta-ao-pais-basco\/#primaryimage","url":"https:\/\/portaltela.pt\/s.01k8rhncp4jt1\/2026\/04\/img_920x518uu2026-04-10-16-52-32-2432208-im-639114367711262346.jpg","contentUrl":"https:\/\/portaltela.pt\/s.01k8rhncp4jt1\/2026\/04\/img_920x518uu2026-04-10-16-52-32-2432208-im-639114367711262346.jpg","width":796,"height":448,"caption":"Paul Seixas continua a dominar a Itzulia"},{"@type":"BreadcrumbList","@id":"https:\/\/portaltela.pt\/noticias\/2026\/04\/10\/paul-seixas-vence-lipowitz-no-sprint-e-soma-3-vitorias-na-volta-ao-pais-basco\/#breadcrumb","itemListElement":[{"@type":"ListItem","position":1,"name":"In\u00edcio","item":"https:\/\/portaltela.pt\/"},{"@type":"ListItem","position":2,"name":"Paul Seixas vence Lipowitz no sprint e soma 3 vit\u00f3rias na Volta ao Pa\u00eds Basco"}]},{"@type":"WebSite","@id":"https:\/\/portaltela.pt\/#website","url":"https:\/\/portaltela.pt\/","name":"Portal Tela Portugal","description":"","potentialAction":[{"@type":"SearchAction","target":{"@type":"EntryPoint","urlTemplate":"https:\/\/portaltela.pt\/?s={search_term_string}"},"query-input":{"@type":"PropertyValueSpecification","valueRequired":true,"valueName":"search_term_string"}}],"inLanguage":"pt-PT"},{"@type":"Person","@id":"https:\/\/portaltela.pt\/#\/schema\/person\/c4278d4a6028830caff9ee44b42d32ed","name":"Telinha","image":{"@type":"ImageObject","inLanguage":"pt-PT","@id":"https:\/\/portaltela.pt\/s.01k8rhncp4jt1\/2025\/11\/talking-bot-125x125.png","url":"https:\/\/portaltela.pt\/s.01k8rhncp4jt1\/2025\/11\/talking-bot-125x125.png","contentUrl":"https:\/\/portaltela.pt\/s.01k8rhncp4jt1\/2025\/11\/talking-bot-125x125.png","caption":"Telinha"},"sameAs":["https:\/\/portaltela.pt\/"],"url":"https:\/\/portaltela.pt\/por\/367410592786\/"}]}},"_links":{"self":[{"href":"https:\/\/portaltela.pt\/api\/wp\/v2\/posts\/439591","targetHints":{"allow":["GET"]}}],"collection":[{"href":"https:\/\/portaltela.pt\/api\/wp\/v2\/posts"}],"about":[{"href":"https:\/\/portaltela.pt\/api\/wp\/v2\/types\/post"}],"author":[{"embeddable":true,"href":"https:\/\/portaltela.pt\/api\/wp\/v2\/users\/2"}],"replies":[{"embeddable":true,"href":"https:\/\/portaltela.pt\/api\/wp\/v2\/comments?post=439591"}],"version-history":[{"count":0,"href":"https:\/\/portaltela.pt\/api\/wp\/v2\/posts\/439591\/revisions"}],"wp:featuredmedia":[{"embeddable":true,"href":"https:\/\/portaltela.pt\/api\/wp\/v2\/media\/439594"}],"wp:attachment":[{"href":"https:\/\/portaltela.pt\/api\/wp\/v2\/media?parent=439591"}],"wp:term":[{"taxonomy":"category","embeddable":true,"href":"https:\/\/portaltela.pt\/api\/wp\/v2\/categories?post=439591"},{"taxonomy":"post_tag","embeddable":true,"href":"https:\/\/portaltela.pt\/api\/wp\/v2\/tags?post=439591"}],"curies":[{"name":"wp","href":"https:\/\/api.w.org\/{rel}","templated":true}]}}