{"id":439573,"date":"2026-04-10T12:47:26","date_gmt":"2026-04-10T15:47:26","guid":{"rendered":"https:\/\/portaltela.pt\/noticias\/2026\/04\/10\/psd-pela-madeira-e-acores-ajudam-oposicao-a-aprovar-subsidio-de-mobilidade\/"},"modified":"2026-04-10T12:47:26","modified_gmt":"2026-04-10T15:47:26","slug":"psd-pela-madeira-e-acores-ajudam-oposicao-a-aprovar-subsidio-de-mobilidade","status":"publish","type":"post","link":"https:\/\/portaltela.pt\/noticias\/politica\/2026\/04\/10\/psd-pela-madeira-e-acores-ajudam-oposicao-a-aprovar-subsidio-de-mobilidade\/","title":{"rendered":"PSD pela Madeira e A\u00e7ores ajudam oposi\u00e7\u00e3o a aprovar subs\u00eddio de mobilidade"},"content":{"rendered":"<p>O parlamento aprovou uma altera\u00e7\u00e3o ao subs\u00eddio social de mobilidade (SSM) para liga\u00e7\u00f5es entre A\u00e7ores, Madeira e o continente. Os seis deputados do PSD eleitos pela Madeira e pelos A\u00e7ores votaram com a oposi\u00e7\u00e3o, isolando o partido no processo.<\/p>\n<p>A mudan\u00e7a, proposta pelo PS e pelo Chega, elimina limites m\u00e1ximos de custo das passagens e a exig\u00eancia de regularidade fiscal para aceder ao apoio. A vota\u00e7\u00e3o final global teve absten\u00e7\u00f5es de CDS-PP, IL e PCP.<\/p>\n<h3>Altera\u00e7\u00e3o ao modelo do subs\u00eddio<\/h3>\n<p>PS, Chega, BE, Livre, PAN e JPP votaram a favor. CDS-PP, IL e PCP abstiveram-se. O PSD votou contra, mas com distin\u00e7\u00f5es entre os deputados das regi\u00f5es aut\u00f3nomas. Sete autodependem do bloco de bancada, incluindo os tr\u00eas de Madeira e os tr\u00eas dos A\u00e7ores.<\/p>\n<p>O diploma j\u00e1 tinha sido finalizado na Comiss\u00e3o de Infra-Estruturas, Mobilidade e Habita\u00e7\u00e3o, a 31 de mar\u00e7o. O objetivo \u00e9 reformular o regime que, desde 2015, facilita o reembolso de residentes e estudantes.<\/p>\n<p>A proposta atual elimina o tecto de at\u00e9 600 euros por passagem (A\u00e7ores) e 400 euros (Madeira), mantendo apenas a compra efetiva do bilhete como requisito. O custo fica sem limite m\u00e1ximo definido.<\/p>\n<p>No texto aprovado, o reembolso n\u00e3o exige recibo imediato; o benefici\u00e1rio tem 30 dias para apresentar comprovativos de pagamento. A nova reda\u00e7\u00e3o foca-se na documenta\u00e7\u00e3o m\u00ednima para acesso ao SSM.<\/p>\n<p>O subs\u00eddio passa a designar-se como \u201cmecanismo de continuidade territorial\u201d, destacando a fun\u00e7\u00e3o de manter liga\u00e7\u00f5es entre ilhas e o continente. O regime continua a abranger residentes, equiparados e estudantes.<\/p>\n","protected":false},"excerpt":{"rendered":"<ul>\n<li>Os seis deputados do PSD eleitos pelos A\u00e7ores e pela Madeira votaram a favor das altera\u00e7\u00f5es ao subs\u00eddio social de mobilidade, colocando o PSD isolado na vota\u00e7\u00e3o.<\/li>\n<li>As mudan\u00e7as eliminam o limite m\u00e1ximo de pre\u00e7o das passagens e a exig\u00eancia de regularidade fiscal e contributiva para aceder ao subs\u00eddio.<\/li>\n<li>A vota\u00e7\u00e3o final global contou com o apoio de PS, Chega, BE, Livre, PAN e JPP; CDS-PP, IL e PCP abstiveram-se, e o PSD votou contra.<\/li>\n<li>O novo regime dispensa a apresenta\u00e7\u00e3o de recibos ou faturas no momento do pedido, exigindo apenas a factura comprovativa da compra do bilhete, com um prazo de 30 dias para apresentar o comprovativo de pagamento.<\/li>\n<li>O subs\u00eddio passa a designar-se por \u201cmecanismo de continuidade territorial\u201d e passa a incidir sobre o custo eleg\u00edvel do bilhete, num valor vari\u00e1vel sem teto m\u00e1ximo.<\/li>\n<\/ul>\n","protected":false},"author":2,"featured_media":439577,"comment_status":"closed","ping_status":"closed","sticky":false,"template":"","format":"standard","meta":{"footnotes":""},"categories":[1,5],"tags":[822,1870,859,2110,2832,192],"class_list":["post-439573","post","type-post","status-publish","format-standard","has-post-thumbnail","hentry","category-noticias","category-politica","tag-acores","tag-continuidade-territorial","tag-madeira","tag-mobilidade","tag-politica","tag-transporte"],"yoast_head":"<!-- This site is optimized with the Yoast SEO plugin v27.2 - https:\/\/yoast.com\/product\/yoast-seo-wordpress\/ -->\n<title>PSD pela Madeira e A\u00e7ores ajudam oposi\u00e7\u00e3o a aprovar subs\u00eddio de mobilidade - Portal Tela Portugal<\/title>\n<meta name=\"robots\" content=\"index, follow, max-snippet:-1, max-image-preview:large, max-video-preview:-1\" \/>\n<meta property=\"og:locale\" content=\"pt_PT\" \/>\n<meta property=\"og:type\" content=\"article\" \/>\n<meta property=\"og:title\" content=\"PSD pela Madeira e A\u00e7ores ajudam oposi\u00e7\u00e3o a aprovar subs\u00eddio de mobilidade - Portal Tela Portugal\" \/>\n<meta property=\"og:description\" content=\"Os seis deputados do PSD eleitos pelos A\u00e7ores e pela Madeira votaram a favor das altera\u00e7\u00f5es ao subs\u00eddio social de mobilidade, colocando o PSD isolado na vota\u00e7\u00e3o. As mudan\u00e7as eliminam o limite m\u00e1ximo de pre\u00e7o das passagens e a exig\u00eancia de regularidade fiscal e contributiva para aceder ao subs\u00eddio. A vota\u00e7\u00e3o final global contou com o apoio de PS, Chega, BE, Livre, PAN e JPP; CDS-PP, IL e PCP abstiveram-se, e o PSD votou contra. O novo regime dispensa a apresenta\u00e7\u00e3o de recibos ou faturas no momento do pedido, exigindo apenas a factura comprovativa da compra do bilhete, com um prazo de 30 dias para apresentar o comprovativo de pagamento. O subs\u00eddio passa a designar-se por \u201cmecanismo de continuidade territorial\u201d e passa a incidir sobre o custo eleg\u00edvel do bilhete, num valor vari\u00e1vel sem teto m\u00e1ximo.\" \/>\n<meta property=\"og:url\" content=\"https:\/\/portaltela.pt\/noticias\/2026\/04\/10\/psd-pela-madeira-e-acores-ajudam-oposicao-a-aprovar-subsidio-de-mobilidade\/\" \/>\n<meta property=\"og:site_name\" content=\"Portal Tela Portugal\" \/>\n<meta property=\"article:published_time\" content=\"2026-04-10T15:47:26+00:00\" \/>\n<meta name=\"author\" content=\"Telinha\" \/>\n<meta name=\"twitter:card\" content=\"summary_large_image\" \/>\n<meta name=\"twitter:label1\" content=\"Escrito por\" \/>\n\t<meta name=\"twitter:data1\" content=\"Telinha\" \/>\n\t<meta name=\"twitter:label2\" content=\"Tempo estimado de leitura\" \/>\n\t<meta name=\"twitter:data2\" content=\"1 minuto\" \/>\n<script type=\"application\/ld+json\" class=\"yoast-schema-graph\">{\"@context\":\"https:\/\/schema.org\",\"@graph\":[{\"@type\":\"Article\",\"@id\":\"https:\/\/portaltela.pt\/noticias\/2026\/04\/10\/psd-pela-madeira-e-acores-ajudam-oposicao-a-aprovar-subsidio-de-mobilidade\/#article\",\"isPartOf\":{\"@id\":\"https:\/\/portaltela.pt\/noticias\/2026\/04\/10\/psd-pela-madeira-e-acores-ajudam-oposicao-a-aprovar-subsidio-de-mobilidade\/\"},\"author\":{\"name\":\"Telinha\",\"@id\":\"https:\/\/portaltela.pt\/#\/schema\/person\/c4278d4a6028830caff9ee44b42d32ed\"},\"headline\":\"PSD pela Madeira e A\u00e7ores ajudam oposi\u00e7\u00e3o a aprovar subs\u00eddio de mobilidade\",\"datePublished\":\"2026-04-10T15:47:26+00:00\",\"mainEntityOfPage\":{\"@id\":\"https:\/\/portaltela.pt\/noticias\/2026\/04\/10\/psd-pela-madeira-e-acores-ajudam-oposicao-a-aprovar-subsidio-de-mobilidade\/\"},\"wordCount\":291,\"image\":{\"@id\":\"https:\/\/portaltela.pt\/noticias\/2026\/04\/10\/psd-pela-madeira-e-acores-ajudam-oposicao-a-aprovar-subsidio-de-mobilidade\/#primaryimage\"},\"thumbnailUrl\":\"https:\/\/portaltela.pt\/s.01k8rhncp4jt1\/2026\/04\/2080517.jpg\",\"keywords\":[\"A\u00e7ores\",\"Continuidade Territorial\",\"Madeira\",\"mobilidade\",\"pol\u00edtica\",\"transporte\"],\"articleSection\":[\"Not\u00edcias\",\"Pol\u00edtica\"],\"inLanguage\":\"pt-PT\"},{\"@type\":\"WebPage\",\"@id\":\"https:\/\/portaltela.pt\/noticias\/2026\/04\/10\/psd-pela-madeira-e-acores-ajudam-oposicao-a-aprovar-subsidio-de-mobilidade\/\",\"url\":\"https:\/\/portaltela.pt\/noticias\/2026\/04\/10\/psd-pela-madeira-e-acores-ajudam-oposicao-a-aprovar-subsidio-de-mobilidade\/\",\"name\":\"PSD pela Madeira e A\u00e7ores ajudam oposi\u00e7\u00e3o a aprovar subs\u00eddio de mobilidade - Portal Tela Portugal\",\"isPartOf\":{\"@id\":\"https:\/\/portaltela.pt\/#website\"},\"primaryImageOfPage\":{\"@id\":\"https:\/\/portaltela.pt\/noticias\/2026\/04\/10\/psd-pela-madeira-e-acores-ajudam-oposicao-a-aprovar-subsidio-de-mobilidade\/#primaryimage\"},\"image\":{\"@id\":\"https:\/\/portaltela.pt\/noticias\/2026\/04\/10\/psd-pela-madeira-e-acores-ajudam-oposicao-a-aprovar-subsidio-de-mobilidade\/#primaryimage\"},\"thumbnailUrl\":\"https:\/\/portaltela.pt\/s.01k8rhncp4jt1\/2026\/04\/2080517.jpg\",\"datePublished\":\"2026-04-10T15:47:26+00:00\",\"author\":{\"@id\":\"https:\/\/portaltela.pt\/#\/schema\/person\/c4278d4a6028830caff9ee44b42d32ed\"},\"breadcrumb\":{\"@id\":\"https:\/\/portaltela.pt\/noticias\/2026\/04\/10\/psd-pela-madeira-e-acores-ajudam-oposicao-a-aprovar-subsidio-de-mobilidade\/#breadcrumb\"},\"inLanguage\":\"pt-PT\",\"potentialAction\":[{\"@type\":\"ReadAction\",\"target\":[\"https:\/\/portaltela.pt\/noticias\/2026\/04\/10\/psd-pela-madeira-e-acores-ajudam-oposicao-a-aprovar-subsidio-de-mobilidade\/\"]}]},{\"@type\":\"ImageObject\",\"inLanguage\":\"pt-PT\",\"@id\":\"https:\/\/portaltela.pt\/noticias\/2026\/04\/10\/psd-pela-madeira-e-acores-ajudam-oposicao-a-aprovar-subsidio-de-mobilidade\/#primaryimage\",\"url\":\"https:\/\/portaltela.pt\/s.01k8rhncp4jt1\/2026\/04\/2080517.jpg\",\"contentUrl\":\"https:\/\/portaltela.pt\/s.01k8rhncp4jt1\/2026\/04\/2080517.jpg\",\"width\":796,\"height\":448,\"caption\":\"Parlamento aprova altera\u00e7\u00e3o do subs\u00eddio social de mobilidade para A\u00e7ores e Madeira\"},{\"@type\":\"BreadcrumbList\",\"@id\":\"https:\/\/portaltela.pt\/noticias\/2026\/04\/10\/psd-pela-madeira-e-acores-ajudam-oposicao-a-aprovar-subsidio-de-mobilidade\/#breadcrumb\",\"itemListElement\":[{\"@type\":\"ListItem\",\"position\":1,\"name\":\"In\u00edcio\",\"item\":\"https:\/\/portaltela.pt\/\"},{\"@type\":\"ListItem\",\"position\":2,\"name\":\"PSD pela Madeira e A\u00e7ores ajudam oposi\u00e7\u00e3o a aprovar subs\u00eddio de mobilidade\"}]},{\"@type\":\"WebSite\",\"@id\":\"https:\/\/portaltela.pt\/#website\",\"url\":\"https:\/\/portaltela.pt\/\",\"name\":\"Portal Tela Portugal\",\"description\":\"\",\"potentialAction\":[{\"@type\":\"SearchAction\",\"target\":{\"@type\":\"EntryPoint\",\"urlTemplate\":\"https:\/\/portaltela.pt\/?s={search_term_string}\"},\"query-input\":{\"@type\":\"PropertyValueSpecification\",\"valueRequired\":true,\"valueName\":\"search_term_string\"}}],\"inLanguage\":\"pt-PT\"},{\"@type\":\"Person\",\"@id\":\"https:\/\/portaltela.pt\/#\/schema\/person\/c4278d4a6028830caff9ee44b42d32ed\",\"name\":\"Telinha\",\"image\":{\"@type\":\"ImageObject\",\"inLanguage\":\"pt-PT\",\"@id\":\"https:\/\/portaltela.pt\/s.01k8rhncp4jt1\/2025\/11\/talking-bot-125x125.png\",\"url\":\"https:\/\/portaltela.pt\/s.01k8rhncp4jt1\/2025\/11\/talking-bot-125x125.png\",\"contentUrl\":\"https:\/\/portaltela.pt\/s.01k8rhncp4jt1\/2025\/11\/talking-bot-125x125.png\",\"caption\":\"Telinha\"},\"sameAs\":[\"https:\/\/portaltela.pt\/\"],\"url\":\"https:\/\/portaltela.pt\/por\/367410592786\/\"}]}<\/script>\n<!-- \/ Yoast SEO plugin. -->","yoast_head_json":{"title":"PSD pela Madeira e A\u00e7ores ajudam oposi\u00e7\u00e3o a aprovar subs\u00eddio de mobilidade - Portal Tela Portugal","robots":{"index":"index","follow":"follow","max-snippet":"max-snippet:-1","max-image-preview":"max-image-preview:large","max-video-preview":"max-video-preview:-1"},"og_locale":"pt_PT","og_type":"article","og_title":"PSD pela Madeira e A\u00e7ores ajudam oposi\u00e7\u00e3o a aprovar subs\u00eddio de mobilidade - Portal Tela Portugal","og_description":"Os seis deputados do PSD eleitos pelos A\u00e7ores e pela Madeira votaram a favor das altera\u00e7\u00f5es ao subs\u00eddio social de mobilidade, colocando o PSD isolado na vota\u00e7\u00e3o. As mudan\u00e7as eliminam o limite m\u00e1ximo de pre\u00e7o das passagens e a exig\u00eancia de regularidade fiscal e contributiva para aceder ao subs\u00eddio. A vota\u00e7\u00e3o final global contou com o apoio de PS, Chega, BE, Livre, PAN e JPP; CDS-PP, IL e PCP abstiveram-se, e o PSD votou contra. O novo regime dispensa a apresenta\u00e7\u00e3o de recibos ou faturas no momento do pedido, exigindo apenas a factura comprovativa da compra do bilhete, com um prazo de 30 dias para apresentar o comprovativo de pagamento. O subs\u00eddio passa a designar-se por \u201cmecanismo de continuidade territorial\u201d e passa a incidir sobre o custo eleg\u00edvel do bilhete, num valor vari\u00e1vel sem teto m\u00e1ximo.","og_url":"https:\/\/portaltela.pt\/noticias\/2026\/04\/10\/psd-pela-madeira-e-acores-ajudam-oposicao-a-aprovar-subsidio-de-mobilidade\/","og_site_name":"Portal Tela Portugal","article_published_time":"2026-04-10T15:47:26+00:00","author":"Telinha","twitter_card":"summary_large_image","twitter_misc":{"Escrito por":"Telinha","Tempo estimado de leitura":"1 minuto"},"schema":{"@context":"https:\/\/schema.org","@graph":[{"@type":"Article","@id":"https:\/\/portaltela.pt\/noticias\/2026\/04\/10\/psd-pela-madeira-e-acores-ajudam-oposicao-a-aprovar-subsidio-de-mobilidade\/#article","isPartOf":{"@id":"https:\/\/portaltela.pt\/noticias\/2026\/04\/10\/psd-pela-madeira-e-acores-ajudam-oposicao-a-aprovar-subsidio-de-mobilidade\/"},"author":{"name":"Telinha","@id":"https:\/\/portaltela.pt\/#\/schema\/person\/c4278d4a6028830caff9ee44b42d32ed"},"headline":"PSD pela Madeira e A\u00e7ores ajudam oposi\u00e7\u00e3o a aprovar subs\u00eddio de mobilidade","datePublished":"2026-04-10T15:47:26+00:00","mainEntityOfPage":{"@id":"https:\/\/portaltela.pt\/noticias\/2026\/04\/10\/psd-pela-madeira-e-acores-ajudam-oposicao-a-aprovar-subsidio-de-mobilidade\/"},"wordCount":291,"image":{"@id":"https:\/\/portaltela.pt\/noticias\/2026\/04\/10\/psd-pela-madeira-e-acores-ajudam-oposicao-a-aprovar-subsidio-de-mobilidade\/#primaryimage"},"thumbnailUrl":"https:\/\/portaltela.pt\/s.01k8rhncp4jt1\/2026\/04\/2080517.jpg","keywords":["A\u00e7ores","Continuidade Territorial","Madeira","mobilidade","pol\u00edtica","transporte"],"articleSection":["Not\u00edcias","Pol\u00edtica"],"inLanguage":"pt-PT"},{"@type":"WebPage","@id":"https:\/\/portaltela.pt\/noticias\/2026\/04\/10\/psd-pela-madeira-e-acores-ajudam-oposicao-a-aprovar-subsidio-de-mobilidade\/","url":"https:\/\/portaltela.pt\/noticias\/2026\/04\/10\/psd-pela-madeira-e-acores-ajudam-oposicao-a-aprovar-subsidio-de-mobilidade\/","name":"PSD pela Madeira e A\u00e7ores ajudam oposi\u00e7\u00e3o a aprovar subs\u00eddio de mobilidade - Portal Tela Portugal","isPartOf":{"@id":"https:\/\/portaltela.pt\/#website"},"primaryImageOfPage":{"@id":"https:\/\/portaltela.pt\/noticias\/2026\/04\/10\/psd-pela-madeira-e-acores-ajudam-oposicao-a-aprovar-subsidio-de-mobilidade\/#primaryimage"},"image":{"@id":"https:\/\/portaltela.pt\/noticias\/2026\/04\/10\/psd-pela-madeira-e-acores-ajudam-oposicao-a-aprovar-subsidio-de-mobilidade\/#primaryimage"},"thumbnailUrl":"https:\/\/portaltela.pt\/s.01k8rhncp4jt1\/2026\/04\/2080517.jpg","datePublished":"2026-04-10T15:47:26+00:00","author":{"@id":"https:\/\/portaltela.pt\/#\/schema\/person\/c4278d4a6028830caff9ee44b42d32ed"},"breadcrumb":{"@id":"https:\/\/portaltela.pt\/noticias\/2026\/04\/10\/psd-pela-madeira-e-acores-ajudam-oposicao-a-aprovar-subsidio-de-mobilidade\/#breadcrumb"},"inLanguage":"pt-PT","potentialAction":[{"@type":"ReadAction","target":["https:\/\/portaltela.pt\/noticias\/2026\/04\/10\/psd-pela-madeira-e-acores-ajudam-oposicao-a-aprovar-subsidio-de-mobilidade\/"]}]},{"@type":"ImageObject","inLanguage":"pt-PT","@id":"https:\/\/portaltela.pt\/noticias\/2026\/04\/10\/psd-pela-madeira-e-acores-ajudam-oposicao-a-aprovar-subsidio-de-mobilidade\/#primaryimage","url":"https:\/\/portaltela.pt\/s.01k8rhncp4jt1\/2026\/04\/2080517.jpg","contentUrl":"https:\/\/portaltela.pt\/s.01k8rhncp4jt1\/2026\/04\/2080517.jpg","width":796,"height":448,"caption":"Parlamento aprova altera\u00e7\u00e3o do subs\u00eddio social de mobilidade para A\u00e7ores e Madeira"},{"@type":"BreadcrumbList","@id":"https:\/\/portaltela.pt\/noticias\/2026\/04\/10\/psd-pela-madeira-e-acores-ajudam-oposicao-a-aprovar-subsidio-de-mobilidade\/#breadcrumb","itemListElement":[{"@type":"ListItem","position":1,"name":"In\u00edcio","item":"https:\/\/portaltela.pt\/"},{"@type":"ListItem","position":2,"name":"PSD pela Madeira e A\u00e7ores ajudam oposi\u00e7\u00e3o a aprovar subs\u00eddio de mobilidade"}]},{"@type":"WebSite","@id":"https:\/\/portaltela.pt\/#website","url":"https:\/\/portaltela.pt\/","name":"Portal Tela Portugal","description":"","potentialAction":[{"@type":"SearchAction","target":{"@type":"EntryPoint","urlTemplate":"https:\/\/portaltela.pt\/?s={search_term_string}"},"query-input":{"@type":"PropertyValueSpecification","valueRequired":true,"valueName":"search_term_string"}}],"inLanguage":"pt-PT"},{"@type":"Person","@id":"https:\/\/portaltela.pt\/#\/schema\/person\/c4278d4a6028830caff9ee44b42d32ed","name":"Telinha","image":{"@type":"ImageObject","inLanguage":"pt-PT","@id":"https:\/\/portaltela.pt\/s.01k8rhncp4jt1\/2025\/11\/talking-bot-125x125.png","url":"https:\/\/portaltela.pt\/s.01k8rhncp4jt1\/2025\/11\/talking-bot-125x125.png","contentUrl":"https:\/\/portaltela.pt\/s.01k8rhncp4jt1\/2025\/11\/talking-bot-125x125.png","caption":"Telinha"},"sameAs":["https:\/\/portaltela.pt\/"],"url":"https:\/\/portaltela.pt\/por\/367410592786\/"}]}},"_links":{"self":[{"href":"https:\/\/portaltela.pt\/api\/wp\/v2\/posts\/439573","targetHints":{"allow":["GET"]}}],"collection":[{"href":"https:\/\/portaltela.pt\/api\/wp\/v2\/posts"}],"about":[{"href":"https:\/\/portaltela.pt\/api\/wp\/v2\/types\/post"}],"author":[{"embeddable":true,"href":"https:\/\/portaltela.pt\/api\/wp\/v2\/users\/2"}],"replies":[{"embeddable":true,"href":"https:\/\/portaltela.pt\/api\/wp\/v2\/comments?post=439573"}],"version-history":[{"count":0,"href":"https:\/\/portaltela.pt\/api\/wp\/v2\/posts\/439573\/revisions"}],"wp:featuredmedia":[{"embeddable":true,"href":"https:\/\/portaltela.pt\/api\/wp\/v2\/media\/439577"}],"wp:attachment":[{"href":"https:\/\/portaltela.pt\/api\/wp\/v2\/media?parent=439573"}],"wp:term":[{"taxonomy":"category","embeddable":true,"href":"https:\/\/portaltela.pt\/api\/wp\/v2\/categories?post=439573"},{"taxonomy":"post_tag","embeddable":true,"href":"https:\/\/portaltela.pt\/api\/wp\/v2\/tags?post=439573"}],"curies":[{"name":"wp","href":"https:\/\/api.w.org\/{rel}","templated":true}]}}