{"id":439543,"date":"2026-04-10T12:32:23","date_gmt":"2026-04-10T15:32:23","guid":{"rendered":"https:\/\/portaltela.pt\/noticias\/2026\/04\/10\/tiago-margarido-acredita-que-e-possivel-pontuar-no-estadio-da-luz\/"},"modified":"2026-04-10T12:32:23","modified_gmt":"2026-04-10T15:32:23","slug":"tiago-margarido-acredita-que-e-possivel-pontuar-no-estadio-da-luz","status":"publish","type":"post","link":"https:\/\/portaltela.pt\/desporto\/futebol\/2026\/04\/10\/tiago-margarido-acredita-que-e-possivel-pontuar-no-estadio-da-luz\/","title":{"rendered":"Tiago Margarido acredita que \u00e9 poss\u00edvel pontuar no Est\u00e1dio da Luz"},"content":{"rendered":"<p>O Nacional prepara-se para defrontar o Benfica no Est\u00e1dio da Luz, em jogo da jornada 29 da Liga. A partida realiza-se no domingo, \u00e0s 18h00, em Lisboa, e marca o desafio de o conjunto insular quebrar uma s\u00e9rie de insucessos fora de casa diante dos encarnados.<\/p>\n<p>Segundo o treinador Tiago Margarido, a equipa chega motivada para pontuar frente a um Benfica que acabou a \u00faltima ronda empatado com o Casa Pia (1-1). O t\u00e9cnico aposta na ambi\u00e7\u00e3o do Nacional e na possibilidade de aproveitar lacunas do advers\u00e1rio para somar pontos.<\/p>\n<p>Margarido sublinha que o Nacional vai entrar com a identidade habitual, procurando impor o seu jogo mesmo num est\u00e1dio reconhecido pela sua dificuldade. O objetivo \u00e9 manter o foco no pr\u00f3prio desempenho e explorar momentos de desequil\u00edbrio do rival.<\/p>\n<p>Gabriel Veron \u00e9 d\u00favida para o encontro, enquanto Paulinho B\u00f3ia fica de fora por castigo e Miguel Baeza n\u00e3o dever\u00e1 recuperar a tempo. O Nacional realiza amanh\u00e3 de manh\u00e3 o derradeiro treino no seu est\u00e1dio, antes da viagem a Lisboa.<\/p>\n<p>Os convocados para a desloca\u00e7\u00e3o n\u00e3o ser\u00e3o descobertos at\u00e9 ao \u00faltimo momento, com a equipa a embarcar num voo da TAP \u00e0s 14h15, a partir do Aeroporto Internacional Cristiano Ronaldo. A viagem decorre no dia anterior ao jogo.<\/p>\n","protected":false},"excerpt":{"rendered":"<ul>\n<li>O Nacional visita o Benfica no Est\u00e1dio da Luz, em jogo da jornada 29 da Liga, buscando a primeira vit\u00f3ria fora contra o advers\u00e1rio.<\/li>\n<li>Historicamente, o Nacional n\u00e3o vence o Benfica no Est\u00e1dio da Luz, tendo apenas cinco empates em 27 jogos.<\/li>\n<li>O treinador Tiago Margarido afirmou que a equipa pode roubar pontos e que o jogo \u00e9 extremamente dif\u00edcil diante de uma das melhores equipas do pa\u00eds.<\/li>\n<li>O Benfica chega pressionado por uma derrota recente e deve procurar uma resposta firme, enquanto o Nacional foca na pr\u00f3pria identidade e no seu jogo.<\/li>\n<li>Gabriel Veron est\u00e1 em d\u00favida, Paulinho B\u00f3ia est\u00e1 castigado e Miguel Baeza n\u00e3o dever\u00e1 recuperar a tempo; o Nacional realiza o derradeiro treino antes da viagem a Lisboa, marcada para domingo \u00e0s 18h00, com voo da TAP \u00e0s 14h15.<\/li>\n<\/ul>\n","protected":false},"author":2,"featured_media":439545,"comment_status":"closed","ping_status":"closed","sticky":false,"template":"","format":"standard","meta":{"footnotes":""},"categories":[21,24],"tags":[7755,4059,1946,981,1350],"class_list":["post-439543","post","type-post","status-publish","format-standard","has-post-thumbnail","hentry","category-desporto","category-futebol","tag-_futebol","tag-1-a-liga","tag-benfica","tag-lisboa","tag-nacionais"],"yoast_head":"<!-- This site is optimized with the Yoast SEO plugin v27.2 - https:\/\/yoast.com\/product\/yoast-seo-wordpress\/ -->\n<title>Tiago Margarido acredita que \u00e9 poss\u00edvel pontuar no Est\u00e1dio da Luz - Portal Tela Portugal<\/title>\n<meta name=\"robots\" content=\"index, follow, max-snippet:-1, max-image-preview:large, max-video-preview:-1\" \/>\n<meta property=\"og:locale\" content=\"pt_PT\" \/>\n<meta property=\"og:type\" content=\"article\" \/>\n<meta property=\"og:title\" content=\"Tiago Margarido acredita que \u00e9 poss\u00edvel pontuar no Est\u00e1dio da Luz - Portal Tela Portugal\" \/>\n<meta property=\"og:description\" content=\"O Nacional visita o Benfica no Est\u00e1dio da Luz, em jogo da jornada 29 da Liga, buscando a primeira vit\u00f3ria fora contra o advers\u00e1rio. Historicamente, o Nacional n\u00e3o vence o Benfica no Est\u00e1dio da Luz, tendo apenas cinco empates em 27 jogos. O treinador Tiago Margarido afirmou que a equipa pode roubar pontos e que o jogo \u00e9 extremamente dif\u00edcil diante de uma das melhores equipas do pa\u00eds. O Benfica chega pressionado por uma derrota recente e deve procurar uma resposta firme, enquanto o Nacional foca na pr\u00f3pria identidade e no seu jogo. Gabriel Veron est\u00e1 em d\u00favida, Paulinho B\u00f3ia est\u00e1 castigado e Miguel Baeza n\u00e3o dever\u00e1 recuperar a tempo; o Nacional realiza o derradeiro treino antes da viagem a Lisboa, marcada para domingo \u00e0s 18h00, com voo da TAP \u00e0s 14h15.\" \/>\n<meta property=\"og:url\" content=\"https:\/\/portaltela.pt\/noticias\/2026\/04\/10\/tiago-margarido-acredita-que-e-possivel-pontuar-no-estadio-da-luz\/\" \/>\n<meta property=\"og:site_name\" content=\"Portal Tela Portugal\" \/>\n<meta property=\"article:published_time\" content=\"2026-04-10T15:32:23+00:00\" \/>\n<meta name=\"author\" content=\"Telinha\" \/>\n<meta name=\"twitter:card\" content=\"summary_large_image\" \/>\n<meta name=\"twitter:label1\" content=\"Escrito por\" \/>\n\t<meta name=\"twitter:data1\" content=\"Telinha\" \/>\n\t<meta name=\"twitter:label2\" content=\"Tempo estimado de leitura\" \/>\n\t<meta name=\"twitter:data2\" content=\"1 minuto\" \/>\n<script type=\"application\/ld+json\" class=\"yoast-schema-graph\">{\"@context\":\"https:\/\/schema.org\",\"@graph\":[{\"@type\":\"Article\",\"@id\":\"https:\/\/portaltela.pt\/noticias\/2026\/04\/10\/tiago-margarido-acredita-que-e-possivel-pontuar-no-estadio-da-luz\/#article\",\"isPartOf\":{\"@id\":\"https:\/\/portaltela.pt\/noticias\/2026\/04\/10\/tiago-margarido-acredita-que-e-possivel-pontuar-no-estadio-da-luz\/\"},\"author\":{\"name\":\"Telinha\",\"@id\":\"https:\/\/portaltela.pt\/#\/schema\/person\/c4278d4a6028830caff9ee44b42d32ed\"},\"headline\":\"Tiago Margarido acredita que \u00e9 poss\u00edvel pontuar no Est\u00e1dio da Luz\",\"datePublished\":\"2026-04-10T15:32:23+00:00\",\"mainEntityOfPage\":{\"@id\":\"https:\/\/portaltela.pt\/noticias\/2026\/04\/10\/tiago-margarido-acredita-que-e-possivel-pontuar-no-estadio-da-luz\/\"},\"wordCount\":231,\"image\":{\"@id\":\"https:\/\/portaltela.pt\/noticias\/2026\/04\/10\/tiago-margarido-acredita-que-e-possivel-pontuar-no-estadio-da-luz\/#primaryimage\"},\"thumbnailUrl\":\"https:\/\/portaltela.pt\/s.01k8rhncp4jt1\/2026\/04\/img_920x518uu2026-03-25-00-17-44-2429245-im-639114329774168515.jpg\",\"keywords\":[\"_futebol\",\"1.\u00aa Liga\",\"Benfica\",\"Lisboa\",\"Nacionais\"],\"articleSection\":[\"Desporto\",\"Futebol\"],\"inLanguage\":\"pt-PT\"},{\"@type\":\"WebPage\",\"@id\":\"https:\/\/portaltela.pt\/noticias\/2026\/04\/10\/tiago-margarido-acredita-que-e-possivel-pontuar-no-estadio-da-luz\/\",\"url\":\"https:\/\/portaltela.pt\/noticias\/2026\/04\/10\/tiago-margarido-acredita-que-e-possivel-pontuar-no-estadio-da-luz\/\",\"name\":\"Tiago Margarido acredita que \u00e9 poss\u00edvel pontuar no Est\u00e1dio da Luz - Portal Tela Portugal\",\"isPartOf\":{\"@id\":\"https:\/\/portaltela.pt\/#website\"},\"primaryImageOfPage\":{\"@id\":\"https:\/\/portaltela.pt\/noticias\/2026\/04\/10\/tiago-margarido-acredita-que-e-possivel-pontuar-no-estadio-da-luz\/#primaryimage\"},\"image\":{\"@id\":\"https:\/\/portaltela.pt\/noticias\/2026\/04\/10\/tiago-margarido-acredita-que-e-possivel-pontuar-no-estadio-da-luz\/#primaryimage\"},\"thumbnailUrl\":\"https:\/\/portaltela.pt\/s.01k8rhncp4jt1\/2026\/04\/img_920x518uu2026-03-25-00-17-44-2429245-im-639114329774168515.jpg\",\"datePublished\":\"2026-04-10T15:32:23+00:00\",\"author\":{\"@id\":\"https:\/\/portaltela.pt\/#\/schema\/person\/c4278d4a6028830caff9ee44b42d32ed\"},\"breadcrumb\":{\"@id\":\"https:\/\/portaltela.pt\/noticias\/2026\/04\/10\/tiago-margarido-acredita-que-e-possivel-pontuar-no-estadio-da-luz\/#breadcrumb\"},\"inLanguage\":\"pt-PT\",\"potentialAction\":[{\"@type\":\"ReadAction\",\"target\":[\"https:\/\/portaltela.pt\/noticias\/2026\/04\/10\/tiago-margarido-acredita-que-e-possivel-pontuar-no-estadio-da-luz\/\"]}]},{\"@type\":\"ImageObject\",\"inLanguage\":\"pt-PT\",\"@id\":\"https:\/\/portaltela.pt\/noticias\/2026\/04\/10\/tiago-margarido-acredita-que-e-possivel-pontuar-no-estadio-da-luz\/#primaryimage\",\"url\":\"https:\/\/portaltela.pt\/s.01k8rhncp4jt1\/2026\/04\/img_920x518uu2026-03-25-00-17-44-2429245-im-639114329774168515.jpg\",\"contentUrl\":\"https:\/\/portaltela.pt\/s.01k8rhncp4jt1\/2026\/04\/img_920x518uu2026-03-25-00-17-44-2429245-im-639114329774168515.jpg\",\"width\":796,\"height\":448,\"caption\":\"Tiago Margarido espera resposta dos jogadores do Benfica\"},{\"@type\":\"BreadcrumbList\",\"@id\":\"https:\/\/portaltela.pt\/noticias\/2026\/04\/10\/tiago-margarido-acredita-que-e-possivel-pontuar-no-estadio-da-luz\/#breadcrumb\",\"itemListElement\":[{\"@type\":\"ListItem\",\"position\":1,\"name\":\"In\u00edcio\",\"item\":\"https:\/\/portaltela.pt\/\"},{\"@type\":\"ListItem\",\"position\":2,\"name\":\"Tiago Margarido acredita que \u00e9 poss\u00edvel pontuar no Est\u00e1dio da Luz\"}]},{\"@type\":\"WebSite\",\"@id\":\"https:\/\/portaltela.pt\/#website\",\"url\":\"https:\/\/portaltela.pt\/\",\"name\":\"Portal Tela Portugal\",\"description\":\"\",\"potentialAction\":[{\"@type\":\"SearchAction\",\"target\":{\"@type\":\"EntryPoint\",\"urlTemplate\":\"https:\/\/portaltela.pt\/?s={search_term_string}\"},\"query-input\":{\"@type\":\"PropertyValueSpecification\",\"valueRequired\":true,\"valueName\":\"search_term_string\"}}],\"inLanguage\":\"pt-PT\"},{\"@type\":\"Person\",\"@id\":\"https:\/\/portaltela.pt\/#\/schema\/person\/c4278d4a6028830caff9ee44b42d32ed\",\"name\":\"Telinha\",\"image\":{\"@type\":\"ImageObject\",\"inLanguage\":\"pt-PT\",\"@id\":\"https:\/\/portaltela.pt\/s.01k8rhncp4jt1\/2025\/11\/talking-bot-125x125.png\",\"url\":\"https:\/\/portaltela.pt\/s.01k8rhncp4jt1\/2025\/11\/talking-bot-125x125.png\",\"contentUrl\":\"https:\/\/portaltela.pt\/s.01k8rhncp4jt1\/2025\/11\/talking-bot-125x125.png\",\"caption\":\"Telinha\"},\"sameAs\":[\"https:\/\/portaltela.pt\/\"],\"url\":\"https:\/\/portaltela.pt\/por\/367410592786\/\"}]}<\/script>\n<!-- \/ Yoast SEO plugin. -->","yoast_head_json":{"title":"Tiago Margarido acredita que \u00e9 poss\u00edvel pontuar no Est\u00e1dio da Luz - Portal Tela Portugal","robots":{"index":"index","follow":"follow","max-snippet":"max-snippet:-1","max-image-preview":"max-image-preview:large","max-video-preview":"max-video-preview:-1"},"og_locale":"pt_PT","og_type":"article","og_title":"Tiago Margarido acredita que \u00e9 poss\u00edvel pontuar no Est\u00e1dio da Luz - Portal Tela Portugal","og_description":"O Nacional visita o Benfica no Est\u00e1dio da Luz, em jogo da jornada 29 da Liga, buscando a primeira vit\u00f3ria fora contra o advers\u00e1rio. Historicamente, o Nacional n\u00e3o vence o Benfica no Est\u00e1dio da Luz, tendo apenas cinco empates em 27 jogos. O treinador Tiago Margarido afirmou que a equipa pode roubar pontos e que o jogo \u00e9 extremamente dif\u00edcil diante de uma das melhores equipas do pa\u00eds. O Benfica chega pressionado por uma derrota recente e deve procurar uma resposta firme, enquanto o Nacional foca na pr\u00f3pria identidade e no seu jogo. Gabriel Veron est\u00e1 em d\u00favida, Paulinho B\u00f3ia est\u00e1 castigado e Miguel Baeza n\u00e3o dever\u00e1 recuperar a tempo; o Nacional realiza o derradeiro treino antes da viagem a Lisboa, marcada para domingo \u00e0s 18h00, com voo da TAP \u00e0s 14h15.","og_url":"https:\/\/portaltela.pt\/noticias\/2026\/04\/10\/tiago-margarido-acredita-que-e-possivel-pontuar-no-estadio-da-luz\/","og_site_name":"Portal Tela Portugal","article_published_time":"2026-04-10T15:32:23+00:00","author":"Telinha","twitter_card":"summary_large_image","twitter_misc":{"Escrito por":"Telinha","Tempo estimado de leitura":"1 minuto"},"schema":{"@context":"https:\/\/schema.org","@graph":[{"@type":"Article","@id":"https:\/\/portaltela.pt\/noticias\/2026\/04\/10\/tiago-margarido-acredita-que-e-possivel-pontuar-no-estadio-da-luz\/#article","isPartOf":{"@id":"https:\/\/portaltela.pt\/noticias\/2026\/04\/10\/tiago-margarido-acredita-que-e-possivel-pontuar-no-estadio-da-luz\/"},"author":{"name":"Telinha","@id":"https:\/\/portaltela.pt\/#\/schema\/person\/c4278d4a6028830caff9ee44b42d32ed"},"headline":"Tiago Margarido acredita que \u00e9 poss\u00edvel pontuar no Est\u00e1dio da Luz","datePublished":"2026-04-10T15:32:23+00:00","mainEntityOfPage":{"@id":"https:\/\/portaltela.pt\/noticias\/2026\/04\/10\/tiago-margarido-acredita-que-e-possivel-pontuar-no-estadio-da-luz\/"},"wordCount":231,"image":{"@id":"https:\/\/portaltela.pt\/noticias\/2026\/04\/10\/tiago-margarido-acredita-que-e-possivel-pontuar-no-estadio-da-luz\/#primaryimage"},"thumbnailUrl":"https:\/\/portaltela.pt\/s.01k8rhncp4jt1\/2026\/04\/img_920x518uu2026-03-25-00-17-44-2429245-im-639114329774168515.jpg","keywords":["_futebol","1.\u00aa Liga","Benfica","Lisboa","Nacionais"],"articleSection":["Desporto","Futebol"],"inLanguage":"pt-PT"},{"@type":"WebPage","@id":"https:\/\/portaltela.pt\/noticias\/2026\/04\/10\/tiago-margarido-acredita-que-e-possivel-pontuar-no-estadio-da-luz\/","url":"https:\/\/portaltela.pt\/noticias\/2026\/04\/10\/tiago-margarido-acredita-que-e-possivel-pontuar-no-estadio-da-luz\/","name":"Tiago Margarido acredita que \u00e9 poss\u00edvel pontuar no Est\u00e1dio da Luz - Portal Tela Portugal","isPartOf":{"@id":"https:\/\/portaltela.pt\/#website"},"primaryImageOfPage":{"@id":"https:\/\/portaltela.pt\/noticias\/2026\/04\/10\/tiago-margarido-acredita-que-e-possivel-pontuar-no-estadio-da-luz\/#primaryimage"},"image":{"@id":"https:\/\/portaltela.pt\/noticias\/2026\/04\/10\/tiago-margarido-acredita-que-e-possivel-pontuar-no-estadio-da-luz\/#primaryimage"},"thumbnailUrl":"https:\/\/portaltela.pt\/s.01k8rhncp4jt1\/2026\/04\/img_920x518uu2026-03-25-00-17-44-2429245-im-639114329774168515.jpg","datePublished":"2026-04-10T15:32:23+00:00","author":{"@id":"https:\/\/portaltela.pt\/#\/schema\/person\/c4278d4a6028830caff9ee44b42d32ed"},"breadcrumb":{"@id":"https:\/\/portaltela.pt\/noticias\/2026\/04\/10\/tiago-margarido-acredita-que-e-possivel-pontuar-no-estadio-da-luz\/#breadcrumb"},"inLanguage":"pt-PT","potentialAction":[{"@type":"ReadAction","target":["https:\/\/portaltela.pt\/noticias\/2026\/04\/10\/tiago-margarido-acredita-que-e-possivel-pontuar-no-estadio-da-luz\/"]}]},{"@type":"ImageObject","inLanguage":"pt-PT","@id":"https:\/\/portaltela.pt\/noticias\/2026\/04\/10\/tiago-margarido-acredita-que-e-possivel-pontuar-no-estadio-da-luz\/#primaryimage","url":"https:\/\/portaltela.pt\/s.01k8rhncp4jt1\/2026\/04\/img_920x518uu2026-03-25-00-17-44-2429245-im-639114329774168515.jpg","contentUrl":"https:\/\/portaltela.pt\/s.01k8rhncp4jt1\/2026\/04\/img_920x518uu2026-03-25-00-17-44-2429245-im-639114329774168515.jpg","width":796,"height":448,"caption":"Tiago Margarido espera resposta dos jogadores do Benfica"},{"@type":"BreadcrumbList","@id":"https:\/\/portaltela.pt\/noticias\/2026\/04\/10\/tiago-margarido-acredita-que-e-possivel-pontuar-no-estadio-da-luz\/#breadcrumb","itemListElement":[{"@type":"ListItem","position":1,"name":"In\u00edcio","item":"https:\/\/portaltela.pt\/"},{"@type":"ListItem","position":2,"name":"Tiago Margarido acredita que \u00e9 poss\u00edvel pontuar no Est\u00e1dio da Luz"}]},{"@type":"WebSite","@id":"https:\/\/portaltela.pt\/#website","url":"https:\/\/portaltela.pt\/","name":"Portal Tela Portugal","description":"","potentialAction":[{"@type":"SearchAction","target":{"@type":"EntryPoint","urlTemplate":"https:\/\/portaltela.pt\/?s={search_term_string}"},"query-input":{"@type":"PropertyValueSpecification","valueRequired":true,"valueName":"search_term_string"}}],"inLanguage":"pt-PT"},{"@type":"Person","@id":"https:\/\/portaltela.pt\/#\/schema\/person\/c4278d4a6028830caff9ee44b42d32ed","name":"Telinha","image":{"@type":"ImageObject","inLanguage":"pt-PT","@id":"https:\/\/portaltela.pt\/s.01k8rhncp4jt1\/2025\/11\/talking-bot-125x125.png","url":"https:\/\/portaltela.pt\/s.01k8rhncp4jt1\/2025\/11\/talking-bot-125x125.png","contentUrl":"https:\/\/portaltela.pt\/s.01k8rhncp4jt1\/2025\/11\/talking-bot-125x125.png","caption":"Telinha"},"sameAs":["https:\/\/portaltela.pt\/"],"url":"https:\/\/portaltela.pt\/por\/367410592786\/"}]}},"_links":{"self":[{"href":"https:\/\/portaltela.pt\/api\/wp\/v2\/posts\/439543","targetHints":{"allow":["GET"]}}],"collection":[{"href":"https:\/\/portaltela.pt\/api\/wp\/v2\/posts"}],"about":[{"href":"https:\/\/portaltela.pt\/api\/wp\/v2\/types\/post"}],"author":[{"embeddable":true,"href":"https:\/\/portaltela.pt\/api\/wp\/v2\/users\/2"}],"replies":[{"embeddable":true,"href":"https:\/\/portaltela.pt\/api\/wp\/v2\/comments?post=439543"}],"version-history":[{"count":0,"href":"https:\/\/portaltela.pt\/api\/wp\/v2\/posts\/439543\/revisions"}],"wp:featuredmedia":[{"embeddable":true,"href":"https:\/\/portaltela.pt\/api\/wp\/v2\/media\/439545"}],"wp:attachment":[{"href":"https:\/\/portaltela.pt\/api\/wp\/v2\/media?parent=439543"}],"wp:term":[{"taxonomy":"category","embeddable":true,"href":"https:\/\/portaltela.pt\/api\/wp\/v2\/categories?post=439543"},{"taxonomy":"post_tag","embeddable":true,"href":"https:\/\/portaltela.pt\/api\/wp\/v2\/tags?post=439543"}],"curies":[{"name":"wp","href":"https:\/\/api.w.org\/{rel}","templated":true}]}}