{"id":439525,"date":"2026-04-10T12:17:16","date_gmt":"2026-04-10T15:17:16","guid":{"rendered":"https:\/\/portaltela.pt\/noticias\/2026\/04\/10\/aeroportos-da-ue-avisam-de-crise-se-estreito-de-ormuz-nao-reabrir-em-3-semanas\/"},"modified":"2026-04-10T12:17:16","modified_gmt":"2026-04-10T15:17:16","slug":"aeroportos-da-ue-avisam-de-crise-se-estreito-de-ormuz-nao-reabrir-em-3-semanas","status":"publish","type":"post","link":"https:\/\/portaltela.pt\/energia\/2026\/04\/10\/aeroportos-da-ue-avisam-de-crise-se-estreito-de-ormuz-nao-reabrir-em-3-semanas\/","title":{"rendered":"Aeroportos da UE avisam de crise se Estreito de Ormuz n\u00e3o reabrir em 3 semanas"},"content":{"rendered":"<p>Os aeroportos da UE alertam para uma crise sist\u00e9mica caso o tr\u00e1fego pelo estreito de Ormuz n\u00e3o se restabele\u00e7a no prazo de tr\u00eas semanas. A ACI Europe avisa que a escassez de querosene de avia\u00e7\u00e3o pode comprometer opera\u00e7\u00f5es, conectividade e a economia europeia.<\/p>\n<p>Numa carta dirigida aos comiss\u00e1rios da Energia e dos Transportes, o director-geral da ACI Europe, Olivier Jankovec, indica que a interrup\u00e7\u00e3o prolongada do abastecimento teria efeitos diretos nas atividades aeroportu\u00e1rias e no turismo, j\u00e1 que o setor envolve cerca de 851 mil milh\u00f5es de euros em PIB e aproximadamente 14 milh\u00f5es de empregos na UE.<\/p>\n<p>Segundo o Financial Times, a organiza\u00e7\u00e3o pede \u00e0 Comiss\u00e3o Europeia medidas urgentes para monitorizar o mercado de querosene, j\u00e1 que n\u00e3o existe ainda uma avalia\u00e7\u00e3o comunit\u00e1ria da produ\u00e7\u00e3o, disponibilidade ou reservas. O objetivo \u00e9 evitar perturba\u00e7\u00f5es na importa\u00e7\u00e3o do combust\u00edvel.<\/p>\n<p>A UE importa cerca de 40% do querosene refinado via Ormuz, com navios a demorar cerca de um m\u00eas a chegar. A ACI Europe recomenda facilitar importa\u00e7\u00f5es, ponderar compras conjuntas a n\u00edvel comunit\u00e1rio e refor\u00e7ar obriga\u00e7\u00f5es de refina\u00e7\u00e3o dentro da UE para assegurar abastecimento.<\/p>\n<p>O jornal FT tamb\u00e9m relata que a ACI Europe solicitou clarifica\u00e7\u00e3o quanto \u00e0 aplica\u00e7\u00e3o do regulamento europeu sobre emiss\u00f5es de metano, receando que possa dificultar futuras entregas de combust\u00edvel ao mercado comunit\u00e1rio. A associa\u00e7\u00e3o aponta para a depend\u00eancia elevada da UE face \u00e0s importa\u00e7\u00f5es de querosene.<\/p>\n<p>Dados da IATA indicam que, em 20 de fevereiro, o custo do jet fuel era de 95,95 d\u00f3lares por barril e atingiu 209 d\u00f3lares por barril at\u00e9 3 de abril, um aumento de 118%. A maior subida ocorreu na semana at\u00e9 6 de mar\u00e7o, com alta de 58,4%.<\/p>\n<p>A IATA avisou h\u00e1 pouco que, numa fase de transi\u00e7\u00e3o energ\u00e9tica, com encerramento de refinarias, o abastecimento de jet fuel ficou mais vulner\u00e1vel. A Europa importa cerca de 30% das suas necessidades de jet fuel, segundo a organiza\u00e7\u00e3o.<\/p>\n","protected":false},"excerpt":{"rendered":"<ul>\n<li>ACI Europe avisa que, se o tr\u00e1fego pelo estreito de Ormuz n\u00e3o se restabelecer nas pr\u00f3ximas tr\u00eas semanas, pode ocorrer uma crise de abastecimento de querosene de avia\u00e7\u00e3o na UE.<\/li>\n<li>A UE importa cerca de quarenta por cento do querosene refinado atrav\u00e9s de Ormuz, com os navios a demorarem, tipicamente, um m\u00eas a chegar.<\/li>\n<li>Uma escassez de combust\u00edvel afetaria opera\u00e7\u00f5es aeroportu\u00e1rias, conectividade e a economia europeia, especialmente durante a \u00e9poca alta de ver\u00e3o.<\/li>\n<li>O pre\u00e7o do jet fuel subiu significativamente, passando de 95,95 d\u00f3lares por barril em 20 de fevereiro para 209 d\u00f3lares por barril a 3 de abril.<\/li>\n<li>A ACI Europe pediu \u00e0 Comiss\u00e3o Europeia para monitorizar o mercado, facilitar importa\u00e7\u00f5es, promover compras conjuntas a n\u00edvel europeu e clarificar a aplica\u00e7\u00e3o de regula\u00e7\u00f5es, incluindo as de emiss\u00f5es de metano.<\/li>\n<\/ul>\n","protected":false},"author":2,"featured_media":439530,"comment_status":"closed","ping_status":"closed","sticky":false,"template":"","format":"standard","meta":{"footnotes":""},"categories":[6806],"tags":[6115,7775,7767,174,5821,363],"class_list":["post-439525","post","type-post","status-publish","format-standard","has-post-thumbnail","hentry","category-energia","tag-_economia","tag-_energia","tag-_meio-ambiente","tag-energia","tag-importacoes-internacionais","tag-transportes"],"yoast_head":"<!-- This site is optimized with the Yoast SEO plugin v27.2 - https:\/\/yoast.com\/product\/yoast-seo-wordpress\/ -->\n<title>Aeroportos da UE avisam de crise se Estreito de Ormuz n\u00e3o reabrir em 3 semanas - Portal Tela Portugal<\/title>\n<meta name=\"robots\" content=\"index, follow, max-snippet:-1, max-image-preview:large, max-video-preview:-1\" \/>\n<meta property=\"og:locale\" content=\"pt_PT\" \/>\n<meta property=\"og:type\" content=\"article\" \/>\n<meta property=\"og:title\" content=\"Aeroportos da UE avisam de crise se Estreito de Ormuz n\u00e3o reabrir em 3 semanas - Portal Tela Portugal\" \/>\n<meta property=\"og:description\" content=\"ACI Europe avisa que, se o tr\u00e1fego pelo estreito de Ormuz n\u00e3o se restabelecer nas pr\u00f3ximas tr\u00eas semanas, pode ocorrer uma crise de abastecimento de querosene de avia\u00e7\u00e3o na UE. A UE importa cerca de quarenta por cento do querosene refinado atrav\u00e9s de Ormuz, com os navios a demorarem, tipicamente, um m\u00eas a chegar. Uma escassez de combust\u00edvel afetaria opera\u00e7\u00f5es aeroportu\u00e1rias, conectividade e a economia europeia, especialmente durante a \u00e9poca alta de ver\u00e3o. O pre\u00e7o do jet fuel subiu significativamente, passando de 95,95 d\u00f3lares por barril em 20 de fevereiro para 209 d\u00f3lares por barril a 3 de abril. A ACI Europe pediu \u00e0 Comiss\u00e3o Europeia para monitorizar o mercado, facilitar importa\u00e7\u00f5es, promover compras conjuntas a n\u00edvel europeu e clarificar a aplica\u00e7\u00e3o de regula\u00e7\u00f5es, incluindo as de emiss\u00f5es de metano.\" \/>\n<meta property=\"og:url\" content=\"https:\/\/portaltela.pt\/noticias\/2026\/04\/10\/aeroportos-da-ue-avisam-de-crise-se-estreito-de-ormuz-nao-reabrir-em-3-semanas\/\" \/>\n<meta property=\"og:site_name\" content=\"Portal Tela Portugal\" \/>\n<meta property=\"article:published_time\" content=\"2026-04-10T15:17:16+00:00\" \/>\n<meta name=\"author\" content=\"Telinha\" \/>\n<meta name=\"twitter:card\" content=\"summary_large_image\" \/>\n<meta name=\"twitter:label1\" content=\"Escrito por\" \/>\n\t<meta name=\"twitter:data1\" content=\"Telinha\" \/>\n\t<meta name=\"twitter:label2\" content=\"Tempo estimado de leitura\" \/>\n\t<meta name=\"twitter:data2\" content=\"2 minutos\" \/>\n<script type=\"application\/ld+json\" class=\"yoast-schema-graph\">{\"@context\":\"https:\/\/schema.org\",\"@graph\":[{\"@type\":\"Article\",\"@id\":\"https:\/\/portaltela.pt\/noticias\/2026\/04\/10\/aeroportos-da-ue-avisam-de-crise-se-estreito-de-ormuz-nao-reabrir-em-3-semanas\/#article\",\"isPartOf\":{\"@id\":\"https:\/\/portaltela.pt\/noticias\/2026\/04\/10\/aeroportos-da-ue-avisam-de-crise-se-estreito-de-ormuz-nao-reabrir-em-3-semanas\/\"},\"author\":{\"name\":\"Telinha\",\"@id\":\"https:\/\/portaltela.pt\/#\/schema\/person\/c4278d4a6028830caff9ee44b42d32ed\"},\"headline\":\"Aeroportos da UE avisam de crise se Estreito de Ormuz n\u00e3o reabrir em 3 semanas\",\"datePublished\":\"2026-04-10T15:17:16+00:00\",\"mainEntityOfPage\":{\"@id\":\"https:\/\/portaltela.pt\/noticias\/2026\/04\/10\/aeroportos-da-ue-avisam-de-crise-se-estreito-de-ormuz-nao-reabrir-em-3-semanas\/\"},\"wordCount\":359,\"image\":{\"@id\":\"https:\/\/portaltela.pt\/noticias\/2026\/04\/10\/aeroportos-da-ue-avisam-de-crise-se-estreito-de-ormuz-nao-reabrir-em-3-semanas\/#primaryimage\"},\"thumbnailUrl\":\"https:\/\/portaltela.pt\/s.01k8rhncp4jt1\/2026\/04\/2080514.jpg\",\"keywords\":[\"_economia\",\"_energia\",\"_meio-ambiente\",\"energia\",\"importa\u00e7\u00f5es internacionais\",\"transportes\"],\"articleSection\":[\"Energia\"],\"inLanguage\":\"pt-PT\"},{\"@type\":\"WebPage\",\"@id\":\"https:\/\/portaltela.pt\/noticias\/2026\/04\/10\/aeroportos-da-ue-avisam-de-crise-se-estreito-de-ormuz-nao-reabrir-em-3-semanas\/\",\"url\":\"https:\/\/portaltela.pt\/noticias\/2026\/04\/10\/aeroportos-da-ue-avisam-de-crise-se-estreito-de-ormuz-nao-reabrir-em-3-semanas\/\",\"name\":\"Aeroportos da UE avisam de crise se Estreito de Ormuz n\u00e3o reabrir em 3 semanas - Portal Tela Portugal\",\"isPartOf\":{\"@id\":\"https:\/\/portaltela.pt\/#website\"},\"primaryImageOfPage\":{\"@id\":\"https:\/\/portaltela.pt\/noticias\/2026\/04\/10\/aeroportos-da-ue-avisam-de-crise-se-estreito-de-ormuz-nao-reabrir-em-3-semanas\/#primaryimage\"},\"image\":{\"@id\":\"https:\/\/portaltela.pt\/noticias\/2026\/04\/10\/aeroportos-da-ue-avisam-de-crise-se-estreito-de-ormuz-nao-reabrir-em-3-semanas\/#primaryimage\"},\"thumbnailUrl\":\"https:\/\/portaltela.pt\/s.01k8rhncp4jt1\/2026\/04\/2080514.jpg\",\"datePublished\":\"2026-04-10T15:17:16+00:00\",\"author\":{\"@id\":\"https:\/\/portaltela.pt\/#\/schema\/person\/c4278d4a6028830caff9ee44b42d32ed\"},\"breadcrumb\":{\"@id\":\"https:\/\/portaltela.pt\/noticias\/2026\/04\/10\/aeroportos-da-ue-avisam-de-crise-se-estreito-de-ormuz-nao-reabrir-em-3-semanas\/#breadcrumb\"},\"inLanguage\":\"pt-PT\",\"potentialAction\":[{\"@type\":\"ReadAction\",\"target\":[\"https:\/\/portaltela.pt\/noticias\/2026\/04\/10\/aeroportos-da-ue-avisam-de-crise-se-estreito-de-ormuz-nao-reabrir-em-3-semanas\/\"]}]},{\"@type\":\"ImageObject\",\"inLanguage\":\"pt-PT\",\"@id\":\"https:\/\/portaltela.pt\/noticias\/2026\/04\/10\/aeroportos-da-ue-avisam-de-crise-se-estreito-de-ormuz-nao-reabrir-em-3-semanas\/#primaryimage\",\"url\":\"https:\/\/portaltela.pt\/s.01k8rhncp4jt1\/2026\/04\/2080514.jpg\",\"contentUrl\":\"https:\/\/portaltela.pt\/s.01k8rhncp4jt1\/2026\/04\/2080514.jpg\",\"width\":796,\"height\":448,\"caption\":\"Abastecimento de jetfuel para os avi\u00f5es est\u00e1 mais caro e menos acess\u00edvel\"},{\"@type\":\"BreadcrumbList\",\"@id\":\"https:\/\/portaltela.pt\/noticias\/2026\/04\/10\/aeroportos-da-ue-avisam-de-crise-se-estreito-de-ormuz-nao-reabrir-em-3-semanas\/#breadcrumb\",\"itemListElement\":[{\"@type\":\"ListItem\",\"position\":1,\"name\":\"In\u00edcio\",\"item\":\"https:\/\/portaltela.pt\/\"},{\"@type\":\"ListItem\",\"position\":2,\"name\":\"Aeroportos da UE avisam de crise se Estreito de Ormuz n\u00e3o reabrir em 3 semanas\"}]},{\"@type\":\"WebSite\",\"@id\":\"https:\/\/portaltela.pt\/#website\",\"url\":\"https:\/\/portaltela.pt\/\",\"name\":\"Portal Tela Portugal\",\"description\":\"\",\"potentialAction\":[{\"@type\":\"SearchAction\",\"target\":{\"@type\":\"EntryPoint\",\"urlTemplate\":\"https:\/\/portaltela.pt\/?s={search_term_string}\"},\"query-input\":{\"@type\":\"PropertyValueSpecification\",\"valueRequired\":true,\"valueName\":\"search_term_string\"}}],\"inLanguage\":\"pt-PT\"},{\"@type\":\"Person\",\"@id\":\"https:\/\/portaltela.pt\/#\/schema\/person\/c4278d4a6028830caff9ee44b42d32ed\",\"name\":\"Telinha\",\"image\":{\"@type\":\"ImageObject\",\"inLanguage\":\"pt-PT\",\"@id\":\"https:\/\/portaltela.pt\/s.01k8rhncp4jt1\/2025\/11\/talking-bot-125x125.png\",\"url\":\"https:\/\/portaltela.pt\/s.01k8rhncp4jt1\/2025\/11\/talking-bot-125x125.png\",\"contentUrl\":\"https:\/\/portaltela.pt\/s.01k8rhncp4jt1\/2025\/11\/talking-bot-125x125.png\",\"caption\":\"Telinha\"},\"sameAs\":[\"https:\/\/portaltela.pt\/\"],\"url\":\"https:\/\/portaltela.pt\/por\/367410592786\/\"}]}<\/script>\n<!-- \/ Yoast SEO plugin. -->","yoast_head_json":{"title":"Aeroportos da UE avisam de crise se Estreito de Ormuz n\u00e3o reabrir em 3 semanas - Portal Tela Portugal","robots":{"index":"index","follow":"follow","max-snippet":"max-snippet:-1","max-image-preview":"max-image-preview:large","max-video-preview":"max-video-preview:-1"},"og_locale":"pt_PT","og_type":"article","og_title":"Aeroportos da UE avisam de crise se Estreito de Ormuz n\u00e3o reabrir em 3 semanas - Portal Tela Portugal","og_description":"ACI Europe avisa que, se o tr\u00e1fego pelo estreito de Ormuz n\u00e3o se restabelecer nas pr\u00f3ximas tr\u00eas semanas, pode ocorrer uma crise de abastecimento de querosene de avia\u00e7\u00e3o na UE. A UE importa cerca de quarenta por cento do querosene refinado atrav\u00e9s de Ormuz, com os navios a demorarem, tipicamente, um m\u00eas a chegar. Uma escassez de combust\u00edvel afetaria opera\u00e7\u00f5es aeroportu\u00e1rias, conectividade e a economia europeia, especialmente durante a \u00e9poca alta de ver\u00e3o. O pre\u00e7o do jet fuel subiu significativamente, passando de 95,95 d\u00f3lares por barril em 20 de fevereiro para 209 d\u00f3lares por barril a 3 de abril. A ACI Europe pediu \u00e0 Comiss\u00e3o Europeia para monitorizar o mercado, facilitar importa\u00e7\u00f5es, promover compras conjuntas a n\u00edvel europeu e clarificar a aplica\u00e7\u00e3o de regula\u00e7\u00f5es, incluindo as de emiss\u00f5es de metano.","og_url":"https:\/\/portaltela.pt\/noticias\/2026\/04\/10\/aeroportos-da-ue-avisam-de-crise-se-estreito-de-ormuz-nao-reabrir-em-3-semanas\/","og_site_name":"Portal Tela Portugal","article_published_time":"2026-04-10T15:17:16+00:00","author":"Telinha","twitter_card":"summary_large_image","twitter_misc":{"Escrito por":"Telinha","Tempo estimado de leitura":"2 minutos"},"schema":{"@context":"https:\/\/schema.org","@graph":[{"@type":"Article","@id":"https:\/\/portaltela.pt\/noticias\/2026\/04\/10\/aeroportos-da-ue-avisam-de-crise-se-estreito-de-ormuz-nao-reabrir-em-3-semanas\/#article","isPartOf":{"@id":"https:\/\/portaltela.pt\/noticias\/2026\/04\/10\/aeroportos-da-ue-avisam-de-crise-se-estreito-de-ormuz-nao-reabrir-em-3-semanas\/"},"author":{"name":"Telinha","@id":"https:\/\/portaltela.pt\/#\/schema\/person\/c4278d4a6028830caff9ee44b42d32ed"},"headline":"Aeroportos da UE avisam de crise se Estreito de Ormuz n\u00e3o reabrir em 3 semanas","datePublished":"2026-04-10T15:17:16+00:00","mainEntityOfPage":{"@id":"https:\/\/portaltela.pt\/noticias\/2026\/04\/10\/aeroportos-da-ue-avisam-de-crise-se-estreito-de-ormuz-nao-reabrir-em-3-semanas\/"},"wordCount":359,"image":{"@id":"https:\/\/portaltela.pt\/noticias\/2026\/04\/10\/aeroportos-da-ue-avisam-de-crise-se-estreito-de-ormuz-nao-reabrir-em-3-semanas\/#primaryimage"},"thumbnailUrl":"https:\/\/portaltela.pt\/s.01k8rhncp4jt1\/2026\/04\/2080514.jpg","keywords":["_economia","_energia","_meio-ambiente","energia","importa\u00e7\u00f5es internacionais","transportes"],"articleSection":["Energia"],"inLanguage":"pt-PT"},{"@type":"WebPage","@id":"https:\/\/portaltela.pt\/noticias\/2026\/04\/10\/aeroportos-da-ue-avisam-de-crise-se-estreito-de-ormuz-nao-reabrir-em-3-semanas\/","url":"https:\/\/portaltela.pt\/noticias\/2026\/04\/10\/aeroportos-da-ue-avisam-de-crise-se-estreito-de-ormuz-nao-reabrir-em-3-semanas\/","name":"Aeroportos da UE avisam de crise se Estreito de Ormuz n\u00e3o reabrir em 3 semanas - Portal Tela Portugal","isPartOf":{"@id":"https:\/\/portaltela.pt\/#website"},"primaryImageOfPage":{"@id":"https:\/\/portaltela.pt\/noticias\/2026\/04\/10\/aeroportos-da-ue-avisam-de-crise-se-estreito-de-ormuz-nao-reabrir-em-3-semanas\/#primaryimage"},"image":{"@id":"https:\/\/portaltela.pt\/noticias\/2026\/04\/10\/aeroportos-da-ue-avisam-de-crise-se-estreito-de-ormuz-nao-reabrir-em-3-semanas\/#primaryimage"},"thumbnailUrl":"https:\/\/portaltela.pt\/s.01k8rhncp4jt1\/2026\/04\/2080514.jpg","datePublished":"2026-04-10T15:17:16+00:00","author":{"@id":"https:\/\/portaltela.pt\/#\/schema\/person\/c4278d4a6028830caff9ee44b42d32ed"},"breadcrumb":{"@id":"https:\/\/portaltela.pt\/noticias\/2026\/04\/10\/aeroportos-da-ue-avisam-de-crise-se-estreito-de-ormuz-nao-reabrir-em-3-semanas\/#breadcrumb"},"inLanguage":"pt-PT","potentialAction":[{"@type":"ReadAction","target":["https:\/\/portaltela.pt\/noticias\/2026\/04\/10\/aeroportos-da-ue-avisam-de-crise-se-estreito-de-ormuz-nao-reabrir-em-3-semanas\/"]}]},{"@type":"ImageObject","inLanguage":"pt-PT","@id":"https:\/\/portaltela.pt\/noticias\/2026\/04\/10\/aeroportos-da-ue-avisam-de-crise-se-estreito-de-ormuz-nao-reabrir-em-3-semanas\/#primaryimage","url":"https:\/\/portaltela.pt\/s.01k8rhncp4jt1\/2026\/04\/2080514.jpg","contentUrl":"https:\/\/portaltela.pt\/s.01k8rhncp4jt1\/2026\/04\/2080514.jpg","width":796,"height":448,"caption":"Abastecimento de jetfuel para os avi\u00f5es est\u00e1 mais caro e menos acess\u00edvel"},{"@type":"BreadcrumbList","@id":"https:\/\/portaltela.pt\/noticias\/2026\/04\/10\/aeroportos-da-ue-avisam-de-crise-se-estreito-de-ormuz-nao-reabrir-em-3-semanas\/#breadcrumb","itemListElement":[{"@type":"ListItem","position":1,"name":"In\u00edcio","item":"https:\/\/portaltela.pt\/"},{"@type":"ListItem","position":2,"name":"Aeroportos da UE avisam de crise se Estreito de Ormuz n\u00e3o reabrir em 3 semanas"}]},{"@type":"WebSite","@id":"https:\/\/portaltela.pt\/#website","url":"https:\/\/portaltela.pt\/","name":"Portal Tela Portugal","description":"","potentialAction":[{"@type":"SearchAction","target":{"@type":"EntryPoint","urlTemplate":"https:\/\/portaltela.pt\/?s={search_term_string}"},"query-input":{"@type":"PropertyValueSpecification","valueRequired":true,"valueName":"search_term_string"}}],"inLanguage":"pt-PT"},{"@type":"Person","@id":"https:\/\/portaltela.pt\/#\/schema\/person\/c4278d4a6028830caff9ee44b42d32ed","name":"Telinha","image":{"@type":"ImageObject","inLanguage":"pt-PT","@id":"https:\/\/portaltela.pt\/s.01k8rhncp4jt1\/2025\/11\/talking-bot-125x125.png","url":"https:\/\/portaltela.pt\/s.01k8rhncp4jt1\/2025\/11\/talking-bot-125x125.png","contentUrl":"https:\/\/portaltela.pt\/s.01k8rhncp4jt1\/2025\/11\/talking-bot-125x125.png","caption":"Telinha"},"sameAs":["https:\/\/portaltela.pt\/"],"url":"https:\/\/portaltela.pt\/por\/367410592786\/"}]}},"_links":{"self":[{"href":"https:\/\/portaltela.pt\/api\/wp\/v2\/posts\/439525","targetHints":{"allow":["GET"]}}],"collection":[{"href":"https:\/\/portaltela.pt\/api\/wp\/v2\/posts"}],"about":[{"href":"https:\/\/portaltela.pt\/api\/wp\/v2\/types\/post"}],"author":[{"embeddable":true,"href":"https:\/\/portaltela.pt\/api\/wp\/v2\/users\/2"}],"replies":[{"embeddable":true,"href":"https:\/\/portaltela.pt\/api\/wp\/v2\/comments?post=439525"}],"version-history":[{"count":0,"href":"https:\/\/portaltela.pt\/api\/wp\/v2\/posts\/439525\/revisions"}],"wp:featuredmedia":[{"embeddable":true,"href":"https:\/\/portaltela.pt\/api\/wp\/v2\/media\/439530"}],"wp:attachment":[{"href":"https:\/\/portaltela.pt\/api\/wp\/v2\/media?parent=439525"}],"wp:term":[{"taxonomy":"category","embeddable":true,"href":"https:\/\/portaltela.pt\/api\/wp\/v2\/categories?post=439525"},{"taxonomy":"post_tag","embeddable":true,"href":"https:\/\/portaltela.pt\/api\/wp\/v2\/tags?post=439525"}],"curies":[{"name":"wp","href":"https:\/\/api.w.org\/{rel}","templated":true}]}}