{"id":439524,"date":"2026-04-10T12:17:14","date_gmt":"2026-04-10T15:17:14","guid":{"rendered":"https:\/\/portaltela.pt\/noticias\/2026\/04\/10\/morreu-uma-pessoa-e-14-feridos-num-acidente-com-autocarro-turistico-nas-canarias\/"},"modified":"2026-04-10T12:17:14","modified_gmt":"2026-04-10T15:17:14","slug":"morreu-uma-pessoa-e-14-feridos-num-acidente-com-autocarro-turistico-nas-canarias","status":"publish","type":"post","link":"https:\/\/portaltela.pt\/acidentes\/2026\/04\/10\/morreu-uma-pessoa-e-14-feridos-num-acidente-com-autocarro-turistico-nas-canarias\/","title":{"rendered":"Morreu uma pessoa e 14 feridos num acidente com autocarro tur\u00edstico nas Can\u00e1rias"},"content":{"rendered":"<p>Um autocarro tur\u00edstico caiu por uma encosta ap\u00f3s sair da estrada numa vi\u0301a da ilha de La Gomera, nas Can\u00e1rias. Houve uma v\u00edtima mortal e 14 feridos, tr\u00eas em estado grave, informou a autoridade regional de emerg\u00eancias.<\/p>\n<p>Segundo o 112 Can\u00e1rias, o acidente deixou o ve\u00edculo tombado e no local chegaram helic\u00f3pteros e v\u00e1rias ambul\u00e2ncias, para assistir as v\u00edtimas e conduzi-las a unidades de sa\u00fade.<\/p>\n<p>Fontes do Cabildo de La Gomera indicaram que a v\u00edtima mortal e os feridos s\u00e3o turistas n\u00e3o espanh\u00f3is. O El Pa\u00eds cita 23 adultos de origem inglesa, tr\u00eas menores e o condutor como ocupantes do autocarro.<\/p>\n<p>As autoridades estudam as causas do despiste. A investiga\u00e7\u00e3o envolve os servi\u00e7os de emerg\u00eancia locais e a pol\u00edcia, que j\u00e1 asseguraram a \u00e1rea para per\u00edcia.<\/p>\n","protected":false},"excerpt":{"rendered":"<ul>\n<li>Um autocarro tur\u00edstico caiu por uma encosta numa estrada em La Gomera, Can\u00e1rias, deixando uma v\u00edtima mortal e 14 feridos, tr\u00eas em estado grave.<\/li>\n<li>No local est\u00e3o helic\u00f3pteros e v\u00e1rias ambul\u00e2ncias, segundo os servi\u00e7os de emerg\u00eancia regionais (112 Can\u00e1rias).<\/li>\n<li>A v\u00edtima mortal \u00e9 um homem; todos os feridos s\u00e3o turistas n\u00e3o espanh\u00f3is, segundo o Cabildo de La Gomera.<\/li>\n<li>De acordo com o El Pa\u00eds, o autocarro transportava 23 turistas adultos de origem inglesa, tr\u00eas menores e o condutor.<\/li>\n<li>O acidente ocorreu na sexta-feira, e as autoridades divulgaram imagens do ve\u00edculo tombado.<\/li>\n<\/ul>\n","protected":false},"author":2,"featured_media":439528,"comment_status":"closed","ping_status":"closed","sticky":false,"template":"","format":"standard","meta":{"footnotes":""},"categories":[6849],"tags":[5487,4169,3656,971,5928,169],"class_list":["post-439524","post","type-post","status-publish","format-standard","has-post-thumbnail","hentry","category-acidentes","tag-acidente","tag-acidente-rodoviario","tag-ambulancias","tag-bombeiros","tag-emergencia","tag-turismo"],"yoast_head":"<!-- This site is optimized with the Yoast SEO plugin v27.2 - https:\/\/yoast.com\/product\/yoast-seo-wordpress\/ -->\n<title>Morreu uma pessoa e 14 feridos num acidente com autocarro tur\u00edstico nas Can\u00e1rias - Portal Tela Portugal<\/title>\n<meta name=\"robots\" content=\"index, follow, max-snippet:-1, max-image-preview:large, max-video-preview:-1\" \/>\n<meta property=\"og:locale\" content=\"pt_PT\" \/>\n<meta property=\"og:type\" content=\"article\" \/>\n<meta property=\"og:title\" content=\"Morreu uma pessoa e 14 feridos num acidente com autocarro tur\u00edstico nas Can\u00e1rias - Portal Tela Portugal\" \/>\n<meta property=\"og:description\" content=\"Um autocarro tur\u00edstico caiu por uma encosta numa estrada em La Gomera, Can\u00e1rias, deixando uma v\u00edtima mortal e 14 feridos, tr\u00eas em estado grave. No local est\u00e3o helic\u00f3pteros e v\u00e1rias ambul\u00e2ncias, segundo os servi\u00e7os de emerg\u00eancia regionais (112 Can\u00e1rias). A v\u00edtima mortal \u00e9 um homem; todos os feridos s\u00e3o turistas n\u00e3o espanh\u00f3is, segundo o Cabildo de La Gomera. De acordo com o El Pa\u00eds, o autocarro transportava 23 turistas adultos de origem inglesa, tr\u00eas menores e o condutor. O acidente ocorreu na sexta-feira, e as autoridades divulgaram imagens do ve\u00edculo tombado.\" \/>\n<meta property=\"og:url\" content=\"https:\/\/portaltela.pt\/noticias\/2026\/04\/10\/morreu-uma-pessoa-e-14-feridos-num-acidente-com-autocarro-turistico-nas-canarias\/\" \/>\n<meta property=\"og:site_name\" content=\"Portal Tela Portugal\" \/>\n<meta property=\"article:published_time\" content=\"2026-04-10T15:17:14+00:00\" \/>\n<meta name=\"author\" content=\"Telinha\" \/>\n<meta name=\"twitter:card\" content=\"summary_large_image\" \/>\n<meta name=\"twitter:label1\" content=\"Escrito por\" \/>\n\t<meta name=\"twitter:data1\" content=\"Telinha\" \/>\n\t<meta name=\"twitter:label2\" content=\"Tempo estimado de leitura\" \/>\n\t<meta name=\"twitter:data2\" content=\"1 minuto\" \/>\n<script type=\"application\/ld+json\" class=\"yoast-schema-graph\">{\"@context\":\"https:\/\/schema.org\",\"@graph\":[{\"@type\":\"Article\",\"@id\":\"https:\/\/portaltela.pt\/noticias\/2026\/04\/10\/morreu-uma-pessoa-e-14-feridos-num-acidente-com-autocarro-turistico-nas-canarias\/#article\",\"isPartOf\":{\"@id\":\"https:\/\/portaltela.pt\/noticias\/2026\/04\/10\/morreu-uma-pessoa-e-14-feridos-num-acidente-com-autocarro-turistico-nas-canarias\/\"},\"author\":{\"name\":\"Telinha\",\"@id\":\"https:\/\/portaltela.pt\/#\/schema\/person\/c4278d4a6028830caff9ee44b42d32ed\"},\"headline\":\"Morreu uma pessoa e 14 feridos num acidente com autocarro tur\u00edstico nas Can\u00e1rias\",\"datePublished\":\"2026-04-10T15:17:14+00:00\",\"mainEntityOfPage\":{\"@id\":\"https:\/\/portaltela.pt\/noticias\/2026\/04\/10\/morreu-uma-pessoa-e-14-feridos-num-acidente-com-autocarro-turistico-nas-canarias\/\"},\"wordCount\":162,\"image\":{\"@id\":\"https:\/\/portaltela.pt\/noticias\/2026\/04\/10\/morreu-uma-pessoa-e-14-feridos-num-acidente-com-autocarro-turistico-nas-canarias\/#primaryimage\"},\"thumbnailUrl\":\"https:\/\/portaltela.pt\/s.01k8rhncp4jt1\/2026\/04\/img_1500x1000uu2026-04-10-16-11-56-2277713.jpg\",\"keywords\":[\"acidente\",\"acidente rodovi\u00e1rio\",\"ambul\u00e2ncias\",\"bombeiros\",\"emerg\u00eancia\",\"turismo\"],\"articleSection\":[\"Acidentes\"],\"inLanguage\":\"pt-PT\"},{\"@type\":\"WebPage\",\"@id\":\"https:\/\/portaltela.pt\/noticias\/2026\/04\/10\/morreu-uma-pessoa-e-14-feridos-num-acidente-com-autocarro-turistico-nas-canarias\/\",\"url\":\"https:\/\/portaltela.pt\/noticias\/2026\/04\/10\/morreu-uma-pessoa-e-14-feridos-num-acidente-com-autocarro-turistico-nas-canarias\/\",\"name\":\"Morreu uma pessoa e 14 feridos num acidente com autocarro tur\u00edstico nas Can\u00e1rias - Portal Tela Portugal\",\"isPartOf\":{\"@id\":\"https:\/\/portaltela.pt\/#website\"},\"primaryImageOfPage\":{\"@id\":\"https:\/\/portaltela.pt\/noticias\/2026\/04\/10\/morreu-uma-pessoa-e-14-feridos-num-acidente-com-autocarro-turistico-nas-canarias\/#primaryimage\"},\"image\":{\"@id\":\"https:\/\/portaltela.pt\/noticias\/2026\/04\/10\/morreu-uma-pessoa-e-14-feridos-num-acidente-com-autocarro-turistico-nas-canarias\/#primaryimage\"},\"thumbnailUrl\":\"https:\/\/portaltela.pt\/s.01k8rhncp4jt1\/2026\/04\/img_1500x1000uu2026-04-10-16-11-56-2277713.jpg\",\"datePublished\":\"2026-04-10T15:17:14+00:00\",\"author\":{\"@id\":\"https:\/\/portaltela.pt\/#\/schema\/person\/c4278d4a6028830caff9ee44b42d32ed\"},\"breadcrumb\":{\"@id\":\"https:\/\/portaltela.pt\/noticias\/2026\/04\/10\/morreu-uma-pessoa-e-14-feridos-num-acidente-com-autocarro-turistico-nas-canarias\/#breadcrumb\"},\"inLanguage\":\"pt-PT\",\"potentialAction\":[{\"@type\":\"ReadAction\",\"target\":[\"https:\/\/portaltela.pt\/noticias\/2026\/04\/10\/morreu-uma-pessoa-e-14-feridos-num-acidente-com-autocarro-turistico-nas-canarias\/\"]}]},{\"@type\":\"ImageObject\",\"inLanguage\":\"pt-PT\",\"@id\":\"https:\/\/portaltela.pt\/noticias\/2026\/04\/10\/morreu-uma-pessoa-e-14-feridos-num-acidente-com-autocarro-turistico-nas-canarias\/#primaryimage\",\"url\":\"https:\/\/portaltela.pt\/s.01k8rhncp4jt1\/2026\/04\/img_1500x1000uu2026-04-10-16-11-56-2277713.jpg\",\"contentUrl\":\"https:\/\/portaltela.pt\/s.01k8rhncp4jt1\/2026\/04\/img_1500x1000uu2026-04-10-16-11-56-2277713.jpg\",\"width\":796,\"height\":448,\"caption\":\"Um morto e 14 feridos em acidente com autocarro tur\u00edstico nas Can\u00e1rias\"},{\"@type\":\"BreadcrumbList\",\"@id\":\"https:\/\/portaltela.pt\/noticias\/2026\/04\/10\/morreu-uma-pessoa-e-14-feridos-num-acidente-com-autocarro-turistico-nas-canarias\/#breadcrumb\",\"itemListElement\":[{\"@type\":\"ListItem\",\"position\":1,\"name\":\"In\u00edcio\",\"item\":\"https:\/\/portaltela.pt\/\"},{\"@type\":\"ListItem\",\"position\":2,\"name\":\"Morreu uma pessoa e 14 feridos num acidente com autocarro tur\u00edstico nas Can\u00e1rias\"}]},{\"@type\":\"WebSite\",\"@id\":\"https:\/\/portaltela.pt\/#website\",\"url\":\"https:\/\/portaltela.pt\/\",\"name\":\"Portal Tela Portugal\",\"description\":\"\",\"potentialAction\":[{\"@type\":\"SearchAction\",\"target\":{\"@type\":\"EntryPoint\",\"urlTemplate\":\"https:\/\/portaltela.pt\/?s={search_term_string}\"},\"query-input\":{\"@type\":\"PropertyValueSpecification\",\"valueRequired\":true,\"valueName\":\"search_term_string\"}}],\"inLanguage\":\"pt-PT\"},{\"@type\":\"Person\",\"@id\":\"https:\/\/portaltela.pt\/#\/schema\/person\/c4278d4a6028830caff9ee44b42d32ed\",\"name\":\"Telinha\",\"image\":{\"@type\":\"ImageObject\",\"inLanguage\":\"pt-PT\",\"@id\":\"https:\/\/portaltela.pt\/s.01k8rhncp4jt1\/2025\/11\/talking-bot-125x125.png\",\"url\":\"https:\/\/portaltela.pt\/s.01k8rhncp4jt1\/2025\/11\/talking-bot-125x125.png\",\"contentUrl\":\"https:\/\/portaltela.pt\/s.01k8rhncp4jt1\/2025\/11\/talking-bot-125x125.png\",\"caption\":\"Telinha\"},\"sameAs\":[\"https:\/\/portaltela.pt\/\"],\"url\":\"https:\/\/portaltela.pt\/por\/367410592786\/\"}]}<\/script>\n<!-- \/ Yoast SEO plugin. -->","yoast_head_json":{"title":"Morreu uma pessoa e 14 feridos num acidente com autocarro tur\u00edstico nas Can\u00e1rias - Portal Tela Portugal","robots":{"index":"index","follow":"follow","max-snippet":"max-snippet:-1","max-image-preview":"max-image-preview:large","max-video-preview":"max-video-preview:-1"},"og_locale":"pt_PT","og_type":"article","og_title":"Morreu uma pessoa e 14 feridos num acidente com autocarro tur\u00edstico nas Can\u00e1rias - Portal Tela Portugal","og_description":"Um autocarro tur\u00edstico caiu por uma encosta numa estrada em La Gomera, Can\u00e1rias, deixando uma v\u00edtima mortal e 14 feridos, tr\u00eas em estado grave. No local est\u00e3o helic\u00f3pteros e v\u00e1rias ambul\u00e2ncias, segundo os servi\u00e7os de emerg\u00eancia regionais (112 Can\u00e1rias). A v\u00edtima mortal \u00e9 um homem; todos os feridos s\u00e3o turistas n\u00e3o espanh\u00f3is, segundo o Cabildo de La Gomera. De acordo com o El Pa\u00eds, o autocarro transportava 23 turistas adultos de origem inglesa, tr\u00eas menores e o condutor. O acidente ocorreu na sexta-feira, e as autoridades divulgaram imagens do ve\u00edculo tombado.","og_url":"https:\/\/portaltela.pt\/noticias\/2026\/04\/10\/morreu-uma-pessoa-e-14-feridos-num-acidente-com-autocarro-turistico-nas-canarias\/","og_site_name":"Portal Tela Portugal","article_published_time":"2026-04-10T15:17:14+00:00","author":"Telinha","twitter_card":"summary_large_image","twitter_misc":{"Escrito por":"Telinha","Tempo estimado de leitura":"1 minuto"},"schema":{"@context":"https:\/\/schema.org","@graph":[{"@type":"Article","@id":"https:\/\/portaltela.pt\/noticias\/2026\/04\/10\/morreu-uma-pessoa-e-14-feridos-num-acidente-com-autocarro-turistico-nas-canarias\/#article","isPartOf":{"@id":"https:\/\/portaltela.pt\/noticias\/2026\/04\/10\/morreu-uma-pessoa-e-14-feridos-num-acidente-com-autocarro-turistico-nas-canarias\/"},"author":{"name":"Telinha","@id":"https:\/\/portaltela.pt\/#\/schema\/person\/c4278d4a6028830caff9ee44b42d32ed"},"headline":"Morreu uma pessoa e 14 feridos num acidente com autocarro tur\u00edstico nas Can\u00e1rias","datePublished":"2026-04-10T15:17:14+00:00","mainEntityOfPage":{"@id":"https:\/\/portaltela.pt\/noticias\/2026\/04\/10\/morreu-uma-pessoa-e-14-feridos-num-acidente-com-autocarro-turistico-nas-canarias\/"},"wordCount":162,"image":{"@id":"https:\/\/portaltela.pt\/noticias\/2026\/04\/10\/morreu-uma-pessoa-e-14-feridos-num-acidente-com-autocarro-turistico-nas-canarias\/#primaryimage"},"thumbnailUrl":"https:\/\/portaltela.pt\/s.01k8rhncp4jt1\/2026\/04\/img_1500x1000uu2026-04-10-16-11-56-2277713.jpg","keywords":["acidente","acidente rodovi\u00e1rio","ambul\u00e2ncias","bombeiros","emerg\u00eancia","turismo"],"articleSection":["Acidentes"],"inLanguage":"pt-PT"},{"@type":"WebPage","@id":"https:\/\/portaltela.pt\/noticias\/2026\/04\/10\/morreu-uma-pessoa-e-14-feridos-num-acidente-com-autocarro-turistico-nas-canarias\/","url":"https:\/\/portaltela.pt\/noticias\/2026\/04\/10\/morreu-uma-pessoa-e-14-feridos-num-acidente-com-autocarro-turistico-nas-canarias\/","name":"Morreu uma pessoa e 14 feridos num acidente com autocarro tur\u00edstico nas Can\u00e1rias - Portal Tela Portugal","isPartOf":{"@id":"https:\/\/portaltela.pt\/#website"},"primaryImageOfPage":{"@id":"https:\/\/portaltela.pt\/noticias\/2026\/04\/10\/morreu-uma-pessoa-e-14-feridos-num-acidente-com-autocarro-turistico-nas-canarias\/#primaryimage"},"image":{"@id":"https:\/\/portaltela.pt\/noticias\/2026\/04\/10\/morreu-uma-pessoa-e-14-feridos-num-acidente-com-autocarro-turistico-nas-canarias\/#primaryimage"},"thumbnailUrl":"https:\/\/portaltela.pt\/s.01k8rhncp4jt1\/2026\/04\/img_1500x1000uu2026-04-10-16-11-56-2277713.jpg","datePublished":"2026-04-10T15:17:14+00:00","author":{"@id":"https:\/\/portaltela.pt\/#\/schema\/person\/c4278d4a6028830caff9ee44b42d32ed"},"breadcrumb":{"@id":"https:\/\/portaltela.pt\/noticias\/2026\/04\/10\/morreu-uma-pessoa-e-14-feridos-num-acidente-com-autocarro-turistico-nas-canarias\/#breadcrumb"},"inLanguage":"pt-PT","potentialAction":[{"@type":"ReadAction","target":["https:\/\/portaltela.pt\/noticias\/2026\/04\/10\/morreu-uma-pessoa-e-14-feridos-num-acidente-com-autocarro-turistico-nas-canarias\/"]}]},{"@type":"ImageObject","inLanguage":"pt-PT","@id":"https:\/\/portaltela.pt\/noticias\/2026\/04\/10\/morreu-uma-pessoa-e-14-feridos-num-acidente-com-autocarro-turistico-nas-canarias\/#primaryimage","url":"https:\/\/portaltela.pt\/s.01k8rhncp4jt1\/2026\/04\/img_1500x1000uu2026-04-10-16-11-56-2277713.jpg","contentUrl":"https:\/\/portaltela.pt\/s.01k8rhncp4jt1\/2026\/04\/img_1500x1000uu2026-04-10-16-11-56-2277713.jpg","width":796,"height":448,"caption":"Um morto e 14 feridos em acidente com autocarro tur\u00edstico nas Can\u00e1rias"},{"@type":"BreadcrumbList","@id":"https:\/\/portaltela.pt\/noticias\/2026\/04\/10\/morreu-uma-pessoa-e-14-feridos-num-acidente-com-autocarro-turistico-nas-canarias\/#breadcrumb","itemListElement":[{"@type":"ListItem","position":1,"name":"In\u00edcio","item":"https:\/\/portaltela.pt\/"},{"@type":"ListItem","position":2,"name":"Morreu uma pessoa e 14 feridos num acidente com autocarro tur\u00edstico nas Can\u00e1rias"}]},{"@type":"WebSite","@id":"https:\/\/portaltela.pt\/#website","url":"https:\/\/portaltela.pt\/","name":"Portal Tela Portugal","description":"","potentialAction":[{"@type":"SearchAction","target":{"@type":"EntryPoint","urlTemplate":"https:\/\/portaltela.pt\/?s={search_term_string}"},"query-input":{"@type":"PropertyValueSpecification","valueRequired":true,"valueName":"search_term_string"}}],"inLanguage":"pt-PT"},{"@type":"Person","@id":"https:\/\/portaltela.pt\/#\/schema\/person\/c4278d4a6028830caff9ee44b42d32ed","name":"Telinha","image":{"@type":"ImageObject","inLanguage":"pt-PT","@id":"https:\/\/portaltela.pt\/s.01k8rhncp4jt1\/2025\/11\/talking-bot-125x125.png","url":"https:\/\/portaltela.pt\/s.01k8rhncp4jt1\/2025\/11\/talking-bot-125x125.png","contentUrl":"https:\/\/portaltela.pt\/s.01k8rhncp4jt1\/2025\/11\/talking-bot-125x125.png","caption":"Telinha"},"sameAs":["https:\/\/portaltela.pt\/"],"url":"https:\/\/portaltela.pt\/por\/367410592786\/"}]}},"_links":{"self":[{"href":"https:\/\/portaltela.pt\/api\/wp\/v2\/posts\/439524","targetHints":{"allow":["GET"]}}],"collection":[{"href":"https:\/\/portaltela.pt\/api\/wp\/v2\/posts"}],"about":[{"href":"https:\/\/portaltela.pt\/api\/wp\/v2\/types\/post"}],"author":[{"embeddable":true,"href":"https:\/\/portaltela.pt\/api\/wp\/v2\/users\/2"}],"replies":[{"embeddable":true,"href":"https:\/\/portaltela.pt\/api\/wp\/v2\/comments?post=439524"}],"version-history":[{"count":0,"href":"https:\/\/portaltela.pt\/api\/wp\/v2\/posts\/439524\/revisions"}],"wp:featuredmedia":[{"embeddable":true,"href":"https:\/\/portaltela.pt\/api\/wp\/v2\/media\/439528"}],"wp:attachment":[{"href":"https:\/\/portaltela.pt\/api\/wp\/v2\/media?parent=439524"}],"wp:term":[{"taxonomy":"category","embeddable":true,"href":"https:\/\/portaltela.pt\/api\/wp\/v2\/categories?post=439524"},{"taxonomy":"post_tag","embeddable":true,"href":"https:\/\/portaltela.pt\/api\/wp\/v2\/tags?post=439524"}],"curies":[{"name":"wp","href":"https:\/\/api.w.org\/{rel}","templated":true}]}}