{"id":439513,"date":"2026-04-10T12:17:06","date_gmt":"2026-04-10T15:17:06","guid":{"rendered":"https:\/\/portaltela.pt\/noticias\/2026\/04\/10\/pescador-espanhol-encontrado-morto-em-paredes-de-coura\/"},"modified":"2026-04-10T12:17:06","modified_gmt":"2026-04-10T15:17:06","slug":"pescador-espanhol-encontrado-morto-em-paredes-de-coura","status":"publish","type":"post","link":"https:\/\/portaltela.pt\/acidentes\/2026\/04\/10\/pescador-espanhol-encontrado-morto-em-paredes-de-coura\/","title":{"rendered":"Pescador espanhol encontrado morto em Paredes de Coura"},"content":{"rendered":"<p>Um pescador l\u00fadico espanhol foi encontrado morto esta sexta-feira em Paredes de Coura, informou \u00e0 Lusa uma fonte da Prote\u00e7\u00e3o Civil. O homem saiu de casa na quinta-feira, indicou que iria pescar e n\u00e3o regressou.<\/p>\n<p>Os familiares notificaram as autoridades espanholas do desaparecimento. O corpo foi localizado em Paredes de Coura, no distrito de Viana do Castelo, atrav\u00e9s do telem\u00f3vel do suspeito que permitiu a sua identifica\u00e7\u00e3o.<\/p>\n<p>O alerta \u00e0s autoridades foi recebido pela Prote\u00e7\u00e3o Civil \u00e0s 13:54. No local continuava, pelas 15:40, o N\u00facleo de Investiga\u00e7\u00e3o Criminal da GNR, segundo o comando sub-regional do Alto Minho.<\/p>\n<h3>Investiga\u00e7\u00e3o em curso<\/h3>\n<p>As autoridades est\u00e3o a investigar as circunst\u00e2ncias do \u00f3bito, sem que seja avan\u00e7ada informa\u00e7\u00e3o adicional sobre causas ou circunst\u00e2ncias. As opera\u00e7\u00f5es de remo\u00e7\u00e3o e\/ ou transporte do corpo dependem de peritos.<\/p>\n","protected":false},"excerpt":{"rendered":"<ul>\n<li>Um pescador l\u00fadico de nacionalidade espanhola foi encontrado morto em Paredes de Coura, no Alto Minho.<\/li>\n<li>O homem tinha sa\u00eddo de casa na quinta-feira para pescar e n\u00e3o regressou.<\/li>\n<li>Familiares notificaram as autoridades espanholas do desaparecimento; o corpo foi localizado em Paredes de Coura atrav\u00e9s do telem\u00f3vel.<\/li>\n<li>O alerta \u00e0 Prote\u00e7\u00e3o Civil foi recebido \u00e0s 13h54.<\/li>\n<li>No local, \u00e0s 15h40, ainda se encontrava o N\u00facleo de Investiga\u00e7\u00e3o Criminal da Guarda Nacional Republicana (GNR).<\/li>\n<\/ul>\n","protected":false},"author":2,"featured_media":439516,"comment_status":"closed","ping_status":"closed","sticky":false,"template":"","format":"standard","meta":{"footnotes":""},"categories":[6849],"tags":[215,6429,3059,5093,2804,1530],"class_list":["post-439513","post","type-post","status-publish","format-standard","has-post-thumbnail","hentry","category-acidentes","tag-investigacao","tag-mortes","tag-paredes","tag-pesca","tag-pescadores","tag-viana-do-castelo"],"yoast_head":"<!-- This site is optimized with the Yoast SEO plugin v27.2 - https:\/\/yoast.com\/product\/yoast-seo-wordpress\/ -->\n<title>Pescador espanhol encontrado morto em Paredes de Coura - Portal Tela Portugal<\/title>\n<meta name=\"robots\" content=\"index, follow, max-snippet:-1, max-image-preview:large, max-video-preview:-1\" \/>\n<meta property=\"og:locale\" content=\"pt_PT\" \/>\n<meta property=\"og:type\" content=\"article\" \/>\n<meta property=\"og:title\" content=\"Pescador espanhol encontrado morto em Paredes de Coura - Portal Tela Portugal\" \/>\n<meta property=\"og:description\" content=\"Um pescador l\u00fadico de nacionalidade espanhola foi encontrado morto em Paredes de Coura, no Alto Minho. O homem tinha sa\u00eddo de casa na quinta-feira para pescar e n\u00e3o regressou. Familiares notificaram as autoridades espanholas do desaparecimento; o corpo foi localizado em Paredes de Coura atrav\u00e9s do telem\u00f3vel. O alerta \u00e0 Prote\u00e7\u00e3o Civil foi recebido \u00e0s 13h54. No local, \u00e0s 15h40, ainda se encontrava o N\u00facleo de Investiga\u00e7\u00e3o Criminal da Guarda Nacional Republicana (GNR).\" \/>\n<meta property=\"og:url\" content=\"https:\/\/portaltela.pt\/noticias\/2026\/04\/10\/pescador-espanhol-encontrado-morto-em-paredes-de-coura\/\" \/>\n<meta property=\"og:site_name\" content=\"Portal Tela Portugal\" \/>\n<meta property=\"article:published_time\" content=\"2026-04-10T15:17:06+00:00\" \/>\n<meta name=\"author\" content=\"Telinha\" \/>\n<meta name=\"twitter:card\" content=\"summary_large_image\" \/>\n<meta name=\"twitter:label1\" content=\"Escrito por\" \/>\n\t<meta name=\"twitter:data1\" content=\"Telinha\" \/>\n\t<meta name=\"twitter:label2\" content=\"Tempo estimado de leitura\" \/>\n\t<meta name=\"twitter:data2\" content=\"1 minuto\" \/>\n<script type=\"application\/ld+json\" class=\"yoast-schema-graph\">{\"@context\":\"https:\/\/schema.org\",\"@graph\":[{\"@type\":\"Article\",\"@id\":\"https:\/\/portaltela.pt\/noticias\/2026\/04\/10\/pescador-espanhol-encontrado-morto-em-paredes-de-coura\/#article\",\"isPartOf\":{\"@id\":\"https:\/\/portaltela.pt\/noticias\/2026\/04\/10\/pescador-espanhol-encontrado-morto-em-paredes-de-coura\/\"},\"author\":{\"name\":\"Telinha\",\"@id\":\"https:\/\/portaltela.pt\/#\/schema\/person\/c4278d4a6028830caff9ee44b42d32ed\"},\"headline\":\"Pescador espanhol encontrado morto em Paredes de Coura\",\"datePublished\":\"2026-04-10T15:17:06+00:00\",\"mainEntityOfPage\":{\"@id\":\"https:\/\/portaltela.pt\/noticias\/2026\/04\/10\/pescador-espanhol-encontrado-morto-em-paredes-de-coura\/\"},\"wordCount\":153,\"image\":{\"@id\":\"https:\/\/portaltela.pt\/noticias\/2026\/04\/10\/pescador-espanhol-encontrado-morto-em-paredes-de-coura\/#primaryimage\"},\"thumbnailUrl\":\"https:\/\/portaltela.pt\/s.01k8rhncp4jt1\/2026\/04\/image-607.jpg\",\"keywords\":[\"investiga\u00e7\u00e3o\",\"mortes\",\"Paredes\",\"pesca\",\"Pescadores\",\"Viana do Castelo\"],\"articleSection\":[\"Acidentes\"],\"inLanguage\":\"pt-PT\"},{\"@type\":\"WebPage\",\"@id\":\"https:\/\/portaltela.pt\/noticias\/2026\/04\/10\/pescador-espanhol-encontrado-morto-em-paredes-de-coura\/\",\"url\":\"https:\/\/portaltela.pt\/noticias\/2026\/04\/10\/pescador-espanhol-encontrado-morto-em-paredes-de-coura\/\",\"name\":\"Pescador espanhol encontrado morto em Paredes de Coura - Portal Tela Portugal\",\"isPartOf\":{\"@id\":\"https:\/\/portaltela.pt\/#website\"},\"primaryImageOfPage\":{\"@id\":\"https:\/\/portaltela.pt\/noticias\/2026\/04\/10\/pescador-espanhol-encontrado-morto-em-paredes-de-coura\/#primaryimage\"},\"image\":{\"@id\":\"https:\/\/portaltela.pt\/noticias\/2026\/04\/10\/pescador-espanhol-encontrado-morto-em-paredes-de-coura\/#primaryimage\"},\"thumbnailUrl\":\"https:\/\/portaltela.pt\/s.01k8rhncp4jt1\/2026\/04\/image-607.jpg\",\"datePublished\":\"2026-04-10T15:17:06+00:00\",\"author\":{\"@id\":\"https:\/\/portaltela.pt\/#\/schema\/person\/c4278d4a6028830caff9ee44b42d32ed\"},\"breadcrumb\":{\"@id\":\"https:\/\/portaltela.pt\/noticias\/2026\/04\/10\/pescador-espanhol-encontrado-morto-em-paredes-de-coura\/#breadcrumb\"},\"inLanguage\":\"pt-PT\",\"potentialAction\":[{\"@type\":\"ReadAction\",\"target\":[\"https:\/\/portaltela.pt\/noticias\/2026\/04\/10\/pescador-espanhol-encontrado-morto-em-paredes-de-coura\/\"]}]},{\"@type\":\"ImageObject\",\"inLanguage\":\"pt-PT\",\"@id\":\"https:\/\/portaltela.pt\/noticias\/2026\/04\/10\/pescador-espanhol-encontrado-morto-em-paredes-de-coura\/#primaryimage\",\"url\":\"https:\/\/portaltela.pt\/s.01k8rhncp4jt1\/2026\/04\/image-607.jpg\",\"contentUrl\":\"https:\/\/portaltela.pt\/s.01k8rhncp4jt1\/2026\/04\/image-607.jpg\",\"width\":796,\"height\":448,\"caption\":\"O alerta foi recebido pela Prote\u00e7\u00e3o Civil pelas 13.54 horas\"},{\"@type\":\"BreadcrumbList\",\"@id\":\"https:\/\/portaltela.pt\/noticias\/2026\/04\/10\/pescador-espanhol-encontrado-morto-em-paredes-de-coura\/#breadcrumb\",\"itemListElement\":[{\"@type\":\"ListItem\",\"position\":1,\"name\":\"In\u00edcio\",\"item\":\"https:\/\/portaltela.pt\/\"},{\"@type\":\"ListItem\",\"position\":2,\"name\":\"Pescador espanhol encontrado morto em Paredes de Coura\"}]},{\"@type\":\"WebSite\",\"@id\":\"https:\/\/portaltela.pt\/#website\",\"url\":\"https:\/\/portaltela.pt\/\",\"name\":\"Portal Tela Portugal\",\"description\":\"\",\"potentialAction\":[{\"@type\":\"SearchAction\",\"target\":{\"@type\":\"EntryPoint\",\"urlTemplate\":\"https:\/\/portaltela.pt\/?s={search_term_string}\"},\"query-input\":{\"@type\":\"PropertyValueSpecification\",\"valueRequired\":true,\"valueName\":\"search_term_string\"}}],\"inLanguage\":\"pt-PT\"},{\"@type\":\"Person\",\"@id\":\"https:\/\/portaltela.pt\/#\/schema\/person\/c4278d4a6028830caff9ee44b42d32ed\",\"name\":\"Telinha\",\"image\":{\"@type\":\"ImageObject\",\"inLanguage\":\"pt-PT\",\"@id\":\"https:\/\/portaltela.pt\/s.01k8rhncp4jt1\/2025\/11\/talking-bot-125x125.png\",\"url\":\"https:\/\/portaltela.pt\/s.01k8rhncp4jt1\/2025\/11\/talking-bot-125x125.png\",\"contentUrl\":\"https:\/\/portaltela.pt\/s.01k8rhncp4jt1\/2025\/11\/talking-bot-125x125.png\",\"caption\":\"Telinha\"},\"sameAs\":[\"https:\/\/portaltela.pt\/\"],\"url\":\"https:\/\/portaltela.pt\/por\/367410592786\/\"}]}<\/script>\n<!-- \/ Yoast SEO plugin. -->","yoast_head_json":{"title":"Pescador espanhol encontrado morto em Paredes de Coura - Portal Tela Portugal","robots":{"index":"index","follow":"follow","max-snippet":"max-snippet:-1","max-image-preview":"max-image-preview:large","max-video-preview":"max-video-preview:-1"},"og_locale":"pt_PT","og_type":"article","og_title":"Pescador espanhol encontrado morto em Paredes de Coura - Portal Tela Portugal","og_description":"Um pescador l\u00fadico de nacionalidade espanhola foi encontrado morto em Paredes de Coura, no Alto Minho. O homem tinha sa\u00eddo de casa na quinta-feira para pescar e n\u00e3o regressou. Familiares notificaram as autoridades espanholas do desaparecimento; o corpo foi localizado em Paredes de Coura atrav\u00e9s do telem\u00f3vel. O alerta \u00e0 Prote\u00e7\u00e3o Civil foi recebido \u00e0s 13h54. No local, \u00e0s 15h40, ainda se encontrava o N\u00facleo de Investiga\u00e7\u00e3o Criminal da Guarda Nacional Republicana (GNR).","og_url":"https:\/\/portaltela.pt\/noticias\/2026\/04\/10\/pescador-espanhol-encontrado-morto-em-paredes-de-coura\/","og_site_name":"Portal Tela Portugal","article_published_time":"2026-04-10T15:17:06+00:00","author":"Telinha","twitter_card":"summary_large_image","twitter_misc":{"Escrito por":"Telinha","Tempo estimado de leitura":"1 minuto"},"schema":{"@context":"https:\/\/schema.org","@graph":[{"@type":"Article","@id":"https:\/\/portaltela.pt\/noticias\/2026\/04\/10\/pescador-espanhol-encontrado-morto-em-paredes-de-coura\/#article","isPartOf":{"@id":"https:\/\/portaltela.pt\/noticias\/2026\/04\/10\/pescador-espanhol-encontrado-morto-em-paredes-de-coura\/"},"author":{"name":"Telinha","@id":"https:\/\/portaltela.pt\/#\/schema\/person\/c4278d4a6028830caff9ee44b42d32ed"},"headline":"Pescador espanhol encontrado morto em Paredes de Coura","datePublished":"2026-04-10T15:17:06+00:00","mainEntityOfPage":{"@id":"https:\/\/portaltela.pt\/noticias\/2026\/04\/10\/pescador-espanhol-encontrado-morto-em-paredes-de-coura\/"},"wordCount":153,"image":{"@id":"https:\/\/portaltela.pt\/noticias\/2026\/04\/10\/pescador-espanhol-encontrado-morto-em-paredes-de-coura\/#primaryimage"},"thumbnailUrl":"https:\/\/portaltela.pt\/s.01k8rhncp4jt1\/2026\/04\/image-607.jpg","keywords":["investiga\u00e7\u00e3o","mortes","Paredes","pesca","Pescadores","Viana do Castelo"],"articleSection":["Acidentes"],"inLanguage":"pt-PT"},{"@type":"WebPage","@id":"https:\/\/portaltela.pt\/noticias\/2026\/04\/10\/pescador-espanhol-encontrado-morto-em-paredes-de-coura\/","url":"https:\/\/portaltela.pt\/noticias\/2026\/04\/10\/pescador-espanhol-encontrado-morto-em-paredes-de-coura\/","name":"Pescador espanhol encontrado morto em Paredes de Coura - Portal Tela Portugal","isPartOf":{"@id":"https:\/\/portaltela.pt\/#website"},"primaryImageOfPage":{"@id":"https:\/\/portaltela.pt\/noticias\/2026\/04\/10\/pescador-espanhol-encontrado-morto-em-paredes-de-coura\/#primaryimage"},"image":{"@id":"https:\/\/portaltela.pt\/noticias\/2026\/04\/10\/pescador-espanhol-encontrado-morto-em-paredes-de-coura\/#primaryimage"},"thumbnailUrl":"https:\/\/portaltela.pt\/s.01k8rhncp4jt1\/2026\/04\/image-607.jpg","datePublished":"2026-04-10T15:17:06+00:00","author":{"@id":"https:\/\/portaltela.pt\/#\/schema\/person\/c4278d4a6028830caff9ee44b42d32ed"},"breadcrumb":{"@id":"https:\/\/portaltela.pt\/noticias\/2026\/04\/10\/pescador-espanhol-encontrado-morto-em-paredes-de-coura\/#breadcrumb"},"inLanguage":"pt-PT","potentialAction":[{"@type":"ReadAction","target":["https:\/\/portaltela.pt\/noticias\/2026\/04\/10\/pescador-espanhol-encontrado-morto-em-paredes-de-coura\/"]}]},{"@type":"ImageObject","inLanguage":"pt-PT","@id":"https:\/\/portaltela.pt\/noticias\/2026\/04\/10\/pescador-espanhol-encontrado-morto-em-paredes-de-coura\/#primaryimage","url":"https:\/\/portaltela.pt\/s.01k8rhncp4jt1\/2026\/04\/image-607.jpg","contentUrl":"https:\/\/portaltela.pt\/s.01k8rhncp4jt1\/2026\/04\/image-607.jpg","width":796,"height":448,"caption":"O alerta foi recebido pela Prote\u00e7\u00e3o Civil pelas 13.54 horas"},{"@type":"BreadcrumbList","@id":"https:\/\/portaltela.pt\/noticias\/2026\/04\/10\/pescador-espanhol-encontrado-morto-em-paredes-de-coura\/#breadcrumb","itemListElement":[{"@type":"ListItem","position":1,"name":"In\u00edcio","item":"https:\/\/portaltela.pt\/"},{"@type":"ListItem","position":2,"name":"Pescador espanhol encontrado morto em Paredes de Coura"}]},{"@type":"WebSite","@id":"https:\/\/portaltela.pt\/#website","url":"https:\/\/portaltela.pt\/","name":"Portal Tela Portugal","description":"","potentialAction":[{"@type":"SearchAction","target":{"@type":"EntryPoint","urlTemplate":"https:\/\/portaltela.pt\/?s={search_term_string}"},"query-input":{"@type":"PropertyValueSpecification","valueRequired":true,"valueName":"search_term_string"}}],"inLanguage":"pt-PT"},{"@type":"Person","@id":"https:\/\/portaltela.pt\/#\/schema\/person\/c4278d4a6028830caff9ee44b42d32ed","name":"Telinha","image":{"@type":"ImageObject","inLanguage":"pt-PT","@id":"https:\/\/portaltela.pt\/s.01k8rhncp4jt1\/2025\/11\/talking-bot-125x125.png","url":"https:\/\/portaltela.pt\/s.01k8rhncp4jt1\/2025\/11\/talking-bot-125x125.png","contentUrl":"https:\/\/portaltela.pt\/s.01k8rhncp4jt1\/2025\/11\/talking-bot-125x125.png","caption":"Telinha"},"sameAs":["https:\/\/portaltela.pt\/"],"url":"https:\/\/portaltela.pt\/por\/367410592786\/"}]}},"_links":{"self":[{"href":"https:\/\/portaltela.pt\/api\/wp\/v2\/posts\/439513","targetHints":{"allow":["GET"]}}],"collection":[{"href":"https:\/\/portaltela.pt\/api\/wp\/v2\/posts"}],"about":[{"href":"https:\/\/portaltela.pt\/api\/wp\/v2\/types\/post"}],"author":[{"embeddable":true,"href":"https:\/\/portaltela.pt\/api\/wp\/v2\/users\/2"}],"replies":[{"embeddable":true,"href":"https:\/\/portaltela.pt\/api\/wp\/v2\/comments?post=439513"}],"version-history":[{"count":0,"href":"https:\/\/portaltela.pt\/api\/wp\/v2\/posts\/439513\/revisions"}],"wp:featuredmedia":[{"embeddable":true,"href":"https:\/\/portaltela.pt\/api\/wp\/v2\/media\/439516"}],"wp:attachment":[{"href":"https:\/\/portaltela.pt\/api\/wp\/v2\/media?parent=439513"}],"wp:term":[{"taxonomy":"category","embeddable":true,"href":"https:\/\/portaltela.pt\/api\/wp\/v2\/categories?post=439513"},{"taxonomy":"post_tag","embeddable":true,"href":"https:\/\/portaltela.pt\/api\/wp\/v2\/tags?post=439513"}],"curies":[{"name":"wp","href":"https:\/\/api.w.org\/{rel}","templated":true}]}}