{"id":439508,"date":"2026-04-10T12:16:57","date_gmt":"2026-04-10T15:16:57","guid":{"rendered":"https:\/\/portaltela.pt\/noticias\/2026\/04\/10\/um-morto-e-14-feridos-em-acidente-com-autocarro-turistico-nas-canarias\/"},"modified":"2026-04-10T12:16:57","modified_gmt":"2026-04-10T15:16:57","slug":"um-morto-e-14-feridos-em-acidente-com-autocarro-turistico-nas-canarias","status":"publish","type":"post","link":"https:\/\/portaltela.pt\/acidentes\/2026\/04\/10\/um-morto-e-14-feridos-em-acidente-com-autocarro-turistico-nas-canarias\/","title":{"rendered":"Um morto e 14 feridos em acidente com autocarro tur\u00edstico nas Can\u00e1rias"},"content":{"rendered":"<p>O acidente ocorreu nesta sexta-feira na ilha de La Gomera, nas Can\u00e1rias, quando um autocarro tur\u00edstico saiu da estrada e caiu por uma encosta. O incidente deixou uma morte e 14 feridos.<\/p>\n<p>A v\u00edtima mortal \u00e9 um homem, e entre os feridos h\u00e1 tr\u00eas em estado grave, segundo os servi\u00e7os de emerg\u00eancia regionais 112 Can\u00e1rias. As autoridades confirmam que todos os ocupantes eram turistas n\u00e3o espanh\u00f3is.<\/p>\n<p>Segundo o Cabildo de La Gomera, citadas pela ag\u00eancia EFE, o grupo inclu\u00eda 23 turistas adultos de origem inglesa, tr\u00eas menores e o condutor, sendo estas informa\u00e7\u00f5es tamb\u00e9m veiculadas pelo El Pa\u00eds. No local operaram helic\u00f3pteros e v\u00e1rias ambul\u00e2ncias para o socorro.<\/p>\n<h3>Detalhes do deslocamento e resposta<\/h3>\n<p>As autoridades n\u00e3o avan\u00e7aram com uma causa definitiva do acidente, limitando-se a informar sobre o despenhamento do ve\u00edculo e o acionamento de meios de socorro. O foco inicial \u00e9 a estabiliza\u00e7\u00e3o dos feridos e a avalia\u00e7\u00e3o das circunst\u00e2ncias pela investiga\u00e7\u00e3o.<\/p>\n<h3>Fazem parte as fontes oficiais<\/h3>\n<p>As informa\u00e7\u00f5es sobre o n\u00famero de v\u00edtimas e a composi\u00e7\u00e3o do grupo s\u00e3o divulgadas pelos servi\u00e7os de emerg\u00eancia de Canarias, pelo Cabildo de La Gomera e pela imprensa local, incluindo a ag\u00eancia EFE e o jornal El Pa\u00eds.<\/p>\n","protected":false},"excerpt":{"rendered":"<ul>\n<li>Um morto e 14 feridos, tr\u00eas em gravidade, num acidente de autocarro tur\u00edstico na ilha de La Gomera, nas Can\u00e1rias.<\/li>\n<li>O ve\u00edculo saiu da estrada e caiu por uma encosta, conforme os servi\u00e7os de emerg\u00eancia regionais (112 Can\u00e1rias).<\/li>\n<li>A v\u00edtima mortal \u00e9 um homem; os feridos s\u00e3o turistas n\u00e3o espanh\u00f3is, segundo o Cabildo de La Gomera e a ag\u00eancia EFE.<\/li>\n<li>Fontes citadas pelo El Pa\u00eds indicam que o autocarro transportava 23 turistas adultos de origem inglesa,  tr\u00eas menores e o condutor.<\/li>\n<li>No local est\u00e3o dispon\u00edveis helic\u00f3pteros e v\u00e1rias ambul\u00e2ncias para prestar assist\u00eancia \u00e0s v\u00edtimas.<\/li>\n<\/ul>\n","protected":false},"author":2,"featured_media":439509,"comment_status":"closed","ping_status":"closed","sticky":false,"template":"","format":"standard","meta":{"footnotes":""},"categories":[6849],"tags":[5487,3769,3449,4591,169],"class_list":["post-439508","post","type-post","status-publish","format-standard","has-post-thumbnail","hentry","category-acidentes","tag-acidente","tag-autocarros","tag-feridos","tag-inglaterra","tag-turismo"],"yoast_head":"<!-- This site is optimized with the Yoast SEO plugin v27.2 - https:\/\/yoast.com\/product\/yoast-seo-wordpress\/ -->\n<title>Um morto e 14 feridos em acidente com autocarro tur\u00edstico nas Can\u00e1rias - Portal Tela Portugal<\/title>\n<meta name=\"robots\" content=\"index, follow, max-snippet:-1, max-image-preview:large, max-video-preview:-1\" \/>\n<meta property=\"og:locale\" content=\"pt_PT\" \/>\n<meta property=\"og:type\" content=\"article\" \/>\n<meta property=\"og:title\" content=\"Um morto e 14 feridos em acidente com autocarro tur\u00edstico nas Can\u00e1rias - Portal Tela Portugal\" \/>\n<meta property=\"og:description\" content=\"Um morto e 14 feridos, tr\u00eas em gravidade, num acidente de autocarro tur\u00edstico na ilha de La Gomera, nas Can\u00e1rias. O ve\u00edculo saiu da estrada e caiu por uma encosta, conforme os servi\u00e7os de emerg\u00eancia regionais (112 Can\u00e1rias). A v\u00edtima mortal \u00e9 um homem; os feridos s\u00e3o turistas n\u00e3o espanh\u00f3is, segundo o Cabildo de La Gomera e a ag\u00eancia EFE. Fontes citadas pelo El Pa\u00eds indicam que o autocarro transportava 23 turistas adultos de origem inglesa, tr\u00eas menores e o condutor. No local est\u00e3o dispon\u00edveis helic\u00f3pteros e v\u00e1rias ambul\u00e2ncias para prestar assist\u00eancia \u00e0s v\u00edtimas.\" \/>\n<meta property=\"og:url\" content=\"https:\/\/portaltela.pt\/noticias\/2026\/04\/10\/um-morto-e-14-feridos-em-acidente-com-autocarro-turistico-nas-canarias\/\" \/>\n<meta property=\"og:site_name\" content=\"Portal Tela Portugal\" \/>\n<meta property=\"article:published_time\" content=\"2026-04-10T15:16:57+00:00\" \/>\n<meta name=\"author\" content=\"Telinha\" \/>\n<meta name=\"twitter:card\" content=\"summary_large_image\" \/>\n<meta name=\"twitter:label1\" content=\"Escrito por\" \/>\n\t<meta name=\"twitter:data1\" content=\"Telinha\" \/>\n\t<meta name=\"twitter:label2\" content=\"Tempo estimado de leitura\" \/>\n\t<meta name=\"twitter:data2\" content=\"1 minuto\" \/>\n<script type=\"application\/ld+json\" class=\"yoast-schema-graph\">{\"@context\":\"https:\/\/schema.org\",\"@graph\":[{\"@type\":\"Article\",\"@id\":\"https:\/\/portaltela.pt\/noticias\/2026\/04\/10\/um-morto-e-14-feridos-em-acidente-com-autocarro-turistico-nas-canarias\/#article\",\"isPartOf\":{\"@id\":\"https:\/\/portaltela.pt\/noticias\/2026\/04\/10\/um-morto-e-14-feridos-em-acidente-com-autocarro-turistico-nas-canarias\/\"},\"author\":{\"name\":\"Telinha\",\"@id\":\"https:\/\/portaltela.pt\/#\/schema\/person\/c4278d4a6028830caff9ee44b42d32ed\"},\"headline\":\"Um morto e 14 feridos em acidente com autocarro tur\u00edstico nas Can\u00e1rias\",\"datePublished\":\"2026-04-10T15:16:57+00:00\",\"mainEntityOfPage\":{\"@id\":\"https:\/\/portaltela.pt\/noticias\/2026\/04\/10\/um-morto-e-14-feridos-em-acidente-com-autocarro-turistico-nas-canarias\/\"},\"wordCount\":238,\"image\":{\"@id\":\"https:\/\/portaltela.pt\/noticias\/2026\/04\/10\/um-morto-e-14-feridos-em-acidente-com-autocarro-turistico-nas-canarias\/#primaryimage\"},\"thumbnailUrl\":\"https:\/\/portaltela.pt\/s.01k8rhncp4jt1\/2026\/04\/image-606.jpg\",\"keywords\":[\"acidente\",\"autocarros\",\"feridos\",\"Inglaterra\",\"turismo\"],\"articleSection\":[\"Acidentes\"],\"inLanguage\":\"pt-PT\"},{\"@type\":\"WebPage\",\"@id\":\"https:\/\/portaltela.pt\/noticias\/2026\/04\/10\/um-morto-e-14-feridos-em-acidente-com-autocarro-turistico-nas-canarias\/\",\"url\":\"https:\/\/portaltela.pt\/noticias\/2026\/04\/10\/um-morto-e-14-feridos-em-acidente-com-autocarro-turistico-nas-canarias\/\",\"name\":\"Um morto e 14 feridos em acidente com autocarro tur\u00edstico nas Can\u00e1rias - Portal Tela Portugal\",\"isPartOf\":{\"@id\":\"https:\/\/portaltela.pt\/#website\"},\"primaryImageOfPage\":{\"@id\":\"https:\/\/portaltela.pt\/noticias\/2026\/04\/10\/um-morto-e-14-feridos-em-acidente-com-autocarro-turistico-nas-canarias\/#primaryimage\"},\"image\":{\"@id\":\"https:\/\/portaltela.pt\/noticias\/2026\/04\/10\/um-morto-e-14-feridos-em-acidente-com-autocarro-turistico-nas-canarias\/#primaryimage\"},\"thumbnailUrl\":\"https:\/\/portaltela.pt\/s.01k8rhncp4jt1\/2026\/04\/image-606.jpg\",\"datePublished\":\"2026-04-10T15:16:57+00:00\",\"author\":{\"@id\":\"https:\/\/portaltela.pt\/#\/schema\/person\/c4278d4a6028830caff9ee44b42d32ed\"},\"breadcrumb\":{\"@id\":\"https:\/\/portaltela.pt\/noticias\/2026\/04\/10\/um-morto-e-14-feridos-em-acidente-com-autocarro-turistico-nas-canarias\/#breadcrumb\"},\"inLanguage\":\"pt-PT\",\"potentialAction\":[{\"@type\":\"ReadAction\",\"target\":[\"https:\/\/portaltela.pt\/noticias\/2026\/04\/10\/um-morto-e-14-feridos-em-acidente-com-autocarro-turistico-nas-canarias\/\"]}]},{\"@type\":\"ImageObject\",\"inLanguage\":\"pt-PT\",\"@id\":\"https:\/\/portaltela.pt\/noticias\/2026\/04\/10\/um-morto-e-14-feridos-em-acidente-com-autocarro-turistico-nas-canarias\/#primaryimage\",\"url\":\"https:\/\/portaltela.pt\/s.01k8rhncp4jt1\/2026\/04\/image-606.jpg\",\"contentUrl\":\"https:\/\/portaltela.pt\/s.01k8rhncp4jt1\/2026\/04\/image-606.jpg\",\"width\":796,\"height\":448,\"caption\":\"Imagem de contexto do artigo Um morto e 14 feridos em acidente com autocarro tur\u00edstico nas Can\u00e1rias\"},{\"@type\":\"BreadcrumbList\",\"@id\":\"https:\/\/portaltela.pt\/noticias\/2026\/04\/10\/um-morto-e-14-feridos-em-acidente-com-autocarro-turistico-nas-canarias\/#breadcrumb\",\"itemListElement\":[{\"@type\":\"ListItem\",\"position\":1,\"name\":\"In\u00edcio\",\"item\":\"https:\/\/portaltela.pt\/\"},{\"@type\":\"ListItem\",\"position\":2,\"name\":\"Um morto e 14 feridos em acidente com autocarro tur\u00edstico nas Can\u00e1rias\"}]},{\"@type\":\"WebSite\",\"@id\":\"https:\/\/portaltela.pt\/#website\",\"url\":\"https:\/\/portaltela.pt\/\",\"name\":\"Portal Tela Portugal\",\"description\":\"\",\"potentialAction\":[{\"@type\":\"SearchAction\",\"target\":{\"@type\":\"EntryPoint\",\"urlTemplate\":\"https:\/\/portaltela.pt\/?s={search_term_string}\"},\"query-input\":{\"@type\":\"PropertyValueSpecification\",\"valueRequired\":true,\"valueName\":\"search_term_string\"}}],\"inLanguage\":\"pt-PT\"},{\"@type\":\"Person\",\"@id\":\"https:\/\/portaltela.pt\/#\/schema\/person\/c4278d4a6028830caff9ee44b42d32ed\",\"name\":\"Telinha\",\"image\":{\"@type\":\"ImageObject\",\"inLanguage\":\"pt-PT\",\"@id\":\"https:\/\/portaltela.pt\/s.01k8rhncp4jt1\/2025\/11\/talking-bot-125x125.png\",\"url\":\"https:\/\/portaltela.pt\/s.01k8rhncp4jt1\/2025\/11\/talking-bot-125x125.png\",\"contentUrl\":\"https:\/\/portaltela.pt\/s.01k8rhncp4jt1\/2025\/11\/talking-bot-125x125.png\",\"caption\":\"Telinha\"},\"sameAs\":[\"https:\/\/portaltela.pt\/\"],\"url\":\"https:\/\/portaltela.pt\/por\/367410592786\/\"}]}<\/script>\n<!-- \/ Yoast SEO plugin. -->","yoast_head_json":{"title":"Um morto e 14 feridos em acidente com autocarro tur\u00edstico nas Can\u00e1rias - Portal Tela Portugal","robots":{"index":"index","follow":"follow","max-snippet":"max-snippet:-1","max-image-preview":"max-image-preview:large","max-video-preview":"max-video-preview:-1"},"og_locale":"pt_PT","og_type":"article","og_title":"Um morto e 14 feridos em acidente com autocarro tur\u00edstico nas Can\u00e1rias - Portal Tela Portugal","og_description":"Um morto e 14 feridos, tr\u00eas em gravidade, num acidente de autocarro tur\u00edstico na ilha de La Gomera, nas Can\u00e1rias. O ve\u00edculo saiu da estrada e caiu por uma encosta, conforme os servi\u00e7os de emerg\u00eancia regionais (112 Can\u00e1rias). A v\u00edtima mortal \u00e9 um homem; os feridos s\u00e3o turistas n\u00e3o espanh\u00f3is, segundo o Cabildo de La Gomera e a ag\u00eancia EFE. Fontes citadas pelo El Pa\u00eds indicam que o autocarro transportava 23 turistas adultos de origem inglesa, tr\u00eas menores e o condutor. No local est\u00e3o dispon\u00edveis helic\u00f3pteros e v\u00e1rias ambul\u00e2ncias para prestar assist\u00eancia \u00e0s v\u00edtimas.","og_url":"https:\/\/portaltela.pt\/noticias\/2026\/04\/10\/um-morto-e-14-feridos-em-acidente-com-autocarro-turistico-nas-canarias\/","og_site_name":"Portal Tela Portugal","article_published_time":"2026-04-10T15:16:57+00:00","author":"Telinha","twitter_card":"summary_large_image","twitter_misc":{"Escrito por":"Telinha","Tempo estimado de leitura":"1 minuto"},"schema":{"@context":"https:\/\/schema.org","@graph":[{"@type":"Article","@id":"https:\/\/portaltela.pt\/noticias\/2026\/04\/10\/um-morto-e-14-feridos-em-acidente-com-autocarro-turistico-nas-canarias\/#article","isPartOf":{"@id":"https:\/\/portaltela.pt\/noticias\/2026\/04\/10\/um-morto-e-14-feridos-em-acidente-com-autocarro-turistico-nas-canarias\/"},"author":{"name":"Telinha","@id":"https:\/\/portaltela.pt\/#\/schema\/person\/c4278d4a6028830caff9ee44b42d32ed"},"headline":"Um morto e 14 feridos em acidente com autocarro tur\u00edstico nas Can\u00e1rias","datePublished":"2026-04-10T15:16:57+00:00","mainEntityOfPage":{"@id":"https:\/\/portaltela.pt\/noticias\/2026\/04\/10\/um-morto-e-14-feridos-em-acidente-com-autocarro-turistico-nas-canarias\/"},"wordCount":238,"image":{"@id":"https:\/\/portaltela.pt\/noticias\/2026\/04\/10\/um-morto-e-14-feridos-em-acidente-com-autocarro-turistico-nas-canarias\/#primaryimage"},"thumbnailUrl":"https:\/\/portaltela.pt\/s.01k8rhncp4jt1\/2026\/04\/image-606.jpg","keywords":["acidente","autocarros","feridos","Inglaterra","turismo"],"articleSection":["Acidentes"],"inLanguage":"pt-PT"},{"@type":"WebPage","@id":"https:\/\/portaltela.pt\/noticias\/2026\/04\/10\/um-morto-e-14-feridos-em-acidente-com-autocarro-turistico-nas-canarias\/","url":"https:\/\/portaltela.pt\/noticias\/2026\/04\/10\/um-morto-e-14-feridos-em-acidente-com-autocarro-turistico-nas-canarias\/","name":"Um morto e 14 feridos em acidente com autocarro tur\u00edstico nas Can\u00e1rias - Portal Tela Portugal","isPartOf":{"@id":"https:\/\/portaltela.pt\/#website"},"primaryImageOfPage":{"@id":"https:\/\/portaltela.pt\/noticias\/2026\/04\/10\/um-morto-e-14-feridos-em-acidente-com-autocarro-turistico-nas-canarias\/#primaryimage"},"image":{"@id":"https:\/\/portaltela.pt\/noticias\/2026\/04\/10\/um-morto-e-14-feridos-em-acidente-com-autocarro-turistico-nas-canarias\/#primaryimage"},"thumbnailUrl":"https:\/\/portaltela.pt\/s.01k8rhncp4jt1\/2026\/04\/image-606.jpg","datePublished":"2026-04-10T15:16:57+00:00","author":{"@id":"https:\/\/portaltela.pt\/#\/schema\/person\/c4278d4a6028830caff9ee44b42d32ed"},"breadcrumb":{"@id":"https:\/\/portaltela.pt\/noticias\/2026\/04\/10\/um-morto-e-14-feridos-em-acidente-com-autocarro-turistico-nas-canarias\/#breadcrumb"},"inLanguage":"pt-PT","potentialAction":[{"@type":"ReadAction","target":["https:\/\/portaltela.pt\/noticias\/2026\/04\/10\/um-morto-e-14-feridos-em-acidente-com-autocarro-turistico-nas-canarias\/"]}]},{"@type":"ImageObject","inLanguage":"pt-PT","@id":"https:\/\/portaltela.pt\/noticias\/2026\/04\/10\/um-morto-e-14-feridos-em-acidente-com-autocarro-turistico-nas-canarias\/#primaryimage","url":"https:\/\/portaltela.pt\/s.01k8rhncp4jt1\/2026\/04\/image-606.jpg","contentUrl":"https:\/\/portaltela.pt\/s.01k8rhncp4jt1\/2026\/04\/image-606.jpg","width":796,"height":448,"caption":"Imagem de contexto do artigo Um morto e 14 feridos em acidente com autocarro tur\u00edstico nas Can\u00e1rias"},{"@type":"BreadcrumbList","@id":"https:\/\/portaltela.pt\/noticias\/2026\/04\/10\/um-morto-e-14-feridos-em-acidente-com-autocarro-turistico-nas-canarias\/#breadcrumb","itemListElement":[{"@type":"ListItem","position":1,"name":"In\u00edcio","item":"https:\/\/portaltela.pt\/"},{"@type":"ListItem","position":2,"name":"Um morto e 14 feridos em acidente com autocarro tur\u00edstico nas Can\u00e1rias"}]},{"@type":"WebSite","@id":"https:\/\/portaltela.pt\/#website","url":"https:\/\/portaltela.pt\/","name":"Portal Tela Portugal","description":"","potentialAction":[{"@type":"SearchAction","target":{"@type":"EntryPoint","urlTemplate":"https:\/\/portaltela.pt\/?s={search_term_string}"},"query-input":{"@type":"PropertyValueSpecification","valueRequired":true,"valueName":"search_term_string"}}],"inLanguage":"pt-PT"},{"@type":"Person","@id":"https:\/\/portaltela.pt\/#\/schema\/person\/c4278d4a6028830caff9ee44b42d32ed","name":"Telinha","image":{"@type":"ImageObject","inLanguage":"pt-PT","@id":"https:\/\/portaltela.pt\/s.01k8rhncp4jt1\/2025\/11\/talking-bot-125x125.png","url":"https:\/\/portaltela.pt\/s.01k8rhncp4jt1\/2025\/11\/talking-bot-125x125.png","contentUrl":"https:\/\/portaltela.pt\/s.01k8rhncp4jt1\/2025\/11\/talking-bot-125x125.png","caption":"Telinha"},"sameAs":["https:\/\/portaltela.pt\/"],"url":"https:\/\/portaltela.pt\/por\/367410592786\/"}]}},"_links":{"self":[{"href":"https:\/\/portaltela.pt\/api\/wp\/v2\/posts\/439508","targetHints":{"allow":["GET"]}}],"collection":[{"href":"https:\/\/portaltela.pt\/api\/wp\/v2\/posts"}],"about":[{"href":"https:\/\/portaltela.pt\/api\/wp\/v2\/types\/post"}],"author":[{"embeddable":true,"href":"https:\/\/portaltela.pt\/api\/wp\/v2\/users\/2"}],"replies":[{"embeddable":true,"href":"https:\/\/portaltela.pt\/api\/wp\/v2\/comments?post=439508"}],"version-history":[{"count":0,"href":"https:\/\/portaltela.pt\/api\/wp\/v2\/posts\/439508\/revisions"}],"wp:featuredmedia":[{"embeddable":true,"href":"https:\/\/portaltela.pt\/api\/wp\/v2\/media\/439509"}],"wp:attachment":[{"href":"https:\/\/portaltela.pt\/api\/wp\/v2\/media?parent=439508"}],"wp:term":[{"taxonomy":"category","embeddable":true,"href":"https:\/\/portaltela.pt\/api\/wp\/v2\/categories?post=439508"},{"taxonomy":"post_tag","embeddable":true,"href":"https:\/\/portaltela.pt\/api\/wp\/v2\/tags?post=439508"}],"curies":[{"name":"wp","href":"https:\/\/api.w.org\/{rel}","templated":true}]}}